{"id":53539,"date":"2024-05-22T13:28:03","date_gmt":"2024-05-22T11:28:03","guid":{"rendered":"https:\/\/ccoo.app\/diputacio-de-barcelona\/?p=53539"},"modified":"2024-05-22T13:28:07","modified_gmt":"2024-05-22T11:28:07","slug":"informacio-darrer-comite-de-seguretat-i-salut-2","status":"publish","type":"post","link":"https:\/\/ccoo.app\/diputacio-de-barcelona\/informacio-darrer-comite-de-seguretat-i-salut-2\/","title":{"rendered":"INFORMACI\u00d3 DARRER COMIT\u00c8 DE SEGURETAT I SALUT"},"content":{"rendered":"\n<div style=\"height:40px\" aria-hidden=\"true\" class=\"wp-block-spacer\"><\/div>\n\n\n\n<figure class=\"gb-block-image gb-block-image-1bd8cee7\"><img loading=\"lazy\" decoding=\"async\" width=\"390\" height=\"390\" class=\"gb-image gb-image-1bd8cee7\" src=\"https:\/\/ccoo.app\/diputacio-de-barcelona\/wp-content\/blogs.dir\/6\/files\/sites\/186\/2023\/03\/informacio-salud-laboral.png\" alt=\"Informacio Salud Laboral\" title=\"Informacio Salud Laboral\" srcset=\"https:\/\/ccoo.app\/diputacio-de-barcelona\/wp-content\/blogs.dir\/6\/files\/sites\/186\/2023\/03\/informacio-salud-laboral.png 390w, https:\/\/ccoo.app\/diputacio-de-barcelona\/wp-content\/blogs.dir\/6\/files\/sites\/186\/2023\/03\/informacio-salud-laboral-300x300.png 300w, https:\/\/ccoo.app\/diputacio-de-barcelona\/wp-content\/blogs.dir\/6\/files\/sites\/186\/2023\/03\/informacio-salud-laboral-150x150.png 150w\" sizes=\"auto, (max-width: 390px) 100vw, 390px\" \/><\/figure>\n\n\n\n<div style=\"height:40px\" aria-hidden=\"true\" class=\"wp-block-spacer\"><\/div>\n\n\n\n<p class=\"has-text-align-justify\">A la darrera reuni\u00f3 del Comit\u00e8 de Seguretat i Salut de la Diputaci\u00f3 de Barcelona\u00a0<strong><span style=\"text-decoration: underline\" class=\"ek-underline\">des de CCOO vam tractar els seg\u00fcents punts que afecten les condicions de seguretat i salut<\/span><\/strong>\u00a0dels treballadors i treballadores de la corporaci\u00f3:<\/p>\n\n\n\n<div style=\"height:10px\" aria-hidden=\"true\" class=\"wp-block-spacer\"><\/div>\n\n\n\n<h3 class=\"gb-headline gb-headline-9f58dc18 gb-headline-text\">Formaci\u00f3:<\/h3>\n\n\n\n<ul class=\"wp-block-list\">\n<li><strong><span style=\"text-decoration: underline\" class=\"ek-underline\">Demanem que la formaci\u00f3 pr\u00e0ctica<\/span><\/strong> en t\u00e8cniques d\u2019extinci\u00f3, primers auxilis i suport vital b\u00e0sic per l\u2019\u00fas del DEA <strong><span style=\"text-decoration: underline\" class=\"ek-underline\">arribi a tots els treballadors i treballadores de la corporaci\u00f3<\/span><\/strong>, no nom\u00e9s als equips d\u2019emerg\u00e8ncia.<\/li>\n\n\n\n<li>Aquestes formacions han de ser <strong><span style=\"text-decoration: underline\" class=\"ek-underline\">extensives al personal de Patronat d\u2019Apostes i l\u2019Institut del Teatre<\/span><\/strong>.<\/li>\n\n\n\n<li>Tamb\u00e9 <strong><span style=\"text-decoration: underline\" class=\"ek-underline\">demanem formaci\u00f3 i informaci\u00f3 sobre l\u2019amiant per a tothom<\/span><\/strong>.<\/li>\n<\/ul>\n\n\n\n<div style=\"height:10px\" aria-hidden=\"true\" class=\"wp-block-spacer\"><\/div>\n\n\n\n<h3 class=\"gb-headline gb-headline-5f40c6c0 gb-headline-text\">Recurs Preventiu:<\/h3>\n\n\n\n<ul class=\"wp-block-list\">\n<li>Des de fa temps <strong><span style=\"text-decoration: underline\" class=\"ek-underline\">demanem aquesta figura, obligat\u00f2ria i necess\u00e0ria<\/span><\/strong> per a totes aquelles tasques que poden concorre en risc per als treballadors i treballadores.<\/li>\n<\/ul>\n\n\n\n<div style=\"height:10px\" aria-hidden=\"true\" class=\"wp-block-spacer\"><\/div>\n\n\n\n<h3 class=\"gb-headline gb-headline-ed1aaecf gb-headline-text\">M\u00fatua:<\/h3>\n\n\n\n<ul class=\"wp-block-list\">\n<li><strong><span style=\"text-decoration: underline\" class=\"ek-underline\">Exigim una reuni\u00f3 amb la m\u00fatua<\/span><\/strong> per gestionar temes pendents i aclarir el maltractament que \u00faltimament estem rebent per part de la m\u00fatua.<\/li>\n\n\n\n<li><strong><span style=\"text-decoration: underline\" class=\"ek-underline\">Demanem aclariment de l\u2019informe d\u2019accidentalitat<\/span><\/strong>,&nbsp;amb unes dades precises sobre els col\u00b7lectius i els recintes de la nostra corporaci\u00f3 i aix\u00ed poder&nbsp;analitzar correctament les necessitats pr\u00f2pies dels serveis.<\/li>\n\n\n\n<li>A m\u00e9s a m\u00e9s, <strong><span style=\"text-decoration: underline\" class=\"ek-underline\">exigim una revisi\u00f3 m\u00e8dica obligat\u00f2ria espec\u00edfica<\/span><\/strong> per a totes aquelles persones que han estat susceptibles d\u2019haver treballat amb amiant.<\/li>\n<\/ul>\n\n\n\n<div style=\"height:10px\" aria-hidden=\"true\" class=\"wp-block-spacer\"><\/div>\n\n\n\n<h3 class=\"gb-headline gb-headline-637e956c gb-headline-text\">Pla de seguretat:<\/h3>\n\n\n\n<ul class=\"wp-block-list\">\n<li><strong><span style=\"text-decoration: underline\" class=\"ek-underline\">Volem una Comissi\u00f3 per poder tractar i treballar els problemes de seguretat<\/span><\/strong> als diferents col\u00b7lectius i Serveis de Diba on tenim tracte directe amb usuaris i es poden donar aquests problemes.<\/li>\n<\/ul>\n\n\n\n<div style=\"height:10px\" aria-hidden=\"true\" class=\"wp-block-spacer\"><\/div>\n\n\n\n<h3 class=\"gb-headline gb-headline-aa4e1085 gb-headline-text\">Parcs Naturals i Infraestructures vi\u00e0ries:<\/h3>\n\n\n\n<ul class=\"wp-block-list\">\n<li><strong><span style=\"text-decoration: underline\" class=\"ek-underline\">Demanem l\u2019estat del projecte de reforma dels vestidors<\/span><\/strong> a Les Massuques (Parc del Foix), <strong><span style=\"text-decoration: underline\" class=\"ek-underline\">el possible canvi de nau<\/span><\/strong> del Parc de Sant Lloren\u00e7, <strong><span style=\"text-decoration: underline\" class=\"ek-underline\">la previsi\u00f3 de retirada del fibrociment de la teulada de la nau<\/span><\/strong> de Llinars (tamb\u00e9 el <strong><span style=\"text-decoration: underline\" class=\"ek-underline\">projecte de reforma del vestidor femen\u00ed<\/span><\/strong>) i <strong><span style=\"text-decoration: underline\" class=\"ek-underline\">Infraestructures Vi\u00e0ries<\/span><\/strong> de Salelles.<\/li>\n<\/ul>\n\n\n\n<div style=\"height:10px\" aria-hidden=\"true\" class=\"wp-block-spacer\"><\/div>\n\n\n\n<h3 class=\"gb-headline gb-headline-4a489818 gb-headline-text\">Comissi\u00f3 Directiva i T\u00e8cnica:<\/h3>\n\n\n\n<ul class=\"wp-block-list\">\n<li>Segons marca el nostre Pla de Prevenci\u00f3, <strong><span style=\"text-decoration: underline\" class=\"ek-underline\">aquestes Comissions s\u2019han de reunir anualment per marcar les directrius i les mesures a implantar en mat\u00e8ria de seguretat i salut<\/span><\/strong>.<\/li>\n\n\n\n<li><strong><span style=\"text-decoration: underline\" class=\"ek-underline\">Volem saber quines s\u00f3n aquestes directrius<\/span><\/strong>.<\/li>\n<\/ul>\n\n\n\n<div style=\"height:10px\" aria-hidden=\"true\" class=\"wp-block-spacer\"><\/div>\n\n\n\n<h3 class=\"gb-headline gb-headline-dcb3333c gb-headline-text\">ORGT:<\/h3>\n\n\n\n<ul class=\"wp-block-list\">\n<li><strong>Demanem l\u2019estat de les oficines de l\u2019ORGT<\/strong> de Gav\u00e0, Sabadell, Sant Pere de Ribes i Cardedeu.<\/li>\n\n\n\n<li><strong><span style=\"text-decoration: underline\" class=\"ek-underline\">Exigim una soluci\u00f3 als problemes d\u2019ac\u00fastica<\/span><\/strong> de l\u2019oficina de l\u2019ORGT de Matar\u00f3 <strong><span style=\"text-decoration: underline\" class=\"ek-underline\">i als problemes de males olors<\/span><\/strong> de l\u2019oficina d\u2019Arenys de Munt.<\/li>\n\n\n\n<li><strong><span style=\"text-decoration: underline\" class=\"ek-underline\">Sol\u00b7licitem un pla<\/span><\/strong> per a l&#8217;oficina de Montcada. Es preveu anys d&#8217;obres al peu de l&#8217;oficina, a causa del soterrament de les vies del tren, la qual cosa, provocar\u00e0 un gran desconfort en els companys.<\/li>\n\n\n\n<li><strong><span style=\"text-decoration: underline\" class=\"ek-underline\">Volem saber l\u2019estat dels Plans generals d\u2019emerg\u00e8ncies, Pla de Mobilitat, Pla d\u2019Igualtat i Pla de Formaci\u00f3<\/span><\/strong> de l\u2019ORGT.<\/li>\n<\/ul>\n\n\n\n<div style=\"height:10px\" aria-hidden=\"true\" class=\"wp-block-spacer\"><\/div>\n\n\n\n<div class=\"wp-block-group\"><div class=\"wp-block-group__inner-container is-layout-constrained wp-block-group-is-layout-constrained\"><div class=\"gb-grid-wrapper gb-grid-wrapper-d65739e2\">\n<div class=\"gb-grid-column gb-grid-column-ecc8725d\"><div class=\"gb-container gb-container-ecc8725d\"><div class=\"gb-inside-container\">\n<div class=\"wp-block-image\">\n<figure class=\"aligncenter size-full\"><img loading=\"lazy\" decoding=\"async\" width=\"129\" height=\"38\" src=\"https:\/\/ccoo.app\/diputacio-de-barcelona\/wp-content\/blogs.dir\/6\/files\/sites\/186\/2022\/03\/tel.png\" alt=\"Tel\" class=\"wp-image-49915\" \/><\/figure>\n<\/div>\n<\/div><\/div><\/div>\n\n<div class=\"gb-grid-column gb-grid-column-4c28778f\"><div class=\"gb-container gb-container-4c28778f\"><div class=\"gb-inside-container\">\n<div class=\"wp-block-image\">\n<figure class=\"aligncenter size-full\"><a href=\"mailto:ccoo@diba.cat\"><img loading=\"lazy\" decoding=\"async\" width=\"51\" height=\"37\" src=\"https:\/\/ccoo.app\/diputacio-de-barcelona\/wp-content\/blogs.dir\/6\/files\/sites\/186\/2022\/03\/mail.png\" alt=\"Mail\" class=\"wp-image-49916\" \/><\/a><\/figure>\n<\/div>\n<\/div><\/div><\/div>\n\n<div class=\"gb-grid-column gb-grid-column-c6cc0957\"><div class=\"gb-container gb-container-c6cc0957\"><div class=\"gb-inside-container\">\n<div class=\"wp-block-image\">\n<figure class=\"aligncenter size-full\"><a href=\"https:\/\/twitter.com\/ccoodiba\"><img loading=\"lazy\" decoding=\"async\" width=\"44\" height=\"38\" src=\"https:\/\/ccoo.app\/diputacio-de-barcelona\/wp-content\/blogs.dir\/6\/files\/sites\/186\/2022\/03\/tw.png\" alt=\"Tw\" class=\"wp-image-49917\" \/><\/a><\/figure>\n<\/div>\n<\/div><\/div><\/div>\n\n<div class=\"gb-grid-column gb-grid-column-1598237d\"><div class=\"gb-container gb-container-1598237d\"><div class=\"gb-inside-container\">\n<div class=\"wp-block-image\">\n<figure class=\"aligncenter size-full\"><a href=\"https:\/\/www.instagram.com\/ccoo_diba\/\"><img loading=\"lazy\" decoding=\"async\" width=\"45\" height=\"44\" src=\"https:\/\/ccoo.app\/diputacio-de-barcelona\/wp-content\/blogs.dir\/6\/files\/sites\/186\/2022\/03\/ig.png\" alt=\"Ig\" class=\"wp-image-49918\" \/><\/a><\/figure>\n<\/div>\n<\/div><\/div><\/div>\n\n<div class=\"gb-grid-column gb-grid-column-2db731fe\"><div class=\"gb-container gb-container-2db731fe\"><div class=\"gb-inside-container\">\n<div class=\"wp-block-image\">\n<figure class=\"aligncenter size-full\"><a href=\"https:\/\/ccoo.app\/diputacio-de-barcelona\"><img loading=\"lazy\" decoding=\"async\" width=\"39\" height=\"40\" src=\"https:\/\/ccoo.app\/diputacio-de-barcelona\/wp-content\/blogs.dir\/6\/files\/sites\/186\/2022\/03\/www.png\" alt=\"Www\" class=\"wp-image-49919\" \/><\/a><\/figure>\n<\/div>\n<\/div><\/div><\/div>\n\n<div class=\"gb-grid-column gb-grid-column-f3651540\"><div class=\"gb-container gb-container-f3651540\"><div class=\"gb-inside-container\">\n<div class=\"wp-block-image is-resized\">\n<figure class=\"aligncenter size-full\"><a href=\"https:\/\/www.ccoo.cat\/afiliat\/?_sfm_aff_situation=94\"><img loading=\"lazy\" decoding=\"async\" width=\"125\" height=\"38\" src=\"https:\/\/ccoo.app\/diputacio-de-barcelona\/wp-content\/blogs.dir\/6\/files\/sites\/186\/2022\/03\/af.png\" alt=\"Af\" class=\"wp-image-49920\" \/><\/a><\/figure>\n<\/div>\n<\/div><\/div><\/div>\n<\/div><\/div><\/div>\n","protected":false},"excerpt":{"rendered":"<p>A la darrera reuni\u00f3 del Comit\u00e8 de Seguretat i Salut de la Diputaci\u00f3 de Barcelona\u00a0des de CCOO vam tractar els seg\u00fcents punts que afecten les condicions de seguretat i salut\u00a0dels &#8230; <\/p>\n<p class=\"read-more-container\"><a title=\"INFORMACI\u00d3 DARRER COMIT\u00c8 DE SEGURETAT I SALUT\" class=\"read-more button\" href=\"https:\/\/ccoo.app\/diputacio-de-barcelona\/informacio-darrer-comite-de-seguretat-i-salut-2\/#more-53539\" aria-label=\"Leer m\u00e1s sobre INFORMACI\u00d3 DARRER COMIT\u00c8 DE SEGURETAT I SALUT\">Continuar llegint<\/a><\/p>\n","protected":false},"author":88639,"featured_media":52365,"comment_status":"closed","ping_status":"closed","sticky":false,"template":"","format":"standard","meta":{"footnotes":""},"categories":[38,19,35],"tags":[],"class_list":["post-53539","post","type-post","status-publish","format-standard","has-post-thumbnail","hentry","category-a-tot-el-personal","category-comunicats","category-salut-laboral","generate-columns","tablet-grid-50","mobile-grid-100","grid-parent","grid-50"],"_links":{"self":[{"href":"https:\/\/ccoo.app\/diputacio-de-barcelona\/wp-json\/wp\/v2\/posts\/53539","targetHints":{"allow":["GET"]}}],"collection":[{"href":"https:\/\/ccoo.app\/diputacio-de-barcelona\/wp-json\/wp\/v2\/posts"}],"about":[{"href":"https:\/\/ccoo.app\/diputacio-de-barcelona\/wp-json\/wp\/v2\/types\/post"}],"author":[{"embeddable":true,"href":"https:\/\/ccoo.app\/diputacio-de-barcelona\/wp-json\/wp\/v2\/users\/88639"}],"replies":[{"embeddable":true,"href":"https:\/\/ccoo.app\/diputacio-de-barcelona\/wp-json\/wp\/v2\/comments?post=53539"}],"version-history":[{"count":5,"href":"https:\/\/ccoo.app\/diputacio-de-barcelona\/wp-json\/wp\/v2\/posts\/53539\/revisions"}],"predecessor-version":[{"id":53545,"href":"https:\/\/ccoo.app\/diputacio-de-barcelona\/wp-json\/wp\/v2\/posts\/53539\/revisions\/53545"}],"wp:featuredmedia":[{"embeddable":true,"href":"https:\/\/ccoo.app\/diputacio-de-barcelona\/wp-json\/wp\/v2\/media\/52365"}],"wp:attachment":[{"href":"https:\/\/ccoo.app\/diputacio-de-barcelona\/wp-json\/wp\/v2\/media?parent=53539"}],"wp:term":[{"taxonomy":"category","embeddable":true,"href":"https:\/\/ccoo.app\/diputacio-de-barcelona\/wp-json\/wp\/v2\/categories?post=53539"},{"taxonomy":"post_tag","embeddable":true,"href":"https:\/\/ccoo.app\/diputacio-de-barcelona\/wp-json\/wp\/v2\/tags?post=53539"}],"curies":[{"name":"wp","href":"https:\/\/api.w.org\/{rel}","templated":true}]}}