{"id":53504,"date":"2024-04-26T12:06:20","date_gmt":"2024-04-26T10:06:20","guid":{"rendered":"https:\/\/ccoo.app\/diputacio-de-barcelona\/?p=53504"},"modified":"2024-04-26T12:06:26","modified_gmt":"2024-04-26T10:06:26","slug":"28-dabril-dia-internacional-de-la-seguretat-i-la-salut-en-el-treball","status":"publish","type":"post","link":"https:\/\/ccoo.app\/diputacio-de-barcelona\/28-dabril-dia-internacional-de-la-seguretat-i-la-salut-en-el-treball\/","title":{"rendered":"28 d\u2019Abril, Dia Internacional de la Seguretat i la Salut en el Treball"},"content":{"rendered":"\n<div style=\"height:40px\" aria-hidden=\"true\" class=\"wp-block-spacer\"><\/div>\n\n\n\n<figure class=\"gb-block-image gb-block-image-1c53e729\"><img loading=\"lazy\" decoding=\"async\" width=\"1240\" height=\"811\" class=\"gb-image gb-image-1c53e729\" src=\"https:\/\/ccoo.app\/diputacio-de-barcelona\/wp-content\/blogs.dir\/6\/files\/sites\/186\/2024\/04\/jornada-salut-laboral-28a-26042024.png\" alt=\"\" title=\"jornada-salut-laboral-28a-26042024\" srcset=\"https:\/\/ccoo.app\/diputacio-de-barcelona\/wp-content\/blogs.dir\/6\/files\/sites\/186\/2024\/04\/jornada-salut-laboral-28a-26042024.png 1240w, https:\/\/ccoo.app\/diputacio-de-barcelona\/wp-content\/blogs.dir\/6\/files\/sites\/186\/2024\/04\/jornada-salut-laboral-28a-26042024-300x196.png 300w, https:\/\/ccoo.app\/diputacio-de-barcelona\/wp-content\/blogs.dir\/6\/files\/sites\/186\/2024\/04\/jornada-salut-laboral-28a-26042024-1024x670.png 1024w, https:\/\/ccoo.app\/diputacio-de-barcelona\/wp-content\/blogs.dir\/6\/files\/sites\/186\/2024\/04\/jornada-salut-laboral-28a-26042024-768x502.png 768w\" sizes=\"auto, (max-width: 1240px) 100vw, 1240px\" \/><\/figure>\n\n\n\n<div style=\"height:20px\" aria-hidden=\"true\" class=\"wp-block-spacer\"><\/div>\n\n\n\n<p class=\"has-text-align-justify\">CCOO ha preparat diferents actes i accions reivindicatives per commemorar, un cop m\u00e9s, el <strong>28 d\u2019Abril, Dia Internacional de la Salut i la Seguretat en el Treball<\/strong>. Enguany ho farem amb el lema<\/p>\n\n\n\n<h4 class=\"gb-headline gb-headline-0187c6da gb-headline-text\">No \u00e9s absentisme, <strong>\u00e9s manca de prevenci\u00f3<\/strong>!<\/h4>\n\n\n\n<div style=\"height:20px\" aria-hidden=\"true\" class=\"wp-block-spacer\"><\/div>\n\n\n\n<p>Feu clic per descarregar-vos el manifest conjunt:<\/p>\n\n\n\n<div class=\"wp-block-buttons is-content-justification-center is-layout-flex wp-container-core-buttons-is-layout-16018d1d wp-block-buttons-is-layout-flex\">\n<div class=\"wp-block-button is-style-fill\"><a class=\"wp-block-button__link wp-element-button\" href=\"https:\/\/ccoo.app\/diputacio-de-barcelona\/wp-content\/blogs.dir\/6\/files\/sites\/186\/2024\/04\/28-a_manifest-conjunt_ccoo_ugt-cat_2024-1.pdf\" style=\"border-radius:0px\" target=\"_blank\" rel=\"noreferrer noopener\">La crisi clim\u00e0tica, un important risc per a la seguretat i la salut a la feina<\/a><\/div>\n<\/div>\n\n\n\n<p>Per a m\u00e9s <strong>informaci\u00f3 <\/strong>i <strong>inscripcions<\/strong>:<br> <strong><span style=\"text-decoration: underline\" class=\"ek-underline\"><a href=\"https:\/\/www.ccoo.cat\/noticies\/salut-laboral\/actes-de-ccoo-el-28-dabril-dia-internacional-de-la-seguretat-i-la-salut-en-el-treball-de-2024\/\" class=\"ek-link\">Actes de CCOO el 28 d\u2019Abril, Dia Internacional de la Seguretat i la Salut en el Treball<\/a><\/span><\/strong><\/p>\n\n\n\n<div style=\"height:40px\" aria-hidden=\"true\" class=\"wp-block-spacer\"><\/div>\n\n\n\n<h2 class=\"wp-block-heading has-text-align-center has-text-color\" style=\"color:#33beac\"><strong>#28Abril<\/strong><\/h2>\n\n\n\n<h2 class=\"wp-block-heading has-text-align-center has-text-color\" style=\"color:#33beac\"><strong>#M\u00e9sPrevenci\u00f3<\/strong><\/h2>\n\n\n\n<h2 class=\"wp-block-heading has-text-align-center has-text-color\" style=\"color:#33beac\">#<strong>ActivaLaSalut<\/strong><\/h2>\n\n\n\n<p><\/p>\n\n\n\n<p><\/p>\n\n\n\n<div style=\"height:100px\" aria-hidden=\"true\" class=\"wp-block-spacer\"><\/div>\n","protected":false},"excerpt":{"rendered":"<p>CCOO ha preparat diferents actes i accions reivindicatives per commemorar, un cop m\u00e9s, el 28 d\u2019Abril, Dia Internacional de la Salut i la Seguretat en el Treball. Enguany ho farem &#8230; <\/p>\n<p class=\"read-more-container\"><a title=\"28 d\u2019Abril, Dia Internacional de la Seguretat i la Salut en el Treball\" class=\"read-more button\" href=\"https:\/\/ccoo.app\/diputacio-de-barcelona\/28-dabril-dia-internacional-de-la-seguretat-i-la-salut-en-el-treball\/#more-53504\" aria-label=\"Leer m\u00e1s sobre 28 d\u2019Abril, Dia Internacional de la Seguretat i la Salut en el Treball\">Continuar llegint<\/a><\/p>\n","protected":false},"author":88639,"featured_media":53516,"comment_status":"closed","ping_status":"closed","sticky":false,"template":"","format":"standard","meta":{"footnotes":""},"categories":[38,19,35],"tags":[],"class_list":["post-53504","post","type-post","status-publish","format-standard","has-post-thumbnail","hentry","category-a-tot-el-personal","category-comunicats","category-salut-laboral","generate-columns","tablet-grid-50","mobile-grid-100","grid-parent","grid-50"],"_links":{"self":[{"href":"https:\/\/ccoo.app\/diputacio-de-barcelona\/wp-json\/wp\/v2\/posts\/53504","targetHints":{"allow":["GET"]}}],"collection":[{"href":"https:\/\/ccoo.app\/diputacio-de-barcelona\/wp-json\/wp\/v2\/posts"}],"about":[{"href":"https:\/\/ccoo.app\/diputacio-de-barcelona\/wp-json\/wp\/v2\/types\/post"}],"author":[{"embeddable":true,"href":"https:\/\/ccoo.app\/diputacio-de-barcelona\/wp-json\/wp\/v2\/users\/88639"}],"replies":[{"embeddable":true,"href":"https:\/\/ccoo.app\/diputacio-de-barcelona\/wp-json\/wp\/v2\/comments?post=53504"}],"version-history":[{"count":5,"href":"https:\/\/ccoo.app\/diputacio-de-barcelona\/wp-json\/wp\/v2\/posts\/53504\/revisions"}],"predecessor-version":[{"id":53518,"href":"https:\/\/ccoo.app\/diputacio-de-barcelona\/wp-json\/wp\/v2\/posts\/53504\/revisions\/53518"}],"wp:featuredmedia":[{"embeddable":true,"href":"https:\/\/ccoo.app\/diputacio-de-barcelona\/wp-json\/wp\/v2\/media\/53516"}],"wp:attachment":[{"href":"https:\/\/ccoo.app\/diputacio-de-barcelona\/wp-json\/wp\/v2\/media?parent=53504"}],"wp:term":[{"taxonomy":"category","embeddable":true,"href":"https:\/\/ccoo.app\/diputacio-de-barcelona\/wp-json\/wp\/v2\/categories?post=53504"},{"taxonomy":"post_tag","embeddable":true,"href":"https:\/\/ccoo.app\/diputacio-de-barcelona\/wp-json\/wp\/v2\/tags?post=53504"}],"curies":[{"name":"wp","href":"https:\/\/api.w.org\/{rel}","templated":true}]}}