{"id":53495,"date":"2024-04-26T12:10:59","date_gmt":"2024-04-26T10:10:59","guid":{"rendered":"https:\/\/ccoo.app\/diputacio-de-barcelona\/?p=53495"},"modified":"2024-04-26T12:11:05","modified_gmt":"2024-04-26T10:11:05","slug":"1-m-per-la-plena-ocupacio","status":"publish","type":"post","link":"https:\/\/ccoo.app\/diputacio-de-barcelona\/1-m-per-la-plena-ocupacio\/","title":{"rendered":"1-M, per la plena ocupaci\u00f3!"},"content":{"rendered":"\n<div style=\"height:40px\" aria-hidden=\"true\" class=\"wp-block-spacer\"><\/div>\n\n\n\n<figure class=\"gb-block-image gb-block-image-1c53e729\"><img loading=\"lazy\" decoding=\"async\" width=\"1536\" height=\"864\" class=\"gb-image gb-image-1c53e729\" src=\"https:\/\/ccoo.app\/diputacio-de-barcelona\/wp-content\/blogs.dir\/6\/files\/sites\/186\/2024\/04\/16-9-1536x864-1.png\" alt=\"\" title=\"16-9-1536x864-1\" srcset=\"https:\/\/ccoo.app\/diputacio-de-barcelona\/wp-content\/blogs.dir\/6\/files\/sites\/186\/2024\/04\/16-9-1536x864-1.png 1536w, https:\/\/ccoo.app\/diputacio-de-barcelona\/wp-content\/blogs.dir\/6\/files\/sites\/186\/2024\/04\/16-9-1536x864-1-300x169.png 300w, https:\/\/ccoo.app\/diputacio-de-barcelona\/wp-content\/blogs.dir\/6\/files\/sites\/186\/2024\/04\/16-9-1536x864-1-1024x576.png 1024w, https:\/\/ccoo.app\/diputacio-de-barcelona\/wp-content\/blogs.dir\/6\/files\/sites\/186\/2024\/04\/16-9-1536x864-1-768x432.png 768w\" sizes=\"auto, (max-width: 1536px) 100vw, 1536px\" \/><\/figure>\n\n\n\n<div style=\"height:20px\" aria-hidden=\"true\" class=\"wp-block-spacer\"><\/div>\n\n\n\n<p>Aquest Primer de maig <strong><span style=\"text-decoration: underline\" class=\"ek-underline\">omplim els carrers<\/span><\/strong><\/p>\n\n\n\n<h4 class=\"gb-headline gb-headline-0187c6da gb-headline-text\">Per la <strong>plena ocupaci\u00f3<\/strong>,<br>salaris dignes i sostre per a tothom!<\/h4>\n\n\n\n<div style=\"height:20px\" aria-hidden=\"true\" class=\"wp-block-spacer\"><\/div>\n\n\n\n<p>S\u2019ha organitzat una&nbsp;<strong><span style=\"text-decoration: underline\" class=\"ek-underline\">manifestaci\u00f3<\/span>&nbsp;<\/strong>que tindr\u00e0 lloc a:<\/p>\n\n\n\n<ul style=\"font-size:20px\" class=\"is-style-arrow has-contrast-color has-text-color has-custom-size wp-block-list\">\n<li><strong>Barcelona, 11:30 h, pla\u00e7a Urquinaona<\/strong><\/li>\n<\/ul>\n\n\n\n<p>Si no et va b\u00e9 anar a Barcelona tamb\u00e9 pots anar als seg\u00fcents <strong>punts de concentraci\u00f3 de Catalunya<\/strong>:<\/p>\n\n\n\n<ul style=\"font-size:20px\" class=\"is-style-arrow has-contrast-color has-text-color has-custom-size wp-block-list\">\n<li><strong>Tarragona, 12 h, pla\u00e7a&nbsp;Imperial T\u00e0rraco<\/strong><\/li>\n\n\n\n<li><a href=\"https:\/\/www.ccoo.cat\/wp-content\/uploads\/2023\/04\/cartell-1-maig-2023-tarragona.pdf\" class=\"ek-link\"><strong>G<\/strong><\/a><strong>irona, 12 h, pla\u00e7a de la Independ\u00e8ncia<\/strong><\/li>\n\n\n\n<li><strong>Lleida, 12 h, pla\u00e7a del Treball<\/strong><\/li>\n\n\n\n<li><strong>Terrassa, 11:30 h, pla\u00e7a de Llu\u00eds Companys<\/strong><\/li>\n\n\n\n<li><strong>Tortosa, 12 h, pla\u00e7a del Carrilet<\/strong><\/li>\n\n\n\n<li><strong>Igualada, 11 h, passeig de Jacint Verdaguer \/ carrer de Sant Mag\u00ed<\/strong><\/li>\n<\/ul>\n\n\n\n<div style=\"height:20px\" aria-hidden=\"true\" class=\"wp-block-spacer\"><\/div>\n\n\n\n<figure class=\"gb-block-image gb-block-image-a23eb82c\"><a href=\"https:\/\/ccoo.app\/diputacio-de-barcelona\/wp-content\/blogs.dir\/6\/files\/sites\/186\/2023\/04\/1-maig-2023-ccoo-bcn-1.pdf\"><img loading=\"lazy\" decoding=\"async\" width=\"1754\" height=\"2479\" class=\"gb-image gb-image-a23eb82c\" src=\"https:\/\/ccoo.app\/diputacio-de-barcelona\/wp-content\/blogs.dir\/6\/files\/sites\/186\/2024\/04\/cartell-1r-de-maig-a3-1.png\" alt=\"\" title=\"cartell-1r-de-maig-a3-1\" srcset=\"https:\/\/ccoo.app\/diputacio-de-barcelona\/wp-content\/blogs.dir\/6\/files\/sites\/186\/2024\/04\/cartell-1r-de-maig-a3-1.png 1754w, https:\/\/ccoo.app\/diputacio-de-barcelona\/wp-content\/blogs.dir\/6\/files\/sites\/186\/2024\/04\/cartell-1r-de-maig-a3-1-212x300.png 212w, https:\/\/ccoo.app\/diputacio-de-barcelona\/wp-content\/blogs.dir\/6\/files\/sites\/186\/2024\/04\/cartell-1r-de-maig-a3-1-725x1024.png 725w, https:\/\/ccoo.app\/diputacio-de-barcelona\/wp-content\/blogs.dir\/6\/files\/sites\/186\/2024\/04\/cartell-1r-de-maig-a3-1-768x1085.png 768w, https:\/\/ccoo.app\/diputacio-de-barcelona\/wp-content\/blogs.dir\/6\/files\/sites\/186\/2024\/04\/cartell-1r-de-maig-a3-1-1087x1536.png 1087w, https:\/\/ccoo.app\/diputacio-de-barcelona\/wp-content\/blogs.dir\/6\/files\/sites\/186\/2024\/04\/cartell-1r-de-maig-a3-1-1449x2048.png 1449w\" sizes=\"auto, (max-width: 1754px) 100vw, 1754px\" \/><\/a><\/figure>\n\n\n\n<div style=\"height:20px\" aria-hidden=\"true\" class=\"wp-block-spacer\"><\/div>\n\n\n\n<p>Feu clic per descarregar-vos el manifest conjunt:<\/p>\n\n\n\n<div class=\"wp-block-buttons is-content-justification-center is-layout-flex wp-container-core-buttons-is-layout-16018d1d wp-block-buttons-is-layout-flex\">\n<div class=\"wp-block-button is-style-fill\"><a class=\"wp-block-button__link wp-element-button\" href=\"https:\/\/ccoo.app\/diputacio-de-barcelona\/wp-content\/blogs.dir\/6\/files\/sites\/186\/2024\/04\/manifest-conjunt_ugt-cat_ccoo_1-maig-2024.pdf\" style=\"border-radius:0px\" target=\"_blank\" rel=\"noreferrer noopener\">Per la plena ocupaci\u00f3: reduir jornada, millorar salaris<\/a><\/div>\n<\/div>\n\n\n\n<p>Per a m\u00e9s informaci\u00f3:<br><strong><span style=\"text-decoration: underline\" class=\"ek-underline\"><a href=\"https:\/\/www.ccoo.cat\/noticies\/mobilitzacions\/1m-per-la-plena-ocupacio\/\" class=\"ek-link\">1r de Maig. Per la plena OCUPACI\u00d3! Salaris dignes i sostre per a tothom!<\/a><\/span><\/strong><\/p>\n\n\n\n<div style=\"height:40px\" aria-hidden=\"true\" class=\"wp-block-spacer\"><\/div>\n\n\n\n<h2 class=\"wp-block-heading has-text-align-center has-text-color\" style=\"color:#eeac39\"><strong>#1rMaigCCOO<\/strong><\/h2>\n\n\n\n<p><\/p>\n\n\n\n<div style=\"height:100px\" aria-hidden=\"true\" class=\"wp-block-spacer\"><\/div>\n","protected":false},"excerpt":{"rendered":"<p>Aquest Primer de maig omplim els carrers Per la plena ocupaci\u00f3,salaris dignes i sostre per a tothom! S\u2019ha organitzat una&nbsp;manifestaci\u00f3&nbsp;que tindr\u00e0 lloc a: Si no et va b\u00e9 anar a &#8230; <\/p>\n<p class=\"read-more-container\"><a title=\"1-M, per la plena ocupaci\u00f3!\" class=\"read-more button\" href=\"https:\/\/ccoo.app\/diputacio-de-barcelona\/1-m-per-la-plena-ocupacio\/#more-53495\" aria-label=\"Leer m\u00e1s sobre 1-M, per la plena ocupaci\u00f3!\">Continuar llegint<\/a><\/p>\n","protected":false},"author":88639,"featured_media":53519,"comment_status":"closed","ping_status":"closed","sticky":false,"template":"","format":"standard","meta":{"footnotes":""},"categories":[38,19],"tags":[],"class_list":["post-53495","post","type-post","status-publish","format-standard","has-post-thumbnail","hentry","category-a-tot-el-personal","category-comunicats","generate-columns","tablet-grid-50","mobile-grid-100","grid-parent","grid-50"],"_links":{"self":[{"href":"https:\/\/ccoo.app\/diputacio-de-barcelona\/wp-json\/wp\/v2\/posts\/53495","targetHints":{"allow":["GET"]}}],"collection":[{"href":"https:\/\/ccoo.app\/diputacio-de-barcelona\/wp-json\/wp\/v2\/posts"}],"about":[{"href":"https:\/\/ccoo.app\/diputacio-de-barcelona\/wp-json\/wp\/v2\/types\/post"}],"author":[{"embeddable":true,"href":"https:\/\/ccoo.app\/diputacio-de-barcelona\/wp-json\/wp\/v2\/users\/88639"}],"replies":[{"embeddable":true,"href":"https:\/\/ccoo.app\/diputacio-de-barcelona\/wp-json\/wp\/v2\/comments?post=53495"}],"version-history":[{"count":5,"href":"https:\/\/ccoo.app\/diputacio-de-barcelona\/wp-json\/wp\/v2\/posts\/53495\/revisions"}],"predecessor-version":[{"id":53520,"href":"https:\/\/ccoo.app\/diputacio-de-barcelona\/wp-json\/wp\/v2\/posts\/53495\/revisions\/53520"}],"wp:featuredmedia":[{"embeddable":true,"href":"https:\/\/ccoo.app\/diputacio-de-barcelona\/wp-json\/wp\/v2\/media\/53519"}],"wp:attachment":[{"href":"https:\/\/ccoo.app\/diputacio-de-barcelona\/wp-json\/wp\/v2\/media?parent=53495"}],"wp:term":[{"taxonomy":"category","embeddable":true,"href":"https:\/\/ccoo.app\/diputacio-de-barcelona\/wp-json\/wp\/v2\/categories?post=53495"},{"taxonomy":"post_tag","embeddable":true,"href":"https:\/\/ccoo.app\/diputacio-de-barcelona\/wp-json\/wp\/v2\/tags?post=53495"}],"curies":[{"name":"wp","href":"https:\/\/api.w.org\/{rel}","templated":true}]}}