{"id":53473,"date":"2024-03-14T11:27:49","date_gmt":"2024-03-14T10:27:49","guid":{"rendered":"https:\/\/ccoo.app\/diputacio-de-barcelona\/?p=53473"},"modified":"2024-03-15T08:53:31","modified_gmt":"2024-03-15T07:53:31","slug":"informacio-darrer-comite-de-seguretat-i-salut","status":"publish","type":"post","link":"https:\/\/ccoo.app\/diputacio-de-barcelona\/informacio-darrer-comite-de-seguretat-i-salut\/","title":{"rendered":"INFORMACI\u00d3 DARRER COMIT\u00c8 DE SEGURETAT I SALUT"},"content":{"rendered":"\n<div style=\"height:40px\" aria-hidden=\"true\" class=\"wp-block-spacer\"><\/div>\n\n\n\n<figure class=\"gb-block-image gb-block-image-1bd8cee7\"><img loading=\"lazy\" decoding=\"async\" width=\"390\" height=\"390\" class=\"gb-image gb-image-1bd8cee7\" src=\"https:\/\/ccoo.app\/diputacio-de-barcelona\/wp-content\/blogs.dir\/6\/files\/sites\/186\/2023\/03\/informacio-salud-laboral.png\" alt=\"Informacio Salud Laboral\" title=\"Informacio Salud Laboral\" srcset=\"https:\/\/ccoo.app\/diputacio-de-barcelona\/wp-content\/blogs.dir\/6\/files\/sites\/186\/2023\/03\/informacio-salud-laboral.png 390w, https:\/\/ccoo.app\/diputacio-de-barcelona\/wp-content\/blogs.dir\/6\/files\/sites\/186\/2023\/03\/informacio-salud-laboral-300x300.png 300w, https:\/\/ccoo.app\/diputacio-de-barcelona\/wp-content\/blogs.dir\/6\/files\/sites\/186\/2023\/03\/informacio-salud-laboral-150x150.png 150w\" sizes=\"auto, (max-width: 390px) 100vw, 390px\" \/><\/figure>\n\n\n\n<div style=\"height:40px\" aria-hidden=\"true\" class=\"wp-block-spacer\"><\/div>\n\n\n\n<p class=\"has-text-align-justify\">A la darrera reuni\u00f3 del Comit\u00e8 de Seguretat i Salut de la Diputaci\u00f3 de Barcelona <strong><span style=\"text-decoration: underline\" class=\"ek-underline\">des de CCOO vam comentar els seg\u00fcents punts que afecten les condicions de seguretat i salut<\/span> <\/strong>dels treballadors i treballadores de la corporaci\u00f3:<\/p>\n\n\n\n<div style=\"height:10px\" aria-hidden=\"true\" class=\"wp-block-spacer\"><\/div>\n\n\n\n<h3 class=\"gb-headline gb-headline-9f58dc18 gb-headline-text\">Mem\u00f2ria anual 2023 de l&#8217;Oficina de Prevenci\u00f3 de Riscos Laborals:<\/h3>\n\n\n\n<ul class=\"wp-block-list\">\n<li>Volem <strong><span style=\"text-decoration: underline\" class=\"ek-underline\">felicitar a l&#8217;OPRL<\/span><\/strong>&nbsp;per tota la tasca feta durant tot l&#8217;any 2023.<\/li>\n\n\n\n<li>No obstant aix\u00f2, <strong><span style=\"text-decoration: underline\" class=\"ek-underline\">demanem una reflexi\u00f3 als Serveis que no estan complint amb la reglamentaci\u00f3<\/span><\/strong> per tal executar les mesures preventives, un 68% d&#8217;aquestes estan pendents d&#8217;execuci\u00f3 i sense previsi\u00f3.<\/li>\n\n\n\n<li><strong><span style=\"text-decoration: underline\" class=\"ek-underline\">Exigim<\/span><\/strong> a la Comissi\u00f3 Directiva i a la Comissi\u00f3 t\u00e8cnica de Coordinaci\u00f3 <strong><span style=\"text-decoration: underline\" class=\"ek-underline\">directrius espec\u00edfiques per poder planificar les mesures preventives<\/span><\/strong>.<\/li>\n\n\n\n<li><strong><span style=\"text-decoration: underline\" class=\"ek-underline\">Demanem un estudi d&#8217;accidentalitat<\/span><\/strong> amb unes dades precises sobre els col\u00b7lectius i els recintes de la nostra corporaci\u00f3. Aix\u00ed poder <strong><span style=\"text-decoration: underline\" class=\"ek-underline\">analitzar correctament les necessitats pr\u00f2pies dels serveis<\/span><\/strong>.<\/li>\n<\/ul>\n\n\n\n<div style=\"height:10px\" aria-hidden=\"true\" class=\"wp-block-spacer\"><\/div>\n\n\n\n<h3 class=\"gb-headline gb-headline-d0e926c6 gb-headline-text\">Estat de conservaci\u00f3 dels vestidors dels parcs naturals del Foix i de Sant Lloren\u00e7:<\/h3>\n\n\n\n<ul class=\"wp-block-list\">\n<li><span style=\"text-decoration: underline\" class=\"ek-underline\"><strong>Agra\u00efm la celeritat<\/strong><\/span> amb qu\u00e8 s&#8217;ha pres la <strong><span style=\"text-decoration: underline\" class=\"ek-underline\">reforma dels vestidors del Parc Natural del Foix<\/span><\/strong> per part de la Ger\u00e8ncia i la <span style=\"text-decoration: underline\" class=\"ek-underline\"><strong>cerca d&#8217;un altra&nbsp;nau a Llinars<\/strong><\/span> (Parc Natural del Montnegre) mentre durin les obres de la nau actual. <\/li>\n\n\n\n<li>Per\u00f2, tamb\u00e9 <strong><span style=\"text-decoration: underline\" class=\"ek-underline\">exigim la planificaci\u00f3 de les mesures correctores als vestidors del parc natural de Sant Lloren\u00e7<\/span><\/strong>, fins que es trobi una nova nau per poder ubicar aquests vestidors.<\/li>\n<\/ul>\n\n\n\n<div style=\"height:10px\" aria-hidden=\"true\" class=\"wp-block-spacer\"><\/div>\n\n\n\n<h3 class=\"gb-headline gb-headline-8c4fc6be gb-headline-text\">Programaci\u00f3 d&#8217;Activitats Preventives per l&#8217;any 2024:<\/h3>\n\n\n\n<ul class=\"wp-block-list\">\n<li><strong><span style=\"text-decoration: underline\" class=\"ek-underline\">Trobem a faltar el protocol i la formaci\u00f3 del Recurs Preventiu<\/span><\/strong>. Hem de tenir en compte que el recurs preventiu \u00e9s una figura amb molta import\u00e0ncia, creada amb la intenci\u00f3 de resoldre els problemes i cercar una garantia de control i supervisi\u00f3 de certes operacions i activitats productives en qu\u00e8 cal una aplicaci\u00f3 rigorosa de les mesures preventives sorgides de les avaluacions de riscos.<\/li>\n<\/ul>\n\n\n\n<div style=\"height:10px\" aria-hidden=\"true\" class=\"wp-block-spacer\"><\/div>\n\n\n\n<h3 class=\"gb-headline gb-headline-415cba0e gb-headline-text\">Adaptaci\u00f3 dels&nbsp;EPI&nbsp;de protecci\u00f3 visual:<\/h3>\n\n\n\n<ul class=\"wp-block-list\">\n<li><strong><span style=\"text-decoration: underline\" class=\"ek-underline\">Valorem positivament<\/span><\/strong> que la Ger\u00e8ncia d&#8217;Infraestructures&nbsp;vi\u00e0ries&nbsp;<strong><span style=\"text-decoration: underline\" class=\"ek-underline\">hagi comen\u00e7at amb l&#8217;adaptaci\u00f3 de les ulleres de sol<\/span><\/strong> als treballadors i treballadores que ho han necessitat.<\/li>\n\n\n\n<li>Tamb\u00e9 a la Ger\u00e8ncia de Parcs Naturals que <strong><span style=\"text-decoration: underline\" class=\"ek-underline\">han comen\u00e7at aquesta gesti\u00f3 d&#8217;adaptaci\u00f3 d&#8217;aquests&nbsp;EPI<\/span><\/strong>&nbsp;pels seus treballadors i treballadores.<\/li>\n\n\n\n<li><span style=\"text-decoration: underline\" class=\"ek-underline\"><strong>Exigim<\/strong><\/span> a la resta de Ger\u00e8ncies on el personal tingui aquesta casu\u00edstica <strong><span style=\"text-decoration: underline\" class=\"ek-underline\">que facin la gesti\u00f3 per poder adaptar els&nbsp;EPI&nbsp;de protecci\u00f3 ocular a les seves necessitats<\/span><\/strong>. Siguin de sol o de protecci\u00f3.<\/li>\n<\/ul>\n\n\n\n<div style=\"height:10px\" aria-hidden=\"true\" class=\"wp-block-spacer\"><\/div>\n\n\n\n<h3 class=\"gb-headline gb-headline-b669c17d gb-headline-text\">ORGT:<\/h3>\n\n\n\n<ul class=\"wp-block-list\">\n<li><strong><span style=\"text-decoration: underline\" class=\"ek-underline\">Sol\u00b7licitem informaci\u00f3 sobre un possible trasllat de l&#8217;Oficina de Gav\u00e0<\/span><\/strong> i ens informen que <strong><span style=\"text-decoration: underline\" class=\"ek-underline\">de moment queda descartat aquest trasllat<\/span><\/strong>.<\/li>\n\n\n\n<li>Tamb\u00e9 <strong><span style=\"text-decoration: underline\" class=\"ek-underline\">sol\u00b7licitem informaci\u00f3 sobre un possible trasllat de l&#8217;oficina de Cardedeu<\/span><\/strong>.<\/li>\n\n\n\n<li><strong><span style=\"text-decoration: underline\" class=\"ek-underline\">Preguntem per l&#8217;estat actual de la nova oficina de Sant Pere de Ribes<\/span><\/strong>.<\/li>\n<\/ul>\n\n\n\n<div style=\"height:10px\" aria-hidden=\"true\" class=\"wp-block-spacer\"><\/div>\n\n\n\n<h3 class=\"gb-headline gb-headline-e0a1bf11 gb-headline-text\">Estudi sobre la percepci\u00f3 de seguretat dels empleats i empleades p\u00fabliques de la Diputaci\u00f3 de Barcelona:<\/h3>\n\n\n\n<ul class=\"wp-block-list\">\n<li><strong><span style=\"text-decoration: underline\" class=\"ek-underline\">Sol\u00b7licitem<\/span><\/strong>, al Cap de Seguretat de la Diputaci\u00f3 i a l&#8217;OPRL, <strong><span style=\"text-decoration: underline\" class=\"ek-underline\">la creaci\u00f3 d&#8217;una comissi\u00f3 per poder treballar aquest informe i la repercussi\u00f3 que pot arribar a tenir<\/span><\/strong> als treballadors i treballadores de la Diputaci\u00f3 de Barcelona.<\/li>\n<\/ul>\n\n\n\n<div style=\"height:10px\" aria-hidden=\"true\" class=\"wp-block-spacer\"><\/div>\n\n\n\n<h3 class=\"gb-headline gb-headline-2835c9cf gb-headline-text\">EPI conductors\/es motos:<\/h3>\n\n\n\n<ul class=\"wp-block-list\">\n<li><strong><span style=\"text-decoration: underline\" class=\"ek-underline\">Demanem una avaluaci\u00f3 dels EPI dels conductors\/es de motos i posar-les al dia<\/span><\/strong>, referent a:\n<ul class=\"wp-block-list\">\n<li>Casc.<\/li>\n\n\n\n<li>Guants.<\/li>\n\n\n\n<li>Jaqueta amb proteccions.<\/li>\n\n\n\n<li>Pantalons amb proteccions.<\/li>\n\n\n\n<li>Botes.<\/li>\n<\/ul>\n<\/li>\n<\/ul>\n\n\n\n<div style=\"height:10px\" aria-hidden=\"true\" class=\"wp-block-spacer\"><\/div>\n\n\n\n<div class=\"wp-block-group\"><div class=\"wp-block-group__inner-container is-layout-constrained wp-block-group-is-layout-constrained\"><div class=\"gb-grid-wrapper gb-grid-wrapper-d65739e2\">\n<div class=\"gb-grid-column gb-grid-column-ecc8725d\"><div class=\"gb-container gb-container-ecc8725d\"><div class=\"gb-inside-container\">\n<div class=\"wp-block-image\">\n<figure class=\"aligncenter size-full\"><img loading=\"lazy\" decoding=\"async\" width=\"129\" height=\"38\" src=\"https:\/\/ccoo.app\/diputacio-de-barcelona\/wp-content\/blogs.dir\/6\/files\/sites\/186\/2022\/03\/tel.png\" alt=\"Tel\" class=\"wp-image-49915\" \/><\/figure>\n<\/div>\n<\/div><\/div><\/div>\n\n<div class=\"gb-grid-column gb-grid-column-4c28778f\"><div class=\"gb-container gb-container-4c28778f\"><div class=\"gb-inside-container\">\n<div class=\"wp-block-image\">\n<figure class=\"aligncenter size-full\"><a href=\"mailto:ccoo@diba.cat\"><img loading=\"lazy\" decoding=\"async\" width=\"51\" height=\"37\" src=\"https:\/\/ccoo.app\/diputacio-de-barcelona\/wp-content\/blogs.dir\/6\/files\/sites\/186\/2022\/03\/mail.png\" alt=\"Mail\" class=\"wp-image-49916\" \/><\/a><\/figure>\n<\/div>\n<\/div><\/div><\/div>\n\n<div class=\"gb-grid-column gb-grid-column-c6cc0957\"><div class=\"gb-container gb-container-c6cc0957\"><div class=\"gb-inside-container\">\n<div class=\"wp-block-image\">\n<figure class=\"aligncenter size-full\"><a href=\"https:\/\/twitter.com\/ccoodiba\"><img loading=\"lazy\" decoding=\"async\" width=\"44\" height=\"38\" src=\"https:\/\/ccoo.app\/diputacio-de-barcelona\/wp-content\/blogs.dir\/6\/files\/sites\/186\/2022\/03\/tw.png\" alt=\"Tw\" class=\"wp-image-49917\" \/><\/a><\/figure>\n<\/div>\n<\/div><\/div><\/div>\n\n<div class=\"gb-grid-column gb-grid-column-1598237d\"><div class=\"gb-container gb-container-1598237d\"><div class=\"gb-inside-container\">\n<div class=\"wp-block-image\">\n<figure class=\"aligncenter size-full\"><a href=\"https:\/\/www.instagram.com\/ccoo_diba\/\"><img loading=\"lazy\" decoding=\"async\" width=\"45\" height=\"44\" src=\"https:\/\/ccoo.app\/diputacio-de-barcelona\/wp-content\/blogs.dir\/6\/files\/sites\/186\/2022\/03\/ig.png\" alt=\"Ig\" class=\"wp-image-49918\" \/><\/a><\/figure>\n<\/div>\n<\/div><\/div><\/div>\n\n<div class=\"gb-grid-column gb-grid-column-2db731fe\"><div class=\"gb-container gb-container-2db731fe\"><div class=\"gb-inside-container\">\n<div class=\"wp-block-image\">\n<figure class=\"aligncenter size-full\"><a href=\"https:\/\/ccoo.app\/diputacio-de-barcelona\"><img loading=\"lazy\" decoding=\"async\" width=\"39\" height=\"40\" src=\"https:\/\/ccoo.app\/diputacio-de-barcelona\/wp-content\/blogs.dir\/6\/files\/sites\/186\/2022\/03\/www.png\" alt=\"Www\" class=\"wp-image-49919\" \/><\/a><\/figure>\n<\/div>\n<\/div><\/div><\/div>\n\n<div class=\"gb-grid-column gb-grid-column-f3651540\"><div class=\"gb-container gb-container-f3651540\"><div class=\"gb-inside-container\">\n<div class=\"wp-block-image is-resized\">\n<figure class=\"aligncenter size-full\"><a href=\"https:\/\/www.ccoo.cat\/afiliat\/?_sfm_aff_situation=94\"><img loading=\"lazy\" decoding=\"async\" width=\"125\" height=\"38\" src=\"https:\/\/ccoo.app\/diputacio-de-barcelona\/wp-content\/blogs.dir\/6\/files\/sites\/186\/2022\/03\/af.png\" alt=\"Af\" class=\"wp-image-49920\" \/><\/a><\/figure>\n<\/div>\n<\/div><\/div><\/div>\n<\/div><\/div><\/div>\n","protected":false},"excerpt":{"rendered":"<p>A la darrera reuni\u00f3 del Comit\u00e8 de Seguretat i Salut de la Diputaci\u00f3 de Barcelona des de CCOO vam comentar els seg\u00fcents punts que afecten les condicions de seguretat i &#8230; <\/p>\n<p class=\"read-more-container\"><a title=\"INFORMACI\u00d3 DARRER COMIT\u00c8 DE SEGURETAT I SALUT\" class=\"read-more button\" href=\"https:\/\/ccoo.app\/diputacio-de-barcelona\/informacio-darrer-comite-de-seguretat-i-salut\/#more-53473\" aria-label=\"Leer m\u00e1s sobre INFORMACI\u00d3 DARRER COMIT\u00c8 DE SEGURETAT I SALUT\">Continuar llegint<\/a><\/p>\n","protected":false},"author":88639,"featured_media":52365,"comment_status":"closed","ping_status":"closed","sticky":false,"template":"","format":"standard","meta":{"footnotes":""},"categories":[38,19,35],"tags":[],"class_list":["post-53473","post","type-post","status-publish","format-standard","has-post-thumbnail","hentry","category-a-tot-el-personal","category-comunicats","category-salut-laboral","generate-columns","tablet-grid-50","mobile-grid-100","grid-parent","grid-50"],"_links":{"self":[{"href":"https:\/\/ccoo.app\/diputacio-de-barcelona\/wp-json\/wp\/v2\/posts\/53473","targetHints":{"allow":["GET"]}}],"collection":[{"href":"https:\/\/ccoo.app\/diputacio-de-barcelona\/wp-json\/wp\/v2\/posts"}],"about":[{"href":"https:\/\/ccoo.app\/diputacio-de-barcelona\/wp-json\/wp\/v2\/types\/post"}],"author":[{"embeddable":true,"href":"https:\/\/ccoo.app\/diputacio-de-barcelona\/wp-json\/wp\/v2\/users\/88639"}],"replies":[{"embeddable":true,"href":"https:\/\/ccoo.app\/diputacio-de-barcelona\/wp-json\/wp\/v2\/comments?post=53473"}],"version-history":[{"count":5,"href":"https:\/\/ccoo.app\/diputacio-de-barcelona\/wp-json\/wp\/v2\/posts\/53473\/revisions"}],"predecessor-version":[{"id":53481,"href":"https:\/\/ccoo.app\/diputacio-de-barcelona\/wp-json\/wp\/v2\/posts\/53473\/revisions\/53481"}],"wp:featuredmedia":[{"embeddable":true,"href":"https:\/\/ccoo.app\/diputacio-de-barcelona\/wp-json\/wp\/v2\/media\/52365"}],"wp:attachment":[{"href":"https:\/\/ccoo.app\/diputacio-de-barcelona\/wp-json\/wp\/v2\/media?parent=53473"}],"wp:term":[{"taxonomy":"category","embeddable":true,"href":"https:\/\/ccoo.app\/diputacio-de-barcelona\/wp-json\/wp\/v2\/categories?post=53473"},{"taxonomy":"post_tag","embeddable":true,"href":"https:\/\/ccoo.app\/diputacio-de-barcelona\/wp-json\/wp\/v2\/tags?post=53473"}],"curies":[{"name":"wp","href":"https:\/\/api.w.org\/{rel}","templated":true}]}}