{"id":53444,"date":"2024-03-08T14:44:51","date_gmt":"2024-03-08T13:44:51","guid":{"rendered":"https:\/\/ccoo.app\/diputacio-de-barcelona\/?p=53444"},"modified":"2024-03-12T15:28:11","modified_gmt":"2024-03-12T14:28:11","slug":"assemblea-sindical-oberta-per-afiliats-i-afiliades-%c2%b7-13-03-24","status":"publish","type":"post","link":"https:\/\/ccoo.app\/diputacio-de-barcelona\/assemblea-sindical-oberta-per-afiliats-i-afiliades-%c2%b7-13-03-24\/","title":{"rendered":"Assemblea Sindical Oberta per afiliats i afiliades \u00b7 13\/03\/24"},"content":{"rendered":"\n<div style=\"height:30px\" aria-hidden=\"true\" class=\"wp-block-spacer\"><\/div>\n\n\n\n<figure class=\"gb-block-image gb-block-image-62dd0414\"><img loading=\"lazy\" decoding=\"async\" width=\"1920\" height=\"1080\" class=\"gb-image gb-image-62dd0414\" src=\"https:\/\/ccoo.app\/diputacio-de-barcelona\/wp-content\/blogs.dir\/6\/files\/sites\/186\/2024\/03\/Assemblea-Sindical-Oberta_13032024.jpg\" alt=\"\" title=\"Assemblea-Sindical-Oberta_13032024\" srcset=\"https:\/\/ccoo.app\/diputacio-de-barcelona\/wp-content\/blogs.dir\/6\/files\/sites\/186\/2024\/03\/Assemblea-Sindical-Oberta_13032024.jpg 1920w, https:\/\/ccoo.app\/diputacio-de-barcelona\/wp-content\/blogs.dir\/6\/files\/sites\/186\/2024\/03\/Assemblea-Sindical-Oberta_13032024-300x169.jpg 300w, https:\/\/ccoo.app\/diputacio-de-barcelona\/wp-content\/blogs.dir\/6\/files\/sites\/186\/2024\/03\/Assemblea-Sindical-Oberta_13032024-1024x576.jpg 1024w, https:\/\/ccoo.app\/diputacio-de-barcelona\/wp-content\/blogs.dir\/6\/files\/sites\/186\/2024\/03\/Assemblea-Sindical-Oberta_13032024-768x432.jpg 768w, https:\/\/ccoo.app\/diputacio-de-barcelona\/wp-content\/blogs.dir\/6\/files\/sites\/186\/2024\/03\/Assemblea-Sindical-Oberta_13032024-1536x864.jpg 1536w\" sizes=\"auto, (max-width: 1920px) 100vw, 1920px\" \/><\/figure>\n\n\n\n<div style=\"height:50px\" aria-hidden=\"true\" class=\"wp-block-spacer\"><\/div>\n\n\n\n<p class=\"has-text-align-justify\">Comen\u00e7a l&#8217;<strong>Assemblea Sindical Oberta (ASO)<\/strong>, el mecanisme de participaci\u00f3 democr\u00e0tic que CCOO de Catalunya posa en marxa cada 4 anys. L&#8217;objectiu \u00e9s <strong>descobrir les preocupacions i els interessos<\/strong> dels membres afiliats per a poder preparar els eixos de debat del proper congr\u00e9s de CCOO.<\/p>\n\n\n\n<figure class=\"wp-block-table\"><table><tbody><tr><td class=\"has-text-align-center\" data-align=\"center\"><strong>DIMECRES<\/strong><br><strong>13 DE MAR\u00c7<\/strong><\/td><td class=\"has-text-align-center\" data-align=\"center\"><strong>CCOO \u00b7 VIA LAIETANA, 16<\/strong><br><strong>Sala 42, planta 4<\/strong><br><strong><em>(acc\u00e9s Carrer Argenteria, 4)<\/em><\/strong><\/td><td class=\"has-text-align-center\" data-align=\"center\"><strong>12:00 \u2013 14:00<\/strong><strong><\/strong><\/td><\/tr><\/tbody><\/table><\/figure>\n\n\n\n<p class=\"has-text-align-center\">\u00c9s una <strong>assemblea autoritzada<\/strong> i s\u2019ha de justificar<br>amb<strong>&nbsp;el&nbsp;CODI D\u2019INCID\u00c8NCIA&nbsp;<u>562<\/u>&nbsp;<\/strong>o<strong>&nbsp;<u>GESTI\u00d3 RA\u00d3 DEL SERVEI<\/u><\/strong><\/p>\n\n\n\n<div style=\"height:30px\" aria-hidden=\"true\" class=\"wp-block-spacer\"><\/div>\n\n\n\n<p>L\u2019<strong>assemblea tamb\u00e9 es podr\u00e0 seguir de manera online<\/strong> al seg\u00fcent enlla\u00e7:<\/p>\n\n\n\n<h2 class=\"gb-headline gb-headline-98d56029 gb-headline-text\"><strong>Reuni\u00f3 del Microsoft Teams<\/strong><\/h2>\n\n\n\n<p class=\"has-text-align-center\"><strong>Uniu-vos-hi amb l\u2019ordinador, l\u2019aplicaci\u00f3 m\u00f2bil o el dispositiu de la sala<\/strong><strong><\/strong><\/p>\n\n\n\n<p class=\"has-text-align-center\"><a href=\"https:\/\/teams.microsoft.com\/l\/meetup-join\/19%3ameeting_MDA3YmJjMTItM2FkOC00NDA3LTk2ODctYzhjN2VkYzQ5MjA2%40thread.v2\/0?context=%7b%22Tid%22%3a%22aa01e5b0-699e-4538-8596-e820ccf95d45%22%2c%22Oid%22%3a%228d0a4642-a5b0-450a-9ffa-45f8336996c2%22%7d\" target=\"_blank\" rel=\"noreferrer noopener\" class=\"ek-link\">Feu clic aqu\u00ed per unir-vos a la reuni\u00f3<\/a><\/p>\n\n\n\n<p class=\"has-text-align-center\">ID de la reuni\u00f3: 380 704 919 851<br>Clau d&#8217;acc\u00e9s: xKyiFP<\/p>\n\n\n\n<p class=\"has-text-align-center\"><a href=\"https:\/\/www.microsoft.com\/en-us\/microsoft-teams\/download-app\" target=\"_blank\" rel=\"noreferrer noopener\">Baixa el Teams<\/a> | <a href=\"https:\/\/www.microsoft.com\/microsoft-teams\/join-a-meeting\" target=\"_blank\" rel=\"noreferrer noopener\">Uniu-vos al web<\/a><\/p>\n\n\n\n<div style=\"height:30px\" aria-hidden=\"true\" class=\"wp-block-spacer\"><\/div>\n\n\n\n<p class=\"has-text-align-center has-base-background-color has-background has-medium-font-size\">Aqu\u00ed podr\u00e0s debatre i aportar les idees que consideris importants.<br><br><strong>Pren la paraula!<\/strong><\/p>\n\n\n\n<div style=\"height:40px\" aria-hidden=\"true\" class=\"wp-block-spacer\"><\/div>\n\n\n\n<div class=\"wp-block-group\"><div class=\"wp-block-group__inner-container is-layout-constrained wp-block-group-is-layout-constrained\"><div class=\"gb-grid-wrapper gb-grid-wrapper-d65739e2\">\n<div class=\"gb-grid-column gb-grid-column-ecc8725d\"><div class=\"gb-container gb-container-ecc8725d\"><div class=\"gb-inside-container\">\n<div class=\"wp-block-image\">\n<figure class=\"aligncenter size-full\"><img loading=\"lazy\" decoding=\"async\" width=\"129\" height=\"38\" src=\"https:\/\/ccoo.app\/diputacio-de-barcelona\/wp-content\/blogs.dir\/6\/files\/sites\/186\/2022\/03\/tel.png\" alt=\"Tel\" class=\"wp-image-49915\" \/><\/figure>\n<\/div>\n<\/div><\/div><\/div>\n\n<div class=\"gb-grid-column gb-grid-column-4c28778f\"><div class=\"gb-container gb-container-4c28778f\"><div class=\"gb-inside-container\">\n<div class=\"wp-block-image\">\n<figure class=\"aligncenter size-full\"><a href=\"mailto:ccoo@diba.cat\"><img loading=\"lazy\" decoding=\"async\" width=\"51\" height=\"37\" src=\"https:\/\/ccoo.app\/diputacio-de-barcelona\/wp-content\/blogs.dir\/6\/files\/sites\/186\/2022\/03\/mail.png\" alt=\"Mail\" class=\"wp-image-49916\" \/><\/a><\/figure>\n<\/div>\n<\/div><\/div><\/div>\n\n<div class=\"gb-grid-column gb-grid-column-c6cc0957\"><div class=\"gb-container gb-container-c6cc0957\"><div class=\"gb-inside-container\">\n<div class=\"wp-block-image\">\n<figure class=\"aligncenter size-full\"><a href=\"https:\/\/twitter.com\/ccoodiba\"><img loading=\"lazy\" decoding=\"async\" width=\"44\" height=\"38\" src=\"https:\/\/ccoo.app\/diputacio-de-barcelona\/wp-content\/blogs.dir\/6\/files\/sites\/186\/2022\/03\/tw.png\" alt=\"Tw\" class=\"wp-image-49917\" \/><\/a><\/figure>\n<\/div>\n<\/div><\/div><\/div>\n\n<div class=\"gb-grid-column gb-grid-column-1598237d\"><div class=\"gb-container gb-container-1598237d\"><div class=\"gb-inside-container\">\n<div class=\"wp-block-image\">\n<figure class=\"aligncenter size-full\"><a href=\"https:\/\/www.instagram.com\/ccoo_diba\/\"><img loading=\"lazy\" decoding=\"async\" width=\"45\" height=\"44\" src=\"https:\/\/ccoo.app\/diputacio-de-barcelona\/wp-content\/blogs.dir\/6\/files\/sites\/186\/2022\/03\/ig.png\" alt=\"Ig\" class=\"wp-image-49918\" \/><\/a><\/figure>\n<\/div>\n<\/div><\/div><\/div>\n\n<div class=\"gb-grid-column gb-grid-column-2db731fe\"><div class=\"gb-container gb-container-2db731fe\"><div class=\"gb-inside-container\">\n<div class=\"wp-block-image\">\n<figure class=\"aligncenter size-full\"><a href=\"https:\/\/ccoo.app\/diputacio-de-barcelona\"><img loading=\"lazy\" decoding=\"async\" width=\"39\" height=\"40\" src=\"https:\/\/ccoo.app\/diputacio-de-barcelona\/wp-content\/blogs.dir\/6\/files\/sites\/186\/2022\/03\/www.png\" alt=\"Www\" class=\"wp-image-49919\" \/><\/a><\/figure>\n<\/div>\n<\/div><\/div><\/div>\n\n<div class=\"gb-grid-column gb-grid-column-f3651540\"><div class=\"gb-container gb-container-f3651540\"><div class=\"gb-inside-container\">\n<div class=\"wp-block-image\">\n<figure class=\"aligncenter size-full is-resized\"><a href=\"https:\/\/www.ccoo.cat\/afiliat\/?_sfm_aff_situation=94\"><img loading=\"lazy\" decoding=\"async\" width=\"125\" height=\"38\" src=\"https:\/\/ccoo.app\/diputacio-de-barcelona\/wp-content\/blogs.dir\/6\/files\/sites\/186\/2022\/03\/af.png\" alt=\"Af\" class=\"wp-image-49920\" style=\"width:125px;height:38px\" \/><\/a><\/figure>\n<\/div>\n<\/div><\/div><\/div>\n<\/div><\/div><\/div>\n","protected":false},"excerpt":{"rendered":"<p>Comen\u00e7a l&#8217;Assemblea Sindical Oberta (ASO), el mecanisme de participaci\u00f3 democr\u00e0tic que CCOO de Catalunya posa en marxa cada 4 anys. L&#8217;objectiu \u00e9s descobrir les preocupacions i els interessos dels membres &#8230; <\/p>\n<p class=\"read-more-container\"><a title=\"Assemblea Sindical Oberta per afiliats i afiliades \u00b7 13\/03\/24\" class=\"read-more button\" href=\"https:\/\/ccoo.app\/diputacio-de-barcelona\/assemblea-sindical-oberta-per-afiliats-i-afiliades-%c2%b7-13-03-24\/#more-53444\" aria-label=\"Leer m\u00e1s sobre Assemblea Sindical Oberta per afiliats i afiliades \u00b7 13\/03\/24\">Continuar llegint<\/a><\/p>\n","protected":false},"author":88639,"featured_media":53463,"comment_status":"closed","ping_status":"closed","sticky":false,"template":"","format":"standard","meta":{"footnotes":""},"categories":[250],"tags":[],"class_list":["post-53444","post","type-post","status-publish","format-standard","has-post-thumbnail","hentry","category-assemblees","generate-columns","tablet-grid-50","mobile-grid-100","grid-parent","grid-50"],"_links":{"self":[{"href":"https:\/\/ccoo.app\/diputacio-de-barcelona\/wp-json\/wp\/v2\/posts\/53444","targetHints":{"allow":["GET"]}}],"collection":[{"href":"https:\/\/ccoo.app\/diputacio-de-barcelona\/wp-json\/wp\/v2\/posts"}],"about":[{"href":"https:\/\/ccoo.app\/diputacio-de-barcelona\/wp-json\/wp\/v2\/types\/post"}],"author":[{"embeddable":true,"href":"https:\/\/ccoo.app\/diputacio-de-barcelona\/wp-json\/wp\/v2\/users\/88639"}],"replies":[{"embeddable":true,"href":"https:\/\/ccoo.app\/diputacio-de-barcelona\/wp-json\/wp\/v2\/comments?post=53444"}],"version-history":[{"count":4,"href":"https:\/\/ccoo.app\/diputacio-de-barcelona\/wp-json\/wp\/v2\/posts\/53444\/revisions"}],"predecessor-version":[{"id":53472,"href":"https:\/\/ccoo.app\/diputacio-de-barcelona\/wp-json\/wp\/v2\/posts\/53444\/revisions\/53472"}],"wp:featuredmedia":[{"embeddable":true,"href":"https:\/\/ccoo.app\/diputacio-de-barcelona\/wp-json\/wp\/v2\/media\/53463"}],"wp:attachment":[{"href":"https:\/\/ccoo.app\/diputacio-de-barcelona\/wp-json\/wp\/v2\/media?parent=53444"}],"wp:term":[{"taxonomy":"category","embeddable":true,"href":"https:\/\/ccoo.app\/diputacio-de-barcelona\/wp-json\/wp\/v2\/categories?post=53444"},{"taxonomy":"post_tag","embeddable":true,"href":"https:\/\/ccoo.app\/diputacio-de-barcelona\/wp-json\/wp\/v2\/tags?post=53444"}],"curies":[{"name":"wp","href":"https:\/\/api.w.org\/{rel}","templated":true}]}}