{"id":53419,"date":"2024-02-12T10:58:08","date_gmt":"2024-02-12T09:58:08","guid":{"rendered":"https:\/\/ccoo.app\/diputacio-de-barcelona\/?p=53419"},"modified":"2024-02-12T10:58:15","modified_gmt":"2024-02-12T09:58:15","slug":"comissio-vestuari","status":"publish","type":"post","link":"https:\/\/ccoo.app\/diputacio-de-barcelona\/comissio-vestuari\/","title":{"rendered":"COMISSI\u00d3 VESTUARI"},"content":{"rendered":"\n<div style=\"height:40px\" aria-hidden=\"true\" class=\"wp-block-spacer\"><\/div>\n\n\n\n<figure class=\"gb-block-image gb-block-image-1bd8cee7\"><img loading=\"lazy\" decoding=\"async\" width=\"390\" height=\"390\" class=\"gb-image gb-image-1bd8cee7\" src=\"https:\/\/ccoo.app\/diputacio-de-barcelona\/wp-content\/blogs.dir\/6\/files\/sites\/186\/2024\/02\/informacio-comissio-vestuari.jpg\" alt=\"\" title=\"informacio-comissio-vestuari\" srcset=\"https:\/\/ccoo.app\/diputacio-de-barcelona\/wp-content\/blogs.dir\/6\/files\/sites\/186\/2024\/02\/informacio-comissio-vestuari.jpg 390w, https:\/\/ccoo.app\/diputacio-de-barcelona\/wp-content\/blogs.dir\/6\/files\/sites\/186\/2024\/02\/informacio-comissio-vestuari-300x300.jpg 300w, https:\/\/ccoo.app\/diputacio-de-barcelona\/wp-content\/blogs.dir\/6\/files\/sites\/186\/2024\/02\/informacio-comissio-vestuari-150x150.jpg 150w\" sizes=\"auto, (max-width: 390px) 100vw, 390px\" \/><\/figure>\n\n\n\n<div style=\"height:40px\" aria-hidden=\"true\" class=\"wp-block-spacer\"><\/div>\n\n\n\n<p class=\"has-text-align-justify\">El passat divendres 2 de febrer, des de CCOO vam assistir a la reuni\u00f3 de la <strong><span style=\"text-decoration: underline\" class=\"ek-underline\">Comissi\u00f3 de Vestuari de la Diputaci\u00f3 de Barcelona<\/span><\/strong>. Despr\u00e9s d\u2019anys lluitant per la renovaci\u00f3 del vestuari i la implantaci\u00f3 d\u2019un vestuari digne als temps que vivim -i en l\u00ednia amb all\u00f2 acordat en el II el pla d\u2019Igualtat signat recentment per CCOO- les nostres reivindicacions han estat acceptades i la corporaci\u00f3 agilitzar\u00e0 els treballs per fer efectiu els canvis en el vestuari.<\/p>\n\n\n\n<p class=\"has-text-align-justify\">Per aquest motiu, la corporaci\u00f3 ens va presentar un pla de 2 anys de comissi\u00f3 de treball -amb la nostra participaci\u00f3- i 1 any m\u00e9s per la licitaci\u00f3.<\/p>\n\n\n\n<p class=\"has-text-align-justify\"><strong>Per qu\u00e8 cal fer aquest proc\u00e9s ?<\/strong><\/p>\n\n\n\n<ul class=\"is-style-arrow wp-block-list\">\n<li>Per una banda el personal t\u00e9 queixes sobre l\u2019adequaci\u00f3 dels uniformes i la corporaci\u00f3 t\u00e9 problemes per contractar. A m\u00e9s a m\u00e9s, en aquest proc\u00e9s es vol implicar totes les \u00e0rees dels col\u2022lectius afectats.<\/li>\n\n\n\n<li>Hi ha una clara discrep\u00e0ncia entre el que \u00e9s \u00f2ptim i el que ofereix el mercat.<\/li>\n\n\n\n<li>Molta diversitat de models i un baix volum de cada pe\u00e7a: aix\u00f2 fa poc interesant per les empreses licitadores.<\/li>\n<\/ul>\n\n\n\n<p class=\"has-text-align-justify\">Des de CCOO volem un criteri com\u00fa i obrir un debat profund sobre quina funci\u00f3 real fa la uniformitat: imatge, identificaci\u00f3 amb la organitzaci\u00f3, identificaci\u00f3 de les tasques, etc. Per aix\u00f2 hem demanat que durant aquest temps de transici\u00f3 es tingui en compte tant el g\u00e8nere com la percepci\u00f3 de roba t\u00e8cnica (oblidar materials com la pana i la franel\u2022la que fa m\u00e9s costosa la feina).<\/p>\n\n\n\n<p class=\"has-text-align-justify\">Tamb\u00e9 s\u2019ha creat una <strong><span style=\"text-decoration: underline\" class=\"ek-underline\">b\u00fastia d\u2019incid\u00e8ncies<\/span><\/strong> per poder aportar i comunicar idees o incid\u00e8ncies al vestuari laboral i del qual us animen a qu\u00e8 en feu \u00fas. Ho podeu trobar en aquest enlla\u00e7: <a href=\"https:\/\/formularis.diba.cat\/intradiba\/logistica\/comunicat-dincidencia-vestuari-laboral\" class=\"ek-link\"><span style=\"text-decoration: underline\" class=\"ek-underline\">https:\/\/formularis.diba.cat\/intradiba\/logistica\/comunicat-dincidencia-vestuari-laboral<\/span><\/a>.<\/p>\n\n\n\n<div style=\"height:40px\" aria-hidden=\"true\" class=\"wp-block-spacer\"><\/div>\n\n\n<div class=\"gb-container gb-container-d4283c0a\">\n<div class=\"wp-block-image\">\n<figure class=\"aligncenter size-full is-resized\"><img loading=\"lazy\" decoding=\"async\" width=\"512\" height=\"512\" src=\"https:\/\/ccoo.app\/diputacio-de-barcelona\/wp-content\/blogs.dir\/6\/files\/sites\/186\/2023\/04\/preguntes.png\" alt=\"Preguntes\" class=\"wp-image-52698\" style=\"width:128px;height:128px\" srcset=\"https:\/\/ccoo.app\/diputacio-de-barcelona\/wp-content\/blogs.dir\/6\/files\/sites\/186\/2023\/04\/preguntes.png 512w, https:\/\/ccoo.app\/diputacio-de-barcelona\/wp-content\/blogs.dir\/6\/files\/sites\/186\/2023\/04\/preguntes-300x300.png 300w, https:\/\/ccoo.app\/diputacio-de-barcelona\/wp-content\/blogs.dir\/6\/files\/sites\/186\/2023\/04\/preguntes-150x150.png 150w\" sizes=\"auto, (max-width: 512px) 100vw, 512px\" \/><\/figure>\n<\/div>\n\n\n<div style=\"height:25px\" aria-hidden=\"true\" class=\"wp-block-spacer\"><\/div>\n\n\n\n<h3 class=\"gb-headline gb-headline-f5c8f4d8 gb-headline-text\"><strong>No et quedis mai amb el dubte,<br><\/strong>contacta amb CCOO<\/h3>\n\n\n\n<div class=\"wp-block-buttons is-content-justification-center is-layout-flex wp-container-core-buttons-is-layout-16018d1d wp-block-buttons-is-layout-flex\">\n<div class=\"wp-block-button is-style-fill\"><a class=\"wp-block-button__link has-base-3-color has-contrast-2-background-color has-text-color has-background wp-element-button\" href=\"https:\/\/ccoo.app\/diputacio-de-barcelona\/seccio-sindical-de-ccoo\/\" style=\"border-radius:0px\">CONTACTA&#8217;NS<\/a><\/div>\n<\/div>\n\n<\/div>\n\n\n<div style=\"height:40px\" aria-hidden=\"true\" class=\"wp-block-spacer\"><\/div>\n\n\n\n<div class=\"wp-block-group\"><div class=\"wp-block-group__inner-container is-layout-constrained wp-block-group-is-layout-constrained\"><div class=\"gb-grid-wrapper gb-grid-wrapper-d65739e2\">\n<div class=\"gb-grid-column gb-grid-column-ecc8725d\"><div class=\"gb-container gb-container-ecc8725d\"><div class=\"gb-inside-container\">\n<div class=\"wp-block-image\">\n<figure class=\"aligncenter size-full\"><img loading=\"lazy\" decoding=\"async\" width=\"129\" height=\"38\" src=\"https:\/\/ccoo.app\/diputacio-de-barcelona\/wp-content\/blogs.dir\/6\/files\/sites\/186\/2022\/03\/tel.png\" alt=\"Tel\" class=\"wp-image-49915\" \/><\/figure>\n<\/div>\n<\/div><\/div><\/div>\n\n<div class=\"gb-grid-column gb-grid-column-4c28778f\"><div class=\"gb-container gb-container-4c28778f\"><div class=\"gb-inside-container\">\n<div class=\"wp-block-image\">\n<figure class=\"aligncenter size-full\"><a href=\"mailto:ccoo@diba.cat\"><img loading=\"lazy\" decoding=\"async\" width=\"51\" height=\"37\" src=\"https:\/\/ccoo.app\/diputacio-de-barcelona\/wp-content\/blogs.dir\/6\/files\/sites\/186\/2022\/03\/mail.png\" alt=\"Mail\" class=\"wp-image-49916\" \/><\/a><\/figure>\n<\/div>\n<\/div><\/div><\/div>\n\n<div class=\"gb-grid-column gb-grid-column-c6cc0957\"><div class=\"gb-container gb-container-c6cc0957\"><div class=\"gb-inside-container\">\n<div class=\"wp-block-image\">\n<figure class=\"aligncenter size-full\"><a href=\"https:\/\/twitter.com\/ccoodiba\"><img loading=\"lazy\" decoding=\"async\" width=\"44\" height=\"38\" src=\"https:\/\/ccoo.app\/diputacio-de-barcelona\/wp-content\/blogs.dir\/6\/files\/sites\/186\/2022\/03\/tw.png\" alt=\"Tw\" class=\"wp-image-49917\" \/><\/a><\/figure>\n<\/div>\n<\/div><\/div><\/div>\n\n<div class=\"gb-grid-column gb-grid-column-1598237d\"><div class=\"gb-container gb-container-1598237d\"><div class=\"gb-inside-container\">\n<div class=\"wp-block-image\">\n<figure class=\"aligncenter size-full\"><a href=\"https:\/\/www.instagram.com\/ccoo_diba\/\"><img loading=\"lazy\" decoding=\"async\" width=\"45\" height=\"44\" src=\"https:\/\/ccoo.app\/diputacio-de-barcelona\/wp-content\/blogs.dir\/6\/files\/sites\/186\/2022\/03\/ig.png\" alt=\"Ig\" class=\"wp-image-49918\" \/><\/a><\/figure>\n<\/div>\n<\/div><\/div><\/div>\n\n<div class=\"gb-grid-column gb-grid-column-2db731fe\"><div class=\"gb-container gb-container-2db731fe\"><div class=\"gb-inside-container\">\n<div class=\"wp-block-image\">\n<figure class=\"aligncenter size-full\"><a href=\"https:\/\/ccoo.app\/diputacio-de-barcelona\"><img loading=\"lazy\" decoding=\"async\" width=\"39\" height=\"40\" src=\"https:\/\/ccoo.app\/diputacio-de-barcelona\/wp-content\/blogs.dir\/6\/files\/sites\/186\/2022\/03\/www.png\" alt=\"Www\" class=\"wp-image-49919\" \/><\/a><\/figure>\n<\/div>\n<\/div><\/div><\/div>\n\n<div class=\"gb-grid-column gb-grid-column-f3651540\"><div class=\"gb-container gb-container-f3651540\"><div class=\"gb-inside-container\">\n<div class=\"wp-block-image\">\n<figure class=\"aligncenter size-full is-resized\"><a href=\"https:\/\/www.ccoo.cat\/afiliat\/?_sfm_aff_situation=94\"><img loading=\"lazy\" decoding=\"async\" width=\"125\" height=\"38\" src=\"https:\/\/ccoo.app\/diputacio-de-barcelona\/wp-content\/blogs.dir\/6\/files\/sites\/186\/2022\/03\/af.png\" alt=\"Af\" class=\"wp-image-49920\" style=\"width:125px;height:38px\" \/><\/a><\/figure>\n<\/div>\n<\/div><\/div><\/div>\n<\/div><\/div><\/div>\n","protected":false},"excerpt":{"rendered":"<p>El passat divendres 2 de febrer, des de CCOO vam assistir a la reuni\u00f3 de la Comissi\u00f3 de Vestuari de la Diputaci\u00f3 de Barcelona. Despr\u00e9s d\u2019anys lluitant per la renovaci\u00f3 &#8230; <\/p>\n<p class=\"read-more-container\"><a title=\"COMISSI\u00d3 VESTUARI\" class=\"read-more button\" href=\"https:\/\/ccoo.app\/diputacio-de-barcelona\/comissio-vestuari\/#more-53419\" aria-label=\"Leer m\u00e1s sobre COMISSI\u00d3 VESTUARI\">Continuar llegint<\/a><\/p>\n","protected":false},"author":88639,"featured_media":53417,"comment_status":"closed","ping_status":"closed","sticky":false,"template":"","format":"standard","meta":{"footnotes":""},"categories":[38,19],"tags":[],"class_list":["post-53419","post","type-post","status-publish","format-standard","has-post-thumbnail","hentry","category-a-tot-el-personal","category-comunicats","generate-columns","tablet-grid-50","mobile-grid-100","grid-parent","grid-50"],"_links":{"self":[{"href":"https:\/\/ccoo.app\/diputacio-de-barcelona\/wp-json\/wp\/v2\/posts\/53419","targetHints":{"allow":["GET"]}}],"collection":[{"href":"https:\/\/ccoo.app\/diputacio-de-barcelona\/wp-json\/wp\/v2\/posts"}],"about":[{"href":"https:\/\/ccoo.app\/diputacio-de-barcelona\/wp-json\/wp\/v2\/types\/post"}],"author":[{"embeddable":true,"href":"https:\/\/ccoo.app\/diputacio-de-barcelona\/wp-json\/wp\/v2\/users\/88639"}],"replies":[{"embeddable":true,"href":"https:\/\/ccoo.app\/diputacio-de-barcelona\/wp-json\/wp\/v2\/comments?post=53419"}],"version-history":[{"count":3,"href":"https:\/\/ccoo.app\/diputacio-de-barcelona\/wp-json\/wp\/v2\/posts\/53419\/revisions"}],"predecessor-version":[{"id":53423,"href":"https:\/\/ccoo.app\/diputacio-de-barcelona\/wp-json\/wp\/v2\/posts\/53419\/revisions\/53423"}],"wp:featuredmedia":[{"embeddable":true,"href":"https:\/\/ccoo.app\/diputacio-de-barcelona\/wp-json\/wp\/v2\/media\/53417"}],"wp:attachment":[{"href":"https:\/\/ccoo.app\/diputacio-de-barcelona\/wp-json\/wp\/v2\/media?parent=53419"}],"wp:term":[{"taxonomy":"category","embeddable":true,"href":"https:\/\/ccoo.app\/diputacio-de-barcelona\/wp-json\/wp\/v2\/categories?post=53419"},{"taxonomy":"post_tag","embeddable":true,"href":"https:\/\/ccoo.app\/diputacio-de-barcelona\/wp-json\/wp\/v2\/tags?post=53419"}],"curies":[{"name":"wp","href":"https:\/\/api.w.org\/{rel}","templated":true}]}}