{"id":53403,"date":"2024-02-12T10:09:30","date_gmt":"2024-02-12T09:09:30","guid":{"rendered":"https:\/\/ccoo.app\/diputacio-de-barcelona\/?p=53403"},"modified":"2024-02-12T11:59:56","modified_gmt":"2024-02-12T10:59:56","slug":"increment-salarial","status":"publish","type":"post","link":"https:\/\/ccoo.app\/diputacio-de-barcelona\/increment-salarial\/","title":{"rendered":"INCREMENT SALARIAL"},"content":{"rendered":"\n<div style=\"height:40px\" aria-hidden=\"true\" class=\"wp-block-spacer\"><\/div>\n\n\n\n<figure class=\"gb-block-image gb-block-image-1bd8cee7\"><img loading=\"lazy\" decoding=\"async\" width=\"390\" height=\"390\" class=\"gb-image gb-image-1bd8cee7\" src=\"https:\/\/ccoo.app\/diputacio-de-barcelona\/wp-content\/blogs.dir\/6\/files\/sites\/186\/2023\/10\/informacio-increment-salarial.jpg\" alt=\"Informacio Increment Salarial\" title=\"Informacio Increment Salarial\" srcset=\"https:\/\/ccoo.app\/diputacio-de-barcelona\/wp-content\/blogs.dir\/6\/files\/sites\/186\/2023\/10\/informacio-increment-salarial.jpg 390w, https:\/\/ccoo.app\/diputacio-de-barcelona\/wp-content\/blogs.dir\/6\/files\/sites\/186\/2023\/10\/informacio-increment-salarial-300x300.jpg 300w, https:\/\/ccoo.app\/diputacio-de-barcelona\/wp-content\/blogs.dir\/6\/files\/sites\/186\/2023\/10\/informacio-increment-salarial-150x150.jpg 150w\" sizes=\"auto, (max-width: 390px) 100vw, 390px\" \/><\/figure>\n\n\n\n<div style=\"height:40px\" aria-hidden=\"true\" class=\"wp-block-spacer\"><\/div>\n\n\n\n<h4 class=\"gb-headline gb-headline-4ff1e399 gb-headline-text\"><strong>APLICACI\u00d3 INCREMENT ADDICIONAL DEL 0,5% (VINCULAT AL PIB) 2023<\/strong><\/h4>\n\n\n\n<p class=\"has-text-align-justify\">La Llei 31\/2022, de 23 de desembre, de <strong><span style=\"text-decoration: underline\" class=\"ek-underline\">pressupostos generals de l\u2019Estat per a l\u2019any 2023<\/span><\/strong>, preveu en l\u2019article 19.Dos.b) un <strong><span style=\"text-decoration: underline\" class=\"ek-underline\">augment del 0,5% de les retribucions del personal del Sector P\u00fablic<\/span><\/strong>, amb efectes d\u20191 de gener de 2023, vinculat a l\u2019evoluci\u00f3 del producte interior brut (PIB) nominal, amb car\u00e0cter complementari a l\u2019increment fix del 2,5% i a l\u2019increment addicional del 0,5% lligat a l\u2019evoluci\u00f3 de l\u2019\u00cdndex de Preus al Consum Harmonitzat (IPCH). <\/p>\n\n\n\n<p class=\"has-text-align-justify\">L&#8217;increment complementari del 0,5% vinculat a l&#8217;IPC, es va fer efectiu l&#8217;any passat en la n\u00f2mina del mes de novembre,  ja que la  suma de l&#8217;IPC de l&#8217;any 2022 i de l&#8217;IPC avan\u00e7at del mes de setembre de 2023 va ser superior al 6%.<\/p>\n\n\n\n<p class=\"has-text-align-justify\">Faltava l&#8217;<strong><span style=\"text-decoration: underline\" class=\"ek-underline\">increment vinculat a l&#8217;evoluci\u00f3 del PIB nominal de l&#8217;any 2023<\/span><\/strong> si es complia la premissa que l&#8217;increment del PIB nominal igual\u00e9s o super\u00e9s l&#8217;estimat pel Govern en la llei de Pressupostos i aix\u00f2 ha estat aix\u00ed, per tant, \u00e9s d&#8217;aplicaci\u00f3 aquest increment retributiu complementari del 0,5%. <\/p>\n\n\n\n<p class=\"has-text-align-justify\"><strong><span style=\"text-decoration: underline\" class=\"ek-underline\">Des de CCOO hem sol\u00b7licitat i Diputaci\u00f3 de Barcelona ha confirmat que aprovar\u00e0 i far\u00e0 els tr\u00e0mits i procediments pertinents per fer efectiu el citat increment a la plantilla de la Diputaci\u00f3 de Barcelona a finals d&#8217;aquest mes de febrer<\/span><\/strong>.<\/p>\n\n\n\n<div style=\"height:40px\" aria-hidden=\"true\" class=\"wp-block-spacer\"><\/div>\n\n\n\n<a name=\"periode\"><\/a>\n\n\n\n<h4 class=\"gb-headline gb-headline-9fc20afd gb-headline-text\"><strong>9,5% D&#8217;INCREMENT SALARIAL EN EL PER\u00cdODE 2022-2024<\/strong><\/h4>\n\n\n\n<p class=\"has-text-align-justify\">CCOO, primer sindicat de les administracions p\u00fabliques, va assolir un acord amb el Govern per al trienni 2022-2024 on s&#8217;inclo\u00efa un increment salarial acumulat del 9,5% en tres anys. Adjuntem taula amb el que hem aconseguit fins ara i el que queda pendent pel 2024.<\/p>\n\n\n\n<figure class=\"wp-block-table caption-align-center is-style-stripes\"><table class=\"has-base-background-color has-background\"><tbody><tr><td><strong>ANY<\/strong><\/td><td><strong>2022<\/strong><\/td><td><strong>2023<\/strong><\/td><td><strong>2024<\/strong><\/td><td><strong>TOTAL<\/strong><\/td><\/tr><tr><td><strong>INCREMENT<br>SALARIAL<\/strong><\/td><td><strong>3,5%<\/strong><\/td><td><strong>3,5% (2,5 + 0,5 + 0,5)<\/strong><\/td><td><strong>2%<\/strong> + 0,5% VINCULAT IPC<\/td><td><strong>9%<\/strong> + 0,5% VINCULAT IPC<\/td><\/tr><\/tbody><\/table><figcaption class=\"wp-element-caption\">9,5% D&#8217;INCREMENT SALARIAL EN EL PER\u00cdODE 2022-2024<\/figcaption><\/figure>\n\n\n\n<p><\/p>\n\n\n\n<p class=\"has-text-align-justify\">Fins ara <strong><span style=\"text-decoration: underline\" class=\"ek-underline\">hem aconseguit un increment salarial assegurat pel per\u00edode 2022-2024 d&#8217;un 9%<\/span><\/strong>, que podria arribar a ser del <strong><span style=\"text-decoration: underline\" class=\"ek-underline\">9,5% depenent de l&#8217;evoluci\u00f3 de l&#8217;\u00cdndex de Preus al Consum Harmonitzat<\/span><\/strong> (IPCH).<\/p>\n\n\n\n<p><strong>Us mantindrem informats<\/strong>.<\/p>\n\n\n\n<div style=\"height:40px\" aria-hidden=\"true\" class=\"wp-block-spacer\"><\/div>\n\n\n<div class=\"gb-container gb-container-d4283c0a\">\n<div class=\"wp-block-image\">\n<figure class=\"aligncenter size-full is-resized\"><img loading=\"lazy\" decoding=\"async\" width=\"512\" height=\"512\" src=\"https:\/\/ccoo.app\/diputacio-de-barcelona\/wp-content\/blogs.dir\/6\/files\/sites\/186\/2023\/04\/preguntes.png\" alt=\"Preguntes\" class=\"wp-image-52698\" style=\"width:128px;height:128px\" srcset=\"https:\/\/ccoo.app\/diputacio-de-barcelona\/wp-content\/blogs.dir\/6\/files\/sites\/186\/2023\/04\/preguntes.png 512w, https:\/\/ccoo.app\/diputacio-de-barcelona\/wp-content\/blogs.dir\/6\/files\/sites\/186\/2023\/04\/preguntes-300x300.png 300w, https:\/\/ccoo.app\/diputacio-de-barcelona\/wp-content\/blogs.dir\/6\/files\/sites\/186\/2023\/04\/preguntes-150x150.png 150w\" sizes=\"auto, (max-width: 512px) 100vw, 512px\" \/><\/figure>\n<\/div>\n\n\n<div style=\"height:25px\" aria-hidden=\"true\" class=\"wp-block-spacer\"><\/div>\n\n\n\n<h3 class=\"gb-headline gb-headline-f5c8f4d8 gb-headline-text\"><strong>No et quedis mai amb el dubte,<br><\/strong>contacta amb CCOO<\/h3>\n\n\n\n<div class=\"wp-block-buttons is-content-justification-center is-layout-flex wp-container-core-buttons-is-layout-16018d1d wp-block-buttons-is-layout-flex\">\n<div class=\"wp-block-button is-style-fill\"><a class=\"wp-block-button__link has-base-3-color has-contrast-2-background-color has-text-color has-background wp-element-button\" href=\"https:\/\/ccoo.app\/diputacio-de-barcelona\/seccio-sindical-de-ccoo\/\" style=\"border-radius:0px\">CONTACTA&#8217;NS<\/a><\/div>\n<\/div>\n\n<\/div>\n\n\n<div style=\"height:40px\" aria-hidden=\"true\" class=\"wp-block-spacer\"><\/div>\n\n\n\n<div class=\"wp-block-group\"><div class=\"wp-block-group__inner-container is-layout-constrained wp-block-group-is-layout-constrained\"><div class=\"gb-grid-wrapper gb-grid-wrapper-d65739e2\">\n<div class=\"gb-grid-column gb-grid-column-ecc8725d\"><div class=\"gb-container gb-container-ecc8725d\"><div class=\"gb-inside-container\">\n<div class=\"wp-block-image\">\n<figure class=\"aligncenter size-full\"><img loading=\"lazy\" decoding=\"async\" width=\"129\" height=\"38\" src=\"https:\/\/ccoo.app\/diputacio-de-barcelona\/wp-content\/blogs.dir\/6\/files\/sites\/186\/2022\/03\/tel.png\" alt=\"Tel\" class=\"wp-image-49915\" \/><\/figure>\n<\/div>\n<\/div><\/div><\/div>\n\n<div class=\"gb-grid-column gb-grid-column-4c28778f\"><div class=\"gb-container gb-container-4c28778f\"><div class=\"gb-inside-container\">\n<div class=\"wp-block-image\">\n<figure class=\"aligncenter size-full\"><a href=\"mailto:ccoo@diba.cat\"><img loading=\"lazy\" decoding=\"async\" width=\"51\" height=\"37\" src=\"https:\/\/ccoo.app\/diputacio-de-barcelona\/wp-content\/blogs.dir\/6\/files\/sites\/186\/2022\/03\/mail.png\" alt=\"Mail\" class=\"wp-image-49916\" \/><\/a><\/figure>\n<\/div>\n<\/div><\/div><\/div>\n\n<div class=\"gb-grid-column gb-grid-column-c6cc0957\"><div class=\"gb-container gb-container-c6cc0957\"><div class=\"gb-inside-container\">\n<div class=\"wp-block-image\">\n<figure class=\"aligncenter size-full\"><a href=\"https:\/\/twitter.com\/ccoodiba\"><img loading=\"lazy\" decoding=\"async\" width=\"44\" height=\"38\" src=\"https:\/\/ccoo.app\/diputacio-de-barcelona\/wp-content\/blogs.dir\/6\/files\/sites\/186\/2022\/03\/tw.png\" alt=\"Tw\" class=\"wp-image-49917\" \/><\/a><\/figure>\n<\/div>\n<\/div><\/div><\/div>\n\n<div class=\"gb-grid-column gb-grid-column-1598237d\"><div class=\"gb-container gb-container-1598237d\"><div class=\"gb-inside-container\">\n<div class=\"wp-block-image\">\n<figure class=\"aligncenter size-full\"><a href=\"https:\/\/www.instagram.com\/ccoo_diba\/\"><img loading=\"lazy\" decoding=\"async\" width=\"45\" height=\"44\" src=\"https:\/\/ccoo.app\/diputacio-de-barcelona\/wp-content\/blogs.dir\/6\/files\/sites\/186\/2022\/03\/ig.png\" alt=\"Ig\" class=\"wp-image-49918\" \/><\/a><\/figure>\n<\/div>\n<\/div><\/div><\/div>\n\n<div class=\"gb-grid-column gb-grid-column-2db731fe\"><div class=\"gb-container gb-container-2db731fe\"><div class=\"gb-inside-container\">\n<div class=\"wp-block-image\">\n<figure class=\"aligncenter size-full\"><a href=\"https:\/\/ccoo.app\/diputacio-de-barcelona\"><img loading=\"lazy\" decoding=\"async\" width=\"39\" height=\"40\" src=\"https:\/\/ccoo.app\/diputacio-de-barcelona\/wp-content\/blogs.dir\/6\/files\/sites\/186\/2022\/03\/www.png\" alt=\"Www\" class=\"wp-image-49919\" \/><\/a><\/figure>\n<\/div>\n<\/div><\/div><\/div>\n\n<div class=\"gb-grid-column gb-grid-column-f3651540\"><div class=\"gb-container gb-container-f3651540\"><div class=\"gb-inside-container\">\n<div class=\"wp-block-image\">\n<figure class=\"aligncenter size-full is-resized\"><a href=\"https:\/\/www.ccoo.cat\/afiliat\/?_sfm_aff_situation=94\"><img loading=\"lazy\" decoding=\"async\" width=\"125\" height=\"38\" src=\"https:\/\/ccoo.app\/diputacio-de-barcelona\/wp-content\/blogs.dir\/6\/files\/sites\/186\/2022\/03\/af.png\" alt=\"Af\" class=\"wp-image-49920\" style=\"width:125px;height:38px\" \/><\/a><\/figure>\n<\/div>\n<\/div><\/div><\/div>\n<\/div><\/div><\/div>\n","protected":false},"excerpt":{"rendered":"<p>APLICACI\u00d3 INCREMENT ADDICIONAL DEL 0,5% (VINCULAT AL PIB) 2023 La Llei 31\/2022, de 23 de desembre, de pressupostos generals de l\u2019Estat per a l\u2019any 2023, preveu en l\u2019article 19.Dos.b) un &#8230; <\/p>\n<p class=\"read-more-container\"><a title=\"INCREMENT SALARIAL\" class=\"read-more button\" href=\"https:\/\/ccoo.app\/diputacio-de-barcelona\/increment-salarial\/#more-53403\" aria-label=\"Leer m\u00e1s sobre INCREMENT SALARIAL\">Continuar llegint<\/a><\/p>\n","protected":false},"author":88639,"featured_media":53110,"comment_status":"closed","ping_status":"closed","sticky":false,"template":"","format":"standard","meta":{"footnotes":""},"categories":[38,19,252],"tags":[],"class_list":["post-53403","post","type-post","status-publish","format-standard","has-post-thumbnail","hentry","category-a-tot-el-personal","category-comunicats","category-app-diba-push","generate-columns","tablet-grid-50","mobile-grid-100","grid-parent","grid-50"],"_links":{"self":[{"href":"https:\/\/ccoo.app\/diputacio-de-barcelona\/wp-json\/wp\/v2\/posts\/53403","targetHints":{"allow":["GET"]}}],"collection":[{"href":"https:\/\/ccoo.app\/diputacio-de-barcelona\/wp-json\/wp\/v2\/posts"}],"about":[{"href":"https:\/\/ccoo.app\/diputacio-de-barcelona\/wp-json\/wp\/v2\/types\/post"}],"author":[{"embeddable":true,"href":"https:\/\/ccoo.app\/diputacio-de-barcelona\/wp-json\/wp\/v2\/users\/88639"}],"replies":[{"embeddable":true,"href":"https:\/\/ccoo.app\/diputacio-de-barcelona\/wp-json\/wp\/v2\/comments?post=53403"}],"version-history":[{"count":5,"href":"https:\/\/ccoo.app\/diputacio-de-barcelona\/wp-json\/wp\/v2\/posts\/53403\/revisions"}],"predecessor-version":[{"id":53424,"href":"https:\/\/ccoo.app\/diputacio-de-barcelona\/wp-json\/wp\/v2\/posts\/53403\/revisions\/53424"}],"wp:featuredmedia":[{"embeddable":true,"href":"https:\/\/ccoo.app\/diputacio-de-barcelona\/wp-json\/wp\/v2\/media\/53110"}],"wp:attachment":[{"href":"https:\/\/ccoo.app\/diputacio-de-barcelona\/wp-json\/wp\/v2\/media?parent=53403"}],"wp:term":[{"taxonomy":"category","embeddable":true,"href":"https:\/\/ccoo.app\/diputacio-de-barcelona\/wp-json\/wp\/v2\/categories?post=53403"},{"taxonomy":"post_tag","embeddable":true,"href":"https:\/\/ccoo.app\/diputacio-de-barcelona\/wp-json\/wp\/v2\/tags?post=53403"}],"curies":[{"name":"wp","href":"https:\/\/api.w.org\/{rel}","templated":true}]}}