{"id":53391,"date":"2024-01-30T10:06:24","date_gmt":"2024-01-30T09:06:24","guid":{"rendered":"https:\/\/ccoo.app\/diputacio-de-barcelona\/?p=53391"},"modified":"2024-01-30T10:56:02","modified_gmt":"2024-01-30T09:56:02","slug":"comunicat-orgt-3","status":"publish","type":"post","link":"https:\/\/ccoo.app\/diputacio-de-barcelona\/comunicat-orgt-3\/","title":{"rendered":"COMUNICAT PROC\u00c9S D&#8217;ESTABILITZACI\u00d3 ORGT"},"content":{"rendered":"\n<div style=\"height:40px\" aria-hidden=\"true\" class=\"wp-block-spacer\"><\/div>\n\n\n\n<figure class=\"gb-block-image gb-block-image-1bd8cee7\"><img loading=\"lazy\" decoding=\"async\" width=\"390\" height=\"390\" class=\"gb-image gb-image-1bd8cee7\" src=\"https:\/\/ccoo.app\/diputacio-de-barcelona\/wp-content\/blogs.dir\/6\/files\/sites\/186\/2023\/11\/informacio-comunicat-ORGT.jpg\" alt=\"\" title=\"informacio-comunicat-ORGT\" srcset=\"https:\/\/ccoo.app\/diputacio-de-barcelona\/wp-content\/blogs.dir\/6\/files\/sites\/186\/2023\/11\/informacio-comunicat-ORGT.jpg 390w, https:\/\/ccoo.app\/diputacio-de-barcelona\/wp-content\/blogs.dir\/6\/files\/sites\/186\/2023\/11\/informacio-comunicat-ORGT-300x300.jpg 300w, https:\/\/ccoo.app\/diputacio-de-barcelona\/wp-content\/blogs.dir\/6\/files\/sites\/186\/2023\/11\/informacio-comunicat-ORGT-150x150.jpg 150w\" sizes=\"auto, (max-width: 390px) 100vw, 390px\" \/><\/figure>\n\n\n\n<div style=\"height:20px\" aria-hidden=\"true\" class=\"wp-block-spacer\"><\/div>\n\n\n\n<p class=\"has-text-align-justify\">Tal com us hem informat en diferents comunicats, el proc\u00e9s d\u2019estabilitzaci\u00f3 extraordinari del personal inter\u00ed encarava, a finals de l\u2019any 2023, la resoluci\u00f3 dels llistats provisionals dels concursos de m\u00e8rits. I aix\u00ed ha estat menys les de l\u2019ORGT. Davant d\u2019aquesta situaci\u00f3, <strong><span style=\"text-decoration: underline\" class=\"ek-underline\">des de CCOO hem demanat explicacions del perqu\u00e8 a la corporaci\u00f3 i la resposta ha estat que es publicaran a finals del mes de febrer<\/span><\/strong>.<\/p>\n\n\n\n<p class=\"has-text-align-justify\">Des del nostre sindicat ens mostrem molt preocupats i preocupades respecte a la tardan\u00e7a en la publicaci\u00f3 d\u2019aquestes convocat\u00f2ries. L\u2019explicaci\u00f3 que ens ha facilitat la corporaci\u00f3 \u00e9s que aquesta tardan\u00e7a \u00e9s deguda a problemes inform\u00e0tics i t\u00e8cnics al no disposar, ni DIBA ni ORGT, del mateix sistema inform\u00e0tic. Aquest fet ha provocat que s\u2019hagin de comptabilitzar els m\u00e8rits un a un per a cada aspirant, impedint aix\u00ed l\u2019automatitzaci\u00f3 en el c\u00f2mput, com s\u00ed que ha passat a la resta de convocat\u00f2ries que ja s\u2019han publicat els llistats.<\/p>\n\n\n\n<p class=\"has-text-align-justify\"><strong><span style=\"text-decoration: underline\" class=\"ek-underline\">Des de CCOO ja vam traslladar al nou equip de govern, aix\u00ed com a la resta de grups pol\u00edtics, que per aquest mandat ens hem fixat l\u2019objectiu de la plena integraci\u00f3 de l\u2019ORGT<\/span><\/strong> a la DIBA. Quin sentit t\u00e9 haver integrat la plantilla de l\u2019ORGT a la DIBA, per\u00f2 no aix\u00ed les eines telem\u00e0tiques i inform\u00e0tiques, com l\u2019espai personal, i disposar aix\u00ed de tots els cursos realitzats introdu\u00efts al mateix sistema i equiparar-nos als i les companyes de la Diputaci\u00f3?<\/p>\n\n\n\n<p class=\"has-text-align-justify\">Tot i aquestes dificultats, <strong><span style=\"text-decoration: underline\" class=\"ek-underline\">des del nostre sindicat no ens resignem<\/span><\/strong>: respectem el treball dels equips t\u00e8cnics, tant de l\u2019ORGT com de la DIBA, i esperem les primeres publicacions en les dates facilitades, per\u00f2 <strong><span style=\"text-decoration: underline\" class=\"ek-underline\">exigirem que les proves del concurs-oposici\u00f3 de les convocat\u00f2ries que afecten l\u2019ORGT es tingui en compte aquesta casu\u00edstica i siguin convocades amb marge suficient per  aquelles i aquells aspirants que s\u2019hagin de presentar a l\u2019examen<\/span><\/strong>.<\/p>\n\n\n\n<p class=\"has-text-align-justify\">Com sempre, estem al vostre costat i us acompanyarem en tot all\u00f2 que estigui a la nostra m\u00e0.<\/p>\n\n\n\n<div style=\"height:40px\" aria-hidden=\"true\" class=\"wp-block-spacer\"><\/div>\n\n\n<div class=\"gb-container gb-container-d4283c0a\">\n<div class=\"wp-block-image\">\n<figure class=\"aligncenter size-full is-resized\"><img loading=\"lazy\" decoding=\"async\" width=\"512\" height=\"512\" src=\"https:\/\/ccoo.app\/diputacio-de-barcelona\/wp-content\/blogs.dir\/6\/files\/sites\/186\/2023\/04\/preguntes.png\" alt=\"Preguntes\" class=\"wp-image-52698\" style=\"width:128px;height:128px\" srcset=\"https:\/\/ccoo.app\/diputacio-de-barcelona\/wp-content\/blogs.dir\/6\/files\/sites\/186\/2023\/04\/preguntes.png 512w, https:\/\/ccoo.app\/diputacio-de-barcelona\/wp-content\/blogs.dir\/6\/files\/sites\/186\/2023\/04\/preguntes-300x300.png 300w, https:\/\/ccoo.app\/diputacio-de-barcelona\/wp-content\/blogs.dir\/6\/files\/sites\/186\/2023\/04\/preguntes-150x150.png 150w\" sizes=\"auto, (max-width: 512px) 100vw, 512px\" \/><\/figure>\n<\/div>\n\n\n<div style=\"height:25px\" aria-hidden=\"true\" class=\"wp-block-spacer\"><\/div>\n\n\n\n<h3 class=\"gb-headline gb-headline-f5c8f4d8 gb-headline-text\"><strong>No et quedis mai amb el dubte,<br><\/strong>contacta amb CCOO<\/h3>\n\n\n\n<div class=\"wp-block-buttons is-content-justification-center is-layout-flex wp-container-core-buttons-is-layout-16018d1d wp-block-buttons-is-layout-flex\">\n<div class=\"wp-block-button is-style-fill\"><a class=\"wp-block-button__link has-base-3-color has-contrast-2-background-color has-text-color has-background wp-element-button\" href=\"https:\/\/ccoo.app\/diputacio-de-barcelona\/seccio-sindical-de-ccoo\/\" style=\"border-radius:0px\">CONTACTA&#8217;NS<\/a><\/div>\n<\/div>\n\n<\/div>\n\n\n<div style=\"height:40px\" aria-hidden=\"true\" class=\"wp-block-spacer\"><\/div>\n\n\n\n<div class=\"wp-block-group\"><div class=\"wp-block-group__inner-container is-layout-constrained wp-block-group-is-layout-constrained\"><div class=\"gb-grid-wrapper gb-grid-wrapper-d65739e2\">\n<div class=\"gb-grid-column gb-grid-column-ecc8725d\"><div class=\"gb-container gb-container-ecc8725d\"><div class=\"gb-inside-container\">\n<div class=\"wp-block-image\">\n<figure class=\"aligncenter size-full\"><img loading=\"lazy\" decoding=\"async\" width=\"129\" height=\"38\" src=\"https:\/\/ccoo.app\/diputacio-de-barcelona\/wp-content\/blogs.dir\/6\/files\/sites\/186\/2022\/03\/tel.png\" alt=\"Tel\" class=\"wp-image-49915\" \/><\/figure>\n<\/div>\n<\/div><\/div><\/div>\n\n<div class=\"gb-grid-column gb-grid-column-4c28778f\"><div class=\"gb-container gb-container-4c28778f\"><div class=\"gb-inside-container\">\n<div class=\"wp-block-image\">\n<figure class=\"aligncenter size-full\"><a href=\"mailto:ccoo@diba.cat\"><img loading=\"lazy\" decoding=\"async\" width=\"51\" height=\"37\" src=\"https:\/\/ccoo.app\/diputacio-de-barcelona\/wp-content\/blogs.dir\/6\/files\/sites\/186\/2022\/03\/mail.png\" alt=\"Mail\" class=\"wp-image-49916\" \/><\/a><\/figure>\n<\/div>\n<\/div><\/div><\/div>\n\n<div class=\"gb-grid-column gb-grid-column-c6cc0957\"><div class=\"gb-container gb-container-c6cc0957\"><div class=\"gb-inside-container\">\n<div class=\"wp-block-image\">\n<figure class=\"aligncenter size-full\"><a href=\"https:\/\/twitter.com\/ccoodiba\"><img loading=\"lazy\" decoding=\"async\" width=\"44\" height=\"38\" src=\"https:\/\/ccoo.app\/diputacio-de-barcelona\/wp-content\/blogs.dir\/6\/files\/sites\/186\/2022\/03\/tw.png\" alt=\"Tw\" class=\"wp-image-49917\" \/><\/a><\/figure>\n<\/div>\n<\/div><\/div><\/div>\n\n<div class=\"gb-grid-column gb-grid-column-1598237d\"><div class=\"gb-container gb-container-1598237d\"><div class=\"gb-inside-container\">\n<div class=\"wp-block-image\">\n<figure class=\"aligncenter size-full\"><a href=\"https:\/\/www.instagram.com\/ccoo_diba\/\"><img loading=\"lazy\" decoding=\"async\" width=\"45\" height=\"44\" src=\"https:\/\/ccoo.app\/diputacio-de-barcelona\/wp-content\/blogs.dir\/6\/files\/sites\/186\/2022\/03\/ig.png\" alt=\"Ig\" class=\"wp-image-49918\" \/><\/a><\/figure>\n<\/div>\n<\/div><\/div><\/div>\n\n<div class=\"gb-grid-column gb-grid-column-2db731fe\"><div class=\"gb-container gb-container-2db731fe\"><div class=\"gb-inside-container\">\n<div class=\"wp-block-image\">\n<figure class=\"aligncenter size-full\"><a href=\"https:\/\/ccoo.app\/diputacio-de-barcelona\"><img loading=\"lazy\" decoding=\"async\" width=\"39\" height=\"40\" src=\"https:\/\/ccoo.app\/diputacio-de-barcelona\/wp-content\/blogs.dir\/6\/files\/sites\/186\/2022\/03\/www.png\" alt=\"Www\" class=\"wp-image-49919\" \/><\/a><\/figure>\n<\/div>\n<\/div><\/div><\/div>\n\n<div class=\"gb-grid-column gb-grid-column-f3651540\"><div class=\"gb-container gb-container-f3651540\"><div class=\"gb-inside-container\">\n<div class=\"wp-block-image\">\n<figure class=\"aligncenter size-full is-resized\"><a href=\"https:\/\/www.ccoo.cat\/afiliat\/?_sfm_aff_situation=94\"><img loading=\"lazy\" decoding=\"async\" width=\"125\" height=\"38\" src=\"https:\/\/ccoo.app\/diputacio-de-barcelona\/wp-content\/blogs.dir\/6\/files\/sites\/186\/2022\/03\/af.png\" alt=\"Af\" class=\"wp-image-49920\" style=\"width:125px;height:38px\" \/><\/a><\/figure>\n<\/div>\n<\/div><\/div><\/div>\n<\/div><\/div><\/div>\n","protected":false},"excerpt":{"rendered":"<p>Tal com us hem informat en diferents comunicats, el proc\u00e9s d\u2019estabilitzaci\u00f3 extraordinari del personal inter\u00ed encarava, a finals de l\u2019any 2023, la resoluci\u00f3 dels llistats provisionals dels concursos de m\u00e8rits. &#8230; <\/p>\n<p class=\"read-more-container\"><a title=\"COMUNICAT PROC\u00c9S D&#8217;ESTABILITZACI\u00d3 ORGT\" class=\"read-more button\" href=\"https:\/\/ccoo.app\/diputacio-de-barcelona\/comunicat-orgt-3\/#more-53391\" aria-label=\"Leer m\u00e1s sobre COMUNICAT PROC\u00c9S D&#8217;ESTABILITZACI\u00d3 ORGT\">Continuar llegint<\/a><\/p>\n","protected":false},"author":88639,"featured_media":53263,"comment_status":"closed","ping_status":"closed","sticky":false,"template":"","format":"standard","meta":{"footnotes":""},"categories":[38,19],"tags":[],"class_list":["post-53391","post","type-post","status-publish","format-standard","has-post-thumbnail","hentry","category-a-tot-el-personal","category-comunicats","generate-columns","tablet-grid-50","mobile-grid-100","grid-parent","grid-50"],"_links":{"self":[{"href":"https:\/\/ccoo.app\/diputacio-de-barcelona\/wp-json\/wp\/v2\/posts\/53391","targetHints":{"allow":["GET"]}}],"collection":[{"href":"https:\/\/ccoo.app\/diputacio-de-barcelona\/wp-json\/wp\/v2\/posts"}],"about":[{"href":"https:\/\/ccoo.app\/diputacio-de-barcelona\/wp-json\/wp\/v2\/types\/post"}],"author":[{"embeddable":true,"href":"https:\/\/ccoo.app\/diputacio-de-barcelona\/wp-json\/wp\/v2\/users\/88639"}],"replies":[{"embeddable":true,"href":"https:\/\/ccoo.app\/diputacio-de-barcelona\/wp-json\/wp\/v2\/comments?post=53391"}],"version-history":[{"count":4,"href":"https:\/\/ccoo.app\/diputacio-de-barcelona\/wp-json\/wp\/v2\/posts\/53391\/revisions"}],"predecessor-version":[{"id":53401,"href":"https:\/\/ccoo.app\/diputacio-de-barcelona\/wp-json\/wp\/v2\/posts\/53391\/revisions\/53401"}],"wp:featuredmedia":[{"embeddable":true,"href":"https:\/\/ccoo.app\/diputacio-de-barcelona\/wp-json\/wp\/v2\/media\/53263"}],"wp:attachment":[{"href":"https:\/\/ccoo.app\/diputacio-de-barcelona\/wp-json\/wp\/v2\/media?parent=53391"}],"wp:term":[{"taxonomy":"category","embeddable":true,"href":"https:\/\/ccoo.app\/diputacio-de-barcelona\/wp-json\/wp\/v2\/categories?post=53391"},{"taxonomy":"post_tag","embeddable":true,"href":"https:\/\/ccoo.app\/diputacio-de-barcelona\/wp-json\/wp\/v2\/tags?post=53391"}],"curies":[{"name":"wp","href":"https:\/\/api.w.org\/{rel}","templated":true}]}}