{"id":53347,"date":"2023-12-21T14:13:33","date_gmt":"2023-12-21T13:13:33","guid":{"rendered":"https:\/\/ccoo.app\/diputacio-de-barcelona\/?p=53347"},"modified":"2024-01-16T10:03:56","modified_gmt":"2024-01-16T09:03:56","slug":"pressupost-2024-grup-b-pamo-2023-calendari-2024-millora-social-per-edat","status":"publish","type":"post","link":"https:\/\/ccoo.app\/diputacio-de-barcelona\/pressupost-2024-grup-b-pamo-2023-calendari-2024-millora-social-per-edat\/","title":{"rendered":"Pressupost 2024 &#8211; Grup B &#8211; PAMO 2023 &#8211; Calendari 2024 &#8211; Millora social per edat"},"content":{"rendered":"\n<div style=\"height:100px\" aria-hidden=\"true\" class=\"wp-block-spacer\"><\/div>\n\n\n\n<h2 class=\"wp-block-heading\"><strong><u>PRESSUPOST DIPUTACI\u00d3 DE BARCELONA 2024<\/u><\/strong><\/h2>\n\n\n\n<p><\/p>\n\n\n\n<p class=\"has-text-align-justify\">Al darrer Ple de la corporaci\u00f3, es va aprovar inicialment els pressupostos per a l\u2019any 2024. <strong><u>Un any m\u00e9s, la Diputaci\u00f3 de Barcelona tornar\u00e0 a disposar d\u2019un pressupost r\u00e8cord en les seves xifres per\u00f2 que malauradament no es veur\u00e0 reflectit en les nostres butxaques<\/u><\/strong>: el nou equip de govern <strong><u>retira les partides pressupost\u00e0ries per carrera professional i d\u2019altres despeses socials<\/u><\/strong>. D\u2019una estacada, l\u2019equip de govern ens retira 6 milions d\u2019euros que s\u00f3n de tota la plantilla.<\/p>\n\n\n\n<p class=\"has-text-align-justify\">Des de CCOO som plenament conscients que, actualment, aplicar la carrera professional tot i tenir un acord signat, \u00e9s dif\u00edcil al no haver un desenvolupament normatiu de l\u2019EBEP. Per\u00f2 tamb\u00e9 <strong><u>som conscients que retirar la partida pressupost\u00e0ria far\u00e0 que les quantitats econ\u00f2miques que es puguin percebre un cop apliquem la carrera, no seran les esperades<\/u><\/strong>.<\/p>\n\n\n\n<p class=\"has-text-align-justify\">Respecte a l\u2019eliminaci\u00f3 de la partida pressupost\u00e0ria per altres despeses socials, <strong><u>des de CCOO hav\u00edem traslladat la necessitat de traslladar aquesta partida als plans de pensions<\/u><\/strong>. D\u2019aquesta manera, trasllad\u00e0vem l\u2019acord de jubilaci\u00f3 anticipada incentivada a una soluci\u00f3 similar o assimilable al citat acord. Per tant, des del nostre sindicat hem estat proactius en donar resposta a les demandes de la plantilla i lamentem profundament que el nou equip de govern no hagi escoltat les nostres propostes.<\/p>\n\n\n\n<p class=\"has-text-align-justify\">A m\u00e9s a m\u00e9s, a tot aix\u00f2 <strong><u>hem de denunciar p\u00fablicament l\u2019augment del personal eventual<\/u><\/strong> en m\u00e9s del 3 milions d\u2019euros, arribant a superar els 9 milions d\u2019euros de despesa<strong><u>. Un augment totalment legal per\u00f2 igualment poc \u00e8tic, tenint en compte els problemes econ\u00f2mics que patim els treballadors i treballadores per l\u2019augment del cost de la vida.<\/u><\/strong> Entenem que degut a l\u2019augment d\u2019\u00e0rees fruit de l\u2019acord de mandat acordat al ple, la corporaci\u00f3 ha d\u2019adaptar-se a aquesta nova realitat per\u00f2 reiterem que <strong><u>\u00e9s la plantilla amb la seva professionalitat i excel\u00b7l\u00e8ncia la que sustenta la Diputaci\u00f3 de Barcelona<\/u><\/strong>. Aix\u00ed ho hem traslladat a tots els grups pol\u00edtics. A tots menys a un, el grup de VOX, amb el qual tenim molt clar que no tindrem cap contacte amb la ultradreta que malauradament tindr\u00e0 veu i vot en aquest mandat. I avisem a l\u2019extrema dreta que els treballadors i treballadores de la Diputaci\u00f3 de Barcelona no necessitem de cap paternalisme ni utilitzaci\u00f3 a nivell pol\u00edtic per part d\u2019aquest grup pol\u00edtic de les reivindicacions socials.<\/p>\n\n\n\n<div style=\"height:40px\" aria-hidden=\"true\" class=\"wp-block-spacer\"><\/div>\n\n\n\n<h2 class=\"wp-block-heading\"><strong><u>GRUP B &#8211; PAMO 2023<\/u><\/strong><\/h2>\n\n\n\n<p><\/p>\n\n\n\n<p class=\"has-text-align-justify\">Us informem que, tal i com defens\u00e0vem en el nostre programa electoral, ja hem iniciat les negociacions entre tots els sindicats i RH per a l\u2019estudi i implantaci\u00f3 del grup B com a nou grup de classificaci\u00f3 en la RLLT. A m\u00e9s a m\u00e9s, tamb\u00e9 hem negociat i aprovat l\u2019oferta p\u00fablica i promoci\u00f3 interna del PAMO 2023, la qual la podeu consultar al nostre web.<\/p>\n\n\n\n<ul class=\"is-style-arrow wp-block-list\">\n<li><a href=\"https:\/\/ccoo.app\/diputacio-de-barcelona\/wp-content\/blogs.dir\/6\/files\/sites\/186\/2023\/12\/20231109_PLACES-PAMO-2023-2a-versio.pdf\" target=\"_blank\" aria-label=\"Places PAMO 2023 (opens in a new tab)\" rel=\"noreferrer noopener\" class=\"ek-link\">Places PAMO 2023<\/a><\/li>\n<\/ul>\n\n\n\n<div data-wp-interactive=\"core\/file\" class=\"wp-block-file\"><object data-wp-bind--hidden=\"!state.hasPdfPreview\" hidden class=\"wp-block-file__embed\" data=\"https:\/\/ccoo.app\/diputacio-de-barcelona\/wp-content\/blogs.dir\/6\/files\/sites\/186\/2023\/12\/20231109_PLACES-PAMO-2023-2a-versio.pdf\" type=\"application\/pdf\" style=\"width:100%;height:600px\" aria-label=\"Incrustado de 20231109_PLACES PAMO 2023 2a versi\u00f3.\"><\/object><a id=\"wp-block-file--media-cb3d3fbd-cf2b-4c04-aa67-69b14282db12\" href=\"https:\/\/ccoo.app\/diputacio-de-barcelona\/wp-content\/blogs.dir\/6\/files\/sites\/186\/2023\/12\/20231109_PLACES-PAMO-2023-2a-versio.pdf\">20231109_PLACES PAMO 2023 2a versi\u00f3<\/a><a href=\"https:\/\/ccoo.app\/diputacio-de-barcelona\/wp-content\/blogs.dir\/6\/files\/sites\/186\/2023\/12\/20231109_PLACES-PAMO-2023-2a-versio.pdf\" class=\"wp-block-file__button wp-element-button\" download aria-describedby=\"wp-block-file--media-cb3d3fbd-cf2b-4c04-aa67-69b14282db12\">Descarga<\/a><\/div>\n\n\n\n<div style=\"height:40px\" aria-hidden=\"true\" class=\"wp-block-spacer\"><\/div>\n\n\n\n<h2 class=\"wp-block-heading\"><strong><u>CALENDARI 2024<\/u><\/strong><\/h2>\n\n\n\n<p><\/p>\n\n\n\n<p class=\"has-text-align-justify\">Us deixem el calendari laboral 2024 que hem preparat des de CCOO per totes i tots vosaltres. A m\u00e9s a m\u00e9s, us adjuntem els permisos i dies de gaudiment per aquest nou any.<\/p>\n\n\n\n<ul class=\"is-style-arrow wp-block-list\">\n<li><a href=\"https:\/\/ccoo.app\/diputacio-de-barcelona\/wp-content\/blogs.dir\/6\/files\/sites\/186\/2024\/01\/Calendari-DIBA-2024.pdf\" target=\"_blank\" aria-label=\"Calendari 2024 Diputaci\u00f3 de Barcelona (opens in a new tab)\" rel=\"noreferrer noopener\" class=\"ek-link\">Calendari 2024 Diputaci\u00f3 de Barcelona<\/a><\/li>\n\n\n\n<li><a href=\"https:\/\/ccoo.app\/diputacio-de-barcelona\/wp-content\/blogs.dir\/6\/files\/sites\/186\/2024\/01\/Calendari-RESPIR-2024.pdf\" target=\"_blank\" aria-label=\"Calendari 2024 RESPIR Diputaci\u00f3 de Barcelona (opens in a new tab)\" rel=\"noreferrer noopener\" class=\"ek-link\">Calendari 2024 RESPIR Diputaci\u00f3 de Barcelona<\/a><\/li>\n<\/ul>\n\n\n\n<div style=\"height:40px\" aria-hidden=\"true\" class=\"wp-block-spacer\"><\/div>\n\n\n\n<h2 class=\"wp-block-heading\"><strong><u>MILLORA SOCIAL PER EDAT<\/u><\/strong><\/h2>\n\n\n\n<p><\/p>\n\n\n<div class=\"gb-container gb-container-aff921f9\">\n\n<p class=\"has-text-align-justify\">Us recordem que&nbsp;<strong><u>el proper 31 de desembre finalitza el termini per presentar la sol\u00b7licitud de la millora social per edat<\/u><\/strong>, que ha d\u2019anar acompanyada pels justificants segons l\u2019import que correspongui; els quals us els indiquem:<\/p>\n\n<\/div>\n\n\n<p><strong>Dels 50 als 54 anys: 510\u20ac<br>Dels 55 als 59 anys: 1.050\u20ac<br>Dels 60 anys fins a la jubilaci\u00f3 for\u00e7osa: 1.550\u20ac<\/strong><\/p>\n\n\n\n<div style=\"height:41px\" aria-hidden=\"true\" class=\"wp-block-spacer\"><\/div>\n\n\n\n<div class=\"wp-block-group\"><div class=\"wp-block-group__inner-container is-layout-constrained wp-block-group-is-layout-constrained\"><div class=\"gb-grid-wrapper gb-grid-wrapper-d65739e2\">\n<div class=\"gb-grid-column gb-grid-column-ecc8725d\"><div class=\"gb-container gb-container-ecc8725d\"><div class=\"gb-inside-container\">\n<div class=\"wp-block-image\">\n<figure class=\"aligncenter size-full\"><img loading=\"lazy\" decoding=\"async\" width=\"129\" height=\"38\" src=\"https:\/\/ccoo.app\/diputacio-de-barcelona\/wp-content\/blogs.dir\/6\/files\/sites\/186\/2022\/03\/tel.png\" alt=\"Tel\" class=\"wp-image-49915\" \/><\/figure>\n<\/div>\n<\/div><\/div><\/div>\n\n<div class=\"gb-grid-column gb-grid-column-4c28778f\"><div class=\"gb-container gb-container-4c28778f\"><div class=\"gb-inside-container\">\n<div class=\"wp-block-image\">\n<figure class=\"aligncenter size-full\"><a href=\"mailto:ccoo@diba.cat\"><img loading=\"lazy\" decoding=\"async\" width=\"51\" height=\"37\" src=\"https:\/\/ccoo.app\/diputacio-de-barcelona\/wp-content\/blogs.dir\/6\/files\/sites\/186\/2022\/03\/mail.png\" alt=\"Mail\" class=\"wp-image-49916\" \/><\/a><\/figure>\n<\/div>\n<\/div><\/div><\/div>\n\n<div class=\"gb-grid-column gb-grid-column-c6cc0957\"><div class=\"gb-container gb-container-c6cc0957\"><div class=\"gb-inside-container\">\n<div class=\"wp-block-image\">\n<figure class=\"aligncenter size-full\"><a href=\"https:\/\/twitter.com\/ccoodiba\"><img loading=\"lazy\" decoding=\"async\" width=\"44\" height=\"38\" src=\"https:\/\/ccoo.app\/diputacio-de-barcelona\/wp-content\/blogs.dir\/6\/files\/sites\/186\/2022\/03\/tw.png\" alt=\"Tw\" class=\"wp-image-49917\" \/><\/a><\/figure>\n<\/div>\n<\/div><\/div><\/div>\n\n<div class=\"gb-grid-column gb-grid-column-1598237d\"><div class=\"gb-container gb-container-1598237d\"><div class=\"gb-inside-container\">\n<div class=\"wp-block-image\">\n<figure class=\"aligncenter size-full\"><a href=\"https:\/\/www.instagram.com\/ccoo_diba\/\"><img loading=\"lazy\" decoding=\"async\" width=\"45\" height=\"44\" src=\"https:\/\/ccoo.app\/diputacio-de-barcelona\/wp-content\/blogs.dir\/6\/files\/sites\/186\/2022\/03\/ig.png\" alt=\"Ig\" class=\"wp-image-49918\" \/><\/a><\/figure>\n<\/div>\n<\/div><\/div><\/div>\n\n<div class=\"gb-grid-column gb-grid-column-2db731fe\"><div class=\"gb-container gb-container-2db731fe\"><div class=\"gb-inside-container\">\n<div class=\"wp-block-image\">\n<figure class=\"aligncenter size-full\"><a href=\"https:\/\/ccoo.app\/diputacio-de-barcelona\"><img loading=\"lazy\" decoding=\"async\" width=\"39\" height=\"40\" src=\"https:\/\/ccoo.app\/diputacio-de-barcelona\/wp-content\/blogs.dir\/6\/files\/sites\/186\/2022\/03\/www.png\" alt=\"Www\" class=\"wp-image-49919\" \/><\/a><\/figure>\n<\/div>\n<\/div><\/div><\/div>\n\n<div class=\"gb-grid-column gb-grid-column-f3651540\"><div class=\"gb-container gb-container-f3651540\"><div class=\"gb-inside-container\">\n<div class=\"wp-block-image\">\n<figure class=\"aligncenter size-full is-resized\"><a href=\"https:\/\/www.ccoo.cat\/afiliat\/?_sfm_aff_situation=94\"><img loading=\"lazy\" decoding=\"async\" width=\"125\" height=\"38\" src=\"https:\/\/ccoo.app\/diputacio-de-barcelona\/wp-content\/blogs.dir\/6\/files\/sites\/186\/2022\/03\/af.png\" alt=\"Af\" class=\"wp-image-49920\" style=\"width:125px;height:38px\" \/><\/a><\/figure>\n<\/div>\n<\/div><\/div><\/div>\n<\/div><\/div><\/div>\n","protected":false},"excerpt":{"rendered":"<p>PRESSUPOST DIPUTACI\u00d3 DE BARCELONA 2024 Al darrer Ple de la corporaci\u00f3, es va aprovar inicialment els pressupostos per a l\u2019any 2024. Un any m\u00e9s, la Diputaci\u00f3 de Barcelona tornar\u00e0 a &#8230; <\/p>\n<p class=\"read-more-container\"><a title=\"Pressupost 2024 &#8211; Grup B &#8211; PAMO 2023 &#8211; Calendari 2024 &#8211; Millora social per edat\" class=\"read-more button\" href=\"https:\/\/ccoo.app\/diputacio-de-barcelona\/pressupost-2024-grup-b-pamo-2023-calendari-2024-millora-social-per-edat\/#more-53347\" aria-label=\"Leer m\u00e1s sobre Pressupost 2024 &#8211; Grup B &#8211; PAMO 2023 &#8211; Calendari 2024 &#8211; Millora social per edat\">Continuar llegint<\/a><\/p>\n","protected":false},"author":88639,"featured_media":53358,"comment_status":"closed","ping_status":"closed","sticky":false,"template":"","format":"standard","meta":{"footnotes":""},"categories":[38,19],"tags":[],"class_list":["post-53347","post","type-post","status-publish","format-standard","has-post-thumbnail","hentry","category-a-tot-el-personal","category-comunicats","generate-columns","tablet-grid-50","mobile-grid-100","grid-parent","grid-50"],"_links":{"self":[{"href":"https:\/\/ccoo.app\/diputacio-de-barcelona\/wp-json\/wp\/v2\/posts\/53347","targetHints":{"allow":["GET"]}}],"collection":[{"href":"https:\/\/ccoo.app\/diputacio-de-barcelona\/wp-json\/wp\/v2\/posts"}],"about":[{"href":"https:\/\/ccoo.app\/diputacio-de-barcelona\/wp-json\/wp\/v2\/types\/post"}],"author":[{"embeddable":true,"href":"https:\/\/ccoo.app\/diputacio-de-barcelona\/wp-json\/wp\/v2\/users\/88639"}],"replies":[{"embeddable":true,"href":"https:\/\/ccoo.app\/diputacio-de-barcelona\/wp-json\/wp\/v2\/comments?post=53347"}],"version-history":[{"count":5,"href":"https:\/\/ccoo.app\/diputacio-de-barcelona\/wp-json\/wp\/v2\/posts\/53347\/revisions"}],"predecessor-version":[{"id":54183,"href":"https:\/\/ccoo.app\/diputacio-de-barcelona\/wp-json\/wp\/v2\/posts\/53347\/revisions\/54183"}],"wp:featuredmedia":[{"embeddable":true,"href":"https:\/\/ccoo.app\/diputacio-de-barcelona\/wp-json\/wp\/v2\/media\/53358"}],"wp:attachment":[{"href":"https:\/\/ccoo.app\/diputacio-de-barcelona\/wp-json\/wp\/v2\/media?parent=53347"}],"wp:term":[{"taxonomy":"category","embeddable":true,"href":"https:\/\/ccoo.app\/diputacio-de-barcelona\/wp-json\/wp\/v2\/categories?post=53347"},{"taxonomy":"post_tag","embeddable":true,"href":"https:\/\/ccoo.app\/diputacio-de-barcelona\/wp-json\/wp\/v2\/tags?post=53347"}],"curies":[{"name":"wp","href":"https:\/\/api.w.org\/{rel}","templated":true}]}}