{"id":53340,"date":"2023-12-20T10:47:58","date_gmt":"2023-12-20T09:47:58","guid":{"rendered":"https:\/\/ccoo.app\/diputacio-de-barcelona\/?p=53340"},"modified":"2023-12-20T13:03:46","modified_gmt":"2023-12-20T12:03:46","slug":"comite-de-seguretat-i-salut-14-12-2023","status":"publish","type":"post","link":"https:\/\/ccoo.app\/diputacio-de-barcelona\/comite-de-seguretat-i-salut-14-12-2023\/","title":{"rendered":"COMIT\u00c8 DE SEGURETAT I SALUT: 14.12.2023"},"content":{"rendered":"\n<div style=\"height:40px\" aria-hidden=\"true\" class=\"wp-block-spacer\"><\/div>\n\n\n\n<figure class=\"gb-block-image gb-block-image-1bd8cee7\"><img loading=\"lazy\" decoding=\"async\" width=\"390\" height=\"390\" class=\"gb-image gb-image-1bd8cee7\" src=\"https:\/\/ccoo.app\/diputacio-de-barcelona\/wp-content\/blogs.dir\/6\/files\/sites\/186\/2023\/03\/informacio-salud-laboral.png\" alt=\"Informacio Salud Laboral\" title=\"Informacio Salud Laboral\" srcset=\"https:\/\/ccoo.app\/diputacio-de-barcelona\/wp-content\/blogs.dir\/6\/files\/sites\/186\/2023\/03\/informacio-salud-laboral.png 390w, https:\/\/ccoo.app\/diputacio-de-barcelona\/wp-content\/blogs.dir\/6\/files\/sites\/186\/2023\/03\/informacio-salud-laboral-300x300.png 300w, https:\/\/ccoo.app\/diputacio-de-barcelona\/wp-content\/blogs.dir\/6\/files\/sites\/186\/2023\/03\/informacio-salud-laboral-150x150.png 150w\" sizes=\"auto, (max-width: 390px) 100vw, 390px\" \/><\/figure>\n\n\n\n<div style=\"height:40px\" aria-hidden=\"true\" class=\"wp-block-spacer\"><\/div>\n\n\n\n<p class=\"has-text-align-justify\">El passat dijous 14 de desembre, els delegats i delegades de CCOO vam assistir a la reuni\u00f3 del Comit\u00e8 de Seguretat i Salut de la Diputaci\u00f3 de Barcelona i\u00a0<strong><u>des de CCOO vam incloure en l\u2019ordre del dia els seg\u00fcents punts que afecten les condicions de seguretat i salut\u00a0<\/u><\/strong>dels treballadors i treballadores de la corporaci\u00f3:<\/p>\n\n\n\n<p class=\"has-text-align-justify\"><strong><u>Modificaci\u00f3 de la ubicaci\u00f3 dels departaments de carteria i llibreria de Can Serra<\/u><\/strong>:<\/p>\n\n\n\n<ul class=\"wp-block-list\">\n<li>En breu es comen\u00e7ar\u00e0 un projecte de remodelaci\u00f3 de tota la planta -1 per fer una nova sala de plens. Aquesta obra trasllada definitivament la Carteria i els seus treballadors i treballadores, ubicats a la planta -1.<\/li>\n\n\n\n<li><strong><u>Demanem un projecte per ubicar justament i digna aquests treballadors i treballadores i tamb\u00e9 per al personal de llibreria que tamb\u00e9 estar\u00e0 afectat per les obres.<\/u><\/strong><\/li>\n<\/ul>\n\n\n\n<p class=\"has-text-align-justify\"><strong><u>Estat de conservaci\u00f3 dels vestidors dels parcs naturals del Foix i de Sant Lloren\u00e7<\/u><\/strong>:<\/p>\n\n\n\n<ul class=\"wp-block-list\">\n<li>Aquests dos Parcs naturals tenen vestidors amb mancances d\u2019higiene, d\u2019espai i de g\u00e8nere. <strong><u>Instem a la Ger\u00e8ncia a prendre mesures preventives d\u2019urg\u00e8ncia per poder solucionar el problema<\/u><\/strong> mentre es troben naus on els espais siguin els adequats per poder ubicar aquests vestidors amb les seves necessitats.<\/li>\n<\/ul>\n\n\n\n<p class=\"has-text-align-justify\">A part d\u2019aquests punts que comissions obreres vam incloure en l\u2019ordre del dia del CSS, tamb\u00e9 vam tractar els seg\u00fcents punts:<\/p>\n\n\n\n<p class=\"has-text-align-justify\"><strong><u>Formacions DEA i primers auxilis<span style=\"text-decoration: underline\" class=\"ek-underline\">:<\/span><\/u><\/strong><\/p>\n\n\n\n<ul class=\"wp-block-list\">\n<li>Segons els informes dels simulacres realitzats a Infraestructures Vi\u00e0ries i Parcs Naturals, hem constat que hi ha una manca d\u2019aquestes formacions espec\u00edfiques. Cal recordar que aquests dos col\u00b7lectius s\u00f3n sensibles a aquestes possibles actuacions. Per aix\u00f2, demanem a la corporaci\u00f3 que intensifiqui aquestes formacions per al personal afectat.<\/li>\n<\/ul>\n\n\n\n<p class=\"has-text-align-justify\"><strong><u>Adaptaci\u00f3 dels EPIs de protecci\u00f3 visual<\/u><\/strong>:<\/p>\n\n\n\n<ul class=\"wp-block-list\">\n<li>A la Ger\u00e8ncia d\u2019Infraestructures Vi\u00e0ries ja s\u2019ha iniciat la graduaci\u00f3 de les ulleres de sol, catalogades com EPI\u2019s, per al personal que ho necessita. <strong><u>Valorem positivament aquest fet, defensat per part de CCOO des d\u2019un inici i exhortem a la corporaci\u00f3 a qu\u00e8 ho implementi a la resta de col\u00b7lectius qu\u00e8 sigui necessari<\/u><\/strong>.<\/li>\n<\/ul>\n\n\n\n<p><strong><u>ORGT<\/u><\/strong>:<\/p>\n\n\n\n<ul class=\"wp-block-list\">\n<li>Demanem solucions als problemes de soroll a les oficines on es fa impossible la feina per la sonoritat de l\u2019espai. Els espais i les casu\u00edstiques de cada oficina s\u00f3n diferents, per aix\u00f2, cada oficina ha de tenir una soluci\u00f3 espec\u00edfica.<\/li>\n<\/ul>\n\n\n\n<p><strong><u>Comissi\u00f3 directiva<\/u><\/strong><\/p>\n\n\n\n<ul class=\"wp-block-list\">\n<li>Segons marca el Pla de Prevenci\u00f3, demanem la reuni\u00f3 de la Comissi\u00f3 Directiva i la Comissi\u00f3 T\u00e8cnica les quals tenen la missi\u00f3 d\u2019integrar l\u2019activitat preventiva a la corporaci\u00f3 mitjan\u00e7ant l\u2019adopci\u00f3 de totes les mesures necess\u00e0ries per a la protecci\u00f3 de la seguretat i la salut dels seus treballadors i treballadores.<\/li>\n<\/ul>\n\n\n\n<div class=\"wp-block-group\"><div class=\"wp-block-group__inner-container is-layout-constrained wp-block-group-is-layout-constrained\"><div class=\"gb-grid-wrapper gb-grid-wrapper-d65739e2\">\n<div class=\"gb-grid-column gb-grid-column-ecc8725d\"><div class=\"gb-container gb-container-ecc8725d\"><div class=\"gb-inside-container\">\n<div class=\"wp-block-image\">\n<figure class=\"aligncenter size-full\"><img loading=\"lazy\" decoding=\"async\" width=\"129\" height=\"38\" src=\"https:\/\/ccoo.app\/diputacio-de-barcelona\/wp-content\/blogs.dir\/6\/files\/sites\/186\/2022\/03\/tel.png\" alt=\"Tel\" class=\"wp-image-49915\" \/><\/figure>\n<\/div>\n<\/div><\/div><\/div>\n\n<div class=\"gb-grid-column gb-grid-column-4c28778f\"><div class=\"gb-container gb-container-4c28778f\"><div class=\"gb-inside-container\">\n<div class=\"wp-block-image\">\n<figure class=\"aligncenter size-full\"><a href=\"mailto:ccoo@diba.cat\"><img loading=\"lazy\" decoding=\"async\" width=\"51\" height=\"37\" src=\"https:\/\/ccoo.app\/diputacio-de-barcelona\/wp-content\/blogs.dir\/6\/files\/sites\/186\/2022\/03\/mail.png\" alt=\"Mail\" class=\"wp-image-49916\" \/><\/a><\/figure>\n<\/div>\n<\/div><\/div><\/div>\n\n<div class=\"gb-grid-column gb-grid-column-c6cc0957\"><div class=\"gb-container gb-container-c6cc0957\"><div class=\"gb-inside-container\">\n<div class=\"wp-block-image\">\n<figure class=\"aligncenter size-full\"><a href=\"https:\/\/twitter.com\/ccoodiba\"><img loading=\"lazy\" decoding=\"async\" width=\"44\" height=\"38\" src=\"https:\/\/ccoo.app\/diputacio-de-barcelona\/wp-content\/blogs.dir\/6\/files\/sites\/186\/2022\/03\/tw.png\" alt=\"Tw\" class=\"wp-image-49917\" \/><\/a><\/figure>\n<\/div>\n<\/div><\/div><\/div>\n\n<div class=\"gb-grid-column gb-grid-column-1598237d\"><div class=\"gb-container gb-container-1598237d\"><div class=\"gb-inside-container\">\n<div class=\"wp-block-image\">\n<figure class=\"aligncenter size-full\"><a href=\"https:\/\/www.instagram.com\/ccoo_diba\/\"><img loading=\"lazy\" decoding=\"async\" width=\"45\" height=\"44\" src=\"https:\/\/ccoo.app\/diputacio-de-barcelona\/wp-content\/blogs.dir\/6\/files\/sites\/186\/2022\/03\/ig.png\" alt=\"Ig\" class=\"wp-image-49918\" \/><\/a><\/figure>\n<\/div>\n<\/div><\/div><\/div>\n\n<div class=\"gb-grid-column gb-grid-column-2db731fe\"><div class=\"gb-container gb-container-2db731fe\"><div class=\"gb-inside-container\">\n<div class=\"wp-block-image\">\n<figure class=\"aligncenter size-full\"><a href=\"https:\/\/ccoo.app\/diputacio-de-barcelona\"><img loading=\"lazy\" decoding=\"async\" width=\"39\" height=\"40\" src=\"https:\/\/ccoo.app\/diputacio-de-barcelona\/wp-content\/blogs.dir\/6\/files\/sites\/186\/2022\/03\/www.png\" alt=\"Www\" class=\"wp-image-49919\" \/><\/a><\/figure>\n<\/div>\n<\/div><\/div><\/div>\n\n<div class=\"gb-grid-column gb-grid-column-f3651540\"><div class=\"gb-container gb-container-f3651540\"><div class=\"gb-inside-container\">\n<div class=\"wp-block-image\">\n<figure class=\"aligncenter size-full is-resized\"><a href=\"https:\/\/www.ccoo.cat\/afiliat\/?_sfm_aff_situation=94\"><img loading=\"lazy\" decoding=\"async\" width=\"125\" height=\"38\" src=\"https:\/\/ccoo.app\/diputacio-de-barcelona\/wp-content\/blogs.dir\/6\/files\/sites\/186\/2022\/03\/af.png\" alt=\"Af\" class=\"wp-image-49920\" style=\"width:125px;height:38px\" \/><\/a><\/figure>\n<\/div>\n<\/div><\/div><\/div>\n<\/div><\/div><\/div>\n","protected":false},"excerpt":{"rendered":"<p>El passat dijous 14 de desembre, els delegats i delegades de CCOO vam assistir a la reuni\u00f3 del Comit\u00e8 de Seguretat i Salut de la Diputaci\u00f3 de Barcelona i\u00a0des de &#8230; <\/p>\n<p class=\"read-more-container\"><a title=\"COMIT\u00c8 DE SEGURETAT I SALUT: 14.12.2023\" class=\"read-more button\" href=\"https:\/\/ccoo.app\/diputacio-de-barcelona\/comite-de-seguretat-i-salut-14-12-2023\/#more-53340\" aria-label=\"Leer m\u00e1s sobre COMIT\u00c8 DE SEGURETAT I SALUT: 14.12.2023\">Continuar llegint<\/a><\/p>\n","protected":false},"author":88639,"featured_media":52365,"comment_status":"closed","ping_status":"closed","sticky":false,"template":"","format":"standard","meta":{"footnotes":""},"categories":[38,19,35],"tags":[],"class_list":["post-53340","post","type-post","status-publish","format-standard","has-post-thumbnail","hentry","category-a-tot-el-personal","category-comunicats","category-salut-laboral","generate-columns","tablet-grid-50","mobile-grid-100","grid-parent","grid-50"],"_links":{"self":[{"href":"https:\/\/ccoo.app\/diputacio-de-barcelona\/wp-json\/wp\/v2\/posts\/53340","targetHints":{"allow":["GET"]}}],"collection":[{"href":"https:\/\/ccoo.app\/diputacio-de-barcelona\/wp-json\/wp\/v2\/posts"}],"about":[{"href":"https:\/\/ccoo.app\/diputacio-de-barcelona\/wp-json\/wp\/v2\/types\/post"}],"author":[{"embeddable":true,"href":"https:\/\/ccoo.app\/diputacio-de-barcelona\/wp-json\/wp\/v2\/users\/88639"}],"replies":[{"embeddable":true,"href":"https:\/\/ccoo.app\/diputacio-de-barcelona\/wp-json\/wp\/v2\/comments?post=53340"}],"version-history":[{"count":3,"href":"https:\/\/ccoo.app\/diputacio-de-barcelona\/wp-json\/wp\/v2\/posts\/53340\/revisions"}],"predecessor-version":[{"id":53344,"href":"https:\/\/ccoo.app\/diputacio-de-barcelona\/wp-json\/wp\/v2\/posts\/53340\/revisions\/53344"}],"wp:featuredmedia":[{"embeddable":true,"href":"https:\/\/ccoo.app\/diputacio-de-barcelona\/wp-json\/wp\/v2\/media\/52365"}],"wp:attachment":[{"href":"https:\/\/ccoo.app\/diputacio-de-barcelona\/wp-json\/wp\/v2\/media?parent=53340"}],"wp:term":[{"taxonomy":"category","embeddable":true,"href":"https:\/\/ccoo.app\/diputacio-de-barcelona\/wp-json\/wp\/v2\/categories?post=53340"},{"taxonomy":"post_tag","embeddable":true,"href":"https:\/\/ccoo.app\/diputacio-de-barcelona\/wp-json\/wp\/v2\/tags?post=53340"}],"curies":[{"name":"wp","href":"https:\/\/api.w.org\/{rel}","templated":true}]}}