{"id":53325,"date":"2023-12-04T14:57:04","date_gmt":"2023-12-04T13:57:04","guid":{"rendered":"https:\/\/ccoo.app\/diputacio-de-barcelona\/?p=53325"},"modified":"2023-12-04T15:19:27","modified_gmt":"2023-12-04T14:19:27","slug":"comunicat-orgt-2","status":"publish","type":"post","link":"https:\/\/ccoo.app\/diputacio-de-barcelona\/comunicat-orgt-2\/","title":{"rendered":"COMUNICAT ORGT"},"content":{"rendered":"\n<div style=\"height:40px\" aria-hidden=\"true\" class=\"wp-block-spacer\"><\/div>\n\n\n\n<figure class=\"gb-block-image gb-block-image-1bd8cee7\"><img loading=\"lazy\" decoding=\"async\" width=\"390\" height=\"390\" class=\"gb-image gb-image-1bd8cee7\" src=\"https:\/\/ccoo.app\/diputacio-de-barcelona\/wp-content\/blogs.dir\/6\/files\/sites\/186\/2023\/11\/informacio-comunicat-ORGT.jpg\" alt=\"\" title=\"informacio-comunicat-ORGT\" srcset=\"https:\/\/ccoo.app\/diputacio-de-barcelona\/wp-content\/blogs.dir\/6\/files\/sites\/186\/2023\/11\/informacio-comunicat-ORGT.jpg 390w, https:\/\/ccoo.app\/diputacio-de-barcelona\/wp-content\/blogs.dir\/6\/files\/sites\/186\/2023\/11\/informacio-comunicat-ORGT-300x300.jpg 300w, https:\/\/ccoo.app\/diputacio-de-barcelona\/wp-content\/blogs.dir\/6\/files\/sites\/186\/2023\/11\/informacio-comunicat-ORGT-150x150.jpg 150w\" sizes=\"auto, (max-width: 390px) 100vw, 390px\" \/><\/figure>\n\n\n\n<div style=\"height:40px\" aria-hidden=\"true\" class=\"wp-block-spacer\"><\/div>\n\n\n\n<h3 class=\"gb-headline gb-headline-013627e5 gb-headline-text\"><strong><u>CALENDARI LABORAL ORGT 2024<\/u><\/strong><\/h3>\n\n\n\n<p class=\"has-text-align-justify\">D\u2019acord amb l\u2019Ordre EMT\/153\/2023, de 29 de maig, per la qual s\u2019estableix el calendari oficial de festes laborals a Catalunya per a l\u2019any, seran festes de car\u00e0cter retribu\u00eft, les seg\u00fcents:<\/p>\n\n\n\n<p class=\"has-text-align-center\"><strong>CATALUNYA<\/strong><\/p>\n\n\n<div class=\"gb-grid-wrapper gb-grid-wrapper-c704c1c3\">\n<div class=\"gb-grid-column gb-grid-column-552fb406\"><div class=\"gb-container gb-container-552fb406\"><\/div><\/div>\n\n<div class=\"gb-grid-column gb-grid-column-1c207f9d\"><div class=\"gb-container gb-container-1c207f9d\">\n\n<ul class=\"is-style-arrow wp-block-list\">\n<li>1 gener<\/li>\n\n\n\n<li>6 gener<\/li>\n\n\n\n<li>29 de mar\u00e7<\/li>\n\n\n\n<li>1 d&#8217;abril<\/li>\n\n\n\n<li>1 de maig<\/li>\n\n\n\n<li>24 de juny<\/li>\n\n\n\n<li>15 d&#8217;agost<\/li>\n\n\n\n<li>11 de setembre<\/li>\n\n\n\n<li>12 d&#8217;octubre<\/li>\n\n\n\n<li>1 de novembre<\/li>\n\n\n\n<li>6 de  desembre<\/li>\n\n\n\n<li>25 de desembre<\/li>\n\n\n\n<li>26 de desembre<\/li>\n<\/ul>\n\n<\/div><\/div>\n\n<div class=\"gb-grid-column gb-grid-column-96beeee2\"><div class=\"gb-container gb-container-96beeee2\"><\/div><\/div>\n<\/div>\n\n\n<p class=\"has-text-align-justify\">Com sigui que el 12 d\u2019octubre cau en dissabte, aquesta festa es recuperar\u00e0 amb la concessi\u00f3 <strong>d\u20191 dia de dispensa <\/strong>per aquest 2024. El gaudi del dia de dispensa ser\u00e0 en jornada sencera i dins de l\u2019any natural<\/p>\n\n\n\n<p>En aquest llistat caldr\u00e0 incorporar els <strong>festius municipals<\/strong> de cada centre de treball de l\u2019ORGT.<\/p>\n\n\n\n<div style=\"height:20px\" aria-hidden=\"true\" class=\"wp-block-spacer\"><\/div>\n\n\n\n<h3 class=\"gb-headline gb-headline-128c3bea gb-headline-text\"><strong><u>PLA IGUALTAT I PLA DE MOBILITAT<\/u><\/strong><\/h3>\n\n\n\n<p class=\"has-text-align-justify\">Una de les reivindicacions m\u00e9s antigues que portem fent CCOO a l\u2019ORGT es la necessitat i la obligaci\u00f3, igual que els companys i companyes de la DIBA, de l\u2019elaboraci\u00f3 i implementaci\u00f3 d\u2019un Pla d\u2019Igualtat i d\u2019un Pla de mobilitat espec\u00edfic i adequat que s\u2019ajusti a les necessitat de les persones treballadores de l\u2019ORGT.<br>Ens plau comunicar-vos que ja s\u2019ha pressupostat per a l\u2019exercici 2024 i que est\u00e0 previst que es realitzi durant el segon trimestre.<\/p>\n\n\n\n<div style=\"height:20px\" aria-hidden=\"true\" class=\"wp-block-spacer\"><\/div>\n\n\n\n<h3 class=\"gb-headline gb-headline-d17455bd gb-headline-text\"><strong><u>AVALUACI\u00d3 DE RISCOS PSICOSOCIALS<\/u><\/strong><\/h3>\n\n\n\n<p class=\"has-text-align-justify\">Com ja sabeu el passat 30 d\u2019octubre va finalitzar el termini per realitzar l&#8217;Avaluaci\u00f3 de Riscos Psicosocials a l&#8217;ORGT. Volem agrair-vos la vostra participaci\u00f3, que ha superat el 80% de la plantilla. Aix\u00f2 ens permetr\u00e0 poder fer un estudi seri\u00f3s i en profunditat.<br>Des del servei de prevenci\u00f3 de l\u2019ORGT ens han traslladat que ja disposen dels resultats dels q\u00fcestionaris i que a principis d\u2019any es constituiran grups de treball entre la part social i la corporaci\u00f3 per proposar mesures correctores en aquells aspectes que els resultat siguin negatius.<\/p>\n\n\n\n<div style=\"height:40px\" aria-hidden=\"true\" class=\"wp-block-spacer\"><\/div>\n\n\n<div class=\"gb-container gb-container-d4283c0a\">\n<div class=\"wp-block-image\">\n<figure class=\"aligncenter size-full is-resized\"><img loading=\"lazy\" decoding=\"async\" width=\"512\" height=\"512\" src=\"https:\/\/ccoo.app\/diputacio-de-barcelona\/wp-content\/blogs.dir\/6\/files\/sites\/186\/2023\/04\/preguntes.png\" alt=\"Preguntes\" class=\"wp-image-52698\" style=\"width:128px;height:128px\" srcset=\"https:\/\/ccoo.app\/diputacio-de-barcelona\/wp-content\/blogs.dir\/6\/files\/sites\/186\/2023\/04\/preguntes.png 512w, https:\/\/ccoo.app\/diputacio-de-barcelona\/wp-content\/blogs.dir\/6\/files\/sites\/186\/2023\/04\/preguntes-300x300.png 300w, https:\/\/ccoo.app\/diputacio-de-barcelona\/wp-content\/blogs.dir\/6\/files\/sites\/186\/2023\/04\/preguntes-150x150.png 150w\" sizes=\"auto, (max-width: 512px) 100vw, 512px\" \/><\/figure>\n<\/div>\n\n\n<div style=\"height:25px\" aria-hidden=\"true\" class=\"wp-block-spacer\"><\/div>\n\n\n\n<h3 class=\"gb-headline gb-headline-f5c8f4d8 gb-headline-text\"><strong>No et quedis mai amb el dubte,<br><\/strong>contacta amb CCOO<\/h3>\n\n\n\n<div class=\"wp-block-buttons is-content-justification-center is-layout-flex wp-container-core-buttons-is-layout-16018d1d wp-block-buttons-is-layout-flex\">\n<div class=\"wp-block-button is-style-fill\"><a class=\"wp-block-button__link has-base-3-color has-contrast-2-background-color has-text-color has-background wp-element-button\" href=\"https:\/\/ccoo.app\/diputacio-de-barcelona\/seccio-sindical-de-ccoo\/\" style=\"border-radius:0px\">CONTACTA&#8217;NS<\/a><\/div>\n<\/div>\n\n<\/div>\n\n\n<div style=\"height:40px\" aria-hidden=\"true\" class=\"wp-block-spacer\"><\/div>\n\n\n\n<div class=\"wp-block-group\"><div class=\"wp-block-group__inner-container is-layout-constrained wp-block-group-is-layout-constrained\"><div class=\"gb-grid-wrapper gb-grid-wrapper-d65739e2\">\n<div class=\"gb-grid-column gb-grid-column-ecc8725d\"><div class=\"gb-container gb-container-ecc8725d\"><div class=\"gb-inside-container\">\n<div class=\"wp-block-image\">\n<figure class=\"aligncenter size-full\"><img loading=\"lazy\" decoding=\"async\" width=\"129\" height=\"38\" src=\"https:\/\/ccoo.app\/diputacio-de-barcelona\/wp-content\/blogs.dir\/6\/files\/sites\/186\/2022\/03\/tel.png\" alt=\"Tel\" class=\"wp-image-49915\" \/><\/figure>\n<\/div>\n<\/div><\/div><\/div>\n\n<div class=\"gb-grid-column gb-grid-column-4c28778f\"><div class=\"gb-container gb-container-4c28778f\"><div class=\"gb-inside-container\">\n<div class=\"wp-block-image\">\n<figure class=\"aligncenter size-full\"><a href=\"mailto:ccoo@diba.cat\"><img loading=\"lazy\" decoding=\"async\" width=\"51\" height=\"37\" src=\"https:\/\/ccoo.app\/diputacio-de-barcelona\/wp-content\/blogs.dir\/6\/files\/sites\/186\/2022\/03\/mail.png\" alt=\"Mail\" class=\"wp-image-49916\" \/><\/a><\/figure>\n<\/div>\n<\/div><\/div><\/div>\n\n<div class=\"gb-grid-column gb-grid-column-c6cc0957\"><div class=\"gb-container gb-container-c6cc0957\"><div class=\"gb-inside-container\">\n<div class=\"wp-block-image\">\n<figure class=\"aligncenter size-full\"><a href=\"https:\/\/twitter.com\/ccoodiba\"><img loading=\"lazy\" decoding=\"async\" width=\"44\" height=\"38\" src=\"https:\/\/ccoo.app\/diputacio-de-barcelona\/wp-content\/blogs.dir\/6\/files\/sites\/186\/2022\/03\/tw.png\" alt=\"Tw\" class=\"wp-image-49917\" \/><\/a><\/figure>\n<\/div>\n<\/div><\/div><\/div>\n\n<div class=\"gb-grid-column gb-grid-column-1598237d\"><div class=\"gb-container gb-container-1598237d\"><div class=\"gb-inside-container\">\n<div class=\"wp-block-image\">\n<figure class=\"aligncenter size-full\"><a href=\"https:\/\/www.instagram.com\/ccoo_diba\/\"><img loading=\"lazy\" decoding=\"async\" width=\"45\" height=\"44\" src=\"https:\/\/ccoo.app\/diputacio-de-barcelona\/wp-content\/blogs.dir\/6\/files\/sites\/186\/2022\/03\/ig.png\" alt=\"Ig\" class=\"wp-image-49918\" \/><\/a><\/figure>\n<\/div>\n<\/div><\/div><\/div>\n\n<div class=\"gb-grid-column gb-grid-column-2db731fe\"><div class=\"gb-container gb-container-2db731fe\"><div class=\"gb-inside-container\">\n<div class=\"wp-block-image\">\n<figure class=\"aligncenter size-full\"><a href=\"https:\/\/ccoo.app\/diputacio-de-barcelona\"><img loading=\"lazy\" decoding=\"async\" width=\"39\" height=\"40\" src=\"https:\/\/ccoo.app\/diputacio-de-barcelona\/wp-content\/blogs.dir\/6\/files\/sites\/186\/2022\/03\/www.png\" alt=\"Www\" class=\"wp-image-49919\" \/><\/a><\/figure>\n<\/div>\n<\/div><\/div><\/div>\n\n<div class=\"gb-grid-column gb-grid-column-f3651540\"><div class=\"gb-container gb-container-f3651540\"><div class=\"gb-inside-container\">\n<div class=\"wp-block-image\">\n<figure class=\"aligncenter size-full is-resized\"><a href=\"https:\/\/www.ccoo.cat\/afiliat\/?_sfm_aff_situation=94\"><img loading=\"lazy\" decoding=\"async\" width=\"125\" height=\"38\" src=\"https:\/\/ccoo.app\/diputacio-de-barcelona\/wp-content\/blogs.dir\/6\/files\/sites\/186\/2022\/03\/af.png\" alt=\"Af\" class=\"wp-image-49920\" style=\"width:125px;height:38px\" \/><\/a><\/figure>\n<\/div>\n<\/div><\/div><\/div>\n<\/div><\/div><\/div>\n","protected":false},"excerpt":{"rendered":"<p>CALENDARI LABORAL ORGT 2024 D\u2019acord amb l\u2019Ordre EMT\/153\/2023, de 29 de maig, per la qual s\u2019estableix el calendari oficial de festes laborals a Catalunya per a l\u2019any, seran festes de &#8230; <\/p>\n<p class=\"read-more-container\"><a title=\"COMUNICAT ORGT\" class=\"read-more button\" href=\"https:\/\/ccoo.app\/diputacio-de-barcelona\/comunicat-orgt-2\/#more-53325\" aria-label=\"Leer m\u00e1s sobre COMUNICAT ORGT\">Continuar llegint<\/a><\/p>\n","protected":false},"author":88639,"featured_media":53263,"comment_status":"closed","ping_status":"closed","sticky":false,"template":"","format":"standard","meta":{"footnotes":""},"categories":[38,19],"tags":[],"class_list":["post-53325","post","type-post","status-publish","format-standard","has-post-thumbnail","hentry","category-a-tot-el-personal","category-comunicats","generate-columns","tablet-grid-50","mobile-grid-100","grid-parent","grid-50"],"_links":{"self":[{"href":"https:\/\/ccoo.app\/diputacio-de-barcelona\/wp-json\/wp\/v2\/posts\/53325","targetHints":{"allow":["GET"]}}],"collection":[{"href":"https:\/\/ccoo.app\/diputacio-de-barcelona\/wp-json\/wp\/v2\/posts"}],"about":[{"href":"https:\/\/ccoo.app\/diputacio-de-barcelona\/wp-json\/wp\/v2\/types\/post"}],"author":[{"embeddable":true,"href":"https:\/\/ccoo.app\/diputacio-de-barcelona\/wp-json\/wp\/v2\/users\/88639"}],"replies":[{"embeddable":true,"href":"https:\/\/ccoo.app\/diputacio-de-barcelona\/wp-json\/wp\/v2\/comments?post=53325"}],"version-history":[{"count":2,"href":"https:\/\/ccoo.app\/diputacio-de-barcelona\/wp-json\/wp\/v2\/posts\/53325\/revisions"}],"predecessor-version":[{"id":53328,"href":"https:\/\/ccoo.app\/diputacio-de-barcelona\/wp-json\/wp\/v2\/posts\/53325\/revisions\/53328"}],"wp:featuredmedia":[{"embeddable":true,"href":"https:\/\/ccoo.app\/diputacio-de-barcelona\/wp-json\/wp\/v2\/media\/53263"}],"wp:attachment":[{"href":"https:\/\/ccoo.app\/diputacio-de-barcelona\/wp-json\/wp\/v2\/media?parent=53325"}],"wp:term":[{"taxonomy":"category","embeddable":true,"href":"https:\/\/ccoo.app\/diputacio-de-barcelona\/wp-json\/wp\/v2\/categories?post=53325"},{"taxonomy":"post_tag","embeddable":true,"href":"https:\/\/ccoo.app\/diputacio-de-barcelona\/wp-json\/wp\/v2\/tags?post=53325"}],"curies":[{"name":"wp","href":"https:\/\/api.w.org\/{rel}","templated":true}]}}