{"id":53286,"date":"2023-11-23T09:45:24","date_gmt":"2023-11-23T08:45:24","guid":{"rendered":"https:\/\/ccoo.app\/diputacio-de-barcelona\/?p=53286"},"modified":"2023-11-23T09:45:30","modified_gmt":"2023-11-23T08:45:30","slug":"25-n-dia-internacional-per-a-leliminacio-de-la-violencia-envers-les-dones-2023","status":"publish","type":"post","link":"https:\/\/ccoo.app\/diputacio-de-barcelona\/25-n-dia-internacional-per-a-leliminacio-de-la-violencia-envers-les-dones-2023\/","title":{"rendered":"25-N Dia Internacional per a l\u2019Eliminaci\u00f3 de la Viol\u00e8ncia envers les Dones, 2023"},"content":{"rendered":"\n<div style=\"height:40px\" aria-hidden=\"true\" class=\"wp-block-spacer\"><\/div>\n\n\n\n<figure class=\"gb-block-image gb-block-image-c52efd27\"><img loading=\"lazy\" decoding=\"async\" width=\"1024\" height=\"1448\" class=\"gb-image gb-image-c52efd27\" src=\"https:\/\/ccoo.app\/diputacio-de-barcelona\/wp-content\/blogs.dir\/6\/files\/sites\/186\/2023\/11\/cartell-25n-eliminacio-violencia-envers-dones-2023.jpg\" alt=\"\" title=\"25N - Cartel A3 - Dones CCOO\" srcset=\"https:\/\/ccoo.app\/diputacio-de-barcelona\/wp-content\/blogs.dir\/6\/files\/sites\/186\/2023\/11\/cartell-25n-eliminacio-violencia-envers-dones-2023.jpg 1024w, https:\/\/ccoo.app\/diputacio-de-barcelona\/wp-content\/blogs.dir\/6\/files\/sites\/186\/2023\/11\/cartell-25n-eliminacio-violencia-envers-dones-2023-212x300.jpg 212w, https:\/\/ccoo.app\/diputacio-de-barcelona\/wp-content\/blogs.dir\/6\/files\/sites\/186\/2023\/11\/cartell-25n-eliminacio-violencia-envers-dones-2023-724x1024.jpg 724w, https:\/\/ccoo.app\/diputacio-de-barcelona\/wp-content\/blogs.dir\/6\/files\/sites\/186\/2023\/11\/cartell-25n-eliminacio-violencia-envers-dones-2023-768x1086.jpg 768w\" sizes=\"auto, (max-width: 1024px) 100vw, 1024px\" \/><\/figure>\n\n\n\n<div style=\"height:25px\" aria-hidden=\"true\" class=\"wp-block-spacer\"><\/div>\n\n\n\n<p class=\"has-text-align-justify\">Des de CCOO Diputaci\u00f3 de Barcelona ens mantenim ferms en el nostre comprom\u00eds de lluitar incansablement contra qualsevol mena de viol\u00e8ncia cap a les dones.<\/p>\n\n\n\n<p class=\"has-text-align-justify\">Els assassinats masclistes s\u00f3n la punta de l\u2019iceberg de la viol\u00e8ncia estructural que existeix a les societats patriarcals. Al llarg d\u2019aquest 2023, a Catalunya, s\u2019han registrat 13 assassinats de dones pel sol fet de ser dones.<\/p>\n\n\n\n<p class=\"has-text-align-justify\">A l\u2019Estat espanyol, la xifra total avui \u00e9s de 89 dones assassinades a mans d\u2019homes.<\/p>\n\n\n\n<div style=\"height:25px\" aria-hidden=\"true\" class=\"wp-block-spacer\"><\/div>\n\n\n\n<figure class=\"gb-block-image gb-block-image-a41a4cf1\"><img loading=\"lazy\" decoding=\"async\" width=\"1024\" height=\"1448\" class=\"gb-image gb-image-a41a4cf1\" src=\"https:\/\/ccoo.app\/diputacio-de-barcelona\/wp-content\/blogs.dir\/6\/files\/sites\/186\/2023\/11\/manifest-25n-eliminacio-violencia-envers-dones-2023.jpg\" alt=\"\" title=\"manifest-25n-eliminacio-violencia-envers-dones-2023\" srcset=\"https:\/\/ccoo.app\/diputacio-de-barcelona\/wp-content\/blogs.dir\/6\/files\/sites\/186\/2023\/11\/manifest-25n-eliminacio-violencia-envers-dones-2023.jpg 1024w, https:\/\/ccoo.app\/diputacio-de-barcelona\/wp-content\/blogs.dir\/6\/files\/sites\/186\/2023\/11\/manifest-25n-eliminacio-violencia-envers-dones-2023-212x300.jpg 212w, https:\/\/ccoo.app\/diputacio-de-barcelona\/wp-content\/blogs.dir\/6\/files\/sites\/186\/2023\/11\/manifest-25n-eliminacio-violencia-envers-dones-2023-724x1024.jpg 724w, https:\/\/ccoo.app\/diputacio-de-barcelona\/wp-content\/blogs.dir\/6\/files\/sites\/186\/2023\/11\/manifest-25n-eliminacio-violencia-envers-dones-2023-768x1086.jpg 768w\" sizes=\"auto, (max-width: 1024px) 100vw, 1024px\" \/><\/figure>\n\n\n\n<div style=\"height:25px\" aria-hidden=\"true\" class=\"wp-block-spacer\"><\/div>\n\n\n\n<p>Si vols m\u00e9s informaci\u00f3:<br><a href=\"https:\/\/www.ccoo.cat\/noticies\/25-n-dia-internacional-per-a-leliminacio-de-la-violencia-envers-les-dones-2023\/\" class=\"ek-link\"><span style=\"text-decoration: underline\" class=\"ek-underline\">https:\/\/www.ccoo.cat\/noticies\/25-n-dia-internacional-per-a-leliminacio-de-la-violencia-envers-les-dones-2023\/<\/span><\/a><\/p>\n\n\n\n<p><a href=\"https:\/\/twitter.com\/hashtag\/JoTincUnaCompanya.\" class=\"ek-link\">#JoTincUnaCompanya<\/a><br><a href=\"https:\/\/twitter.com\/hashtag\/ExpliquemHo\" class=\"ek-link\">#ExpliquemHo<\/a><br><a href=\"https:\/\/twitter.com\/hashtag\/ShaAcabat\">#ShaAcabat<\/a><\/p>\n\n\n\n<div class=\"wp-block-group\"><div class=\"wp-block-group__inner-container is-layout-constrained wp-block-group-is-layout-constrained\"><div class=\"gb-grid-wrapper gb-grid-wrapper-d65739e2\">\n<div class=\"gb-grid-column gb-grid-column-ecc8725d\"><div class=\"gb-container gb-container-ecc8725d\"><div class=\"gb-inside-container\">\n<div class=\"wp-block-image\">\n<figure class=\"aligncenter size-full\"><img loading=\"lazy\" decoding=\"async\" width=\"129\" height=\"38\" src=\"https:\/\/ccoo.app\/diputacio-de-barcelona\/wp-content\/blogs.dir\/6\/files\/sites\/186\/2022\/03\/tel.png\" alt=\"Tel\" class=\"wp-image-49915\" \/><\/figure>\n<\/div>\n<\/div><\/div><\/div>\n\n<div class=\"gb-grid-column gb-grid-column-4c28778f\"><div class=\"gb-container gb-container-4c28778f\"><div class=\"gb-inside-container\">\n<div class=\"wp-block-image\">\n<figure class=\"aligncenter size-full\"><a href=\"mailto:ccoo@diba.cat\"><img loading=\"lazy\" decoding=\"async\" width=\"51\" height=\"37\" src=\"https:\/\/ccoo.app\/diputacio-de-barcelona\/wp-content\/blogs.dir\/6\/files\/sites\/186\/2022\/03\/mail.png\" alt=\"Mail\" class=\"wp-image-49916\" \/><\/a><\/figure>\n<\/div>\n<\/div><\/div><\/div>\n\n<div class=\"gb-grid-column gb-grid-column-c6cc0957\"><div class=\"gb-container gb-container-c6cc0957\"><div class=\"gb-inside-container\">\n<div class=\"wp-block-image\">\n<figure class=\"aligncenter size-full\"><a href=\"https:\/\/twitter.com\/ccoodiba\"><img loading=\"lazy\" decoding=\"async\" width=\"44\" height=\"38\" src=\"https:\/\/ccoo.app\/diputacio-de-barcelona\/wp-content\/blogs.dir\/6\/files\/sites\/186\/2022\/03\/tw.png\" alt=\"Tw\" class=\"wp-image-49917\" \/><\/a><\/figure>\n<\/div>\n<\/div><\/div><\/div>\n\n<div class=\"gb-grid-column gb-grid-column-1598237d\"><div class=\"gb-container gb-container-1598237d\"><div class=\"gb-inside-container\">\n<div class=\"wp-block-image\">\n<figure class=\"aligncenter size-full\"><a href=\"https:\/\/www.instagram.com\/ccoo_diba\/\"><img loading=\"lazy\" decoding=\"async\" width=\"45\" height=\"44\" src=\"https:\/\/ccoo.app\/diputacio-de-barcelona\/wp-content\/blogs.dir\/6\/files\/sites\/186\/2022\/03\/ig.png\" alt=\"Ig\" class=\"wp-image-49918\" \/><\/a><\/figure>\n<\/div>\n<\/div><\/div><\/div>\n\n<div class=\"gb-grid-column gb-grid-column-2db731fe\"><div class=\"gb-container gb-container-2db731fe\"><div class=\"gb-inside-container\">\n<div class=\"wp-block-image\">\n<figure class=\"aligncenter size-full\"><a href=\"https:\/\/ccoo.app\/diputacio-de-barcelona\"><img loading=\"lazy\" decoding=\"async\" width=\"39\" height=\"40\" src=\"https:\/\/ccoo.app\/diputacio-de-barcelona\/wp-content\/blogs.dir\/6\/files\/sites\/186\/2022\/03\/www.png\" alt=\"Www\" class=\"wp-image-49919\" \/><\/a><\/figure>\n<\/div>\n<\/div><\/div><\/div>\n\n<div class=\"gb-grid-column gb-grid-column-f3651540\"><div class=\"gb-container gb-container-f3651540\"><div class=\"gb-inside-container\">\n<div class=\"wp-block-image\">\n<figure class=\"aligncenter size-full is-resized\"><a href=\"https:\/\/www.ccoo.cat\/afiliat\/?_sfm_aff_situation=94\"><img loading=\"lazy\" decoding=\"async\" width=\"125\" height=\"38\" src=\"https:\/\/ccoo.app\/diputacio-de-barcelona\/wp-content\/blogs.dir\/6\/files\/sites\/186\/2022\/03\/af.png\" alt=\"Af\" class=\"wp-image-49920\" style=\"width:125px;height:38px\" \/><\/a><\/figure>\n<\/div>\n<\/div><\/div><\/div>\n<\/div><\/div><\/div>\n","protected":false},"excerpt":{"rendered":"<p>Des de CCOO Diputaci\u00f3 de Barcelona ens mantenim ferms en el nostre comprom\u00eds de lluitar incansablement contra qualsevol mena de viol\u00e8ncia cap a les dones. Els assassinats masclistes s\u00f3n la &#8230; <\/p>\n<p class=\"read-more-container\"><a title=\"25-N Dia Internacional per a l\u2019Eliminaci\u00f3 de la Viol\u00e8ncia envers les Dones, 2023\" class=\"read-more button\" href=\"https:\/\/ccoo.app\/diputacio-de-barcelona\/25-n-dia-internacional-per-a-leliminacio-de-la-violencia-envers-les-dones-2023\/#more-53286\" aria-label=\"Leer m\u00e1s sobre 25-N Dia Internacional per a l\u2019Eliminaci\u00f3 de la Viol\u00e8ncia envers les Dones, 2023\">Continuar llegint<\/a><\/p>\n","protected":false},"author":88639,"featured_media":53293,"comment_status":"closed","ping_status":"closed","sticky":false,"template":"","format":"standard","meta":{"footnotes":""},"categories":[38,18,19,3],"tags":[50,236,237],"class_list":["post-53286","post","type-post","status-publish","format-standard","has-post-thumbnail","hentry","category-a-tot-el-personal","category-ccoo-info","category-comunicats","category-noticias","tag-25n","tag-violencia","tag-violencia-masclista","generate-columns","tablet-grid-50","mobile-grid-100","grid-parent","grid-50"],"_links":{"self":[{"href":"https:\/\/ccoo.app\/diputacio-de-barcelona\/wp-json\/wp\/v2\/posts\/53286","targetHints":{"allow":["GET"]}}],"collection":[{"href":"https:\/\/ccoo.app\/diputacio-de-barcelona\/wp-json\/wp\/v2\/posts"}],"about":[{"href":"https:\/\/ccoo.app\/diputacio-de-barcelona\/wp-json\/wp\/v2\/types\/post"}],"author":[{"embeddable":true,"href":"https:\/\/ccoo.app\/diputacio-de-barcelona\/wp-json\/wp\/v2\/users\/88639"}],"replies":[{"embeddable":true,"href":"https:\/\/ccoo.app\/diputacio-de-barcelona\/wp-json\/wp\/v2\/comments?post=53286"}],"version-history":[{"count":6,"href":"https:\/\/ccoo.app\/diputacio-de-barcelona\/wp-json\/wp\/v2\/posts\/53286\/revisions"}],"predecessor-version":[{"id":53330,"href":"https:\/\/ccoo.app\/diputacio-de-barcelona\/wp-json\/wp\/v2\/posts\/53286\/revisions\/53330"}],"wp:featuredmedia":[{"embeddable":true,"href":"https:\/\/ccoo.app\/diputacio-de-barcelona\/wp-json\/wp\/v2\/media\/53293"}],"wp:attachment":[{"href":"https:\/\/ccoo.app\/diputacio-de-barcelona\/wp-json\/wp\/v2\/media?parent=53286"}],"wp:term":[{"taxonomy":"category","embeddable":true,"href":"https:\/\/ccoo.app\/diputacio-de-barcelona\/wp-json\/wp\/v2\/categories?post=53286"},{"taxonomy":"post_tag","embeddable":true,"href":"https:\/\/ccoo.app\/diputacio-de-barcelona\/wp-json\/wp\/v2\/tags?post=53286"}],"curies":[{"name":"wp","href":"https:\/\/api.w.org\/{rel}","templated":true}]}}