{"id":53262,"date":"2023-11-15T11:20:27","date_gmt":"2023-11-15T10:20:27","guid":{"rendered":"https:\/\/ccoo.app\/diputacio-de-barcelona\/?p=53262"},"modified":"2023-11-15T11:26:40","modified_gmt":"2023-11-15T10:26:40","slug":"comunicat-orgt","status":"publish","type":"post","link":"https:\/\/ccoo.app\/diputacio-de-barcelona\/comunicat-orgt\/","title":{"rendered":"COMUNICAT ORGT"},"content":{"rendered":"\n<div style=\"height:40px\" aria-hidden=\"true\" class=\"wp-block-spacer\"><\/div>\n\n\n\n<figure class=\"gb-block-image gb-block-image-1bd8cee7\"><img loading=\"lazy\" decoding=\"async\" width=\"390\" height=\"390\" class=\"gb-image gb-image-1bd8cee7\" src=\"https:\/\/ccoo.app\/diputacio-de-barcelona\/wp-content\/blogs.dir\/6\/files\/sites\/186\/2023\/11\/informacio-comunicat-ORGT.jpg\" alt=\"\" title=\"informacio-comunicat-ORGT\" srcset=\"https:\/\/ccoo.app\/diputacio-de-barcelona\/wp-content\/blogs.dir\/6\/files\/sites\/186\/2023\/11\/informacio-comunicat-ORGT.jpg 390w, https:\/\/ccoo.app\/diputacio-de-barcelona\/wp-content\/blogs.dir\/6\/files\/sites\/186\/2023\/11\/informacio-comunicat-ORGT-300x300.jpg 300w, https:\/\/ccoo.app\/diputacio-de-barcelona\/wp-content\/blogs.dir\/6\/files\/sites\/186\/2023\/11\/informacio-comunicat-ORGT-150x150.jpg 150w\" sizes=\"auto, (max-width: 390px) 100vw, 390px\" \/><\/figure>\n\n\n\n<div style=\"height:40px\" aria-hidden=\"true\" class=\"wp-block-spacer\"><\/div>\n\n\n\n<h3 class=\"gb-headline gb-headline-013627e5 gb-headline-text\"><strong><u>INCREMENT PLANTILLA ORGT 2024<\/u><\/strong><\/h3>\n\n\n\n<p class=\"has-text-align-justify\">Per l\u2019exercici 2024 est\u00e0 previst que l\u2019ORGT creixi en 33 places de nova creaci\u00f3 distribu\u00efdes en les seg\u00fcents categories i serveis. Aquest increment ve donat pel volum de feina que han generat les \u00faltimes delegacions en la recaptaci\u00f3 de tributs municipals aix\u00ed com la readscripci\u00f3 del personal municipal que treballava a les oficines de l\u2019ORGT a les seves depend\u00e8ncies municipals.<\/p>\n\n\n\n<p class=\"has-text-align-justify\">Les 33 places de nova creaci\u00f3 corresponen a les seg\u00fcents categories:<\/p>\n\n\n\n<p class=\"has-text-align-justify\"><strong>10 T\u00e8cniques o T\u00e8cnics superiors (A1) distribu\u00efts a:<\/strong><\/p>\n\n\n\n<ul class=\"is-style-arrow wp-block-list\">\n<li>3 a Ger\u00e8ncia.<\/li>\n\n\n\n<li>4 a la Direcci\u00f3 de Serveis de Gesti\u00f3 Tribut\u00e0ria.<\/li>\n\n\n\n<li>1 a&nbsp; la Direcci\u00f3 de Serveis d\u2019Inspecci\u00f3 Tribut\u00e0ria<\/li>\n\n\n\n<li>1 al Servei de Transpar\u00e8ncia i relacions amb el contribuent-Direcci\u00f3 d\u2019Administraci\u00f3 digital tribut\u00e0ria i relacions amb el contribuent.<\/li>\n\n\n\n<li>1 al&nbsp; Servei de coordinaci\u00f3 i contractaci\u00f3.<\/li>\n<\/ul>\n\n\n\n<p class=\"has-text-align-justify\"><strong>23 Agents Tributaris (C1) distribu\u00efts a:<\/strong><\/p>\n\n\n\n<ul class=\"is-style-arrow wp-block-list\">\n<li>4 a Ger\u00e8ncia<\/li>\n\n\n\n<li>1 a Servei de Transpar\u00e8ncia i relacions amb el contribuent-Direcci\u00f3 d\u2019Administraci\u00f3 Electr\u00f2nica i relacions amb el contribuent.<\/li>\n\n\n\n<li>1 a la Oficina de Vallirana- Unitat Recaptaci\u00f3 Baix Llobregat-Nord<\/li>\n\n\n\n<li>5 a la Oficina de Viladecans- Unitat Recaptaci\u00f3 Baix Llobregat-Garraf<\/li>\n\n\n\n<li>1 a la Oficina de Masnou- Unitat Recaptaci\u00f3 Maresme<\/li>\n\n\n\n<li>11 a la Oficina de Sabadell-Unitat de Recaptaci\u00f3 Vall\u00e8s Occidental<\/li>\n<\/ul>\n\n\n\n<div style=\"height:20px\" aria-hidden=\"true\" class=\"wp-block-spacer\"><\/div>\n\n\n\n<h3 class=\"gb-headline gb-headline-128c3bea gb-headline-text\"><strong><u>CAL TECNIFICAR LES UNITATS TERRITORIALS<\/u><\/strong><\/h3>\n\n\n\n<p class=\"has-text-align-justify\">CCOO hem agra\u00eft a la Ger\u00e8ncia aquest increment de plantilla per\u00f2 entenem que es insuficient,&nbsp;<strong><u>especialment a les Unitats Territorials<\/u><\/strong>. Arrel de la Sent\u00e8ncia del Tribunal Constitucional de data 26\/10\/2021 les oficines han hagut que resoldre un volum elevad\u00edssim d\u2019escrits de l\u2019IIVTNU. A aix\u00f2 li hem de sumar la descentralitzaci\u00f3 feta a l\u2019any 2022 a les Unitats territorials de la resoluci\u00f3&nbsp; de les bonificacions d\u2019IBI referents a les plaques solars. A m\u00e9s La resoluci\u00f3 de les sol\u00b7licituds i recursos de gesti\u00f3 i en via executiva, la gran majoria, son d\u2019una gran complexitat i es requereix d\u2019uns coneixements molt t\u00e8cnics.<\/p>\n\n\n\n<p class=\"has-text-align-justify\"><strong><u>Es per aix\u00f2, que hem demanat que es faci un estudi detallat de cada Unitat Territorial i es doti del personal T\u00e8cnic Mitj\u00e0 i Superior que sigui necessari.<\/u><\/strong><\/p>\n\n\n\n<div style=\"height:20px\" aria-hidden=\"true\" class=\"wp-block-spacer\"><\/div>\n\n\n\n<h3 class=\"gb-headline gb-headline-d17455bd gb-headline-text\"><strong><u>CAL FORMAR PR\u00c8VIAMENT AL PERSONAL DE NOVA INCORPORACI\u00d3<\/u><\/strong><\/h3>\n\n\n\n<p class=\"has-text-align-justify\">Pel que fa la dotaci\u00f3 de personal, especialment a les oficines de Sabadell i Viladecans, hem demanat a la Ger\u00e8ncia que, mentre els processos de provisi\u00f3 es realitzin, aquestes oficines han d\u2019estar cobertes, almenys una gran part,&nbsp;<strong><u>per personal de la casa que conegui la gesti\u00f3 i recaptaci\u00f3 dels tributs<\/u><\/strong>.<\/p>\n\n\n\n<p class=\"has-text-align-justify\">A m\u00e9s, per al personal provinent de la borsa de treball, hem demanat que es&nbsp;<strong><u>faci una formaci\u00f3 pr\u00e8via<\/u><\/strong>&nbsp;en mat\u00e8ria de gesti\u00f3 i recaptaci\u00f3 tribut\u00e0ria i funcionament del WTP. Celebrem que aquesta formaci\u00f3 pr\u00e8via ja estigui prevista per part de la ger\u00e8ncia i confiem que ajudi a les noves incorporacions a una r\u00e0pida assimilaci\u00f3 del dia a dia de l\u2019ORGT.<\/p>\n\n\n\n<div style=\"height:20px\" aria-hidden=\"true\" class=\"wp-block-spacer\"><\/div>\n\n\n\n<h3 class=\"gb-headline gb-headline-424df6b8 gb-headline-text\"><strong><u>OFERTA P\u00daBLICA 2023<\/u><\/strong><\/h3>\n\n\n\n<p class=\"has-text-align-justify\">L\u2019oferta P\u00fablica per aquest 2023 corresponent a l\u2019ORGT es la seg\u00fcent:<\/p>\n\n\n\n<ul class=\"is-style-arrow wp-block-list\">\n<li>8 Administratiu de gesti\u00f3 i recaptaci\u00f3 (Agent tributari)<\/li>\n\n\n\n<li>1 Auxiliar administratiu<\/li>\n<\/ul>\n\n\n\n<p class=\"has-text-align-justify\"><strong>Tenint en compte la Taxa addicional art. 20.DOS.1.d) LPGE 2023<\/strong><\/p>\n\n\n\n<ul class=\"is-style-arrow wp-block-list\">\n<li>51 Administratiu de gesti\u00f3 i recaptaci\u00f3 (Agent tributari)<\/li>\n\n\n\n<li>10 Auxiliar administratiu (C2)<\/li>\n\n\n\n<li>4 T\u00e8cnic superior inform\u00e0tica<\/li>\n\n\n\n<li>1 T\u00e8cnic superior<\/li>\n<\/ul>\n\n\n\n<div style=\"height:20px\" aria-hidden=\"true\" class=\"wp-block-spacer\"><\/div>\n\n\n\n<h3 class=\"gb-headline gb-headline-cad104e5 gb-headline-text\"><strong><u>PUBLICACI\u00d3 DE LES 19 PLACES DE PROVISI\u00d3<\/u><\/strong><\/h3>\n\n\n\n<p class=\"has-text-align-justify\">Ja podeu consultar la publicaci\u00f3 a la intradiba les seg\u00fcents places de provisi\u00f3:<\/p>\n\n\n\n<p>M-16\/23\u00a0\u00a0\u00a0\u00a0\u00a0\u00a0 Agent tributari\/\u00e0ria (16 llocs) \u2013 ORGT<br>M-15\/23\u00a0\u00a0\u00a0\u00a0\u00a0\u00a0 Agent tributari\/\u00e0ria (5 llocs) \u2013 ORGT\u00a0\u00a0<\/p>\n\n\n\n<p class=\"has-text-align-justify\">Teniu temps fins el 4 de desembre de 2023 per presentar les vostres inst\u00e0ncies. Si teniu qualsevol pregunta, no dubteu en posar-vos en contacte amb nosaltres.<\/p>\n\n\n\n<div style=\"height:20px\" aria-hidden=\"true\" class=\"wp-block-spacer\"><\/div>\n\n\n\n<h3 class=\"gb-headline gb-headline-a599ea10 gb-headline-text\"><strong><u>PROMOCIO INTERNA<\/u><\/strong><\/h3>\n\n\n\n<p class=\"has-text-align-justify\"><strong><u>Pel que fa a la promoci\u00f3 interna dels exercicis 2019 i 2020, est\u00e0 previst que durant el mes de novembre es constitueixin els tribunals i es realitzin les presentacions de les mem\u00f2ries.<\/u><\/strong><\/p>\n\n\n\n<p class=\"has-text-align-justify\">Pel que fa a la promoci\u00f3 interna de l\u2019exercici 2022, quedaran pendent d\u2019executar amb la previsi\u00f3 que es realitzi a partir del 2024.<\/p>\n\n\n\n<div style=\"height:20px\" aria-hidden=\"true\" class=\"wp-block-spacer\"><\/div>\n\n\n\n<h3 class=\"gb-headline gb-headline-c2c8dae1 gb-headline-text\"><strong><u>ESTUDI ACORDS INTEGRACI\u00d3: SERVEI INSPECCI\u00d3<\/u><\/strong><\/h3>\n\n\n\n<p class=\"has-text-align-justify\"><strong><u>Fruit dels Acords d\u2019Integraci\u00f3 del 2019<\/u><\/strong>, quedava pendent la realitzaci\u00f3 de l\u2019estudi del Servei d\u2019Inspecci\u00f3 Tributaria.&nbsp;<strong><u>Se\u2019ns ha informat que ja s\u2019ha realitzat l\u2019an\u00e0lisi de les necessitats del servei i que no m\u00e9s enll\u00e0 del mes de maig del 2024<\/u><\/strong>&nbsp;es pugui aprovar pel Ple de la Diba per a la seva implementaci\u00f3.<\/p>\n\n\n\n<div style=\"height:20px\" aria-hidden=\"true\" class=\"wp-block-spacer\"><\/div>\n\n\n\n<h3 class=\"gb-headline gb-headline-89a6339e gb-headline-text\"><strong><u>ACOMIADAMENT JUBILACIONS<\/u><\/strong><\/h3>\n\n\n\n<p class=\"has-text-align-justify\">De la mateixa manera que demanem que al personal de nova incorporaci\u00f3 se li faci una formaci\u00f3 pr\u00e8via abans d\u2019entrar a treballar, creiem que \u00e9s de rebut fer un petit agra\u00efment\/homenatge al personal que finalitza la seva vida laboral i se li agraeixi d\u2019alguna manera la seva traject\u00f2ria\/implicaci\u00f3 durant tants anys a l\u2019ORGT. Per aix\u00f2,&nbsp;<strong><u>hem proposat que s\u2019estudi\u00ef per part de la ger\u00e8ncia que es pugui fer un petit homenatge als nostres companys i companyes que es jubilen<\/u><\/strong>&nbsp;despr\u00e9s de tants anys de servei.<\/p>\n\n\n\n<div style=\"height:40px\" aria-hidden=\"true\" class=\"wp-block-spacer\"><\/div>\n\n\n<div class=\"gb-container gb-container-d4283c0a\">\n<div class=\"wp-block-image\">\n<figure class=\"aligncenter size-full is-resized\"><img loading=\"lazy\" decoding=\"async\" width=\"512\" height=\"512\" src=\"https:\/\/ccoo.app\/diputacio-de-barcelona\/wp-content\/blogs.dir\/6\/files\/sites\/186\/2023\/04\/preguntes.png\" alt=\"Preguntes\" class=\"wp-image-52698\" style=\"width:128px;height:128px\" srcset=\"https:\/\/ccoo.app\/diputacio-de-barcelona\/wp-content\/blogs.dir\/6\/files\/sites\/186\/2023\/04\/preguntes.png 512w, https:\/\/ccoo.app\/diputacio-de-barcelona\/wp-content\/blogs.dir\/6\/files\/sites\/186\/2023\/04\/preguntes-300x300.png 300w, https:\/\/ccoo.app\/diputacio-de-barcelona\/wp-content\/blogs.dir\/6\/files\/sites\/186\/2023\/04\/preguntes-150x150.png 150w\" sizes=\"auto, (max-width: 512px) 100vw, 512px\" \/><\/figure>\n<\/div>\n\n\n<div style=\"height:25px\" aria-hidden=\"true\" class=\"wp-block-spacer\"><\/div>\n\n\n\n<h3 class=\"gb-headline gb-headline-f5c8f4d8 gb-headline-text\"><strong>No et quedis mai amb el dubte,<br><\/strong>contacta amb CCOO<\/h3>\n\n\n\n<div class=\"wp-block-buttons is-content-justification-center is-layout-flex wp-container-core-buttons-is-layout-16018d1d wp-block-buttons-is-layout-flex\">\n<div class=\"wp-block-button is-style-fill\"><a class=\"wp-block-button__link has-base-3-color has-contrast-2-background-color has-text-color has-background wp-element-button\" href=\"https:\/\/ccoo.app\/diputacio-de-barcelona\/seccio-sindical-de-ccoo\/\" style=\"border-radius:0px\">CONTACTA&#8217;NS<\/a><\/div>\n<\/div>\n\n<\/div>\n\n\n<div style=\"height:40px\" aria-hidden=\"true\" class=\"wp-block-spacer\"><\/div>\n\n\n\n<div class=\"wp-block-group\"><div class=\"wp-block-group__inner-container is-layout-constrained wp-block-group-is-layout-constrained\"><div class=\"gb-grid-wrapper gb-grid-wrapper-d65739e2\">\n<div class=\"gb-grid-column gb-grid-column-ecc8725d\"><div class=\"gb-container gb-container-ecc8725d\"><div class=\"gb-inside-container\">\n<div class=\"wp-block-image\">\n<figure class=\"aligncenter size-full\"><img loading=\"lazy\" decoding=\"async\" width=\"129\" height=\"38\" src=\"https:\/\/ccoo.app\/diputacio-de-barcelona\/wp-content\/blogs.dir\/6\/files\/sites\/186\/2022\/03\/tel.png\" alt=\"Tel\" class=\"wp-image-49915\" \/><\/figure>\n<\/div>\n<\/div><\/div><\/div>\n\n<div class=\"gb-grid-column gb-grid-column-4c28778f\"><div class=\"gb-container gb-container-4c28778f\"><div class=\"gb-inside-container\">\n<div class=\"wp-block-image\">\n<figure class=\"aligncenter size-full\"><a href=\"mailto:ccoo@diba.cat\"><img loading=\"lazy\" decoding=\"async\" width=\"51\" height=\"37\" src=\"https:\/\/ccoo.app\/diputacio-de-barcelona\/wp-content\/blogs.dir\/6\/files\/sites\/186\/2022\/03\/mail.png\" alt=\"Mail\" class=\"wp-image-49916\" \/><\/a><\/figure>\n<\/div>\n<\/div><\/div><\/div>\n\n<div class=\"gb-grid-column gb-grid-column-c6cc0957\"><div class=\"gb-container gb-container-c6cc0957\"><div class=\"gb-inside-container\">\n<div class=\"wp-block-image\">\n<figure class=\"aligncenter size-full\"><a href=\"https:\/\/twitter.com\/ccoodiba\"><img loading=\"lazy\" decoding=\"async\" width=\"44\" height=\"38\" src=\"https:\/\/ccoo.app\/diputacio-de-barcelona\/wp-content\/blogs.dir\/6\/files\/sites\/186\/2022\/03\/tw.png\" alt=\"Tw\" class=\"wp-image-49917\" \/><\/a><\/figure>\n<\/div>\n<\/div><\/div><\/div>\n\n<div class=\"gb-grid-column gb-grid-column-1598237d\"><div class=\"gb-container gb-container-1598237d\"><div class=\"gb-inside-container\">\n<div class=\"wp-block-image\">\n<figure class=\"aligncenter size-full\"><a href=\"https:\/\/www.instagram.com\/ccoo_diba\/\"><img loading=\"lazy\" decoding=\"async\" width=\"45\" height=\"44\" src=\"https:\/\/ccoo.app\/diputacio-de-barcelona\/wp-content\/blogs.dir\/6\/files\/sites\/186\/2022\/03\/ig.png\" alt=\"Ig\" class=\"wp-image-49918\" \/><\/a><\/figure>\n<\/div>\n<\/div><\/div><\/div>\n\n<div class=\"gb-grid-column gb-grid-column-2db731fe\"><div class=\"gb-container gb-container-2db731fe\"><div class=\"gb-inside-container\">\n<div class=\"wp-block-image\">\n<figure class=\"aligncenter size-full\"><a href=\"https:\/\/ccoo.app\/diputacio-de-barcelona\"><img loading=\"lazy\" decoding=\"async\" width=\"39\" height=\"40\" src=\"https:\/\/ccoo.app\/diputacio-de-barcelona\/wp-content\/blogs.dir\/6\/files\/sites\/186\/2022\/03\/www.png\" alt=\"Www\" class=\"wp-image-49919\" \/><\/a><\/figure>\n<\/div>\n<\/div><\/div><\/div>\n\n<div class=\"gb-grid-column gb-grid-column-f3651540\"><div class=\"gb-container gb-container-f3651540\"><div class=\"gb-inside-container\">\n<div class=\"wp-block-image\">\n<figure class=\"aligncenter size-full is-resized\"><a href=\"https:\/\/www.ccoo.cat\/afiliat\/?_sfm_aff_situation=94\"><img loading=\"lazy\" decoding=\"async\" width=\"125\" height=\"38\" src=\"https:\/\/ccoo.app\/diputacio-de-barcelona\/wp-content\/blogs.dir\/6\/files\/sites\/186\/2022\/03\/af.png\" alt=\"Af\" class=\"wp-image-49920\" style=\"width:125px;height:38px\" \/><\/a><\/figure>\n<\/div>\n<\/div><\/div><\/div>\n<\/div><\/div><\/div>\n","protected":false},"excerpt":{"rendered":"<p>INCREMENT PLANTILLA ORGT 2024 Per l\u2019exercici 2024 est\u00e0 previst que l\u2019ORGT creixi en 33 places de nova creaci\u00f3 distribu\u00efdes en les seg\u00fcents categories i serveis. Aquest increment ve donat pel &#8230; <\/p>\n<p class=\"read-more-container\"><a title=\"COMUNICAT ORGT\" class=\"read-more button\" href=\"https:\/\/ccoo.app\/diputacio-de-barcelona\/comunicat-orgt\/#more-53262\" aria-label=\"Leer m\u00e1s sobre COMUNICAT ORGT\">Continuar llegint<\/a><\/p>\n","protected":false},"author":88639,"featured_media":53263,"comment_status":"closed","ping_status":"closed","sticky":false,"template":"","format":"standard","meta":{"footnotes":""},"categories":[38,19],"tags":[],"class_list":["post-53262","post","type-post","status-publish","format-standard","has-post-thumbnail","hentry","category-a-tot-el-personal","category-comunicats","generate-columns","tablet-grid-50","mobile-grid-100","grid-parent","grid-50"],"_links":{"self":[{"href":"https:\/\/ccoo.app\/diputacio-de-barcelona\/wp-json\/wp\/v2\/posts\/53262","targetHints":{"allow":["GET"]}}],"collection":[{"href":"https:\/\/ccoo.app\/diputacio-de-barcelona\/wp-json\/wp\/v2\/posts"}],"about":[{"href":"https:\/\/ccoo.app\/diputacio-de-barcelona\/wp-json\/wp\/v2\/types\/post"}],"author":[{"embeddable":true,"href":"https:\/\/ccoo.app\/diputacio-de-barcelona\/wp-json\/wp\/v2\/users\/88639"}],"replies":[{"embeddable":true,"href":"https:\/\/ccoo.app\/diputacio-de-barcelona\/wp-json\/wp\/v2\/comments?post=53262"}],"version-history":[{"count":3,"href":"https:\/\/ccoo.app\/diputacio-de-barcelona\/wp-json\/wp\/v2\/posts\/53262\/revisions"}],"predecessor-version":[{"id":53266,"href":"https:\/\/ccoo.app\/diputacio-de-barcelona\/wp-json\/wp\/v2\/posts\/53262\/revisions\/53266"}],"wp:featuredmedia":[{"embeddable":true,"href":"https:\/\/ccoo.app\/diputacio-de-barcelona\/wp-json\/wp\/v2\/media\/53263"}],"wp:attachment":[{"href":"https:\/\/ccoo.app\/diputacio-de-barcelona\/wp-json\/wp\/v2\/media?parent=53262"}],"wp:term":[{"taxonomy":"category","embeddable":true,"href":"https:\/\/ccoo.app\/diputacio-de-barcelona\/wp-json\/wp\/v2\/categories?post=53262"},{"taxonomy":"post_tag","embeddable":true,"href":"https:\/\/ccoo.app\/diputacio-de-barcelona\/wp-json\/wp\/v2\/tags?post=53262"}],"curies":[{"name":"wp","href":"https:\/\/api.w.org\/{rel}","templated":true}]}}