{"id":53129,"date":"2023-10-25T10:24:08","date_gmt":"2023-10-25T08:24:08","guid":{"rendered":"https:\/\/ccoo.app\/diputacio-de-barcelona\/?p=53129"},"modified":"2023-10-25T10:24:12","modified_gmt":"2023-10-25T08:24:12","slug":"constitucio-mesa-general-de-negociacio-a-la-diputacio-de-barcelona","status":"publish","type":"post","link":"https:\/\/ccoo.app\/diputacio-de-barcelona\/constitucio-mesa-general-de-negociacio-a-la-diputacio-de-barcelona\/","title":{"rendered":"CONSTITUCI\u00d3 MESA GENERAL DE NEGOCIACI\u00d3 A LA DIPUTACI\u00d3 DE BARCELONA"},"content":{"rendered":"\n<div style=\"height:40px\" aria-hidden=\"true\" class=\"wp-block-spacer\"><\/div>\n\n\n\n<figure class=\"gb-block-image gb-block-image-1bd8cee7\"><img loading=\"lazy\" decoding=\"async\" width=\"390\" height=\"390\" class=\"gb-image gb-image-1bd8cee7\" src=\"https:\/\/ccoo.app\/diputacio-de-barcelona\/wp-content\/blogs.dir\/6\/files\/sites\/186\/2023\/10\/informacio-mesa-de-negociacio-constitucio-1.jpg\" alt=\"Informacio Mesa De Negociacio Constitucio 1\" title=\"Informacio Mesa De Negociacio Constitucio 1\" srcset=\"https:\/\/ccoo.app\/diputacio-de-barcelona\/wp-content\/blogs.dir\/6\/files\/sites\/186\/2023\/10\/informacio-mesa-de-negociacio-constitucio-1.jpg 390w, https:\/\/ccoo.app\/diputacio-de-barcelona\/wp-content\/blogs.dir\/6\/files\/sites\/186\/2023\/10\/informacio-mesa-de-negociacio-constitucio-1-300x300.jpg 300w, https:\/\/ccoo.app\/diputacio-de-barcelona\/wp-content\/blogs.dir\/6\/files\/sites\/186\/2023\/10\/informacio-mesa-de-negociacio-constitucio-1-150x150.jpg 150w\" sizes=\"auto, (max-width: 390px) 100vw, 390px\" \/><\/figure>\n\n\n\n<div style=\"height:40px\" aria-hidden=\"true\" class=\"wp-block-spacer\"><\/div>\n\n\n\n<p class=\"has-text-align-justify\">La setmana passada <strong><u>es va constituir la Mesa General de Negociaci\u00f3 a la Diputaci\u00f3 de Barcelona<\/u><\/strong> derivada de les passades eleccions sindicals del mar\u00e7 de 2023. Com recordareu, els resultats obtinguts pel nostre sindicat a aquestes eleccions, ens fa ostentar la responsabilitat d\u2019encap\u00e7alar la negociaci\u00f3 per la part social. No obstant aix\u00f2, i com sempre hem reiterat en la nostra manera de fer, <strong><u>treballarem conjuntament amb la resta de sindicats per aconseguir pactes i acords amb la corporaci\u00f3<\/u><\/strong> que ens permetin donar un pas endavant en les condicions de treball de totes i tots.<\/p>\n\n\n\n<ul class=\"is-style-arrow wp-block-list\">\n<li class=\"has-medium-font-size\"><strong>REPRESENTATIVITAT OBTINGUDA ELECCIONS SINDICALS 2023:<\/strong>\n<ul class=\"wp-block-list\">\n<li class=\"has-medium-font-size\"><strong>CCOO: 36,34%<\/strong><\/li>\n\n\n\n<li class=\"has-medium-font-size\"><strong>CGT: 25,16%<\/strong><\/li>\n\n\n\n<li class=\"has-medium-font-size\"><strong>UGT: 24,96%<\/strong><\/li>\n\n\n\n<li class=\"has-medium-font-size\"><strong>I-CSC: 13,53%<\/strong><\/li>\n<\/ul>\n<\/li>\n<\/ul>\n\n\n\n<p class=\"has-text-align-justify\">Per tant, <strong><u>des de Comissions Obreres ens posem a treballar des de ja en la negociaci\u00f3<\/u><\/strong> de totes aquelles mesures i aportacions que us hem anat explicant durant els darrers mesos i que recull el nostre <a href=\"https:\/\/ccoo.app\/diputacio-de-barcelona\/programa-electoral\/\" class=\"ek-link\"><strong><span style=\"text-decoration: underline\" class=\"ek-underline\">programa electoral<\/span><\/strong><\/a>: <strong><span style=\"text-decoration: underline\" class=\"ek-underline\">defensarem que al llarg d\u2019aquest mandat es puguin convertir en acords beneficiosos per a totes i tots<\/span><\/strong>.<\/p>\n\n\n\n<div style=\"height:40px\" aria-hidden=\"true\" class=\"wp-block-spacer\"><\/div>\n\n\n<div class=\"gb-container gb-container-d4283c0a\">\n<div class=\"wp-block-image\">\n<figure class=\"aligncenter size-full is-resized\"><img loading=\"lazy\" decoding=\"async\" width=\"512\" height=\"512\" src=\"https:\/\/ccoo.app\/diputacio-de-barcelona\/wp-content\/blogs.dir\/6\/files\/sites\/186\/2023\/04\/preguntes.png\" alt=\"Preguntes\" class=\"wp-image-52698\" style=\"width:128px;height:128px\" srcset=\"https:\/\/ccoo.app\/diputacio-de-barcelona\/wp-content\/blogs.dir\/6\/files\/sites\/186\/2023\/04\/preguntes.png 512w, https:\/\/ccoo.app\/diputacio-de-barcelona\/wp-content\/blogs.dir\/6\/files\/sites\/186\/2023\/04\/preguntes-300x300.png 300w, https:\/\/ccoo.app\/diputacio-de-barcelona\/wp-content\/blogs.dir\/6\/files\/sites\/186\/2023\/04\/preguntes-150x150.png 150w\" sizes=\"auto, (max-width: 512px) 100vw, 512px\" \/><\/figure>\n<\/div>\n\n\n<div style=\"height:25px\" aria-hidden=\"true\" class=\"wp-block-spacer\"><\/div>\n\n\n\n<h3 class=\"gb-headline gb-headline-f5c8f4d8 gb-headline-text\"><strong>No et quedis mai amb el dubte,<br><\/strong>contacta amb CCOO<\/h3>\n\n\n\n<div class=\"wp-block-buttons is-content-justification-center is-layout-flex wp-container-core-buttons-is-layout-16018d1d wp-block-buttons-is-layout-flex\">\n<div class=\"wp-block-button is-style-fill\"><a class=\"wp-block-button__link has-base-3-color has-contrast-2-background-color has-text-color has-background wp-element-button\" href=\"https:\/\/ccoo.app\/diputacio-de-barcelona\/seccio-sindical-de-ccoo\/\" style=\"border-radius:0px\">CONTACTA&#8217;NS<\/a><\/div>\n<\/div>\n\n<\/div>\n\n\n<div style=\"height:40px\" aria-hidden=\"true\" class=\"wp-block-spacer\"><\/div>\n\n\n\n<div class=\"wp-block-group\"><div class=\"wp-block-group__inner-container is-layout-constrained wp-block-group-is-layout-constrained\"><div class=\"gb-grid-wrapper gb-grid-wrapper-d65739e2\">\n<div class=\"gb-grid-column gb-grid-column-ecc8725d\"><div class=\"gb-container gb-container-ecc8725d\"><div class=\"gb-inside-container\">\n<div class=\"wp-block-image\">\n<figure class=\"aligncenter size-full\"><img loading=\"lazy\" decoding=\"async\" width=\"129\" height=\"38\" src=\"https:\/\/ccoo.app\/diputacio-de-barcelona\/wp-content\/blogs.dir\/6\/files\/sites\/186\/2022\/03\/tel.png\" alt=\"Tel\" class=\"wp-image-49915\" \/><\/figure>\n<\/div>\n<\/div><\/div><\/div>\n\n<div class=\"gb-grid-column gb-grid-column-4c28778f\"><div class=\"gb-container gb-container-4c28778f\"><div class=\"gb-inside-container\">\n<div class=\"wp-block-image\">\n<figure class=\"aligncenter size-full\"><a href=\"mailto:ccoo@diba.cat\"><img loading=\"lazy\" decoding=\"async\" width=\"51\" height=\"37\" src=\"https:\/\/ccoo.app\/diputacio-de-barcelona\/wp-content\/blogs.dir\/6\/files\/sites\/186\/2022\/03\/mail.png\" alt=\"Mail\" class=\"wp-image-49916\" \/><\/a><\/figure>\n<\/div>\n<\/div><\/div><\/div>\n\n<div class=\"gb-grid-column gb-grid-column-c6cc0957\"><div class=\"gb-container gb-container-c6cc0957\"><div class=\"gb-inside-container\">\n<div class=\"wp-block-image\">\n<figure class=\"aligncenter size-full\"><a href=\"https:\/\/twitter.com\/ccoodiba\"><img loading=\"lazy\" decoding=\"async\" width=\"44\" height=\"38\" src=\"https:\/\/ccoo.app\/diputacio-de-barcelona\/wp-content\/blogs.dir\/6\/files\/sites\/186\/2022\/03\/tw.png\" alt=\"Tw\" class=\"wp-image-49917\" \/><\/a><\/figure>\n<\/div>\n<\/div><\/div><\/div>\n\n<div class=\"gb-grid-column gb-grid-column-1598237d\"><div class=\"gb-container gb-container-1598237d\"><div class=\"gb-inside-container\">\n<div class=\"wp-block-image\">\n<figure class=\"aligncenter size-full\"><a href=\"https:\/\/www.instagram.com\/ccoo_diba\/\"><img loading=\"lazy\" decoding=\"async\" width=\"45\" height=\"44\" src=\"https:\/\/ccoo.app\/diputacio-de-barcelona\/wp-content\/blogs.dir\/6\/files\/sites\/186\/2022\/03\/ig.png\" alt=\"Ig\" class=\"wp-image-49918\" \/><\/a><\/figure>\n<\/div>\n<\/div><\/div><\/div>\n\n<div class=\"gb-grid-column gb-grid-column-2db731fe\"><div class=\"gb-container gb-container-2db731fe\"><div class=\"gb-inside-container\">\n<div class=\"wp-block-image\">\n<figure class=\"aligncenter size-full\"><a href=\"https:\/\/ccoo.app\/diputacio-de-barcelona\"><img loading=\"lazy\" decoding=\"async\" width=\"39\" height=\"40\" src=\"https:\/\/ccoo.app\/diputacio-de-barcelona\/wp-content\/blogs.dir\/6\/files\/sites\/186\/2022\/03\/www.png\" alt=\"Www\" class=\"wp-image-49919\" \/><\/a><\/figure>\n<\/div>\n<\/div><\/div><\/div>\n\n<div class=\"gb-grid-column gb-grid-column-f3651540\"><div class=\"gb-container gb-container-f3651540\"><div class=\"gb-inside-container\">\n<div class=\"wp-block-image\">\n<figure class=\"aligncenter size-full is-resized\"><a href=\"https:\/\/www.ccoo.cat\/afiliat\/?_sfm_aff_situation=94\"><img loading=\"lazy\" decoding=\"async\" width=\"125\" height=\"38\" src=\"https:\/\/ccoo.app\/diputacio-de-barcelona\/wp-content\/blogs.dir\/6\/files\/sites\/186\/2022\/03\/af.png\" alt=\"Af\" class=\"wp-image-49920\" style=\"width:125px;height:38px\" \/><\/a><\/figure>\n<\/div>\n<\/div><\/div><\/div>\n<\/div><\/div><\/div>\n","protected":false},"excerpt":{"rendered":"<p>La setmana passada es va constituir la Mesa General de Negociaci\u00f3 a la Diputaci\u00f3 de Barcelona derivada de les passades eleccions sindicals del mar\u00e7 de 2023. Com recordareu, els resultats &#8230; <\/p>\n<p class=\"read-more-container\"><a title=\"CONSTITUCI\u00d3 MESA GENERAL DE NEGOCIACI\u00d3 A LA DIPUTACI\u00d3 DE BARCELONA\" class=\"read-more button\" href=\"https:\/\/ccoo.app\/diputacio-de-barcelona\/constitucio-mesa-general-de-negociacio-a-la-diputacio-de-barcelona\/#more-53129\" aria-label=\"Leer m\u00e1s sobre CONSTITUCI\u00d3 MESA GENERAL DE NEGOCIACI\u00d3 A LA DIPUTACI\u00d3 DE BARCELONA\">Continuar llegint<\/a><\/p>\n","protected":false},"author":88639,"featured_media":53133,"comment_status":"closed","ping_status":"closed","sticky":false,"template":"","format":"standard","meta":{"footnotes":""},"categories":[38,19,252],"tags":[],"class_list":["post-53129","post","type-post","status-publish","format-standard","has-post-thumbnail","hentry","category-a-tot-el-personal","category-comunicats","category-app-diba-push","generate-columns","tablet-grid-50","mobile-grid-100","grid-parent","grid-50"],"_links":{"self":[{"href":"https:\/\/ccoo.app\/diputacio-de-barcelona\/wp-json\/wp\/v2\/posts\/53129","targetHints":{"allow":["GET"]}}],"collection":[{"href":"https:\/\/ccoo.app\/diputacio-de-barcelona\/wp-json\/wp\/v2\/posts"}],"about":[{"href":"https:\/\/ccoo.app\/diputacio-de-barcelona\/wp-json\/wp\/v2\/types\/post"}],"author":[{"embeddable":true,"href":"https:\/\/ccoo.app\/diputacio-de-barcelona\/wp-json\/wp\/v2\/users\/88639"}],"replies":[{"embeddable":true,"href":"https:\/\/ccoo.app\/diputacio-de-barcelona\/wp-json\/wp\/v2\/comments?post=53129"}],"version-history":[{"count":5,"href":"https:\/\/ccoo.app\/diputacio-de-barcelona\/wp-json\/wp\/v2\/posts\/53129\/revisions"}],"predecessor-version":[{"id":53151,"href":"https:\/\/ccoo.app\/diputacio-de-barcelona\/wp-json\/wp\/v2\/posts\/53129\/revisions\/53151"}],"wp:featuredmedia":[{"embeddable":true,"href":"https:\/\/ccoo.app\/diputacio-de-barcelona\/wp-json\/wp\/v2\/media\/53133"}],"wp:attachment":[{"href":"https:\/\/ccoo.app\/diputacio-de-barcelona\/wp-json\/wp\/v2\/media?parent=53129"}],"wp:term":[{"taxonomy":"category","embeddable":true,"href":"https:\/\/ccoo.app\/diputacio-de-barcelona\/wp-json\/wp\/v2\/categories?post=53129"},{"taxonomy":"post_tag","embeddable":true,"href":"https:\/\/ccoo.app\/diputacio-de-barcelona\/wp-json\/wp\/v2\/tags?post=53129"}],"curies":[{"name":"wp","href":"https:\/\/api.w.org\/{rel}","templated":true}]}}