{"id":53116,"date":"2023-10-16T10:18:20","date_gmt":"2023-10-16T08:18:20","guid":{"rendered":"https:\/\/ccoo.app\/diputacio-de-barcelona\/?p=53116"},"modified":"2023-10-17T14:04:06","modified_gmt":"2023-10-17T12:04:06","slug":"modificacions-organiques-analisi-de-la-situacio","status":"publish","type":"post","link":"https:\/\/ccoo.app\/diputacio-de-barcelona\/modificacions-organiques-analisi-de-la-situacio\/","title":{"rendered":"MODIFICACIONS ORG\u00c0NIQUES: AN\u00c0LISI DE LA SITUACI\u00d3"},"content":{"rendered":"\n<div style=\"height:40px\" aria-hidden=\"true\" class=\"wp-block-spacer\"><\/div>\n\n\n\n<figure class=\"gb-block-image gb-block-image-1bd8cee7\"><img loading=\"lazy\" decoding=\"async\" width=\"390\" height=\"390\" class=\"gb-image gb-image-1bd8cee7\" src=\"https:\/\/ccoo.app\/diputacio-de-barcelona\/wp-content\/blogs.dir\/6\/files\/sites\/186\/2023\/10\/informacio-modificacions-organiques.jpg\" alt=\"Informacio Modificacions Organiques\" title=\"Informacio Modificacions Organiques\" srcset=\"https:\/\/ccoo.app\/diputacio-de-barcelona\/wp-content\/blogs.dir\/6\/files\/sites\/186\/2023\/10\/informacio-modificacions-organiques.jpg 390w, https:\/\/ccoo.app\/diputacio-de-barcelona\/wp-content\/blogs.dir\/6\/files\/sites\/186\/2023\/10\/informacio-modificacions-organiques-300x300.jpg 300w, https:\/\/ccoo.app\/diputacio-de-barcelona\/wp-content\/blogs.dir\/6\/files\/sites\/186\/2023\/10\/informacio-modificacions-organiques-150x150.jpg 150w\" sizes=\"auto, (max-width: 390px) 100vw, 390px\" \/><\/figure>\n\n\n\n<div style=\"height:40px\" aria-hidden=\"true\" class=\"wp-block-spacer\"><\/div>\n\n\n\n<p class=\"has-text-align-justify\">Si seguiu el Ple ordinari del mes d\u2019octubre de la Diputaci\u00f3 de Barcelona comprovareu que a l\u2019ordre del dia hi ha un punt que tractar\u00e0 sobre <strong>modificacions org\u00e0niques que afecten a la plantilla de la corporaci\u00f3<\/strong>.<\/p>\n\n\n\n<p class=\"has-text-align-justify\"><strong><u>Unes modificacions org\u00e0niques que no han estat negociades amb la part social<\/u><\/strong> (nom\u00e9s una comissi\u00f3 informativa en la qual no tenim capacitat negociadora) tot i que alteren les condicions de treball m\u00e9s b\u00e0siques: <strong><u>afecten als salaris de les persones implicades i l\u2019estructura organitzativa d\u2019alguns serveis.<\/u><\/strong><\/p>\n\n\n\n<p class=\"has-text-align-justify\"><strong><u>Aquesta pr\u00e0ctica la venim denunciant des de Comissions Obreres des de fa temps<\/u><\/strong> i volem deixar clar que no tenim res en contra de les persones que <em>ad hoc <\/em>se\u2019ls hi atorga aquest canvi substancial, al contrari: <strong><u>el que denunciem \u00e9s que no entenem cap a quina direcci\u00f3 vol anar el nou equip de govern amb una pol\u00edtica de RH d\u2019esquenes a la part social i que no mostra cap rumb<\/u><\/strong>.<\/p>\n\n\n\n<p class=\"has-text-align-justify\">I \u00e9s que, durant l\u2019anterior mandat, aquesta pr\u00e0ctica la utilitzava la corporaci\u00f3, un mes s\u00ed i un altre tamb\u00e9. I totes <strong><u>aquestes modificacions mai van tenir cap reparament per part de la Intervenci\u00f3. En canvi, els nostres acords<\/u><\/strong> (com per exemple, el factor de perillositat\/penositat tan necessari per a molts col\u00b7lectius de la DIBA) <strong><u>no es tiren endavant tot i utilitzar la mateixa t\u00e8cnica que les modificacions org\u00e0niques: la valoraci\u00f3 del lloc de treball<\/u><\/strong>. <\/p>\n\n\n\n<p class=\"has-text-align-justify\">Per\u00f2 des de<strong><u> CCOO no ens quedem nom\u00e9s en la queixa per la queixa<\/u><\/strong> i \u00e9s per aix\u00f2 que iniciem una campanya d\u2019an\u00e0lisi i control de cada c\u00e8ntim d\u2019\u20ac i el seu dest\u00ed aix\u00ed com l\u2019an\u00e0lisi dels informes que realitza la Intervenci\u00f3. <\/p>\n\n\n\n<p class=\"has-text-align-justify\">Per qu\u00e8 per uns s\u00ed i per d\u2019altres no?<\/p>\n\n\n\n<div style=\"height:40px\" aria-hidden=\"true\" class=\"wp-block-spacer\"><\/div>\n\n\n\n<figure class=\"gb-block-image gb-block-image-030e8ba7\"><img loading=\"lazy\" decoding=\"async\" width=\"1809\" height=\"2560\" class=\"gb-image gb-image-030e8ba7\" src=\"https:\/\/ccoo.app\/diputacio-de-barcelona\/wp-content\/blogs.dir\/6\/files\/sites\/186\/2023\/10\/sollicitud-estat-execucio-pressupost-2023-scaled.jpg\" alt=\"Sollicitud Estat Execucio Pressupost 2023\" title=\"Sollicitud Estat Execucio Pressupost 2023\" srcset=\"https:\/\/ccoo.app\/diputacio-de-barcelona\/wp-content\/blogs.dir\/6\/files\/sites\/186\/2023\/10\/sollicitud-estat-execucio-pressupost-2023-scaled.jpg 1809w, https:\/\/ccoo.app\/diputacio-de-barcelona\/wp-content\/blogs.dir\/6\/files\/sites\/186\/2023\/10\/sollicitud-estat-execucio-pressupost-2023-212x300.jpg 212w, https:\/\/ccoo.app\/diputacio-de-barcelona\/wp-content\/blogs.dir\/6\/files\/sites\/186\/2023\/10\/sollicitud-estat-execucio-pressupost-2023-724x1024.jpg 724w, https:\/\/ccoo.app\/diputacio-de-barcelona\/wp-content\/blogs.dir\/6\/files\/sites\/186\/2023\/10\/sollicitud-estat-execucio-pressupost-2023-768x1087.jpg 768w, https:\/\/ccoo.app\/diputacio-de-barcelona\/wp-content\/blogs.dir\/6\/files\/sites\/186\/2023\/10\/sollicitud-estat-execucio-pressupost-2023-1085x1536.jpg 1085w, https:\/\/ccoo.app\/diputacio-de-barcelona\/wp-content\/blogs.dir\/6\/files\/sites\/186\/2023\/10\/sollicitud-estat-execucio-pressupost-2023-1447x2048.jpg 1447w\" sizes=\"auto, (max-width: 1809px) 100vw, 1809px\" \/>\n<figcaption class=\"gb-headline gb-headline-14ad2ac5 gb-headline-text\">Sol\u00b7licitud estat execuci\u00f3 pressupost 2023<\/figcaption>\n<\/figure>\n\n\n\n<div style=\"height:40px\" aria-hidden=\"true\" class=\"wp-block-spacer\"><\/div>\n\n\n<div class=\"gb-container gb-container-d4283c0a\">\n<div class=\"wp-block-image\">\n<figure class=\"aligncenter size-full is-resized\"><img loading=\"lazy\" decoding=\"async\" width=\"512\" height=\"512\" src=\"https:\/\/ccoo.app\/diputacio-de-barcelona\/wp-content\/blogs.dir\/6\/files\/sites\/186\/2023\/04\/preguntes.png\" alt=\"Preguntes\" class=\"wp-image-52698\" style=\"width:128px;height:128px\" srcset=\"https:\/\/ccoo.app\/diputacio-de-barcelona\/wp-content\/blogs.dir\/6\/files\/sites\/186\/2023\/04\/preguntes.png 512w, https:\/\/ccoo.app\/diputacio-de-barcelona\/wp-content\/blogs.dir\/6\/files\/sites\/186\/2023\/04\/preguntes-300x300.png 300w, https:\/\/ccoo.app\/diputacio-de-barcelona\/wp-content\/blogs.dir\/6\/files\/sites\/186\/2023\/04\/preguntes-150x150.png 150w\" sizes=\"auto, (max-width: 512px) 100vw, 512px\" \/><\/figure>\n<\/div>\n\n\n<div style=\"height:25px\" aria-hidden=\"true\" class=\"wp-block-spacer\"><\/div>\n\n\n\n<h3 class=\"gb-headline gb-headline-f5c8f4d8 gb-headline-text\"><strong>No et quedis mai amb el dubte,<br><\/strong>contacta amb CCOO<\/h3>\n\n\n\n<div class=\"wp-block-buttons is-content-justification-center is-layout-flex wp-container-core-buttons-is-layout-16018d1d wp-block-buttons-is-layout-flex\">\n<div class=\"wp-block-button is-style-fill\"><a class=\"wp-block-button__link has-base-3-color has-contrast-2-background-color has-text-color has-background wp-element-button\" href=\"https:\/\/ccoo.app\/diputacio-de-barcelona\/seccio-sindical-de-ccoo\/\" style=\"border-radius:0px\">CONTACTA&#8217;NS<\/a><\/div>\n<\/div>\n\n<\/div>\n\n\n<div style=\"height:40px\" aria-hidden=\"true\" class=\"wp-block-spacer\"><\/div>\n\n\n\n<div class=\"wp-block-group\"><div class=\"wp-block-group__inner-container is-layout-constrained wp-block-group-is-layout-constrained\"><div class=\"gb-grid-wrapper gb-grid-wrapper-d65739e2\">\n<div class=\"gb-grid-column gb-grid-column-ecc8725d\"><div class=\"gb-container gb-container-ecc8725d\"><div class=\"gb-inside-container\">\n<div class=\"wp-block-image\">\n<figure class=\"aligncenter size-full\"><img loading=\"lazy\" decoding=\"async\" width=\"129\" height=\"38\" src=\"https:\/\/ccoo.app\/diputacio-de-barcelona\/wp-content\/blogs.dir\/6\/files\/sites\/186\/2022\/03\/tel.png\" alt=\"Tel\" class=\"wp-image-49915\" \/><\/figure>\n<\/div>\n<\/div><\/div><\/div>\n\n<div class=\"gb-grid-column gb-grid-column-4c28778f\"><div class=\"gb-container gb-container-4c28778f\"><div class=\"gb-inside-container\">\n<div class=\"wp-block-image\">\n<figure class=\"aligncenter size-full\"><a href=\"mailto:ccoo@diba.cat\"><img loading=\"lazy\" decoding=\"async\" width=\"51\" height=\"37\" src=\"https:\/\/ccoo.app\/diputacio-de-barcelona\/wp-content\/blogs.dir\/6\/files\/sites\/186\/2022\/03\/mail.png\" alt=\"Mail\" class=\"wp-image-49916\" \/><\/a><\/figure>\n<\/div>\n<\/div><\/div><\/div>\n\n<div class=\"gb-grid-column gb-grid-column-c6cc0957\"><div class=\"gb-container gb-container-c6cc0957\"><div class=\"gb-inside-container\">\n<div class=\"wp-block-image\">\n<figure class=\"aligncenter size-full\"><a href=\"https:\/\/twitter.com\/ccoodiba\"><img loading=\"lazy\" decoding=\"async\" width=\"44\" height=\"38\" src=\"https:\/\/ccoo.app\/diputacio-de-barcelona\/wp-content\/blogs.dir\/6\/files\/sites\/186\/2022\/03\/tw.png\" alt=\"Tw\" class=\"wp-image-49917\" \/><\/a><\/figure>\n<\/div>\n<\/div><\/div><\/div>\n\n<div class=\"gb-grid-column gb-grid-column-1598237d\"><div class=\"gb-container gb-container-1598237d\"><div class=\"gb-inside-container\">\n<div class=\"wp-block-image\">\n<figure class=\"aligncenter size-full\"><a href=\"https:\/\/www.instagram.com\/ccoo_diba\/\"><img loading=\"lazy\" decoding=\"async\" width=\"45\" height=\"44\" src=\"https:\/\/ccoo.app\/diputacio-de-barcelona\/wp-content\/blogs.dir\/6\/files\/sites\/186\/2022\/03\/ig.png\" alt=\"Ig\" class=\"wp-image-49918\" \/><\/a><\/figure>\n<\/div>\n<\/div><\/div><\/div>\n\n<div class=\"gb-grid-column gb-grid-column-2db731fe\"><div class=\"gb-container gb-container-2db731fe\"><div class=\"gb-inside-container\">\n<div class=\"wp-block-image\">\n<figure class=\"aligncenter size-full\"><a href=\"https:\/\/ccoo.app\/diputacio-de-barcelona\"><img loading=\"lazy\" decoding=\"async\" width=\"39\" height=\"40\" src=\"https:\/\/ccoo.app\/diputacio-de-barcelona\/wp-content\/blogs.dir\/6\/files\/sites\/186\/2022\/03\/www.png\" alt=\"Www\" class=\"wp-image-49919\" \/><\/a><\/figure>\n<\/div>\n<\/div><\/div><\/div>\n\n<div class=\"gb-grid-column gb-grid-column-f3651540\"><div class=\"gb-container gb-container-f3651540\"><div class=\"gb-inside-container\">\n<div class=\"wp-block-image\">\n<figure class=\"aligncenter size-full is-resized\"><a href=\"https:\/\/www.ccoo.cat\/afiliat\/?_sfm_aff_situation=94\"><img loading=\"lazy\" decoding=\"async\" width=\"125\" height=\"38\" src=\"https:\/\/ccoo.app\/diputacio-de-barcelona\/wp-content\/blogs.dir\/6\/files\/sites\/186\/2022\/03\/af.png\" alt=\"Af\" class=\"wp-image-49920\" style=\"width:125px;height:38px\" \/><\/a><\/figure>\n<\/div>\n<\/div><\/div><\/div>\n<\/div><\/div><\/div>\n","protected":false},"excerpt":{"rendered":"<p>Si seguiu el Ple ordinari del mes d\u2019octubre de la Diputaci\u00f3 de Barcelona comprovareu que a l\u2019ordre del dia hi ha un punt que tractar\u00e0 sobre modificacions org\u00e0niques que afecten &#8230; <\/p>\n<p class=\"read-more-container\"><a title=\"MODIFICACIONS ORG\u00c0NIQUES: AN\u00c0LISI DE LA SITUACI\u00d3\" class=\"read-more button\" href=\"https:\/\/ccoo.app\/diputacio-de-barcelona\/modificacions-organiques-analisi-de-la-situacio\/#more-53116\" aria-label=\"Leer m\u00e1s sobre MODIFICACIONS ORG\u00c0NIQUES: AN\u00c0LISI DE LA SITUACI\u00d3\">Continuar llegint<\/a><\/p>\n","protected":false},"author":88639,"featured_media":53117,"comment_status":"closed","ping_status":"closed","sticky":false,"template":"","format":"standard","meta":{"footnotes":""},"categories":[38,252],"tags":[],"class_list":["post-53116","post","type-post","status-publish","format-standard","has-post-thumbnail","hentry","category-a-tot-el-personal","category-app-diba-push","generate-columns","tablet-grid-50","mobile-grid-100","grid-parent","grid-50"],"_links":{"self":[{"href":"https:\/\/ccoo.app\/diputacio-de-barcelona\/wp-json\/wp\/v2\/posts\/53116","targetHints":{"allow":["GET"]}}],"collection":[{"href":"https:\/\/ccoo.app\/diputacio-de-barcelona\/wp-json\/wp\/v2\/posts"}],"about":[{"href":"https:\/\/ccoo.app\/diputacio-de-barcelona\/wp-json\/wp\/v2\/types\/post"}],"author":[{"embeddable":true,"href":"https:\/\/ccoo.app\/diputacio-de-barcelona\/wp-json\/wp\/v2\/users\/88639"}],"replies":[{"embeddable":true,"href":"https:\/\/ccoo.app\/diputacio-de-barcelona\/wp-json\/wp\/v2\/comments?post=53116"}],"version-history":[{"count":5,"href":"https:\/\/ccoo.app\/diputacio-de-barcelona\/wp-json\/wp\/v2\/posts\/53116\/revisions"}],"predecessor-version":[{"id":53128,"href":"https:\/\/ccoo.app\/diputacio-de-barcelona\/wp-json\/wp\/v2\/posts\/53116\/revisions\/53128"}],"wp:featuredmedia":[{"embeddable":true,"href":"https:\/\/ccoo.app\/diputacio-de-barcelona\/wp-json\/wp\/v2\/media\/53117"}],"wp:attachment":[{"href":"https:\/\/ccoo.app\/diputacio-de-barcelona\/wp-json\/wp\/v2\/media?parent=53116"}],"wp:term":[{"taxonomy":"category","embeddable":true,"href":"https:\/\/ccoo.app\/diputacio-de-barcelona\/wp-json\/wp\/v2\/categories?post=53116"},{"taxonomy":"post_tag","embeddable":true,"href":"https:\/\/ccoo.app\/diputacio-de-barcelona\/wp-json\/wp\/v2\/tags?post=53116"}],"curies":[{"name":"wp","href":"https:\/\/api.w.org\/{rel}","templated":true}]}}