{"id":53109,"date":"2023-10-09T08:45:34","date_gmt":"2023-10-09T06:45:34","guid":{"rendered":"https:\/\/ccoo.app\/diputacio-de-barcelona\/?p=53109"},"modified":"2023-10-17T14:04:07","modified_gmt":"2023-10-17T12:04:07","slug":"aplicacio-increment-addicional-del-05-2023","status":"publish","type":"post","link":"https:\/\/ccoo.app\/diputacio-de-barcelona\/aplicacio-increment-addicional-del-05-2023\/","title":{"rendered":"APLICACI\u00d3 INCREMENT ADDICIONAL DEL 0,5% 2023"},"content":{"rendered":"\n<div style=\"height:40px\" aria-hidden=\"true\" class=\"wp-block-spacer\"><\/div>\n\n\n\n<figure class=\"gb-block-image gb-block-image-1bd8cee7\"><img loading=\"lazy\" decoding=\"async\" width=\"390\" height=\"390\" class=\"gb-image gb-image-1bd8cee7\" src=\"https:\/\/ccoo.app\/diputacio-de-barcelona\/wp-content\/blogs.dir\/6\/files\/sites\/186\/2023\/10\/informacio-increment-salarial.jpg\" alt=\"Informacio Increment Salarial\" title=\"Informacio Increment Salarial\" srcset=\"https:\/\/ccoo.app\/diputacio-de-barcelona\/wp-content\/blogs.dir\/6\/files\/sites\/186\/2023\/10\/informacio-increment-salarial.jpg 390w, https:\/\/ccoo.app\/diputacio-de-barcelona\/wp-content\/blogs.dir\/6\/files\/sites\/186\/2023\/10\/informacio-increment-salarial-300x300.jpg 300w, https:\/\/ccoo.app\/diputacio-de-barcelona\/wp-content\/blogs.dir\/6\/files\/sites\/186\/2023\/10\/informacio-increment-salarial-150x150.jpg 150w\" sizes=\"auto, (max-width: 390px) 100vw, 390px\" \/><\/figure>\n\n\n\n<div style=\"height:40px\" aria-hidden=\"true\" class=\"wp-block-spacer\"><\/div>\n\n\n\n<p>El Consell de Ministres del 3 d\u2019octubre de 2023 va acordar i aprovar un <strong><span style=\"text-decoration: underline\" class=\"ek-underline\">increment retributiu addicional del 0,5% per al conjunt de treballadors i treballadores de les administracions p\u00fabliques<\/span><\/strong> amb la finalitat de compensar la p\u00e8rdua de poder adquisitiu provocada per l\u2019elevada inflaci\u00f3. Aquesta mesura es va <strong><span style=\"text-decoration: underline\" class=\"ek-underline\">acordar amb CCOO<\/span><\/strong> com un dels sindicats majoritaris i est\u00e0 recollida en els pressupostos generals de l\u2019Estat per al 2023.<\/p>\n\n\n\n<p>Est\u00e0 previst que la <strong><span style=\"text-decoration: underline\" class=\"ek-underline\">Diputaci\u00f3 de Barcelona<\/span><\/strong> aprovi en la propera sessi\u00f3 prevista pel 26 d\u2019octubre, l&#8217;<strong><span style=\"text-decoration: underline\" class=\"ek-underline\">actualitzaci\u00f3 de les retribucions<\/span><\/strong> derivada de l\u2019aplicaci\u00f3 de l\u2019increment addicional vinculat a l\u2019IPC previst a l\u2019article 19, apartat 2,a) de la vigent LGPE (Llei de pressupostos generals de l&#8217;Estat).<\/p>\n\n\n\n<p>Aquesta actualitzaci\u00f3 es traduir\u00e0 en l\u2019<strong><span style=\"text-decoration: underline\" class=\"ek-underline\">aplicaci\u00f3 de l\u2019increment retributiu addicional m\u00e0xim del 0,5%<\/span><\/strong>, aix\u00ed com, dels <strong><span style=\"text-decoration: underline\" class=\"ek-underline\">efectes retroactius derivats<\/span><\/strong> (d\u20191 de gener a 31 d\u2019octubre de 2023) en la <strong><span style=\"text-decoration: underline\" class=\"ek-underline\">n\u00f2mina del proper mes de novembre<\/span><\/strong>. L\u2019Acord del Ple resulta d&#8217;<strong><span style=\"text-decoration: underline\" class=\"ek-underline\">aplicaci\u00f3 directa<\/span><\/strong> al personal que presta els seus serveis a la Diputaci\u00f3 de Barcelona i als seus organismes aut\u00f2noms, aix\u00ed com a la Xarxa Audiovisual Local, SL, qualsevol que sigui el seu r\u00e8gim jur\u00eddic.<\/p>\n\n\n\n<p>Per tant, <strong><span style=\"text-decoration: underline\" class=\"ek-underline\">a la n\u00f2mina de novembre ja tindrem aplicat el 0,5% actualitzat a m\u00e9s a m\u00e9s dels efectes retroactius des de gener fins a l\u2019octubre de manera lineal<\/span><\/strong>. Cal recordar que a la n\u00f2mina de novembre tamb\u00e9 tindrem la <strong><span style=\"text-decoration: underline\" class=\"ek-underline\">millora social ordin\u00e0ria<\/span><\/strong>.<\/p>\n\n\n\n<p>M\u00e9s informaci\u00f3 a la <a href=\"https:\/\/ccoo.app\/diputacio-de-barcelona\/wp-content\/blogs.dir\/6\/files\/sites\/186\/2023\/10\/resolucion-de-4-de-octubre-de-2023-de-la-secretaria-de-estado-de-funcion-publica-.pdf\" class=\"ek-link\"><span style=\"text-decoration: underline\" class=\"ek-underline\">publicaci\u00f3 al BOE del passat dijous 5 d&#8217;octubre de 2023<\/span><\/a> <em>(\u00abResoluci\u00f3n&nbsp;de 4&nbsp;de octubre&nbsp;de 2023, de la&nbsp;Secretar\u00eda&nbsp;de Estado&nbsp;de&nbsp;Funci\u00f3n&nbsp;P\u00fablica, por la que&nbsp;se publica&nbsp;el Acuerdo&nbsp;del&nbsp;Consejo&nbsp;de&nbsp;Ministros&nbsp;de 3&nbsp;de octubre&nbsp;de 2023, por el que se&nbsp;aprueba&nbsp;el incremento&nbsp;del 0,5&nbsp;por&nbsp;ciento&nbsp;en&nbsp;las&nbsp;retribuciones&nbsp;del personal al&nbsp;servicio&nbsp;del sector&nbsp;p\u00fablico&nbsp;en&nbsp;aplicaci\u00f3n&nbsp;de&nbsp;lo&nbsp;previsto&nbsp;en&nbsp;el art\u00edculo&nbsp;19. Dos.2.a) de la&nbsp;Ley&nbsp;31\/2022, de 23 de&nbsp;diciembre, de&nbsp;Presupuestos&nbsp;Generales&nbsp;del Estado&nbsp;para&nbsp;el a\u00f1o&nbsp;2023\u00bb)<\/em><\/p>\n\n\n\n<div style=\"height:40px\" aria-hidden=\"true\" class=\"wp-block-spacer\"><\/div>\n\n\n<div class=\"gb-container gb-container-d4283c0a\">\n<div class=\"wp-block-image\">\n<figure class=\"aligncenter size-full is-resized\"><img loading=\"lazy\" decoding=\"async\" src=\"https:\/\/ccoo.app\/diputacio-de-barcelona\/wp-content\/blogs.dir\/6\/files\/sites\/186\/2023\/04\/preguntes.png\" alt=\"Preguntes\" class=\"wp-image-52698\" style=\"width:128px;height:128px\" width=\"128\" height=\"128\" srcset=\"https:\/\/ccoo.app\/diputacio-de-barcelona\/wp-content\/blogs.dir\/6\/files\/sites\/186\/2023\/04\/preguntes.png 512w, https:\/\/ccoo.app\/diputacio-de-barcelona\/wp-content\/blogs.dir\/6\/files\/sites\/186\/2023\/04\/preguntes-300x300.png 300w, https:\/\/ccoo.app\/diputacio-de-barcelona\/wp-content\/blogs.dir\/6\/files\/sites\/186\/2023\/04\/preguntes-150x150.png 150w\" sizes=\"auto, (max-width: 128px) 100vw, 128px\" \/><\/figure>\n<\/div>\n\n\n<div style=\"height:25px\" aria-hidden=\"true\" class=\"wp-block-spacer\"><\/div>\n\n\n\n<h3 class=\"gb-headline gb-headline-f5c8f4d8 gb-headline-text\"><strong>No et quedis mai amb el dubte,<br><\/strong>contacta amb CCOO<\/h3>\n\n\n\n<div class=\"wp-block-buttons is-content-justification-center is-layout-flex wp-container-core-buttons-is-layout-16018d1d wp-block-buttons-is-layout-flex\">\n<div class=\"wp-block-button is-style-fill\"><a class=\"wp-block-button__link has-base-3-color has-contrast-2-background-color has-text-color has-background wp-element-button\" href=\"https:\/\/ccoo.app\/diputacio-de-barcelona\/seccio-sindical-de-ccoo\/\" style=\"border-radius:0px\">CONTACTA&#8217;NS<\/a><\/div>\n<\/div>\n\n<\/div>\n\n\n<div style=\"height:40px\" aria-hidden=\"true\" class=\"wp-block-spacer\"><\/div>\n\n\n\n<div class=\"wp-block-group\"><div class=\"wp-block-group__inner-container is-layout-constrained wp-block-group-is-layout-constrained\"><div class=\"gb-grid-wrapper gb-grid-wrapper-d65739e2\">\n<div class=\"gb-grid-column gb-grid-column-ecc8725d\"><div class=\"gb-container gb-container-ecc8725d\"><div class=\"gb-inside-container\">\n<div class=\"wp-block-image\">\n<figure class=\"aligncenter size-full\"><img loading=\"lazy\" decoding=\"async\" width=\"129\" height=\"38\" src=\"https:\/\/ccoo.app\/diputacio-de-barcelona\/wp-content\/blogs.dir\/6\/files\/sites\/186\/2022\/03\/tel.png\" alt=\"Tel\" class=\"wp-image-49915\" \/><\/figure>\n<\/div>\n<\/div><\/div><\/div>\n\n<div class=\"gb-grid-column gb-grid-column-4c28778f\"><div class=\"gb-container gb-container-4c28778f\"><div class=\"gb-inside-container\">\n<div class=\"wp-block-image\">\n<figure class=\"aligncenter size-full\"><a href=\"mailto:ccoo@diba.cat\"><img loading=\"lazy\" decoding=\"async\" width=\"51\" height=\"37\" src=\"https:\/\/ccoo.app\/diputacio-de-barcelona\/wp-content\/blogs.dir\/6\/files\/sites\/186\/2022\/03\/mail.png\" alt=\"Mail\" class=\"wp-image-49916\" \/><\/a><\/figure>\n<\/div>\n<\/div><\/div><\/div>\n\n<div class=\"gb-grid-column gb-grid-column-c6cc0957\"><div class=\"gb-container gb-container-c6cc0957\"><div class=\"gb-inside-container\">\n<div class=\"wp-block-image\">\n<figure class=\"aligncenter size-full\"><a href=\"https:\/\/twitter.com\/ccoodiba\"><img loading=\"lazy\" decoding=\"async\" width=\"44\" height=\"38\" src=\"https:\/\/ccoo.app\/diputacio-de-barcelona\/wp-content\/blogs.dir\/6\/files\/sites\/186\/2022\/03\/tw.png\" alt=\"Tw\" class=\"wp-image-49917\" \/><\/a><\/figure>\n<\/div>\n<\/div><\/div><\/div>\n\n<div class=\"gb-grid-column gb-grid-column-1598237d\"><div class=\"gb-container gb-container-1598237d\"><div class=\"gb-inside-container\">\n<div class=\"wp-block-image\">\n<figure class=\"aligncenter size-full\"><a href=\"https:\/\/www.instagram.com\/ccoo_diba\/\"><img loading=\"lazy\" decoding=\"async\" width=\"45\" height=\"44\" src=\"https:\/\/ccoo.app\/diputacio-de-barcelona\/wp-content\/blogs.dir\/6\/files\/sites\/186\/2022\/03\/ig.png\" alt=\"Ig\" class=\"wp-image-49918\" \/><\/a><\/figure>\n<\/div>\n<\/div><\/div><\/div>\n\n<div class=\"gb-grid-column gb-grid-column-2db731fe\"><div class=\"gb-container gb-container-2db731fe\"><div class=\"gb-inside-container\">\n<div class=\"wp-block-image\">\n<figure class=\"aligncenter size-full\"><a href=\"https:\/\/ccoo.app\/diputacio-de-barcelona\"><img loading=\"lazy\" decoding=\"async\" width=\"39\" height=\"40\" src=\"https:\/\/ccoo.app\/diputacio-de-barcelona\/wp-content\/blogs.dir\/6\/files\/sites\/186\/2022\/03\/www.png\" alt=\"Www\" class=\"wp-image-49919\" \/><\/a><\/figure>\n<\/div>\n<\/div><\/div><\/div>\n\n<div class=\"gb-grid-column gb-grid-column-f3651540\"><div class=\"gb-container gb-container-f3651540\"><div class=\"gb-inside-container\">\n<div class=\"wp-block-image\">\n<figure class=\"aligncenter size-full is-resized\"><a href=\"https:\/\/www.ccoo.cat\/afiliat\/?_sfm_aff_situation=94\"><img loading=\"lazy\" decoding=\"async\" src=\"https:\/\/ccoo.app\/diputacio-de-barcelona\/wp-content\/blogs.dir\/6\/files\/sites\/186\/2022\/03\/af.png\" alt=\"Af\" class=\"wp-image-49920\" style=\"width:125px;height:38px\" width=\"125\" height=\"38\" \/><\/a><\/figure>\n<\/div>\n<\/div><\/div><\/div>\n<\/div><\/div><\/div>\n","protected":false},"excerpt":{"rendered":"<p>El Consell de Ministres del 3 d\u2019octubre de 2023 va acordar i aprovar un increment retributiu addicional del 0,5% per al conjunt de treballadors i treballadores de les administracions p\u00fabliques &#8230; <\/p>\n<p class=\"read-more-container\"><a title=\"APLICACI\u00d3 INCREMENT ADDICIONAL DEL 0,5% 2023\" class=\"read-more button\" href=\"https:\/\/ccoo.app\/diputacio-de-barcelona\/aplicacio-increment-addicional-del-05-2023\/#more-53109\" aria-label=\"Leer m\u00e1s sobre APLICACI\u00d3 INCREMENT ADDICIONAL DEL 0,5% 2023\">Continuar llegint<\/a><\/p>\n","protected":false},"author":88639,"featured_media":53110,"comment_status":"closed","ping_status":"closed","sticky":false,"template":"","format":"standard","meta":{"footnotes":""},"categories":[38,19,252],"tags":[],"class_list":["post-53109","post","type-post","status-publish","format-standard","has-post-thumbnail","hentry","category-a-tot-el-personal","category-comunicats","category-app-diba-push","generate-columns","tablet-grid-50","mobile-grid-100","grid-parent","grid-50"],"_links":{"self":[{"href":"https:\/\/ccoo.app\/diputacio-de-barcelona\/wp-json\/wp\/v2\/posts\/53109","targetHints":{"allow":["GET"]}}],"collection":[{"href":"https:\/\/ccoo.app\/diputacio-de-barcelona\/wp-json\/wp\/v2\/posts"}],"about":[{"href":"https:\/\/ccoo.app\/diputacio-de-barcelona\/wp-json\/wp\/v2\/types\/post"}],"author":[{"embeddable":true,"href":"https:\/\/ccoo.app\/diputacio-de-barcelona\/wp-json\/wp\/v2\/users\/88639"}],"replies":[{"embeddable":true,"href":"https:\/\/ccoo.app\/diputacio-de-barcelona\/wp-json\/wp\/v2\/comments?post=53109"}],"version-history":[{"count":4,"href":"https:\/\/ccoo.app\/diputacio-de-barcelona\/wp-json\/wp\/v2\/posts\/53109\/revisions"}],"predecessor-version":[{"id":53115,"href":"https:\/\/ccoo.app\/diputacio-de-barcelona\/wp-json\/wp\/v2\/posts\/53109\/revisions\/53115"}],"wp:featuredmedia":[{"embeddable":true,"href":"https:\/\/ccoo.app\/diputacio-de-barcelona\/wp-json\/wp\/v2\/media\/53110"}],"wp:attachment":[{"href":"https:\/\/ccoo.app\/diputacio-de-barcelona\/wp-json\/wp\/v2\/media?parent=53109"}],"wp:term":[{"taxonomy":"category","embeddable":true,"href":"https:\/\/ccoo.app\/diputacio-de-barcelona\/wp-json\/wp\/v2\/categories?post=53109"},{"taxonomy":"post_tag","embeddable":true,"href":"https:\/\/ccoo.app\/diputacio-de-barcelona\/wp-json\/wp\/v2\/tags?post=53109"}],"curies":[{"name":"wp","href":"https:\/\/api.w.org\/{rel}","templated":true}]}}