{"id":530,"date":"2016-09-21T13:53:29","date_gmt":"2016-09-21T12:53:29","guid":{"rendered":"https:\/\/diba.ccoo.cat\/?p=530"},"modified":"2016-09-21T13:53:29","modified_gmt":"2016-09-21T12:53:29","slug":"negociacions-2016-2017","status":"publish","type":"post","link":"https:\/\/ccoo.app\/diputacio-de-barcelona\/negociacions-2016-2017\/","title":{"rendered":"NEGOCIACIONS 2016 &#8211; 2017"},"content":{"rendered":"<p>&nbsp;<\/p>\n<p><img loading=\"lazy\" decoding=\"async\" class=\"wp-image-189\" title=\"Secci\u00f3 Sindical de la Diutaci\u00f3 de Barcelona de la Federaci\u00f3 Sindical de Catalunya\" src=\"http:\/\/ccoo.app\/diputacio-de-barcelona\/wp-content\/blogs.dir\/6\/files\/sites\/186\/2015\/12\/ccoo-fsc-cat.png\" alt=\"Secci\u00f3 Sindical de la Diputaci\u00f3 de Barcelona de la Federaci\u00f3 Sindical de Catalunya\" width=\"469\" height=\"90\" \/><\/p>\n<p class=\"wp-caption-text\">Secci\u00f3 Sindical de la Diputaci\u00f3 de Barcelona<\/p>\n<h3 style=\"text-align: center\"><\/h3>\n<h3 class=\"widget-title\">NEGOCIACIONS 2016 &#8211; 2017<\/h3>\n<h3 style=\"text-align: center\"><strong><span style=\"color: #ff0000\">NEGOCIACIONS 2016 &#8211; 2017<\/span><\/strong><\/h3>\n<p style=\"text-align: center\"><span style=\"color: #ff0000\">-20 SETEMBRE DE 2016-<\/span><\/p>\n<h3 style=\"text-align: center\"><\/h3>\n<h3 style=\"text-align: center\">RECORDEU! AJUTS SOCIALS 2016<br \/>\nDATA L\u00cdMIT DE PRESENTACI\u00d3 D\u2019INST\u00c0NCIES \uf0e0 DIVENDRES 30 DE SETEMBRE DEL 2016<\/h3>\n<p style=\"text-align: center\"><strong>NEGOCIACIONS 2016-2017\u00a0\u00a0\u00a0\u00a0<\/strong><\/p>\n<p style=\"text-align: justify\">Dijous\u00a0 20\u00a0 d\u2019octubre\u00a0 estem\u00a0 convocats\u00a0 a\u00a0 la\u00a0 primera\u00a0 reuni\u00f3\u00a0 de\u00a0 la\u00a0 Mesa\u00a0 General\u00a0 de Negociaci\u00f3 (MGN)despr\u00e9s de les vacances d\u2019estiu. Entre d\u2019altres temes, tractarem la <span style=\"color: #3366ff\"><strong>IMPLEMENTACI\u00d3 DE L\u2019ACORD SOBRE EL PERSONAL INTER\u00cd:<\/strong><\/span><\/p>\n<p style=\"text-align: center\"><span style=\"color: #0000ff\"><a style=\"color: #0000ff\" href=\"http:\/\/intradiba.diba.cat\/documents\/28776273\/0\/Acord+personal+interi+Pla+estabilitat\/8b54cf92-9808-458b-9fb1-76f8158e5923\">http:\/\/intradiba.diba.cat\/documents\/28776273\/0\/Acord+personal+interi+Pla+estabilitat\/8b54cf92-9808-458b-9fb1-76f8158e5923<\/a><\/span><\/p>\n<p style=\"text-align: justify\">Aprofitem per fer-vos\u00a0 extensiva\u00a0 la\u00a0 valoraci\u00f3\u00a0 de\u00a0 CCOO sobre\u00a0 les darreres\u00a0 i\u00a0 importants sent\u00e8ncies del Tribunal de Just\u00edcia de la UE respecte al <span style=\"color: #3366ff\"><strong>personal inter\u00ed:<\/strong><\/span><span style=\"color: #3366ff\"><br \/>\n<\/span><\/p>\n<p style=\"text-align: center\"><span style=\"color: #0000ff\"><a style=\"color: #0000ff\" href=\"http:\/\/www.ccoo.es\/noticia:206987--CCOO_exige_la_revision_de_la_actual_normativa_para_acabar_con_la_precarizacion_del_empleo_publico\">http:\/\/www.ccoo.es\/noticia:206987&#8211;CCOO_exige_la_revision_de_la_actual_normativa_para_acabar_con_la_precarizacion_del_empleo_publico<\/a><\/span><\/p>\n<p style=\"text-align: center\"><span style=\"color: #0000ff\">\u00a0<a style=\"color: #0000ff\" href=\"http:\/\/www.eldiario.es\/tribunaabierta\/temporalidad-espanol-cuestionada-sentencias-europeas_6_559654059.html\">http:\/\/www.eldiario.es\/tribunaabierta\/temporalidad-espanol-cuestionada-sentencias-europeas_6_559654059.html<\/a><\/span><\/p>\n<p style=\"text-align: center\">\u00a0Des\u00a0 de\u00a0 CCOO\u00a0 a\u00a0 la\u00a0 Diputaci\u00f3,\u00a0 considerem\u00a0 que\u00a0 s\u2019ha\u00a0 de\u00a0 tornar\u00a0 a\u00a0 la\u00a0 negociaci\u00f3\u00a0 el\u00a0 m\u00e9s aviat\u00a0\u00a0 possible.\u00a0\u00a0 S\u2019han\u00a0\u00a0 de\u00a0\u00a0 reprendre\u00a0\u00a0 sense\u00a0\u00a0 m\u00e9s\u00a0\u00a0 dilacions\u00a0\u00a0 les\u00a0\u00a0 negociacions\u00a0\u00a0 del <span style=\"text-decoration: underline\"><strong><span style=\"color: #3366ff;text-decoration: underline\">REGLAMENT DE GESTI\u00d3 DE BORSES DE TREBALL.<\/span><\/strong><\/span><\/p>\n<p style=\"text-align: left\">S\u2019han d\u2019executar ja els <span style=\"text-decoration: underline\"><strong><span style=\"color: #3366ff;text-decoration: underline\">PAMOS 2014 i 2015<\/span><\/strong><\/span>, i tancar el <span style=\"text-decoration: underline\"><strong><span style=\"color: #3366ff;text-decoration: underline\">PAMO 2016<\/span><\/strong><\/span>. (Respecte aquest \u00faltim encara tenim dubtes que se\u2019ns hauran d\u2019aclarir).<br \/>\nNo\u00a0 nom\u00e9s\u00a0 s\u2019han\u00a0 de\u00a0 fer\u00a0 reclassificacions,\u00a0 sin\u00f3 <span style=\"text-decoration: underline\"><span style=\"color: #3366ff;text-decoration: underline\">s\u2019han\u00a0de\u00a0tornar\u00a0a impulsar novament\u00a0les\u00a0convocat\u00f2ries\u00a0 de\u00a0promoci\u00f3 interna.<\/span><\/span><br \/>\nL\u2019actual\u00a0 manca\u00a0 de convocat\u00f2ries, des del nostre punt de vista, \u00e9s inadmissible:<\/p>\n<p style=\"text-align: center\"><span style=\"color: #0000ff\"><a style=\"color: #0000ff\" href=\"http:\/\/intradiba.diba.cat\/web\/seleccio-i-provisio\/interinatges\">http:\/\/intradiba.diba.cat\/web\/seleccio-i-provisio\/interinatges<\/a><\/span><\/p>\n<p style=\"text-align: center\"><strong>ELS TEMES QUE S\u2019HAN DE NEGOCIAR PRIORIT\u00c0RIAMENT:<\/strong><\/p>\n<p><span style=\"text-decoration: underline\"><strong><span style=\"color: #3366ff;text-decoration: underline\">CARRERA PROFESSIONAL<\/span><\/strong><\/span><\/p>\n<p style=\"text-align: justify\">No\u00a0 ens\u00a0 conformem\u00a0 que\u00a0 el\u00a0 Pla\u00a0 de\u00a0 mandat\u00a0 corporatiu\u00a0 contempli\u00a0 una\u00a0 carrera\u00a0 pel personal de la DiBa ni que se\u2019ns digui que ja es negociar\u00e0. (No pot ser d\u2019una altra manera,\u00a0 \u00e9s\u00a0 un\u00a0 dret\u00a0 reconegut\u00a0 a\u00a0 l\u2019EBEP).<br \/>\nVolem\u00a0 que\u00a0 es\u00a0 negoci\u00ef\u00a0 ja\u00a0 i\u00a0 es\u00a0 parli\u00a0 no nom\u00e9s\u00a0 d\u2019una\u00a0 nova\u00a0 carrera\u00a0 sin\u00f3\u00a0 de totes\u00a0 les convocat\u00f2ries\u00a0 endarrerides\u00a0 des del 2011.<\/p>\n<p>En aquest sentit, seguim demanant-vos el vostre recolzament a la nostra petici\u00f3 a<strong> Change.org:<\/strong><\/p>\n<p style=\"text-align: center\"><span style=\"color: #0000ff\"><a style=\"color: #0000ff\" href=\"https:\/\/www.change.org\/p\/presidenta-de-la-diputaci%C3%B3-de-barcelona-volem-la-carrera-professional-a-la-diba\">https:\/\/www.change.org\/p\/presidenta-de-la-diputaci%C3%B3-de-barcelona-volem-la-carrera-professional-a-la-diba<\/a><\/span><\/p>\n<p><strong><span style=\"text-decoration: underline\"><span style=\"color: #3366ff;text-decoration: underline\">REGLAMENT DE PROVISI\u00d3<\/span><\/span><\/strong><\/p>\n<p>\u00c9s urgent una modificaci\u00f3 i actualitzaci\u00f3.<\/p>\n<p><span style=\"text-decoration: underline\"><span style=\"color: #3366ff;text-decoration: underline\"><strong>PLA DE JUBILACI\u00d3<\/strong><\/span><\/span><\/p>\n<p style=\"text-align: justify\">Incentius\u00a0\u00a0 a\u00a0\u00a0 la\u00a0\u00a0 jubilaci\u00f3\u00a0\u00a0 anticipada,\u00a0\u00a0 jornades\u00a0 redu\u00efdes, jubilacions parcials,\u00a0 implementaci\u00f3\u00a0 de\u00a0 mesures\u00a0 especials\u00a0 per\u00a0 al\u00a0 col\u00b7lectiu\u00a0 amb condicions de treball penoses, d\u2019intemp\u00e8rie, nocturnitat, etc.<br \/>\nTamb\u00e9 per a persones amb capacitats diverses.<\/p>\n<p><strong>S\u2019HAN DE CONVOCAR LES SEG\u00dcENTS COMISSIONS:<\/strong><\/p>\n<p><strong><span style=\"text-decoration: underline\"><span style=\"color: #3366ff;text-decoration: underline\">COMISSI\u00d3 D\u2019INCID\u00c8NCIES<\/span> <\/span><\/strong>(Actualitzaci\u00f3 del Manual).<\/p>\n<p>Jornada\u00a0 sencera\u00a0 per\u00a0 a\u00a0 proves\u00a0 diagn\u00f2stiques\u00a0 com,\u00a0 per\u00a0 exemple,\u00a0 la colonosc\u00f2pia entre d\u2019altres.<\/p>\n<p>Unificaci\u00f3 de criteri respecte al temps \u201cnecessari\u201d per a visita m\u00e8dica.<\/p>\n<p>Fraccionament del perm\u00eds per ingr\u00e9s d\u2019un familiar, etc.<\/p>\n<p><span style=\"color: #3366ff;text-decoration: underline\"><strong>COMISSI\u00d3 DE SEGUIMENT DE M\u00daTUA<\/strong><\/span><\/p>\n<p><span style=\"color: #3366ff;text-decoration: underline\"><strong>COMISSI\u00d3 DE PLANILLES<\/strong><\/span><\/p>\n<p style=\"text-align: justify\"><span style=\"color: #3366ff;text-decoration: underline\"><strong>COMISSI\u00d3 D EBIBLIOTEQUES XBM<\/strong><\/span> Insistirem\u00a0 en\u00a0 un\u00a0 comprom\u00eds adquirit\u00a0 fa\u00a0 m\u00e9s\u00a0 d\u2019un\u00a0 any\u00a0 en\u00a0 MGN\u00a0 per\u00a0 a\u00a0 que <span style=\"color: #3366ff\">es\u00a0 constitueixi\u00a0 sense\u00a0 m\u00e9s dilacions\u00a0 aquesta\u00a0 comissi\u00f3<\/span>. Ha\u00a0 de\u00a0 ser\u00a0 un\u00a0 espai on\u00a0 trobar\u00a0 solucions\u00a0 als problemes i necessitats espec\u00edfiques d\u2019aquest col\u00b7lectiu.<\/p>\n<p><strong><span style=\"color: #3366ff\"><span style=\"text-decoration: underline\">CONCILIACI\u00d3 PERSONAL, FAMILIAR I LABORAL<\/span>\u00a0\u00a0 <\/span><\/strong>S\u2019han\u00a0\u00a0 d\u2019implementar noves mesures com per exemple:<\/p>\n<p style=\"text-align: justify\">Eliminar la restricci\u00f3 de flexibilitat d\u2019una hora al personal amb reducci\u00f3.<br \/>\nAbs\u00e8ncia\u00a0\u00a0 retribu\u00efda\u00a0\u00a0 per\u00a0\u00a0 acompanyar\u00a0\u00a0 fill\/filla\u00a0\u00a0 a\u00a0\u00a0 reunions\u00a0\u00a0 al\u00a0\u00a0 centre educatiu o centre sanitari.<br \/>\nCercar\u00a0 f\u00f3rmules\u00a0 per\u00a0 ampliar\u00a0 la\u00a0 flexibilitat\u00a0 a\u00a0 totes\u00a0 les\u00a0 tipologies\u00a0 de jornada.<\/p>\n<p style=\"text-align: justify\"><span style=\"color: #3366ff;text-decoration: underline\"><strong>MOBILITAT<\/strong><\/span>\u00a0 Tant a\u00a0 la\u00a0 Taula\u00a0 de\u00a0 Mobilitat\u00a0 com a\u00a0 la\u00a0 MGN, treballarem\u00a0 per fer propostes per\u00a0 afavorir\u00a0 el\u00a0 transport\u00a0 sostenible (targeta\u00a0 transport,\u00a0 p\u00e0rquings segurs per bicis, incentius fiscals&#8230;).<\/p>\n<p style=\"text-align: center\"><span style=\"color: #0000ff\"><a style=\"color: #0000ff\" href=\"https:\/\/docs.google.com\/a\/sindicat.ccoo.cat\/viewer?a=v&amp;pid=sites&amp;srcid=Y2Nvby5jYXR8ZnNjX2RpcHV0X2JhcmNlbG9uYXxneDozOTBhYjMyYzRkN2E5NGMw\">https:\/\/docs.google.com\/a\/sindicat.ccoo.cat\/viewer?a=v&amp;pid=sites&amp;srcid=Y2Nvby5jYXR8ZnNjX2RpcHV0X2JhcmNlbG9uYXxneDozOTBhYjMyYzRkN2E5NGMw<\/a><\/span><\/p>\n<p style=\"text-align: center\"><span style=\"color: #0000ff\"><a style=\"color: #0000ff\" href=\"https:\/\/www.youtube.com\/watch?v=KyWx1zLOe_g&amp;list=PLmUHjYzX1jQCrQ9XC0pXCNMRPY_IZKK65\">https:\/\/www.youtube.com\/watch?v=KyWx1zLOe_g&amp;list=PLmUHjYzX1jQCrQ9XC0pXCNMRPY_IZKK65<\/a><\/span><\/p>\n<p style=\"text-align: justify\">\u00a0En aquest sentit, us recordem que aviat constituirem un <span style=\"text-decoration: underline\"><span style=\"color: #3366ff;text-decoration: underline\">grup de treball intern de Mobilitat<\/span><\/span>.<br \/>\nTal com ja han fet alguns companys i companyes, us\u00a0 animem\u00a0 a\u00a0 que\u00a0 hi\u00a0 participeu.\u00a0 Per\u00a0 fer-ho,\u00a0 nom\u00e9s\u00a0 heu\u00a0 d\u2019enviar-nos\u00a0 un email a <span style=\"color: #3366ff\">ccoo@diba.cat<\/span>.<\/p>\n<p><strong>ASPECTES A TENIR ENCOMPTE PER LES NEGOCIACIONS:<\/strong><\/p>\n<p style=\"text-align: justify\">Des\u00a0 de\u00a0 la\u00a0 nostra\u00a0 secci\u00f3\u00a0 demanem\u00a0 que\u00a0 hi\u00a0 hagi <span style=\"color: #3366ff\">m\u00e9s\u00a0 agilitat\u00a0 i\u00a0 celeritat\u00a0 en\u00a0 les negociacions<\/span>. Per la qual cosa, per una banda creiem important que enlloc d\u2019establir una sola reuni\u00f3 ordin\u00e0ria de la Mesa de Negociaci\u00f3, hi hagi tantes com siguin\u00a0 necess\u00e0ries.\u00a0 A\u00a0 la\u00a0 vegada\u00a0 que\u00a0 es\u00a0 puguin\u00a0 treballar fora\u00a0 de\u00a0 la\u00a0 Mesa,\u00a0 en Comissions, molts altres temes.<\/p>\n<p style=\"text-align: justify\">D\u2019altra\u00a0 banda,\u00a0 creiem\u00a0 important <span style=\"color: #3366ff\">treballar\u00a0 per\u00a0 la\u00a0 unitat\u00a0 d\u2019acci\u00f3<\/span>.\u00a0 En\u00a0 aquest sentit, si tots anem amb propostes pr\u00e8viament consensuades, la nostra efic\u00e0cia negociadora ser\u00e0 m\u00e9s gran. Des de CCOO impulsarem aquesta l\u00ednia de treball i\u00a0 estem\u00a0 segurs\u00a0 que\u00a0 trobarem\u00a0 receptivitat\u00a0 en\u00a0 la\u00a0 resta\u00a0 de sindicats\u00a0 ja\u00a0 que\u00a0 tots defensem la mateixa cosa: <span style=\"color: #3366ff\">Els interessos i drets de tot el personal de la DiBa<\/span>.<\/p>\n<p style=\"text-align: center\">* \u00a0* \u00a0* \u00a0* \u00a0*<\/p>\n<p><img loading=\"lazy\" decoding=\"async\" class=\"alignleft wp-image-226\" src=\"http:\/\/ccoo.app\/diputacio-de-barcelona\/wp-content\/blogs.dir\/6\/files\/sites\/186\/2016\/04\/estem-decidits-acontinuar-lluitant.png\" alt=\"Estem decidits a continuar lluitant !\" width=\"213\" height=\"89\" \/><\/p>\n<p><img loading=\"lazy\" decoding=\"async\" class=\"wp-image-262 alignright\" src=\"http:\/\/ccoo.app\/diputacio-de-barcelona\/wp-content\/blogs.dir\/6\/files\/sites\/186\/2016\/04\/afiliat_ccoo_cat.gif\" alt=\"Tota la informaci\u00f3 de com afiliar-se a CCOO Catalunya i forlmulari d'alta o baxia.\" width=\"90\" height=\"80\" \/><\/p>\n<p><img loading=\"lazy\" decoding=\"async\" class=\"wp-image-227 aligncenter\" src=\"http:\/\/ccoo.app\/diputacio-de-barcelona\/wp-content\/blogs.dir\/6\/files\/sites\/186\/2016\/04\/logo-peu-300x69.png\" alt=\"logo-peu\" width=\"952\" height=\"219\" srcset=\"https:\/\/ccoo.app\/diputacio-de-barcelona\/wp-content\/blogs.dir\/6\/files\/sites\/186\/2016\/04\/logo-peu-300x69.png 300w, https:\/\/ccoo.app\/diputacio-de-barcelona\/wp-content\/blogs.dir\/6\/files\/sites\/186\/2016\/04\/logo-peu.png 557w\" sizes=\"auto, (max-width: 952px) 100vw, 952px\" \/><\/p>\n<p style=\"text-align: center\"><small><\/small><small>Formulari d&#8217;<a href=\"\/afiliat\/\">alta<\/a>, <a href=\"\/afiliat\/\">baixa <\/a>o <a href=\"\/afiliat\/\">modificaci\u00f3 <\/a>de les dades personals o<br \/>\ncontacta&#8217;ns a trav\u00e9s del tel\u00e8fon<strong> 934 022 985<\/strong> o correu: <a href=\"mailto:ccoo@diba.cat\"><strong>ccoo@diba.cat<\/strong><\/a><\/small><\/p>\n","protected":false},"excerpt":{"rendered":"<p>&nbsp; Secci\u00f3 Sindical de la Diputaci\u00f3 de Barcelona NEGOCIACIONS 2016 &#8211; 2017 NEGOCIACIONS 2016 &#8211; 2017 -20 SETEMBRE DE 2016- RECORDEU! AJUTS SOCIALS 2016 DATA L\u00cdMIT DE PRESENTACI\u00d3 D\u2019INST\u00c0NCIES \uf0e0 &#8230; <\/p>\n<p class=\"read-more-container\"><a title=\"NEGOCIACIONS 2016 &#8211; 2017\" class=\"read-more button\" href=\"https:\/\/ccoo.app\/diputacio-de-barcelona\/negociacions-2016-2017\/#more-530\" aria-label=\"Leer m\u00e1s sobre NEGOCIACIONS 2016 &#8211; 2017\">Continuar llegint<\/a><\/p>\n","protected":false},"author":4519,"featured_media":255,"comment_status":"open","ping_status":"open","sticky":false,"template":"","format":"standard","meta":{"footnotes":""},"categories":[38,19,26,33],"tags":[148],"class_list":["post-530","post","type-post","status-publish","format-standard","has-post-thumbnail","hentry","category-a-tot-el-personal","category-comunicats","category-mgn","category-propostes-sindicals","tag-mesa-general-negociacio","generate-columns","tablet-grid-50","mobile-grid-100","grid-parent","grid-50"],"_links":{"self":[{"href":"https:\/\/ccoo.app\/diputacio-de-barcelona\/wp-json\/wp\/v2\/posts\/530","targetHints":{"allow":["GET"]}}],"collection":[{"href":"https:\/\/ccoo.app\/diputacio-de-barcelona\/wp-json\/wp\/v2\/posts"}],"about":[{"href":"https:\/\/ccoo.app\/diputacio-de-barcelona\/wp-json\/wp\/v2\/types\/post"}],"author":[{"embeddable":true,"href":"https:\/\/ccoo.app\/diputacio-de-barcelona\/wp-json\/wp\/v2\/users\/4519"}],"replies":[{"embeddable":true,"href":"https:\/\/ccoo.app\/diputacio-de-barcelona\/wp-json\/wp\/v2\/comments?post=530"}],"version-history":[{"count":0,"href":"https:\/\/ccoo.app\/diputacio-de-barcelona\/wp-json\/wp\/v2\/posts\/530\/revisions"}],"wp:featuredmedia":[{"embeddable":true,"href":"https:\/\/ccoo.app\/diputacio-de-barcelona\/wp-json\/wp\/v2\/media\/255"}],"wp:attachment":[{"href":"https:\/\/ccoo.app\/diputacio-de-barcelona\/wp-json\/wp\/v2\/media?parent=530"}],"wp:term":[{"taxonomy":"category","embeddable":true,"href":"https:\/\/ccoo.app\/diputacio-de-barcelona\/wp-json\/wp\/v2\/categories?post=530"},{"taxonomy":"post_tag","embeddable":true,"href":"https:\/\/ccoo.app\/diputacio-de-barcelona\/wp-json\/wp\/v2\/tags?post=530"}],"curies":[{"name":"wp","href":"https:\/\/api.w.org\/{rel}","templated":true}]}}