{"id":52982,"date":"2023-07-12T15:05:36","date_gmt":"2023-07-12T13:05:36","guid":{"rendered":"https:\/\/ccoo.app\/diputacio-de-barcelona\/?p=52982"},"modified":"2023-10-17T14:04:15","modified_gmt":"2023-10-17T12:04:15","slug":"comite-de-seguretat-i-salut-09-06-2023","status":"publish","type":"post","link":"https:\/\/ccoo.app\/diputacio-de-barcelona\/comite-de-seguretat-i-salut-09-06-2023\/","title":{"rendered":"COMIT\u00c8 DE SEGURETAT I SALUT: 09.06.2023"},"content":{"rendered":"\n<div style=\"height:40px\" aria-hidden=\"true\" class=\"wp-block-spacer\"><\/div>\n\n\n\n<figure class=\"gb-block-image gb-block-image-1bd8cee7\"><img loading=\"lazy\" decoding=\"async\" width=\"390\" height=\"390\" class=\"gb-image gb-image-1bd8cee7\" src=\"https:\/\/ccoo.app\/diputacio-de-barcelona\/wp-content\/blogs.dir\/6\/files\/sites\/186\/2023\/03\/informacio-salud-laboral.png\" alt=\"Informacio Salud Laboral\" title=\"Informacio Salud Laboral\" srcset=\"https:\/\/ccoo.app\/diputacio-de-barcelona\/wp-content\/blogs.dir\/6\/files\/sites\/186\/2023\/03\/informacio-salud-laboral.png 390w, https:\/\/ccoo.app\/diputacio-de-barcelona\/wp-content\/blogs.dir\/6\/files\/sites\/186\/2023\/03\/informacio-salud-laboral-300x300.png 300w, https:\/\/ccoo.app\/diputacio-de-barcelona\/wp-content\/blogs.dir\/6\/files\/sites\/186\/2023\/03\/informacio-salud-laboral-150x150.png 150w\" sizes=\"auto, (max-width: 390px) 100vw, 390px\" \/><\/figure>\n\n\n\n<div style=\"height:40px\" aria-hidden=\"true\" class=\"wp-block-spacer\"><\/div>\n\n\n\n<p>Us traslladem les darreres informacions en mat\u00e8ria de prevenci\u00f3 de la darrera sessi\u00f3 del Comit\u00e8 de Seguretat i Salut de la Diputaci\u00f3 de Barcelona:<\/p>\n\n\n\n<p><strong><u>PLA DIRECTOR DE SEGURETAT<\/u><\/strong><\/p>\n\n\n\n<p>Des de la corporaci\u00f3 se\u2019ns informa de la redacci\u00f3 d\u2019un <strong><u>Pla Director de Seguretat que abastar\u00e0 els diferents serveis que tenen relaci\u00f3 directa amb la ciutadania<\/u><\/strong> i que poden generar situacions de risc per als treballadors i treballadores, <strong><u>serveis com el de Parcs Naturals, ORGT, XBM, entre d\u2019altres<\/u><\/strong>. Des de CCOO estem preocupats pels possibles incidents de seguretat que es poden generar i aix\u00ed ho vam traslladar a la corporaci\u00f3. Realitzar les funcions de cada lloc de treball no poden generar problemes de seguretat per als treballadors i treballadores de la Diputaci\u00f3. Per aquest motiu, <strong><u>valorem positivament que es comenci a treballar en aquesta l\u00ednia i, a m\u00e9s a m\u00e9s, demanem que sigui incl\u00f2s tot el personal que t\u00e9 atenci\u00f3 directa amb la ciutadania<\/u><\/strong>.<\/p>\n\n\n\n<p><strong><u>FORMACI\u00d3<\/u><\/strong><\/p>\n\n\n\n<p>Tal i com us vam informar en anteriors comunicats de salut laboral, <strong><u>des de CCOO vam demanar que s\u2019impart\u00eds formaci\u00f3 especialitzada en trastorns m\u00fascul esquel\u00e8tics<\/u><\/strong> als col\u00b7lectius que m\u00e9s poden estar exposats a aquests tipus de lesions. <strong><u>Us informem que aquesta formaci\u00f3 ja ha estat adjudicada i que es comen\u00e7ar\u00e0 a impartir properament<\/u><\/strong>. Us anirem informant.<\/p>\n\n\n\n<p><strong><u>ORGT<\/u><\/strong><\/p>\n\n\n\n<p><strong><u>Continuem exigint a la corporaci\u00f3 la restauraci\u00f3 del servei de vigil\u00e0ncia a les oficines<\/u><\/strong> que en tenien aix\u00ed com un estudi per cercar la viabilitat d\u2019incorporar-lo a d\u2019altres que fins ara no en tenien: cada cop m\u00e9s tenim m\u00e9s incidents a les oficines i la gravetat dels mateixos s\u2019est\u00e0 incrementant. Com pot ser que les oficines de l\u2019ORGT siguin les \u00faniques que no disposen de vigil\u00e0ncia de seguretat de tota l\u2019administraci\u00f3 p\u00fablica a Catalunya? <strong><u>Des de CCOO exigim la posada en marxa, de nou, d\u2019aquest servei per la salut dels treballadors i treballadores i tamb\u00e9, de la ciutadania<\/u><\/strong>.<br>A m\u00e9s a m\u00e9s, hem demanat la instal\u00b7laci\u00f3 de sostres amb protecci\u00f3 ac\u00fastica per evitar l\u2019exc\u00e9s de soroll dins de les oficines.<\/p>\n\n\n\n<p><strong><u>PARCS NATURALS<\/u><\/strong><\/p>\n\n\n\n<p><strong><u>Hem demanat a la corporaci\u00f3, dins del Pla Director de Seguretat, la millora dels sistemes de comunicaci\u00f3 dins dels parcs naturals<\/u><\/strong>. Moltes de les funcions que s\u2019han de dur a terme als parcs naturals es realitzen a llocs sense cobertura m\u00f2bil i en solitari: aix\u00f2 pot provocar que en un accident, aquest, no es pugui comunicar i per aix\u00f2 \u00e9s important establir millores en les comunicacions.<br>Tamb\u00e9 hem exigit mesures preventives adients per posar en ordre i condicions els magatzems i vestidors dels Parcs de Sant Lloren\u00e7 i del Foix, ja que actualment es troben en una situaci\u00f3 no facilita unes condicions \u00f2ptimes del seu lloc de treball.<\/p>\n\n\n\n<p><strong><u>INFRAESTRUCTURES VI\u00c0RIES<\/u><\/strong><\/p>\n\n\n\n<p><strong><u>Fem una valoraci\u00f3 positiva de l\u2019inici de la renovaci\u00f3 de la flota de vehicles dels magatzems de conservaci\u00f3 de carreteres<\/u><\/strong>. Ha estat una demanda que, des de CCOO, sempre hem posat a sobre de la taula ja que els vehicles que disposava la ger\u00e8ncia eren molt antics i no reunien ni les m\u00e9s m\u00ednimes condicions mediambientals per circular.<\/p>\n\n\n\n<p>A m\u00e9s a m\u00e9s, a petici\u00f3 del col\u00b7lectiu de la brigada de manteniment de carreteres, hem demanat el canvi dels pantalons d\u2019estiu EPI per uns que s\u2019ajustin millor a les funcions que tenen assignades.<\/p>\n\n\n\n<p><strong><u>SUBDIRECCI\u00d3 D\u2019EDIFICACI\u00d3<\/u><\/strong><\/p>\n\n\n\n<ul class=\"wp-block-list\">\n<li>Degut a la modificaci\u00f3 dels espais necessaris de la Nau Flor\u00eds de l\u2019Escola de Teixits de Canet de Mar, les obres de climatitzaci\u00f3 d\u2019aquesta nau estan en per\u00edode de licitaci\u00f3. Mentre les obres no finalitzin, <strong><u>des de CCOO hem demanat que es posin les mesures preventives adients. La corporaci\u00f3 contractar\u00e0 aparells climatitzadors durant aquest estiu i fins a la finalitzaci\u00f3 de les obres.<\/u><\/strong><\/li>\n<\/ul>\n\n\n\n<ul class=\"wp-block-list\">\n<li>Des de fa un temps, es va fer una prova pilot per col\u00b7locar filmines de protecci\u00f3 solar a les finestres del bloc C de Mundet per minvar l\u2019efecte de l\u2019impacte del sol i evitar aix\u00ed un sobreescalfament a les unitats. <strong><u>Des de CCOO exigim la col\u00b7locaci\u00f3 d\u2019aquestes filmines a totes les finestres del bloc C de Mundet on no hi hagi persianes<\/u><\/strong>, ja que aquesta prova pilot ha demostrat que aquestes filmines funcionen correctament.<\/li>\n<\/ul>\n\n\n\n<div class=\"wp-block-group\"><div class=\"wp-block-group__inner-container is-layout-constrained wp-block-group-is-layout-constrained\"><div class=\"gb-grid-wrapper gb-grid-wrapper-d65739e2\">\n<div class=\"gb-grid-column gb-grid-column-ecc8725d\"><div class=\"gb-container gb-container-ecc8725d\"><div class=\"gb-inside-container\">\n<div class=\"wp-block-image\">\n<figure class=\"aligncenter size-full\"><img loading=\"lazy\" decoding=\"async\" width=\"129\" height=\"38\" src=\"https:\/\/ccoo.app\/diputacio-de-barcelona\/wp-content\/blogs.dir\/6\/files\/sites\/186\/2022\/03\/tel.png\" alt=\"Tel\" class=\"wp-image-49915\" \/><\/figure>\n<\/div>\n<\/div><\/div><\/div>\n\n<div class=\"gb-grid-column gb-grid-column-4c28778f\"><div class=\"gb-container gb-container-4c28778f\"><div class=\"gb-inside-container\">\n<div class=\"wp-block-image\">\n<figure class=\"aligncenter size-full\"><a href=\"mailto:ccoo@diba.cat\"><img loading=\"lazy\" decoding=\"async\" width=\"51\" height=\"37\" src=\"https:\/\/ccoo.app\/diputacio-de-barcelona\/wp-content\/blogs.dir\/6\/files\/sites\/186\/2022\/03\/mail.png\" alt=\"Mail\" class=\"wp-image-49916\" \/><\/a><\/figure>\n<\/div>\n<\/div><\/div><\/div>\n\n<div class=\"gb-grid-column gb-grid-column-c6cc0957\"><div class=\"gb-container gb-container-c6cc0957\"><div class=\"gb-inside-container\">\n<div class=\"wp-block-image\">\n<figure class=\"aligncenter size-full\"><a href=\"https:\/\/twitter.com\/ccoodiba\"><img loading=\"lazy\" decoding=\"async\" width=\"44\" height=\"38\" src=\"https:\/\/ccoo.app\/diputacio-de-barcelona\/wp-content\/blogs.dir\/6\/files\/sites\/186\/2022\/03\/tw.png\" alt=\"Tw\" class=\"wp-image-49917\" \/><\/a><\/figure>\n<\/div>\n<\/div><\/div><\/div>\n\n<div class=\"gb-grid-column gb-grid-column-1598237d\"><div class=\"gb-container gb-container-1598237d\"><div class=\"gb-inside-container\">\n<div class=\"wp-block-image\">\n<figure class=\"aligncenter size-full\"><a href=\"https:\/\/www.instagram.com\/ccoo_diba\/\"><img loading=\"lazy\" decoding=\"async\" width=\"45\" height=\"44\" src=\"https:\/\/ccoo.app\/diputacio-de-barcelona\/wp-content\/blogs.dir\/6\/files\/sites\/186\/2022\/03\/ig.png\" alt=\"Ig\" class=\"wp-image-49918\" \/><\/a><\/figure>\n<\/div>\n<\/div><\/div><\/div>\n\n<div class=\"gb-grid-column gb-grid-column-2db731fe\"><div class=\"gb-container gb-container-2db731fe\"><div class=\"gb-inside-container\">\n<div class=\"wp-block-image\">\n<figure class=\"aligncenter size-full\"><a href=\"https:\/\/ccoo.app\/diputacio-de-barcelona\"><img loading=\"lazy\" decoding=\"async\" width=\"39\" height=\"40\" src=\"https:\/\/ccoo.app\/diputacio-de-barcelona\/wp-content\/blogs.dir\/6\/files\/sites\/186\/2022\/03\/www.png\" alt=\"Www\" class=\"wp-image-49919\" \/><\/a><\/figure>\n<\/div>\n<\/div><\/div><\/div>\n\n<div class=\"gb-grid-column gb-grid-column-f3651540\"><div class=\"gb-container gb-container-f3651540\"><div class=\"gb-inside-container\">\n<div class=\"wp-block-image\">\n<figure class=\"aligncenter size-full is-resized\"><a href=\"https:\/\/www.ccoo.cat\/afiliat\/?_sfm_aff_situation=94\"><img loading=\"lazy\" decoding=\"async\" src=\"https:\/\/ccoo.app\/diputacio-de-barcelona\/wp-content\/blogs.dir\/6\/files\/sites\/186\/2022\/03\/af.png\" alt=\"Af\" class=\"wp-image-49920\" width=\"125\" height=\"38\" \/><\/a><\/figure>\n<\/div>\n<\/div><\/div><\/div>\n<\/div><\/div><\/div>\n","protected":false},"excerpt":{"rendered":"<p>Us traslladem les darreres informacions en mat\u00e8ria de prevenci\u00f3 de la darrera sessi\u00f3 del Comit\u00e8 de Seguretat i Salut de la Diputaci\u00f3 de Barcelona: PLA DIRECTOR DE SEGURETAT Des de &#8230; <\/p>\n<p class=\"read-more-container\"><a title=\"COMIT\u00c8 DE SEGURETAT I SALUT: 09.06.2023\" class=\"read-more button\" href=\"https:\/\/ccoo.app\/diputacio-de-barcelona\/comite-de-seguretat-i-salut-09-06-2023\/#more-52982\" aria-label=\"Leer m\u00e1s sobre COMIT\u00c8 DE SEGURETAT I SALUT: 09.06.2023\">Continuar llegint<\/a><\/p>\n","protected":false},"author":88639,"featured_media":52365,"comment_status":"closed","ping_status":"closed","sticky":false,"template":"","format":"standard","meta":{"footnotes":""},"categories":[38,19,252,35],"tags":[],"class_list":["post-52982","post","type-post","status-publish","format-standard","has-post-thumbnail","hentry","category-a-tot-el-personal","category-comunicats","category-app-diba-push","category-salut-laboral","generate-columns","tablet-grid-50","mobile-grid-100","grid-parent","grid-50"],"_links":{"self":[{"href":"https:\/\/ccoo.app\/diputacio-de-barcelona\/wp-json\/wp\/v2\/posts\/52982","targetHints":{"allow":["GET"]}}],"collection":[{"href":"https:\/\/ccoo.app\/diputacio-de-barcelona\/wp-json\/wp\/v2\/posts"}],"about":[{"href":"https:\/\/ccoo.app\/diputacio-de-barcelona\/wp-json\/wp\/v2\/types\/post"}],"author":[{"embeddable":true,"href":"https:\/\/ccoo.app\/diputacio-de-barcelona\/wp-json\/wp\/v2\/users\/88639"}],"replies":[{"embeddable":true,"href":"https:\/\/ccoo.app\/diputacio-de-barcelona\/wp-json\/wp\/v2\/comments?post=52982"}],"version-history":[{"count":3,"href":"https:\/\/ccoo.app\/diputacio-de-barcelona\/wp-json\/wp\/v2\/posts\/52982\/revisions"}],"predecessor-version":[{"id":53017,"href":"https:\/\/ccoo.app\/diputacio-de-barcelona\/wp-json\/wp\/v2\/posts\/52982\/revisions\/53017"}],"wp:featuredmedia":[{"embeddable":true,"href":"https:\/\/ccoo.app\/diputacio-de-barcelona\/wp-json\/wp\/v2\/media\/52365"}],"wp:attachment":[{"href":"https:\/\/ccoo.app\/diputacio-de-barcelona\/wp-json\/wp\/v2\/media?parent=52982"}],"wp:term":[{"taxonomy":"category","embeddable":true,"href":"https:\/\/ccoo.app\/diputacio-de-barcelona\/wp-json\/wp\/v2\/categories?post=52982"},{"taxonomy":"post_tag","embeddable":true,"href":"https:\/\/ccoo.app\/diputacio-de-barcelona\/wp-json\/wp\/v2\/tags?post=52982"}],"curies":[{"name":"wp","href":"https:\/\/api.w.org\/{rel}","templated":true}]}}