{"id":52915,"date":"2023-06-06T12:27:28","date_gmt":"2023-06-06T10:27:28","guid":{"rendered":"https:\/\/ccoo.app\/diputacio-de-barcelona\/?p=52915"},"modified":"2023-10-17T14:04:18","modified_gmt":"2023-10-17T12:04:18","slug":"el-reconeixement-de-laccident-de-treball-o-malaltia-professional","status":"publish","type":"post","link":"https:\/\/ccoo.app\/diputacio-de-barcelona\/el-reconeixement-de-laccident-de-treball-o-malaltia-professional\/","title":{"rendered":"El reconeixement de l\u2019accident de treball o malaltia professional"},"content":{"rendered":"\n<div style=\"height:50px\" aria-hidden=\"true\" class=\"wp-block-spacer\"><\/div>\n\n\n\n<figure class=\"gb-block-image gb-block-image-1a6c7b2d\"><img loading=\"lazy\" decoding=\"async\" width=\"1024\" height=\"1024\" class=\"gb-image gb-image-1a6c7b2d\" src=\"https:\/\/ccoo.app\/diputacio-de-barcelona\/wp-content\/blogs.dir\/6\/files\/sites\/186\/2023\/05\/04-pindola-informativa-reconeixement-accident-laboral-num.jpg\" alt=\"Pindola Informativa Salut Laboral\" title=\"Pindola Informativa Salut Laboral\" srcset=\"https:\/\/ccoo.app\/diputacio-de-barcelona\/wp-content\/blogs.dir\/6\/files\/sites\/186\/2023\/05\/04-pindola-informativa-reconeixement-accident-laboral-num.jpg 1024w, https:\/\/ccoo.app\/diputacio-de-barcelona\/wp-content\/blogs.dir\/6\/files\/sites\/186\/2023\/05\/04-pindola-informativa-reconeixement-accident-laboral-num-300x300.jpg 300w, https:\/\/ccoo.app\/diputacio-de-barcelona\/wp-content\/blogs.dir\/6\/files\/sites\/186\/2023\/05\/04-pindola-informativa-reconeixement-accident-laboral-num-150x150.jpg 150w, https:\/\/ccoo.app\/diputacio-de-barcelona\/wp-content\/blogs.dir\/6\/files\/sites\/186\/2023\/05\/04-pindola-informativa-reconeixement-accident-laboral-num-768x768.jpg 768w\" sizes=\"auto, (max-width: 1024px) 100vw, 1024px\" \/><\/figure>\n\n\n\n<div style=\"height:25px\" aria-hidden=\"true\" class=\"wp-block-spacer\"><\/div>\n\n\n\n<p>En l&#8217;\u00e0mbit del dret laboral, \u00e9s fonamental comprendre el concepte de<strong> conting\u00e8ncia<\/strong>, el qual fa refer\u00e8ncia a la possibilitat, probabilitat o risc que alguna cosa succeeixi o no succeeixi. En particular, quan parlem de la incapacitat temporal d&#8217;un treballador, hi ha <strong>dos tipus de conting\u00e8ncies<\/strong>:<\/p>\n\n\n\n<p>La <strong>conting\u00e8ncia professional<\/strong> es presenta quan la incapacitat temporal del treballador \u00e9s derivada d&#8217;un accident laboral o una malaltia professional. En aquests casos, el treballador compta amb una cobertura especial per als casos en qu\u00e8 no pot dur a terme la seva feina a causa de lesions o malalties relacionades amb la seva activitat laboral.<\/p>\n\n\n\n<ul class=\"wp-block-list\">\n<li><strong>Accident de Treball<\/strong> <strong>(AT)<\/strong>, tota lesi\u00f3 corporal que el treballador pateixi amb ocasi\u00f3 o conseq\u00fc\u00e8ncia de la feina que realitza.<\/li>\n\n\n\n<li><strong>Malaltia Professional<\/strong> <strong>(MP)<\/strong>, la qual es contrau com a resultat directe de l&#8217;activitat laboral exercida per compte aliena. Aquestes malalties estan espec\u00edficament contemplades en el quadre del Reial decret 1299\/2006, i el seu origen pot estar relacionat amb l&#8217;exposici\u00f3 a elements o subst\u00e0ncies indicades en aquest quadre per a cada malaltia en particular.<\/li>\n<\/ul>\n\n\n\n<p>D&#8217;altra banda, tamb\u00e9 hi ha la <strong>conting\u00e8ncia comuna<\/strong>, la qual es presenta quan la incapacitat temporal del treballador \u00e9s provocada per una malaltia comuna o un accident no laboral. En aquests casos, s&#8217;apliquen els procediments i cobertures establerts per a aquest tipus de situacions. <\/p>\n\n\n\n<p>Moltes vegades l&#8217;accident de treball no \u00e9s reconegut com a tal per la m\u00fatua i es deriva cap a una conting\u00e8ncia comuna amb les conseg\u00fcents p\u00e8rdues econ\u00f2miques i menors cobertures. En aquests casos haurem de sol\u00b7licitar un canvi de conting\u00e8ncia. El canvi de conting\u00e8ncia permet restaurar el dret (econ\u00f2mic, sanitari, etc.) i, per altre costat, contribueix a tenir unes estad\u00edstiques oficials reals sobre els accidents de treball de la corporaci\u00f3.<\/p>\n\n\n\n<p><strong>\u00c9s fonamental comprendre aquestes distincions i els drets i cobertures corresponents a cada tipus de conting\u00e8ncia per garantir la protecci\u00f3 i el recolzament adequat en cas d&#8217;incapacitat temporal. A trav\u00e9s d&#8217;aquesta p\u00edndola, busquem proporcionar-vos claredat sobre aquests conceptes i promoure una major comprensi\u00f3 sobre els vostres drets laborals.<\/strong><\/p>\n\n\n\n<p>Continuem explorant m\u00e9s a fons aquestes conting\u00e8ncies,  i les implicacions que tenen en la nostra relaci\u00f3 laboral.<\/p>\n\n\n\n<figure class=\"wp-block-image size-large\"><img loading=\"lazy\" decoding=\"async\" width=\"1024\" height=\"1024\" src=\"https:\/\/ccoo.app\/diputacio-de-barcelona\/wp-content\/blogs.dir\/6\/files\/sites\/186\/2023\/05\/el-reconeixement-de-laccident-de-treball-o-malaltia-professional-1-1024x1024.jpg\" alt=\"El Reconeixement De Laccident De Treball O Malaltia Professional 1\" class=\"wp-image-52884\" srcset=\"https:\/\/ccoo.app\/diputacio-de-barcelona\/wp-content\/blogs.dir\/6\/files\/sites\/186\/2023\/05\/el-reconeixement-de-laccident-de-treball-o-malaltia-professional-1-1024x1024.jpg 1024w, https:\/\/ccoo.app\/diputacio-de-barcelona\/wp-content\/blogs.dir\/6\/files\/sites\/186\/2023\/05\/el-reconeixement-de-laccident-de-treball-o-malaltia-professional-1-300x300.jpg 300w, https:\/\/ccoo.app\/diputacio-de-barcelona\/wp-content\/blogs.dir\/6\/files\/sites\/186\/2023\/05\/el-reconeixement-de-laccident-de-treball-o-malaltia-professional-1-150x150.jpg 150w, https:\/\/ccoo.app\/diputacio-de-barcelona\/wp-content\/blogs.dir\/6\/files\/sites\/186\/2023\/05\/el-reconeixement-de-laccident-de-treball-o-malaltia-professional-1-768x768.jpg 768w, https:\/\/ccoo.app\/diputacio-de-barcelona\/wp-content\/blogs.dir\/6\/files\/sites\/186\/2023\/05\/el-reconeixement-de-laccident-de-treball-o-malaltia-professional-1.jpg 1440w\" sizes=\"auto, (max-width: 1024px) 100vw, 1024px\" \/><\/figure>\n\n\n\n<figure class=\"wp-block-image size-large\"><img loading=\"lazy\" decoding=\"async\" width=\"1024\" height=\"1024\" src=\"https:\/\/ccoo.app\/diputacio-de-barcelona\/wp-content\/blogs.dir\/6\/files\/sites\/186\/2023\/05\/el-reconeixement-de-laccident-de-treball-o-malaltia-professional-2-1024x1024.jpg\" alt=\"El Reconeixement De Laccident De Treball O Malaltia Professional 2\" class=\"wp-image-52888\" srcset=\"https:\/\/ccoo.app\/diputacio-de-barcelona\/wp-content\/blogs.dir\/6\/files\/sites\/186\/2023\/05\/el-reconeixement-de-laccident-de-treball-o-malaltia-professional-2-1024x1024.jpg 1024w, https:\/\/ccoo.app\/diputacio-de-barcelona\/wp-content\/blogs.dir\/6\/files\/sites\/186\/2023\/05\/el-reconeixement-de-laccident-de-treball-o-malaltia-professional-2-300x300.jpg 300w, https:\/\/ccoo.app\/diputacio-de-barcelona\/wp-content\/blogs.dir\/6\/files\/sites\/186\/2023\/05\/el-reconeixement-de-laccident-de-treball-o-malaltia-professional-2-150x150.jpg 150w, https:\/\/ccoo.app\/diputacio-de-barcelona\/wp-content\/blogs.dir\/6\/files\/sites\/186\/2023\/05\/el-reconeixement-de-laccident-de-treball-o-malaltia-professional-2-768x768.jpg 768w, https:\/\/ccoo.app\/diputacio-de-barcelona\/wp-content\/blogs.dir\/6\/files\/sites\/186\/2023\/05\/el-reconeixement-de-laccident-de-treball-o-malaltia-professional-2.jpg 1400w\" sizes=\"auto, (max-width: 1024px) 100vw, 1024px\" \/><\/figure>\n\n\n\n<figure class=\"wp-block-image size-large\"><img loading=\"lazy\" decoding=\"async\" width=\"1024\" height=\"1024\" src=\"https:\/\/ccoo.app\/diputacio-de-barcelona\/wp-content\/blogs.dir\/6\/files\/sites\/186\/2023\/05\/el-reconeixement-de-laccident-de-treball-o-malaltia-professional-3-1024x1024.jpg\" alt=\"El Reconeixement De Laccident De Treball O Malaltia Professional 3\" class=\"wp-image-52890\" srcset=\"https:\/\/ccoo.app\/diputacio-de-barcelona\/wp-content\/blogs.dir\/6\/files\/sites\/186\/2023\/05\/el-reconeixement-de-laccident-de-treball-o-malaltia-professional-3-1024x1024.jpg 1024w, https:\/\/ccoo.app\/diputacio-de-barcelona\/wp-content\/blogs.dir\/6\/files\/sites\/186\/2023\/05\/el-reconeixement-de-laccident-de-treball-o-malaltia-professional-3-300x300.jpg 300w, https:\/\/ccoo.app\/diputacio-de-barcelona\/wp-content\/blogs.dir\/6\/files\/sites\/186\/2023\/05\/el-reconeixement-de-laccident-de-treball-o-malaltia-professional-3-150x150.jpg 150w, https:\/\/ccoo.app\/diputacio-de-barcelona\/wp-content\/blogs.dir\/6\/files\/sites\/186\/2023\/05\/el-reconeixement-de-laccident-de-treball-o-malaltia-professional-3-768x768.jpg 768w, https:\/\/ccoo.app\/diputacio-de-barcelona\/wp-content\/blogs.dir\/6\/files\/sites\/186\/2023\/05\/el-reconeixement-de-laccident-de-treball-o-malaltia-professional-3.jpg 1400w\" sizes=\"auto, (max-width: 1024px) 100vw, 1024px\" \/><\/figure>\n\n\n\n<figure class=\"wp-block-image size-large\"><img loading=\"lazy\" decoding=\"async\" width=\"1024\" height=\"1024\" src=\"https:\/\/ccoo.app\/diputacio-de-barcelona\/wp-content\/blogs.dir\/6\/files\/sites\/186\/2023\/05\/el-reconeixement-de-laccident-de-treball-o-malaltia-professional-4-1024x1024.jpg\" alt=\"El Reconeixement De Laccident De Treball O Malaltia Professional 4\" class=\"wp-image-52891\" srcset=\"https:\/\/ccoo.app\/diputacio-de-barcelona\/wp-content\/blogs.dir\/6\/files\/sites\/186\/2023\/05\/el-reconeixement-de-laccident-de-treball-o-malaltia-professional-4-1024x1024.jpg 1024w, https:\/\/ccoo.app\/diputacio-de-barcelona\/wp-content\/blogs.dir\/6\/files\/sites\/186\/2023\/05\/el-reconeixement-de-laccident-de-treball-o-malaltia-professional-4-300x300.jpg 300w, https:\/\/ccoo.app\/diputacio-de-barcelona\/wp-content\/blogs.dir\/6\/files\/sites\/186\/2023\/05\/el-reconeixement-de-laccident-de-treball-o-malaltia-professional-4-150x150.jpg 150w, https:\/\/ccoo.app\/diputacio-de-barcelona\/wp-content\/blogs.dir\/6\/files\/sites\/186\/2023\/05\/el-reconeixement-de-laccident-de-treball-o-malaltia-professional-4-768x768.jpg 768w, https:\/\/ccoo.app\/diputacio-de-barcelona\/wp-content\/blogs.dir\/6\/files\/sites\/186\/2023\/05\/el-reconeixement-de-laccident-de-treball-o-malaltia-professional-4.jpg 1400w\" sizes=\"auto, (max-width: 1024px) 100vw, 1024px\" \/><\/figure>\n\n\n\n<figure class=\"wp-block-image size-large\"><img loading=\"lazy\" decoding=\"async\" width=\"1024\" height=\"1024\" src=\"https:\/\/ccoo.app\/diputacio-de-barcelona\/wp-content\/blogs.dir\/6\/files\/sites\/186\/2023\/05\/el-reconeixement-de-laccident-de-treball-o-malaltia-professional-5-1024x1024.jpg\" alt=\"El Reconeixement De Laccident De Treball O Malaltia Professional 5\" class=\"wp-image-52892\" srcset=\"https:\/\/ccoo.app\/diputacio-de-barcelona\/wp-content\/blogs.dir\/6\/files\/sites\/186\/2023\/05\/el-reconeixement-de-laccident-de-treball-o-malaltia-professional-5-1024x1024.jpg 1024w, https:\/\/ccoo.app\/diputacio-de-barcelona\/wp-content\/blogs.dir\/6\/files\/sites\/186\/2023\/05\/el-reconeixement-de-laccident-de-treball-o-malaltia-professional-5-300x300.jpg 300w, https:\/\/ccoo.app\/diputacio-de-barcelona\/wp-content\/blogs.dir\/6\/files\/sites\/186\/2023\/05\/el-reconeixement-de-laccident-de-treball-o-malaltia-professional-5-150x150.jpg 150w, https:\/\/ccoo.app\/diputacio-de-barcelona\/wp-content\/blogs.dir\/6\/files\/sites\/186\/2023\/05\/el-reconeixement-de-laccident-de-treball-o-malaltia-professional-5-768x768.jpg 768w, https:\/\/ccoo.app\/diputacio-de-barcelona\/wp-content\/blogs.dir\/6\/files\/sites\/186\/2023\/05\/el-reconeixement-de-laccident-de-treball-o-malaltia-professional-5.jpg 1440w\" sizes=\"auto, (max-width: 1024px) 100vw, 1024px\" \/><\/figure>\n\n\n\n<figure class=\"wp-block-image size-large\"><img loading=\"lazy\" decoding=\"async\" width=\"1024\" height=\"1024\" src=\"https:\/\/ccoo.app\/diputacio-de-barcelona\/wp-content\/blogs.dir\/6\/files\/sites\/186\/2023\/05\/el-reconeixement-de-laccident-de-treball-o-malaltia-professional-6-1024x1024.jpg\" alt=\"El Reconeixement De Laccident De Treball O Malaltia Professional 6\" class=\"wp-image-52893\" srcset=\"https:\/\/ccoo.app\/diputacio-de-barcelona\/wp-content\/blogs.dir\/6\/files\/sites\/186\/2023\/05\/el-reconeixement-de-laccident-de-treball-o-malaltia-professional-6-1024x1024.jpg 1024w, https:\/\/ccoo.app\/diputacio-de-barcelona\/wp-content\/blogs.dir\/6\/files\/sites\/186\/2023\/05\/el-reconeixement-de-laccident-de-treball-o-malaltia-professional-6-300x300.jpg 300w, https:\/\/ccoo.app\/diputacio-de-barcelona\/wp-content\/blogs.dir\/6\/files\/sites\/186\/2023\/05\/el-reconeixement-de-laccident-de-treball-o-malaltia-professional-6-150x150.jpg 150w, https:\/\/ccoo.app\/diputacio-de-barcelona\/wp-content\/blogs.dir\/6\/files\/sites\/186\/2023\/05\/el-reconeixement-de-laccident-de-treball-o-malaltia-professional-6-768x768.jpg 768w, https:\/\/ccoo.app\/diputacio-de-barcelona\/wp-content\/blogs.dir\/6\/files\/sites\/186\/2023\/05\/el-reconeixement-de-laccident-de-treball-o-malaltia-professional-6.jpg 1440w\" sizes=\"auto, (max-width: 1024px) 100vw, 1024px\" \/><\/figure>\n\n\n\n<figure class=\"wp-block-image size-large\"><img loading=\"lazy\" decoding=\"async\" width=\"1024\" height=\"1024\" src=\"https:\/\/ccoo.app\/diputacio-de-barcelona\/wp-content\/blogs.dir\/6\/files\/sites\/186\/2023\/05\/el-reconeixement-de-laccident-de-treball-o-malaltia-professional-7-1024x1024.jpg\" alt=\"El Reconeixement De Laccident De Treball O Malaltia Professional 7\" class=\"wp-image-52894\" srcset=\"https:\/\/ccoo.app\/diputacio-de-barcelona\/wp-content\/blogs.dir\/6\/files\/sites\/186\/2023\/05\/el-reconeixement-de-laccident-de-treball-o-malaltia-professional-7-1024x1024.jpg 1024w, https:\/\/ccoo.app\/diputacio-de-barcelona\/wp-content\/blogs.dir\/6\/files\/sites\/186\/2023\/05\/el-reconeixement-de-laccident-de-treball-o-malaltia-professional-7-300x300.jpg 300w, https:\/\/ccoo.app\/diputacio-de-barcelona\/wp-content\/blogs.dir\/6\/files\/sites\/186\/2023\/05\/el-reconeixement-de-laccident-de-treball-o-malaltia-professional-7-150x150.jpg 150w, https:\/\/ccoo.app\/diputacio-de-barcelona\/wp-content\/blogs.dir\/6\/files\/sites\/186\/2023\/05\/el-reconeixement-de-laccident-de-treball-o-malaltia-professional-7-768x768.jpg 768w, https:\/\/ccoo.app\/diputacio-de-barcelona\/wp-content\/blogs.dir\/6\/files\/sites\/186\/2023\/05\/el-reconeixement-de-laccident-de-treball-o-malaltia-professional-7.jpg 1440w\" sizes=\"auto, (max-width: 1024px) 100vw, 1024px\" \/><\/figure>\n\n\n\n<div style=\"height:25px\" aria-hidden=\"true\" class=\"wp-block-spacer\"><\/div>\n\n\n<div class=\"gb-container gb-container-d4283c0a\">\n<div class=\"wp-block-image\">\n<figure class=\"aligncenter size-full is-resized\"><img loading=\"lazy\" decoding=\"async\" src=\"https:\/\/ccoo.app\/diputacio-de-barcelona\/wp-content\/blogs.dir\/6\/files\/sites\/186\/2023\/04\/preguntes.png\" alt=\"Preguntes\" class=\"wp-image-52698\" width=\"128\" height=\"128\" srcset=\"https:\/\/ccoo.app\/diputacio-de-barcelona\/wp-content\/blogs.dir\/6\/files\/sites\/186\/2023\/04\/preguntes.png 512w, https:\/\/ccoo.app\/diputacio-de-barcelona\/wp-content\/blogs.dir\/6\/files\/sites\/186\/2023\/04\/preguntes-300x300.png 300w, https:\/\/ccoo.app\/diputacio-de-barcelona\/wp-content\/blogs.dir\/6\/files\/sites\/186\/2023\/04\/preguntes-150x150.png 150w\" sizes=\"auto, (max-width: 128px) 100vw, 128px\" \/><\/figure>\n<\/div>\n\n\n<div style=\"height:25px\" aria-hidden=\"true\" class=\"wp-block-spacer\"><\/div>\n\n\n\n<h3 class=\"gb-headline gb-headline-f5c8f4d8 gb-headline-text\"><strong>No et quedis mai amb el dubte,<br>contacta amb els teus delegats i delegades de CCOO<\/strong><\/h3>\n\n\n\n<div class=\"wp-block-buttons is-content-justification-center is-layout-flex wp-container-core-buttons-is-layout-16018d1d wp-block-buttons-is-layout-flex\">\n<div class=\"wp-block-button is-style-fill\"><a class=\"wp-block-button__link has-base-3-color has-contrast-2-background-color has-text-color has-background wp-element-button\" href=\"https:\/\/ccoo.app\/diputacio-de-barcelona\/delegats-i-delegades-de-prevencio\/\" style=\"border-radius:0px\">DELEGATS I DELEGADES DE PREVENCI\u00d3<\/a><\/div>\n<\/div>\n\n<\/div>\n\n\n<p><\/p>\n\n\n\n<div style=\"height:100px\" aria-hidden=\"true\" class=\"wp-block-spacer\"><\/div>\n","protected":false},"excerpt":{"rendered":"<p>En l&#8217;\u00e0mbit del dret laboral, \u00e9s fonamental comprendre el concepte de conting\u00e8ncia, el qual fa refer\u00e8ncia a la possibilitat, probabilitat o risc que alguna cosa succeeixi o no succeeixi. En &#8230; <\/p>\n<p class=\"read-more-container\"><a title=\"El reconeixement de l\u2019accident de treball o malaltia professional\" class=\"read-more button\" href=\"https:\/\/ccoo.app\/diputacio-de-barcelona\/el-reconeixement-de-laccident-de-treball-o-malaltia-professional\/#more-52915\" aria-label=\"Leer m\u00e1s sobre El reconeixement de l\u2019accident de treball o malaltia professional\">Continuar llegint<\/a><\/p>\n","protected":false},"author":88639,"featured_media":52906,"comment_status":"closed","ping_status":"closed","sticky":false,"template":"","format":"standard","meta":{"footnotes":""},"categories":[35],"tags":[],"class_list":["post-52915","post","type-post","status-publish","format-standard","has-post-thumbnail","hentry","category-salut-laboral","generate-columns","tablet-grid-50","mobile-grid-100","grid-parent","grid-50"],"_links":{"self":[{"href":"https:\/\/ccoo.app\/diputacio-de-barcelona\/wp-json\/wp\/v2\/posts\/52915","targetHints":{"allow":["GET"]}}],"collection":[{"href":"https:\/\/ccoo.app\/diputacio-de-barcelona\/wp-json\/wp\/v2\/posts"}],"about":[{"href":"https:\/\/ccoo.app\/diputacio-de-barcelona\/wp-json\/wp\/v2\/types\/post"}],"author":[{"embeddable":true,"href":"https:\/\/ccoo.app\/diputacio-de-barcelona\/wp-json\/wp\/v2\/users\/88639"}],"replies":[{"embeddable":true,"href":"https:\/\/ccoo.app\/diputacio-de-barcelona\/wp-json\/wp\/v2\/comments?post=52915"}],"version-history":[{"count":3,"href":"https:\/\/ccoo.app\/diputacio-de-barcelona\/wp-json\/wp\/v2\/posts\/52915\/revisions"}],"predecessor-version":[{"id":52974,"href":"https:\/\/ccoo.app\/diputacio-de-barcelona\/wp-json\/wp\/v2\/posts\/52915\/revisions\/52974"}],"wp:featuredmedia":[{"embeddable":true,"href":"https:\/\/ccoo.app\/diputacio-de-barcelona\/wp-json\/wp\/v2\/media\/52906"}],"wp:attachment":[{"href":"https:\/\/ccoo.app\/diputacio-de-barcelona\/wp-json\/wp\/v2\/media?parent=52915"}],"wp:term":[{"taxonomy":"category","embeddable":true,"href":"https:\/\/ccoo.app\/diputacio-de-barcelona\/wp-json\/wp\/v2\/categories?post=52915"},{"taxonomy":"post_tag","embeddable":true,"href":"https:\/\/ccoo.app\/diputacio-de-barcelona\/wp-json\/wp\/v2\/tags?post=52915"}],"curies":[{"name":"wp","href":"https:\/\/api.w.org\/{rel}","templated":true}]}}