{"id":52898,"date":"2023-05-25T12:21:39","date_gmt":"2023-05-25T10:21:39","guid":{"rendered":"https:\/\/ccoo.app\/diputacio-de-barcelona\/?p=52898"},"modified":"2023-10-17T14:04:21","modified_gmt":"2023-10-17T12:04:21","slug":"en-defensa-dels-nostres-acords","status":"publish","type":"post","link":"https:\/\/ccoo.app\/diputacio-de-barcelona\/en-defensa-dels-nostres-acords\/","title":{"rendered":"EN DEFENSA DELS NOSTRES ACORDS"},"content":{"rendered":"\n<div style=\"height:40px\" aria-hidden=\"true\" class=\"wp-block-spacer\"><\/div>\n\n\n\n<p>Des de la Secci\u00f3 Sindical de CCOO, volem informar-vos dels esdeveniments recents que han tingut lloc en la nostra Corporaci\u00f3 relacionats amb la <strong><u>NO aprovaci\u00f3 del factor de Perillositat-Penositat<\/u><\/strong>.<\/p>\n\n\n\n<p>Com sabeu, el passat dijous 18 era una data crucial per a nosaltres. La Comissi\u00f3 de Seguiment es va reunir per discutir els assumptes que anirien a l&#8217;Ordre del dia del Ple del mes de maig. <strong><u>Amb la finalitat d&#8217;exercir pressi\u00f3, les 4 seccions sindicals vam acordar realitzar una tancada al vest\u00edbul de Can Serra<\/u><\/strong>, a banda de la concentraci\u00f3 ja convocada davant de la seu de la DIBA. Est\u00e0vem segurs que aquest dia era de gran import\u00e0ncia, ja que <strong><u>si no s&#8217;aconseguien aven\u00e7os en aquest dia, seria dif\u00edcil resoldre aquests problemes abans de la pr\u00f2xima legislatura<\/u><\/strong>. La nostra sorpresa va ser que, en l\u2019\u00faltim moment, el sindicat UGT va renunciar a la tancada.<\/p>\n\n\n\n<p>No obstant aix\u00f2 i <strong><u>gr\u00e0cies a la pressi\u00f3 exercida durant el tancament, vam aconseguir una reuni\u00f3 amb el Diputat, el sr. Carles Ruiz<\/u><\/strong>. A aquesta reuni\u00f3 es va sumar la UGT, que va manifestar que ja estaven satisfets amb l\u2019email que el Coordinador ens va fer arribar fa dues setmanes. No obstant aix\u00f2, la resta de seccions sindicals vam considerar que no era suficient i <strong><u>vam exigir un comprom\u00eds de tots els partits pol\u00edtics que s\u2019aprovaria amb car\u00e0cter immediat en el nou mandat<\/u><\/strong>.<\/p>\n\n\n\n<p>Som conscients que aquest escrit \u00e9s nom\u00e9s una base de comprom\u00eds per\u00f2 tamb\u00e9 creiem que no \u00e9s possible solucionar-ho abans del dia 28. La Secci\u00f3 Sindical de CGT ha fet una crida a la vaga durant 3 dies amb aturades parcials. Nosaltres, <strong><u>des de CCOO, <\/u><\/strong>respectem plenament aquesta decisi\u00f3 per\u00f2 <strong><u>considerem que en l\u2019escenari en el qual ens movem, a una setmana del proper mandat, utilitzar l&#8217;opci\u00f3 de convocar una vaga no seria prou efectiva per a aconseguir la pressi\u00f3 i l\u2019objectiu desitjat<\/u><\/strong>. No hem d&#8217;oblidar que la vaga \u00e9s una eina que podrem utilitzar al comen\u00e7ament del nou mandat si el comprom\u00eds adquirit no es compleix per dur a terme un acte de protesta m\u00e9s contundent. Cal recordar que suposaria un cost econ\u00f2mic per a aquells treballadors i treballadores que la segueixin, en un moment que considerem no massa idoni en aquests moments.<\/p>\n\n\n\n<p><strong><u>Junts i units aconseguirem fer valer els nostres drets laborals!<\/u><\/strong><\/p>\n\n\n\n<p><\/p>\n\n\n\n<p><\/p>\n\n\n\n<p><\/p>\n\n\n<div class=\"gb-grid-wrapper gb-grid-wrapper-d65739e2\">\n<div class=\"gb-grid-column gb-grid-column-ecc8725d\"><div class=\"gb-container gb-container-ecc8725d\"><div class=\"gb-inside-container\">\n<div class=\"wp-block-image\">\n<figure class=\"aligncenter size-full\"><img loading=\"lazy\" decoding=\"async\" width=\"129\" height=\"38\" src=\"https:\/\/ccoo.app\/diputacio-de-barcelona\/wp-content\/blogs.dir\/6\/files\/sites\/186\/2022\/03\/tel.png\" alt=\"Tel\" class=\"wp-image-49915\" \/><\/figure>\n<\/div>\n<\/div><\/div><\/div>\n\n<div class=\"gb-grid-column gb-grid-column-4c28778f\"><div class=\"gb-container gb-container-4c28778f\"><div class=\"gb-inside-container\">\n<div class=\"wp-block-image\">\n<figure class=\"aligncenter size-full\"><a href=\"mailto:ccoo@diba.cat\"><img loading=\"lazy\" decoding=\"async\" width=\"51\" height=\"37\" src=\"https:\/\/ccoo.app\/diputacio-de-barcelona\/wp-content\/blogs.dir\/6\/files\/sites\/186\/2022\/03\/mail.png\" alt=\"Mail\" class=\"wp-image-49916\" \/><\/a><\/figure>\n<\/div>\n<\/div><\/div><\/div>\n\n<div class=\"gb-grid-column gb-grid-column-c6cc0957\"><div class=\"gb-container gb-container-c6cc0957\"><div class=\"gb-inside-container\">\n<div class=\"wp-block-image\">\n<figure class=\"aligncenter size-full\"><a href=\"https:\/\/twitter.com\/ccoodiba\"><img loading=\"lazy\" decoding=\"async\" width=\"44\" height=\"38\" src=\"https:\/\/ccoo.app\/diputacio-de-barcelona\/wp-content\/blogs.dir\/6\/files\/sites\/186\/2022\/03\/tw.png\" alt=\"Tw\" class=\"wp-image-49917\" \/><\/a><\/figure>\n<\/div>\n<\/div><\/div><\/div>\n\n<div class=\"gb-grid-column gb-grid-column-1598237d\"><div class=\"gb-container gb-container-1598237d\"><div class=\"gb-inside-container\">\n<div class=\"wp-block-image\">\n<figure class=\"aligncenter size-full\"><a href=\"https:\/\/www.instagram.com\/ccoo_diba\/\"><img loading=\"lazy\" decoding=\"async\" width=\"45\" height=\"44\" src=\"https:\/\/ccoo.app\/diputacio-de-barcelona\/wp-content\/blogs.dir\/6\/files\/sites\/186\/2022\/03\/ig.png\" alt=\"Ig\" class=\"wp-image-49918\" \/><\/a><\/figure>\n<\/div>\n<\/div><\/div><\/div>\n\n<div class=\"gb-grid-column gb-grid-column-2db731fe\"><div class=\"gb-container gb-container-2db731fe\"><div class=\"gb-inside-container\">\n<div class=\"wp-block-image\">\n<figure class=\"aligncenter size-full\"><a href=\"https:\/\/ccoo.app\/diputacio-de-barcelona\"><img loading=\"lazy\" decoding=\"async\" width=\"39\" height=\"40\" src=\"https:\/\/ccoo.app\/diputacio-de-barcelona\/wp-content\/blogs.dir\/6\/files\/sites\/186\/2022\/03\/www.png\" alt=\"Www\" class=\"wp-image-49919\" \/><\/a><\/figure>\n<\/div>\n<\/div><\/div><\/div>\n\n<div class=\"gb-grid-column gb-grid-column-f3651540\"><div class=\"gb-container gb-container-f3651540\"><div class=\"gb-inside-container\">\n<div class=\"wp-block-image\">\n<figure class=\"aligncenter size-full is-resized\"><a href=\"https:\/\/www.ccoo.cat\/afiliat\/?_sfm_aff_situation=94\"><img loading=\"lazy\" decoding=\"async\" src=\"https:\/\/ccoo.app\/diputacio-de-barcelona\/wp-content\/blogs.dir\/6\/files\/sites\/186\/2022\/03\/af.png\" alt=\"Af\" class=\"wp-image-49920\" width=\"125\" height=\"38\" \/><\/a><\/figure>\n<\/div>\n<\/div><\/div><\/div>\n<\/div>\n\n\n<div class=\"wp-block-group\"><div class=\"wp-block-group__inner-container is-layout-constrained wp-block-group-is-layout-constrained\"><\/div><\/div>\n","protected":false},"excerpt":{"rendered":"<p>Des de la Secci\u00f3 Sindical de CCOO, volem informar-vos dels esdeveniments recents que han tingut lloc en la nostra Corporaci\u00f3 relacionats amb la NO aprovaci\u00f3 del factor de Perillositat-Penositat. Com &#8230; <\/p>\n<p class=\"read-more-container\"><a title=\"EN DEFENSA DELS NOSTRES ACORDS\" class=\"read-more button\" href=\"https:\/\/ccoo.app\/diputacio-de-barcelona\/en-defensa-dels-nostres-acords\/#more-52898\" aria-label=\"Leer m\u00e1s sobre EN DEFENSA DELS NOSTRES ACORDS\">Continuar llegint<\/a><\/p>\n","protected":false},"author":88639,"featured_media":52793,"comment_status":"closed","ping_status":"closed","sticky":false,"template":"","format":"standard","meta":{"footnotes":""},"categories":[38,19],"tags":[],"class_list":["post-52898","post","type-post","status-publish","format-standard","has-post-thumbnail","hentry","category-a-tot-el-personal","category-comunicats","generate-columns","tablet-grid-50","mobile-grid-100","grid-parent","grid-50"],"_links":{"self":[{"href":"https:\/\/ccoo.app\/diputacio-de-barcelona\/wp-json\/wp\/v2\/posts\/52898","targetHints":{"allow":["GET"]}}],"collection":[{"href":"https:\/\/ccoo.app\/diputacio-de-barcelona\/wp-json\/wp\/v2\/posts"}],"about":[{"href":"https:\/\/ccoo.app\/diputacio-de-barcelona\/wp-json\/wp\/v2\/types\/post"}],"author":[{"embeddable":true,"href":"https:\/\/ccoo.app\/diputacio-de-barcelona\/wp-json\/wp\/v2\/users\/88639"}],"replies":[{"embeddable":true,"href":"https:\/\/ccoo.app\/diputacio-de-barcelona\/wp-json\/wp\/v2\/comments?post=52898"}],"version-history":[{"count":4,"href":"https:\/\/ccoo.app\/diputacio-de-barcelona\/wp-json\/wp\/v2\/posts\/52898\/revisions"}],"predecessor-version":[{"id":52902,"href":"https:\/\/ccoo.app\/diputacio-de-barcelona\/wp-json\/wp\/v2\/posts\/52898\/revisions\/52902"}],"wp:featuredmedia":[{"embeddable":true,"href":"https:\/\/ccoo.app\/diputacio-de-barcelona\/wp-json\/wp\/v2\/media\/52793"}],"wp:attachment":[{"href":"https:\/\/ccoo.app\/diputacio-de-barcelona\/wp-json\/wp\/v2\/media?parent=52898"}],"wp:term":[{"taxonomy":"category","embeddable":true,"href":"https:\/\/ccoo.app\/diputacio-de-barcelona\/wp-json\/wp\/v2\/categories?post=52898"},{"taxonomy":"post_tag","embeddable":true,"href":"https:\/\/ccoo.app\/diputacio-de-barcelona\/wp-json\/wp\/v2\/tags?post=52898"}],"curies":[{"name":"wp","href":"https:\/\/api.w.org\/{rel}","templated":true}]}}