{"id":52868,"date":"2023-05-24T14:00:32","date_gmt":"2023-05-24T12:00:32","guid":{"rendered":"https:\/\/ccoo.app\/diputacio-de-barcelona\/?p=52868"},"modified":"2023-10-17T14:04:23","modified_gmt":"2023-10-17T12:04:23","slug":"nota-conjunta-ccoo-cgt-icsc-tancada-seu-can-serra","status":"publish","type":"post","link":"https:\/\/ccoo.app\/diputacio-de-barcelona\/nota-conjunta-ccoo-cgt-icsc-tancada-seu-can-serra\/","title":{"rendered":"NOTA CONJUNTA CCOO-CGT-ICSC TANCADA SEU CAN SERRA"},"content":{"rendered":"\n<div style=\"height:40px\" aria-hidden=\"true\" class=\"wp-block-spacer\"><\/div>\n\n\n\n<figure class=\"gb-block-image gb-block-image-f2d52e22\"><img loading=\"lazy\" decoding=\"async\" width=\"390\" height=\"390\" class=\"gb-image gb-image-f2d52e22\" src=\"https:\/\/ccoo.app\/diputacio-de-barcelona\/wp-content\/blogs.dir\/6\/files\/sites\/186\/2023\/05\/informacio-nota-conjunta.png\" alt=\"Informacio Nota Conjunta\" title=\"Informacio Nota Conjunta\" srcset=\"https:\/\/ccoo.app\/diputacio-de-barcelona\/wp-content\/blogs.dir\/6\/files\/sites\/186\/2023\/05\/informacio-nota-conjunta.png 390w, https:\/\/ccoo.app\/diputacio-de-barcelona\/wp-content\/blogs.dir\/6\/files\/sites\/186\/2023\/05\/informacio-nota-conjunta-300x300.png 300w, https:\/\/ccoo.app\/diputacio-de-barcelona\/wp-content\/blogs.dir\/6\/files\/sites\/186\/2023\/05\/informacio-nota-conjunta-150x150.png 150w\" sizes=\"auto, (max-width: 390px) 100vw, 390px\" \/><\/figure>\n\n\n\n<div style=\"height:40px\" aria-hidden=\"true\" class=\"wp-block-spacer\"><\/div>\n\n\n\n<h3 class=\"gb-headline gb-headline-df203896 gb-headline-text\"><strong>TANCADA SEU CAN SERRA.<\/strong><\/h3>\n\n\n\n<p>El passat 18 de maig va tenir lloc la concentraci\u00f3 davant de la seu de Can Serra organitzada per les 4 seccions sindicals amb representaci\u00f3 a la Diputaci\u00f3 de Barcelona, i convocada des de la Junta de Personal.<\/p>\n\n\n\n<p>Primer de tot, volem agrair a tot el personal que s\u2019hi va acostar i va donar suport a una reivindicaci\u00f3 justa com \u00e9s l\u2019actualitzaci\u00f3 del factor de penositat-perillositat. Entenem i defensem que aquesta actualitzaci\u00f3, despr\u00e9s de m\u00e9s de 12 mesos treballant-la en una comissi\u00f3 parit\u00e0ria amb RRHH i utilitzant criteris t\u00e8cnics, compleix amb tots els requisits legals i que, per tant, no pot dilatar-se m\u00e9s la seva aprovaci\u00f3. Per aix\u00f2 \u00faltim, i com a mesura extra de pressi\u00f3, els 4 sindicats hav\u00edem acordat tamb\u00e9 realitzar una tancada aquell dia al vest\u00edbul de Can Serra per for\u00e7ar una reuni\u00f3 amb el President de l\u2019\u00c0rea de RRHH, el sr. Carles Ruiz Novella.<\/p>\n\n\n\n<p>Per a sorpresa de tots, la UGT a darrera hora va desmarcar-se totalment de la tancada, tot trencant aix\u00ed la unitat d\u2019actuaci\u00f3 dels 4 sindicats en relaci\u00f3 a aquest assumpte. No obstant aix\u00f2, i sense entrar a valorar el perqu\u00e8 de la seva decisi\u00f3, les seccions sindicals sota-signants continuem tenint la m\u00e0 estesa a l\u2019acci\u00f3 unit\u00e0ria per a intentar desblocar el conflicte laboral que ara mateix tenim a sobre de la taula amb la DIBA.<\/p>\n\n\n\n<p>En la reuni\u00f3 amb el sr. Ruiz vam defensar, en tot moment, que la soluci\u00f3 immediata i \u00f2ptima passa per l\u2019aprovaci\u00f3 de l\u2019actualitzaci\u00f3 del factor de perillositat en el darrer Ple d\u2019aquest mandat, el del proper 25 de maig. Tanmateix, la Junta de Portaveus es va mantenir dijous passat en una postura inflexible i condiciona l\u2019aprovaci\u00f3 a la desaparici\u00f3 de l\u2019informe desfavorable, mitjan\u00e7ant la reformulaci\u00f3 de l\u2019expedient per part de l\u2019equip de govern. Davant d\u2019aquestes retic\u00e8ncies i la manca d\u2019alternatives, vam reclamar tamb\u00e9 que, com a m\u00ednim, si aix\u00f2 no an\u00e9s a aquest Ple, hi hagu\u00e9s un escrit signat per tots els grups pol\u00edtics en el qual qued\u00e9s fixat el comprom\u00eds d\u2019elevar-ho a Ple amb car\u00e0cter immediat un cop constitu\u00eft el nou mandat despr\u00e9s de les eleccions municipals.<\/p>\n\n\n\n<p>Entenem que el<span style=\"text-decoration: underline\" class=\"ek-underline\"> <a href=\"https:\/\/ccoo.app\/diputacio-de-barcelona\/wp-content\/blogs.dir\/6\/files\/sites\/186\/2023\/05\/acord_junta_portaveus_11_05_23_ver_02.pdf\" class=\"ek-link\">text (que us adjuntem en aquesta nota) que han subscrit els grups<\/a><\/span>, que pren com a base una comunicaci\u00f3 ja rebuda anteriorment de la Coordinaci\u00f3 de RRHH, si b\u00e9 amb modificacions fruit de la pressi\u00f3 i de la interlocuci\u00f3 amb el Diputat i amb diversos grups duta a terme el dia de la concentraci\u00f3, constitueix un comprom\u00eds pol\u00edtic, cosa que fins ara no ten\u00edem. En aquest sentit pensem que \u00e9s un aven\u00e7 respecte la situaci\u00f3 pr\u00e8via, m\u00e9s enll\u00e0 de la valoraci\u00f3 pr\u00f2pia i concreta que pugui traslladar pel seu compte cadascuna de les seccions sindicals sota-signants.<\/p>\n\n\n\n<div style=\"height:40px\" aria-hidden=\"true\" class=\"wp-block-spacer\"><\/div>\n\n\n\n<figure class=\"gb-block-image gb-block-image-e16022eb\"><img loading=\"lazy\" decoding=\"async\" width=\"500\" height=\"80\" class=\"gb-image gb-image-e16022eb\" src=\"https:\/\/ccoo.app\/diputacio-de-barcelona\/wp-content\/blogs.dir\/6\/files\/sites\/186\/2023\/05\/logos-1.png\" alt=\"Logos 1\" title=\"Logos 1\" srcset=\"https:\/\/ccoo.app\/diputacio-de-barcelona\/wp-content\/blogs.dir\/6\/files\/sites\/186\/2023\/05\/logos-1.png 500w, https:\/\/ccoo.app\/diputacio-de-barcelona\/wp-content\/blogs.dir\/6\/files\/sites\/186\/2023\/05\/logos-1-300x48.png 300w\" sizes=\"auto, (max-width: 500px) 100vw, 500px\" \/><\/figure>\n\n\n\n<div style=\"height:50px\" aria-hidden=\"true\" class=\"wp-block-spacer\"><\/div>\n\n\n\n<div class=\"wp-block-group\"><div class=\"wp-block-group__inner-container is-layout-constrained wp-block-group-is-layout-constrained\"><div class=\"gb-grid-wrapper gb-grid-wrapper-d65739e2\">\n<div class=\"gb-grid-column gb-grid-column-ecc8725d\"><div class=\"gb-container gb-container-ecc8725d\"><div class=\"gb-inside-container\">\n<div class=\"wp-block-image\">\n<figure class=\"aligncenter size-full\"><img loading=\"lazy\" decoding=\"async\" width=\"129\" height=\"38\" src=\"https:\/\/ccoo.app\/diputacio-de-barcelona\/wp-content\/blogs.dir\/6\/files\/sites\/186\/2022\/03\/tel.png\" alt=\"Tel\" class=\"wp-image-49915\" \/><\/figure>\n<\/div>\n<\/div><\/div><\/div>\n\n<div class=\"gb-grid-column gb-grid-column-4c28778f\"><div class=\"gb-container gb-container-4c28778f\"><div class=\"gb-inside-container\">\n<div class=\"wp-block-image\">\n<figure class=\"aligncenter size-full\"><a href=\"mailto:ccoo@diba.cat\"><img loading=\"lazy\" decoding=\"async\" width=\"51\" height=\"37\" src=\"https:\/\/ccoo.app\/diputacio-de-barcelona\/wp-content\/blogs.dir\/6\/files\/sites\/186\/2022\/03\/mail.png\" alt=\"Mail\" class=\"wp-image-49916\" \/><\/a><\/figure>\n<\/div>\n<\/div><\/div><\/div>\n\n<div class=\"gb-grid-column gb-grid-column-c6cc0957\"><div class=\"gb-container gb-container-c6cc0957\"><div class=\"gb-inside-container\">\n<div class=\"wp-block-image\">\n<figure class=\"aligncenter size-full\"><a href=\"https:\/\/twitter.com\/ccoodiba\"><img loading=\"lazy\" decoding=\"async\" width=\"44\" height=\"38\" src=\"https:\/\/ccoo.app\/diputacio-de-barcelona\/wp-content\/blogs.dir\/6\/files\/sites\/186\/2022\/03\/tw.png\" alt=\"Tw\" class=\"wp-image-49917\" \/><\/a><\/figure>\n<\/div>\n<\/div><\/div><\/div>\n\n<div class=\"gb-grid-column gb-grid-column-1598237d\"><div class=\"gb-container gb-container-1598237d\"><div class=\"gb-inside-container\">\n<div class=\"wp-block-image\">\n<figure class=\"aligncenter size-full\"><a href=\"https:\/\/www.instagram.com\/ccoo_diba\/\"><img loading=\"lazy\" decoding=\"async\" width=\"45\" height=\"44\" src=\"https:\/\/ccoo.app\/diputacio-de-barcelona\/wp-content\/blogs.dir\/6\/files\/sites\/186\/2022\/03\/ig.png\" alt=\"Ig\" class=\"wp-image-49918\" \/><\/a><\/figure>\n<\/div>\n<\/div><\/div><\/div>\n\n<div class=\"gb-grid-column gb-grid-column-2db731fe\"><div class=\"gb-container gb-container-2db731fe\"><div class=\"gb-inside-container\">\n<div class=\"wp-block-image\">\n<figure class=\"aligncenter size-full\"><a href=\"https:\/\/ccoo.app\/diputacio-de-barcelona\"><img loading=\"lazy\" decoding=\"async\" width=\"39\" height=\"40\" src=\"https:\/\/ccoo.app\/diputacio-de-barcelona\/wp-content\/blogs.dir\/6\/files\/sites\/186\/2022\/03\/www.png\" alt=\"Www\" class=\"wp-image-49919\" \/><\/a><\/figure>\n<\/div>\n<\/div><\/div><\/div>\n\n<div class=\"gb-grid-column gb-grid-column-f3651540\"><div class=\"gb-container gb-container-f3651540\"><div class=\"gb-inside-container\">\n<div class=\"wp-block-image\">\n<figure class=\"aligncenter size-full is-resized\"><a href=\"https:\/\/www.ccoo.cat\/afiliat\/?_sfm_aff_situation=94\"><img loading=\"lazy\" decoding=\"async\" src=\"https:\/\/ccoo.app\/diputacio-de-barcelona\/wp-content\/blogs.dir\/6\/files\/sites\/186\/2022\/03\/af.png\" alt=\"Af\" class=\"wp-image-49920\" width=\"125\" height=\"38\" \/><\/a><\/figure>\n<\/div>\n<\/div><\/div><\/div>\n<\/div><\/div><\/div>\n","protected":false},"excerpt":{"rendered":"<p>TANCADA SEU CAN SERRA. El passat 18 de maig va tenir lloc la concentraci\u00f3 davant de la seu de Can Serra organitzada per les 4 seccions sindicals amb representaci\u00f3 a &#8230; <\/p>\n<p class=\"read-more-container\"><a title=\"NOTA CONJUNTA CCOO-CGT-ICSC TANCADA SEU CAN SERRA\" class=\"read-more button\" href=\"https:\/\/ccoo.app\/diputacio-de-barcelona\/nota-conjunta-ccoo-cgt-icsc-tancada-seu-can-serra\/#more-52868\" aria-label=\"Leer m\u00e1s sobre NOTA CONJUNTA CCOO-CGT-ICSC TANCADA SEU CAN SERRA\">Continuar llegint<\/a><\/p>\n","protected":false},"author":88639,"featured_media":52877,"comment_status":"closed","ping_status":"closed","sticky":false,"template":"","format":"standard","meta":{"footnotes":""},"categories":[38,19],"tags":[],"class_list":["post-52868","post","type-post","status-publish","format-standard","has-post-thumbnail","hentry","category-a-tot-el-personal","category-comunicats","generate-columns","tablet-grid-50","mobile-grid-100","grid-parent","grid-50"],"_links":{"self":[{"href":"https:\/\/ccoo.app\/diputacio-de-barcelona\/wp-json\/wp\/v2\/posts\/52868","targetHints":{"allow":["GET"]}}],"collection":[{"href":"https:\/\/ccoo.app\/diputacio-de-barcelona\/wp-json\/wp\/v2\/posts"}],"about":[{"href":"https:\/\/ccoo.app\/diputacio-de-barcelona\/wp-json\/wp\/v2\/types\/post"}],"author":[{"embeddable":true,"href":"https:\/\/ccoo.app\/diputacio-de-barcelona\/wp-json\/wp\/v2\/users\/88639"}],"replies":[{"embeddable":true,"href":"https:\/\/ccoo.app\/diputacio-de-barcelona\/wp-json\/wp\/v2\/comments?post=52868"}],"version-history":[{"count":5,"href":"https:\/\/ccoo.app\/diputacio-de-barcelona\/wp-json\/wp\/v2\/posts\/52868\/revisions"}],"predecessor-version":[{"id":52881,"href":"https:\/\/ccoo.app\/diputacio-de-barcelona\/wp-json\/wp\/v2\/posts\/52868\/revisions\/52881"}],"wp:featuredmedia":[{"embeddable":true,"href":"https:\/\/ccoo.app\/diputacio-de-barcelona\/wp-json\/wp\/v2\/media\/52877"}],"wp:attachment":[{"href":"https:\/\/ccoo.app\/diputacio-de-barcelona\/wp-json\/wp\/v2\/media?parent=52868"}],"wp:term":[{"taxonomy":"category","embeddable":true,"href":"https:\/\/ccoo.app\/diputacio-de-barcelona\/wp-json\/wp\/v2\/categories?post=52868"},{"taxonomy":"post_tag","embeddable":true,"href":"https:\/\/ccoo.app\/diputacio-de-barcelona\/wp-json\/wp\/v2\/tags?post=52868"}],"curies":[{"name":"wp","href":"https:\/\/api.w.org\/{rel}","templated":true}]}}