{"id":52836,"date":"2023-05-12T13:56:17","date_gmt":"2023-05-12T11:56:17","guid":{"rendered":"https:\/\/ccoo.app\/diputacio-de-barcelona\/?p=52836"},"modified":"2023-10-17T14:04:29","modified_gmt":"2023-10-17T12:04:29","slug":"incrementem-la-pressio-a-lequip-de-govern-de-la-diputacio-aixi-no","status":"publish","type":"post","link":"https:\/\/ccoo.app\/diputacio-de-barcelona\/incrementem-la-pressio-a-lequip-de-govern-de-la-diputacio-aixi-no\/","title":{"rendered":"INCREMENTEM LA PRESSI\u00d3 A L\u2019EQUIP DE GOVERN DE LA DIPUTACI\u00d3. AIX\u00cd NO!"},"content":{"rendered":"\n<div style=\"height:40px\" aria-hidden=\"true\" class=\"wp-block-spacer\"><\/div>\n\n\n\n<figure class=\"gb-block-image gb-block-image-b33d1a49\"><img loading=\"lazy\" decoding=\"async\" width=\"390\" height=\"390\" class=\"gb-image gb-image-b33d1a49\" src=\"https:\/\/ccoo.app\/diputacio-de-barcelona\/wp-content\/blogs.dir\/6\/files\/sites\/186\/2023\/05\/informacio-mobilitzacions.png\" alt=\"Informacio-obilitzacions\" title=\"Informacio-mobilitzacions\" srcset=\"https:\/\/ccoo.app\/diputacio-de-barcelona\/wp-content\/blogs.dir\/6\/files\/sites\/186\/2023\/05\/informacio-mobilitzacions.png 390w, https:\/\/ccoo.app\/diputacio-de-barcelona\/wp-content\/blogs.dir\/6\/files\/sites\/186\/2023\/05\/informacio-mobilitzacions-300x300.png 300w, https:\/\/ccoo.app\/diputacio-de-barcelona\/wp-content\/blogs.dir\/6\/files\/sites\/186\/2023\/05\/informacio-mobilitzacions-150x150.png 150w\" sizes=\"auto, (max-width: 390px) 100vw, 390px\" \/><\/figure>\n\n\n\n<div style=\"height:40px\" aria-hidden=\"true\" class=\"wp-block-spacer\"><\/div>\n\n\n\n<p>Com us hem anat informant a les diverses assemblees i darrers comunicats, els 4 sindicats presents a la corporaci\u00f3 hem estat treballant en una comissi\u00f3 t\u00e8cnica per a la valoraci\u00f3 i actualitzaci\u00f3 del complement de condicions de treball de molts col\u00b7lectius de la Diputaci\u00f3.<\/p>\n\n\n\n<p>Aquest complement, que&nbsp;<strong><u>per primera vegada es realitza sota uns criteris estrictament t\u00e8cnics i no pas arbitraris<\/u><\/strong>, no s\u2019actualitzava des de feia m\u00e9s de 30 anys i ha estat possible la seva negociaci\u00f3 gr\u00e0cies a la pressi\u00f3 en seu de Mesa de Negociaci\u00f3 de mat\u00e8ries comunes ara ja fa m\u00e9s d\u2019un any.<\/p>\n\n\n\n<p>Un cop finalitzats aquests treballs es va elevar al Ple de la Diputaci\u00f3 del mes d\u2019abril per a la seva ratificaci\u00f3 i&nbsp;<strong><u>la nostra sorpresa va ser que ni tant sols es va dur a l\u2019ordre del dia<\/u><\/strong>. Va ser llavors quan, r\u00e0pidament,&nbsp;<strong><u>vam organitzar una mobilitzaci\u00f3 al Ple amb els nostres delegats i delegades.<\/u><\/strong><\/p>\n\n\n\n<p><strong><u>Des de Comissions Obreres hem intensificat la nostra pressi\u00f3 cap als \u00fanics responsables d\u2019aquest desgavell: l\u2019equip de govern i els grups pol\u00edtics que juguen amb les retribucions de la plantilla<\/u><\/strong>&nbsp;i amb el treball de la comissi\u00f3, tant el treball fet per RH com per la part social. Fru\u00eft d\u2019aquesta pressi\u00f3, avui dijous 11, hem aconseguit que se celebri una sessi\u00f3 extraordin\u00e0ria de la Junta de Portaveus per tractar \u00fanicament i exclusiva aquest tema. I tenim molt clar que la \u00fanica resposta que esperem d\u2019aquesta sessi\u00f3 \u00e9s que ser\u00e0 ratificat al proper Ple del mes de maig.<\/p>\n\n\n\n<p>No obstant aix\u00f2, ja&nbsp;<strong><u>anunciem que ens mobilitzarem el proper dijous 18, quan se celebri la Comissi\u00f3 Informativa<\/u><\/strong>. I ho fem extensiu a la resta de sindicats per a mostrar una clara unitat sindical front a aquest atac a la negociaci\u00f3 col\u00b7lectiva.<\/p>\n\n\n\n<div class=\"wp-block-group\"><div class=\"wp-block-group__inner-container is-layout-constrained wp-block-group-is-layout-constrained\"><div class=\"gb-grid-wrapper gb-grid-wrapper-d65739e2\">\n<div class=\"gb-grid-column gb-grid-column-ecc8725d\"><div class=\"gb-container gb-container-ecc8725d\"><div class=\"gb-inside-container\">\n<div class=\"wp-block-image\">\n<figure class=\"aligncenter size-full\"><img loading=\"lazy\" decoding=\"async\" width=\"129\" height=\"38\" src=\"https:\/\/ccoo.app\/diputacio-de-barcelona\/wp-content\/blogs.dir\/6\/files\/sites\/186\/2022\/03\/tel.png\" alt=\"Tel\" class=\"wp-image-49915\" \/><\/figure>\n<\/div>\n<\/div><\/div><\/div>\n\n<div class=\"gb-grid-column gb-grid-column-4c28778f\"><div class=\"gb-container gb-container-4c28778f\"><div class=\"gb-inside-container\">\n<div class=\"wp-block-image\">\n<figure class=\"aligncenter size-full\"><a href=\"mailto:ccoo@diba.cat\"><img loading=\"lazy\" decoding=\"async\" width=\"51\" height=\"37\" src=\"https:\/\/ccoo.app\/diputacio-de-barcelona\/wp-content\/blogs.dir\/6\/files\/sites\/186\/2022\/03\/mail.png\" alt=\"Mail\" class=\"wp-image-49916\" \/><\/a><\/figure>\n<\/div>\n<\/div><\/div><\/div>\n\n<div class=\"gb-grid-column gb-grid-column-c6cc0957\"><div class=\"gb-container gb-container-c6cc0957\"><div class=\"gb-inside-container\">\n<div class=\"wp-block-image\">\n<figure class=\"aligncenter size-full\"><a href=\"https:\/\/twitter.com\/ccoodiba\"><img loading=\"lazy\" decoding=\"async\" width=\"44\" height=\"38\" src=\"https:\/\/ccoo.app\/diputacio-de-barcelona\/wp-content\/blogs.dir\/6\/files\/sites\/186\/2022\/03\/tw.png\" alt=\"Tw\" class=\"wp-image-49917\" \/><\/a><\/figure>\n<\/div>\n<\/div><\/div><\/div>\n\n<div class=\"gb-grid-column gb-grid-column-1598237d\"><div class=\"gb-container gb-container-1598237d\"><div class=\"gb-inside-container\">\n<div class=\"wp-block-image\">\n<figure class=\"aligncenter size-full\"><a href=\"https:\/\/www.instagram.com\/ccoo_diba\/\"><img loading=\"lazy\" decoding=\"async\" width=\"45\" height=\"44\" src=\"https:\/\/ccoo.app\/diputacio-de-barcelona\/wp-content\/blogs.dir\/6\/files\/sites\/186\/2022\/03\/ig.png\" alt=\"Ig\" class=\"wp-image-49918\" \/><\/a><\/figure>\n<\/div>\n<\/div><\/div><\/div>\n\n<div class=\"gb-grid-column gb-grid-column-2db731fe\"><div class=\"gb-container gb-container-2db731fe\"><div class=\"gb-inside-container\">\n<div class=\"wp-block-image\">\n<figure class=\"aligncenter size-full\"><a href=\"https:\/\/ccoo.app\/diputacio-de-barcelona\"><img loading=\"lazy\" decoding=\"async\" width=\"39\" height=\"40\" src=\"https:\/\/ccoo.app\/diputacio-de-barcelona\/wp-content\/blogs.dir\/6\/files\/sites\/186\/2022\/03\/www.png\" alt=\"Www\" class=\"wp-image-49919\" \/><\/a><\/figure>\n<\/div>\n<\/div><\/div><\/div>\n\n<div class=\"gb-grid-column gb-grid-column-f3651540\"><div class=\"gb-container gb-container-f3651540\"><div class=\"gb-inside-container\">\n<div class=\"wp-block-image\">\n<figure class=\"aligncenter size-full is-resized\"><a href=\"https:\/\/www.ccoo.cat\/afiliat\/?_sfm_aff_situation=94\"><img loading=\"lazy\" decoding=\"async\" src=\"https:\/\/ccoo.app\/diputacio-de-barcelona\/wp-content\/blogs.dir\/6\/files\/sites\/186\/2022\/03\/af.png\" alt=\"Af\" class=\"wp-image-49920\" width=\"125\" height=\"38\" \/><\/a><\/figure>\n<\/div>\n<\/div><\/div><\/div>\n<\/div><\/div><\/div>\n","protected":false},"excerpt":{"rendered":"<p>Com us hem anat informant a les diverses assemblees i darrers comunicats, els 4 sindicats presents a la corporaci\u00f3 hem estat treballant en una comissi\u00f3 t\u00e8cnica per a la valoraci\u00f3 &#8230; <\/p>\n<p class=\"read-more-container\"><a title=\"INCREMENTEM LA PRESSI\u00d3 A L\u2019EQUIP DE GOVERN DE LA DIPUTACI\u00d3. AIX\u00cd NO!\" class=\"read-more button\" href=\"https:\/\/ccoo.app\/diputacio-de-barcelona\/incrementem-la-pressio-a-lequip-de-govern-de-la-diputacio-aixi-no\/#more-52836\" aria-label=\"Leer m\u00e1s sobre INCREMENTEM LA PRESSI\u00d3 A L\u2019EQUIP DE GOVERN DE LA DIPUTACI\u00d3. AIX\u00cd NO!\">Continuar llegint<\/a><\/p>\n","protected":false},"author":88639,"featured_media":52838,"comment_status":"closed","ping_status":"closed","sticky":false,"template":"","format":"standard","meta":{"footnotes":""},"categories":[38,19],"tags":[],"class_list":["post-52836","post","type-post","status-publish","format-standard","has-post-thumbnail","hentry","category-a-tot-el-personal","category-comunicats","generate-columns","tablet-grid-50","mobile-grid-100","grid-parent","grid-50"],"_links":{"self":[{"href":"https:\/\/ccoo.app\/diputacio-de-barcelona\/wp-json\/wp\/v2\/posts\/52836","targetHints":{"allow":["GET"]}}],"collection":[{"href":"https:\/\/ccoo.app\/diputacio-de-barcelona\/wp-json\/wp\/v2\/posts"}],"about":[{"href":"https:\/\/ccoo.app\/diputacio-de-barcelona\/wp-json\/wp\/v2\/types\/post"}],"author":[{"embeddable":true,"href":"https:\/\/ccoo.app\/diputacio-de-barcelona\/wp-json\/wp\/v2\/users\/88639"}],"replies":[{"embeddable":true,"href":"https:\/\/ccoo.app\/diputacio-de-barcelona\/wp-json\/wp\/v2\/comments?post=52836"}],"version-history":[{"count":4,"href":"https:\/\/ccoo.app\/diputacio-de-barcelona\/wp-json\/wp\/v2\/posts\/52836\/revisions"}],"predecessor-version":[{"id":52842,"href":"https:\/\/ccoo.app\/diputacio-de-barcelona\/wp-json\/wp\/v2\/posts\/52836\/revisions\/52842"}],"wp:featuredmedia":[{"embeddable":true,"href":"https:\/\/ccoo.app\/diputacio-de-barcelona\/wp-json\/wp\/v2\/media\/52838"}],"wp:attachment":[{"href":"https:\/\/ccoo.app\/diputacio-de-barcelona\/wp-json\/wp\/v2\/media?parent=52836"}],"wp:term":[{"taxonomy":"category","embeddable":true,"href":"https:\/\/ccoo.app\/diputacio-de-barcelona\/wp-json\/wp\/v2\/categories?post=52836"},{"taxonomy":"post_tag","embeddable":true,"href":"https:\/\/ccoo.app\/diputacio-de-barcelona\/wp-json\/wp\/v2\/tags?post=52836"}],"curies":[{"name":"wp","href":"https:\/\/api.w.org\/{rel}","templated":true}]}}