{"id":52829,"date":"2023-05-24T08:57:23","date_gmt":"2023-05-24T06:57:23","guid":{"rendered":"https:\/\/ccoo.app\/diputacio-de-barcelona\/?p=52829"},"modified":"2023-10-17T14:04:25","modified_gmt":"2023-10-17T12:04:25","slug":"comite-de-seguretat-i-salut-21-04-2023","status":"publish","type":"post","link":"https:\/\/ccoo.app\/diputacio-de-barcelona\/comite-de-seguretat-i-salut-21-04-2023\/","title":{"rendered":"COMIT\u00c8 DE SEGURETAT I SALUT: 21.04.2023"},"content":{"rendered":"\n<div style=\"height:40px\" aria-hidden=\"true\" class=\"wp-block-spacer\"><\/div>\n\n\n\n<figure class=\"gb-block-image gb-block-image-1bd8cee7\"><img loading=\"lazy\" decoding=\"async\" width=\"390\" height=\"390\" class=\"gb-image gb-image-1bd8cee7\" src=\"https:\/\/ccoo.app\/diputacio-de-barcelona\/wp-content\/blogs.dir\/6\/files\/sites\/186\/2023\/03\/informacio-salud-laboral.png\" alt=\"Informacio Salud Laboral\" title=\"Informacio Salud Laboral\" srcset=\"https:\/\/ccoo.app\/diputacio-de-barcelona\/wp-content\/blogs.dir\/6\/files\/sites\/186\/2023\/03\/informacio-salud-laboral.png 390w, https:\/\/ccoo.app\/diputacio-de-barcelona\/wp-content\/blogs.dir\/6\/files\/sites\/186\/2023\/03\/informacio-salud-laboral-300x300.png 300w, https:\/\/ccoo.app\/diputacio-de-barcelona\/wp-content\/blogs.dir\/6\/files\/sites\/186\/2023\/03\/informacio-salud-laboral-150x150.png 150w\" sizes=\"auto, (max-width: 390px) 100vw, 390px\" \/><\/figure>\n\n\n\n<div style=\"height:40px\" aria-hidden=\"true\" class=\"wp-block-spacer\"><\/div>\n\n\n\n<p>Recentment, vam assistir a la reuni\u00f3 del Comit\u00e8 de Seguretat i Salut de la Diputaci\u00f3 de Barcelona i <strong><span style=\"text-decoration: underline\" class=\"ek-underline\">des de CCOO vam plantejar i demanar els seg\u00fcents temes que afecten les condicions de seguretat i salut <\/span><\/strong>dels treballadors i treballadores de la corporaci\u00f3:<\/p>\n\n\n\n<ul class=\"wp-block-list\">\n<li><strong>Formaci\u00f3<\/strong>:<ul><li>Reclamem el <span style=\"text-decoration: underline\" class=\"ek-underline\"><strong>pla de formaci\u00f3 exclusiva per raons m\u00fascul-esquel\u00e8tics<\/strong> <\/span>pels col\u00b7lectius amb aquesta necessitat, tal com ens van dir des de l\u2019OPRL a l\u2019anterior Comit\u00e8 de Seguretat.<\/li><\/ul>\n<ul class=\"wp-block-list\">\n<li>Demanem una <strong><span style=\"text-decoration: underline\" class=\"ek-underline\">formaci\u00f3 a tota la plantilla de gesti\u00f3 de l\u2019estr\u00e8s<\/span><\/strong>, ja que est\u00e0 considerat com un EPI.<\/li>\n<\/ul>\n<\/li>\n\n\n\n<li><strong>Revisi\u00f3 m\u00e8dica<\/strong>:<ul><li>Demanem que les <strong><span style=\"text-decoration: underline\" class=\"ek-underline\">unitats m\u00f2bils<\/span><\/strong> que s\u2019utilitzin <strong><span style=\"text-decoration: underline\" class=\"ek-underline\">per fer les revisions m\u00e8diques obligat\u00f2ries tinguin les condicions necess\u00e0ries<\/span><\/strong>.<\/li><\/ul>\n<ul class=\"wp-block-list\">\n<li>Des de l\u2019OPRL ens confirmen que <strong><span style=\"text-decoration: underline\" class=\"ek-underline\">la revisi\u00f3 m\u00e8dica obligat\u00f2ria consta com a temps efectiu de treball<\/span><\/strong> i que <strong><span style=\"text-decoration: underline\" class=\"ek-underline\">es pot utilitzar els medis que disposa la corporaci\u00f3<\/span><\/strong>, com els vehicles corporatius.<\/li>\n<\/ul>\n<\/li>\n\n\n\n<li><strong>Protocol espec\u00edfic de XBM envers la viol\u00e8ncia al lloc de treball<\/strong>:<ul><li>Ja s\u2019ha comen\u00e7at a treballar a la <span style=\"text-decoration: underline\" class=\"ek-underline\"><strong>redacci\u00f3 d\u2019una proposta de protocol<\/strong><\/span> amb les casu\u00edstiques espec\u00edfiques que tenen dintre de les biblioteques.<\/li><\/ul>\n<ul class=\"wp-block-list\">\n<li>Nosaltres demanem una <strong><span style=\"text-decoration: underline\" class=\"ek-underline\">comissi\u00f3 per treballar un protocol transversal<\/span><\/strong>, on puguin tenir una base els diferents serveis de la corporaci\u00f3 i poder adaptar o actualitzar a les seves necessitats i fer-lo extensible a tots els serveis amb atenci\u00f3 a usuaris.<\/li>\n<\/ul>\n<\/li>\n\n\n\n<li>Exigim la presentaci\u00f3 del nou <strong><span style=\"text-decoration: underline\" class=\"ek-underline\">protocol d\u2019assetjament laboral<\/span><\/strong> a la mesa de negociaci\u00f3 per poder acceptar-lo.<\/li>\n\n\n\n<li>ORGT\n<ul class=\"wp-block-list\">\n<li>Exigim <strong><span style=\"text-decoration: underline\" class=\"ek-underline\">avaluaci\u00f3 de riscos psicosocials<\/span><\/strong>, <strong><span style=\"text-decoration: underline\" class=\"ek-underline\">pla de mobilitat<\/span><\/strong> i <strong><span style=\"text-decoration: underline\" class=\"ek-underline\">pla d\u2019igualtat<\/span><\/strong>.<\/li>\n<\/ul>\n<\/li>\n\n\n\n<li><strong>Seguretat dintre de parcs<\/strong>:<ul><li>Demanem <span style=\"text-decoration: underline\" class=\"ek-underline\"><strong>aclarir funcions i compet\u00e8ncies dels guardes forestals<\/strong><\/span> per <strong><span style=\"text-decoration: underline\" class=\"ek-underline\">evitar contradiccions i situacions de risc<\/span><\/strong> pels treballadors i treballadores per part de les direccions dels parcs.<\/li><\/ul>\n<ul class=\"wp-block-list\">\n<li>Es treballar\u00e0 en:<ul><li>Les compet\u00e8ncies amb el menys risc possible per als treballadors i treballadores<\/li><\/ul>\n<ul class=\"wp-block-list\">\n<li>Recuperar emissores o xarxa rescat<\/li>\n\n\n\n<li>Informaci\u00f3 i formaci\u00f3 als guardes<\/li>\n\n\n\n<li>Treballar per parelles<\/li>\n\n\n\n<li>Convocar als sindicats per a informar dels procediments a implantar<\/li>\n<\/ul>\n<\/li>\n<\/ul>\n<\/li>\n\n\n\n<li><strong>Onades de calor<\/strong>, reclamem:<ul><li><strong><span style=\"text-decoration: underline\" class=\"ek-underline\">EPIs adequats<\/span><\/strong> per poder protegir-se.<\/li><\/ul>\n<ul class=\"wp-block-list\">\n<li><strong><span style=\"text-decoration: underline\" class=\"ek-underline\">Planificaci\u00f3 de feines per col\u00b7lectius exposats<\/span><\/strong>.<\/li>\n\n\n\n<li><strong><span style=\"text-decoration: underline\" class=\"ek-underline\">Revisi\u00f3 de l&#8217;estat de les m\u00e0quines climatitzadores<\/span><\/strong>.<\/li>\n\n\n\n<li>Exigim <strong><span style=\"text-decoration: underline\" class=\"ek-underline\">punts d&#8217;aigua als diferents col\u00b7lectius exposats<\/span><\/strong> com a jardiners, manteniment, parcs&#8230;<\/li>\n\n\n\n<li><strong><span style=\"text-decoration: underline\" class=\"ek-underline\">Enviament des de l&#8217;OPRL de les recomanacions per protegir-se de calor<\/span><\/strong> especificant amb les persones vulnerables i majors de 60 anys.<\/li>\n<\/ul>\n<\/li>\n\n\n\n<li><strong>Vespa Asi\u00e0tica<\/strong>:\n<ul class=\"wp-block-list\">\n<li>Demanem <strong><span style=\"text-decoration: underline\" class=\"ek-underline\">protocol<\/span><\/strong><\/li>\n<\/ul>\n<\/li>\n<\/ul>\n\n\n\n<div class=\"wp-block-group\"><div class=\"wp-block-group__inner-container is-layout-constrained wp-block-group-is-layout-constrained\"><div class=\"gb-grid-wrapper gb-grid-wrapper-d65739e2\">\n<div class=\"gb-grid-column gb-grid-column-ecc8725d\"><div class=\"gb-container gb-container-ecc8725d\"><div class=\"gb-inside-container\">\n<div class=\"wp-block-image\">\n<figure class=\"aligncenter size-full\"><img loading=\"lazy\" decoding=\"async\" width=\"129\" height=\"38\" src=\"https:\/\/ccoo.app\/diputacio-de-barcelona\/wp-content\/blogs.dir\/6\/files\/sites\/186\/2022\/03\/tel.png\" alt=\"Tel\" class=\"wp-image-49915\" \/><\/figure>\n<\/div>\n<\/div><\/div><\/div>\n\n<div class=\"gb-grid-column gb-grid-column-4c28778f\"><div class=\"gb-container gb-container-4c28778f\"><div class=\"gb-inside-container\">\n<div class=\"wp-block-image\">\n<figure class=\"aligncenter size-full\"><a href=\"mailto:ccoo@diba.cat\"><img loading=\"lazy\" decoding=\"async\" width=\"51\" height=\"37\" src=\"https:\/\/ccoo.app\/diputacio-de-barcelona\/wp-content\/blogs.dir\/6\/files\/sites\/186\/2022\/03\/mail.png\" alt=\"Mail\" class=\"wp-image-49916\" \/><\/a><\/figure>\n<\/div>\n<\/div><\/div><\/div>\n\n<div class=\"gb-grid-column gb-grid-column-c6cc0957\"><div class=\"gb-container gb-container-c6cc0957\"><div class=\"gb-inside-container\">\n<div class=\"wp-block-image\">\n<figure class=\"aligncenter size-full\"><a href=\"https:\/\/twitter.com\/ccoodiba\"><img loading=\"lazy\" decoding=\"async\" width=\"44\" height=\"38\" src=\"https:\/\/ccoo.app\/diputacio-de-barcelona\/wp-content\/blogs.dir\/6\/files\/sites\/186\/2022\/03\/tw.png\" alt=\"Tw\" class=\"wp-image-49917\" \/><\/a><\/figure>\n<\/div>\n<\/div><\/div><\/div>\n\n<div class=\"gb-grid-column gb-grid-column-1598237d\"><div class=\"gb-container gb-container-1598237d\"><div class=\"gb-inside-container\">\n<div class=\"wp-block-image\">\n<figure class=\"aligncenter size-full\"><a href=\"https:\/\/www.instagram.com\/ccoo_diba\/\"><img loading=\"lazy\" decoding=\"async\" width=\"45\" height=\"44\" src=\"https:\/\/ccoo.app\/diputacio-de-barcelona\/wp-content\/blogs.dir\/6\/files\/sites\/186\/2022\/03\/ig.png\" alt=\"Ig\" class=\"wp-image-49918\" \/><\/a><\/figure>\n<\/div>\n<\/div><\/div><\/div>\n\n<div class=\"gb-grid-column gb-grid-column-2db731fe\"><div class=\"gb-container gb-container-2db731fe\"><div class=\"gb-inside-container\">\n<div class=\"wp-block-image\">\n<figure class=\"aligncenter size-full\"><a href=\"https:\/\/ccoo.app\/diputacio-de-barcelona\"><img loading=\"lazy\" decoding=\"async\" width=\"39\" height=\"40\" src=\"https:\/\/ccoo.app\/diputacio-de-barcelona\/wp-content\/blogs.dir\/6\/files\/sites\/186\/2022\/03\/www.png\" alt=\"Www\" class=\"wp-image-49919\" \/><\/a><\/figure>\n<\/div>\n<\/div><\/div><\/div>\n\n<div class=\"gb-grid-column gb-grid-column-f3651540\"><div class=\"gb-container gb-container-f3651540\"><div class=\"gb-inside-container\">\n<div class=\"wp-block-image\">\n<figure class=\"aligncenter size-full is-resized\"><a href=\"https:\/\/www.ccoo.cat\/afiliat\/?_sfm_aff_situation=94\"><img loading=\"lazy\" decoding=\"async\" src=\"https:\/\/ccoo.app\/diputacio-de-barcelona\/wp-content\/blogs.dir\/6\/files\/sites\/186\/2022\/03\/af.png\" alt=\"Af\" class=\"wp-image-49920\" width=\"125\" height=\"38\" \/><\/a><\/figure>\n<\/div>\n<\/div><\/div><\/div>\n<\/div><\/div><\/div>\n","protected":false},"excerpt":{"rendered":"<p>Recentment, vam assistir a la reuni\u00f3 del Comit\u00e8 de Seguretat i Salut de la Diputaci\u00f3 de Barcelona i des de CCOO vam plantejar i demanar els seg\u00fcents temes que afecten &#8230; <\/p>\n<p class=\"read-more-container\"><a title=\"COMIT\u00c8 DE SEGURETAT I SALUT: 21.04.2023\" class=\"read-more button\" href=\"https:\/\/ccoo.app\/diputacio-de-barcelona\/comite-de-seguretat-i-salut-21-04-2023\/#more-52829\" aria-label=\"Leer m\u00e1s sobre COMIT\u00c8 DE SEGURETAT I SALUT: 21.04.2023\">Continuar llegint<\/a><\/p>\n","protected":false},"author":88639,"featured_media":52365,"comment_status":"closed","ping_status":"closed","sticky":false,"template":"","format":"standard","meta":{"footnotes":""},"categories":[38,19,35],"tags":[],"class_list":["post-52829","post","type-post","status-publish","format-standard","has-post-thumbnail","hentry","category-a-tot-el-personal","category-comunicats","category-salut-laboral","generate-columns","tablet-grid-50","mobile-grid-100","grid-parent","grid-50"],"_links":{"self":[{"href":"https:\/\/ccoo.app\/diputacio-de-barcelona\/wp-json\/wp\/v2\/posts\/52829","targetHints":{"allow":["GET"]}}],"collection":[{"href":"https:\/\/ccoo.app\/diputacio-de-barcelona\/wp-json\/wp\/v2\/posts"}],"about":[{"href":"https:\/\/ccoo.app\/diputacio-de-barcelona\/wp-json\/wp\/v2\/types\/post"}],"author":[{"embeddable":true,"href":"https:\/\/ccoo.app\/diputacio-de-barcelona\/wp-json\/wp\/v2\/users\/88639"}],"replies":[{"embeddable":true,"href":"https:\/\/ccoo.app\/diputacio-de-barcelona\/wp-json\/wp\/v2\/comments?post=52829"}],"version-history":[{"count":4,"href":"https:\/\/ccoo.app\/diputacio-de-barcelona\/wp-json\/wp\/v2\/posts\/52829\/revisions"}],"predecessor-version":[{"id":52866,"href":"https:\/\/ccoo.app\/diputacio-de-barcelona\/wp-json\/wp\/v2\/posts\/52829\/revisions\/52866"}],"wp:featuredmedia":[{"embeddable":true,"href":"https:\/\/ccoo.app\/diputacio-de-barcelona\/wp-json\/wp\/v2\/media\/52365"}],"wp:attachment":[{"href":"https:\/\/ccoo.app\/diputacio-de-barcelona\/wp-json\/wp\/v2\/media?parent=52829"}],"wp:term":[{"taxonomy":"category","embeddable":true,"href":"https:\/\/ccoo.app\/diputacio-de-barcelona\/wp-json\/wp\/v2\/categories?post=52829"},{"taxonomy":"post_tag","embeddable":true,"href":"https:\/\/ccoo.app\/diputacio-de-barcelona\/wp-json\/wp\/v2\/tags?post=52829"}],"curies":[{"name":"wp","href":"https:\/\/api.w.org\/{rel}","templated":true}]}}