{"id":52789,"date":"2023-04-27T17:32:32","date_gmt":"2023-04-27T15:32:32","guid":{"rendered":"https:\/\/ccoo.app\/diputacio-de-barcelona\/?p=52789"},"modified":"2023-10-17T14:04:30","modified_gmt":"2023-10-17T12:04:30","slug":"la-diputacio-de-barcelona-juga-amb-els-salaris-de-800-treballadors-i-treballadores","status":"publish","type":"post","link":"https:\/\/ccoo.app\/diputacio-de-barcelona\/la-diputacio-de-barcelona-juga-amb-els-salaris-de-800-treballadors-i-treballadores\/","title":{"rendered":"LA DIPUTACI\u00d3 DE BARCELONA JUGA AMB ELS SALARIS DE 800 TREBALLADORS I TREBALLADORES"},"content":{"rendered":"\n<div style=\"height:40px\" aria-hidden=\"true\" class=\"wp-block-spacer\"><\/div>\n\n\n\n<h3 class=\"gb-headline gb-headline-df203896 gb-headline-text\"><strong>El govern de N\u00faria Mar\u00edn torna a <span style=\"text-decoration: underline\" class=\"ek-underline\">no executar<\/span> els acords signats amb els sindicats i <span style=\"text-decoration: underline\" class=\"ek-underline\">menysprea la negociaci\u00f3 col\u00b7lectiva<\/span>.<\/strong><\/h3>\n\n\n\n<p><strong>Des de Comissions Obreres lamentem i denunciem l\u2019actitud del govern de la Diputaci\u00f3 de Barcelona a poques hores de la celebraci\u00f3 del Ple d\u2019abril<\/strong>. Just abans de l\u2019inici d\u2019aquest, ens informen de la no inclusi\u00f3 a l\u2019ordre del dia de l\u2019acord signat i que tiren per terra la negociaci\u00f3 col\u00b7lectiva que s\u2019ha allargat durant m\u00e9s de 12 mesos. Aquest acord culminava amb una nova valoraci\u00f3 de llocs de treball per als col\u00b7lectius amb m\u00e9s penositat i perillositat de la corporaci\u00f3.<\/p>\n\n\n\n<p>La nova valoraci\u00f3 de llocs de feina ha estat pactada pels 4 sindicats amb representaci\u00f3 a la Diputaci\u00f3 i la Direcci\u00f3 de Recursos Humans, per\u00f2 que per electoralisme no es vol aprovar durant aquest mandat.<\/p>\n\n\n\n<p>Els responsables pol\u00edtics de jugar amb les condicions de treball dels empleats i empleades amb m\u00e9s penositat a la Diputaci\u00f3 s\u00f3n: La senyora N\u00faria Mar\u00edn, alcaldessa de l\u2019Hospitalet i Presidenta de la Diputaci\u00f3; el senyor Carles Ruiz, alcalde de Viladecans i President de l\u2019\u00c0rea de Recursos Humans; i el senyor Ruben Guijarro, alcalde de Badalona i Diputat de Recursos Humans. Per tant,&nbsp;<strong>des de CCOO demanem a tots tres una rectificaci\u00f3 i que pugui ser debatut en el Ple d\u2019avui la inclusi\u00f3 del punt aix\u00ed com un respecte a la negociaci\u00f3 col\u00b7lectiva i a la plantilla de la Diputaci\u00f3.<\/strong><\/p>\n\n\n\n<p>Tanmateix,\u00a0<strong>reiterem a tots els grups pol\u00edtics amb representaci\u00f3 al Ple de la Diputaci\u00f3<\/strong>\u00a0que estiguin a l\u2019al\u00e7ada de les circumst\u00e0ncies i que tinguin un comprom\u00eds rotund amb la plantilla.<\/p>\n\n\n\n<figure class=\"wp-block-video\"><video height=\"720\" style=\"aspect-ratio: 1280 \/ 720;\" width=\"1280\" controls poster=\"https:\/\/ccoo.app\/diputacio-de-barcelona\/wp-content\/blogs.dir\/6\/files\/sites\/186\/2023\/04\/ccoo-al-ple.png\" src=\"https:\/\/ccoo.app\/diputacio-de-barcelona\/wp-content\/blogs.dir\/6\/files\/sites\/186\/2023\/04\/ccoo-al-ple.mp4\"><\/video><\/figure>\n\n\n\n<div class=\"wp-block-group\"><div class=\"wp-block-group__inner-container is-layout-constrained wp-block-group-is-layout-constrained\"><div class=\"gb-grid-wrapper gb-grid-wrapper-d65739e2\">\n<div class=\"gb-grid-column gb-grid-column-ecc8725d\"><div class=\"gb-container gb-container-ecc8725d\"><div class=\"gb-inside-container\">\n<div class=\"wp-block-image\">\n<figure class=\"aligncenter size-full\"><img loading=\"lazy\" decoding=\"async\" width=\"129\" height=\"38\" src=\"https:\/\/ccoo.app\/diputacio-de-barcelona\/wp-content\/blogs.dir\/6\/files\/sites\/186\/2022\/03\/tel.png\" alt=\"Tel\" class=\"wp-image-49915\" \/><\/figure>\n<\/div>\n<\/div><\/div><\/div>\n\n<div class=\"gb-grid-column gb-grid-column-4c28778f\"><div class=\"gb-container gb-container-4c28778f\"><div class=\"gb-inside-container\">\n<div class=\"wp-block-image\">\n<figure class=\"aligncenter size-full\"><a href=\"mailto:ccoo@diba.cat\"><img loading=\"lazy\" decoding=\"async\" width=\"51\" height=\"37\" src=\"https:\/\/ccoo.app\/diputacio-de-barcelona\/wp-content\/blogs.dir\/6\/files\/sites\/186\/2022\/03\/mail.png\" alt=\"Mail\" class=\"wp-image-49916\" \/><\/a><\/figure>\n<\/div>\n<\/div><\/div><\/div>\n\n<div class=\"gb-grid-column gb-grid-column-c6cc0957\"><div class=\"gb-container gb-container-c6cc0957\"><div class=\"gb-inside-container\">\n<div class=\"wp-block-image\">\n<figure class=\"aligncenter size-full\"><a href=\"https:\/\/twitter.com\/ccoodiba\"><img loading=\"lazy\" decoding=\"async\" width=\"44\" height=\"38\" src=\"https:\/\/ccoo.app\/diputacio-de-barcelona\/wp-content\/blogs.dir\/6\/files\/sites\/186\/2022\/03\/tw.png\" alt=\"Tw\" class=\"wp-image-49917\" \/><\/a><\/figure>\n<\/div>\n<\/div><\/div><\/div>\n\n<div class=\"gb-grid-column gb-grid-column-1598237d\"><div class=\"gb-container gb-container-1598237d\"><div class=\"gb-inside-container\">\n<div class=\"wp-block-image\">\n<figure class=\"aligncenter size-full\"><a href=\"https:\/\/www.instagram.com\/ccoo_diba\/\"><img loading=\"lazy\" decoding=\"async\" width=\"45\" height=\"44\" src=\"https:\/\/ccoo.app\/diputacio-de-barcelona\/wp-content\/blogs.dir\/6\/files\/sites\/186\/2022\/03\/ig.png\" alt=\"Ig\" class=\"wp-image-49918\" \/><\/a><\/figure>\n<\/div>\n<\/div><\/div><\/div>\n\n<div class=\"gb-grid-column gb-grid-column-2db731fe\"><div class=\"gb-container gb-container-2db731fe\"><div class=\"gb-inside-container\">\n<div class=\"wp-block-image\">\n<figure class=\"aligncenter size-full\"><a href=\"https:\/\/ccoo.app\/diputacio-de-barcelona\"><img loading=\"lazy\" decoding=\"async\" width=\"39\" height=\"40\" src=\"https:\/\/ccoo.app\/diputacio-de-barcelona\/wp-content\/blogs.dir\/6\/files\/sites\/186\/2022\/03\/www.png\" alt=\"Www\" class=\"wp-image-49919\" \/><\/a><\/figure>\n<\/div>\n<\/div><\/div><\/div>\n\n<div class=\"gb-grid-column gb-grid-column-f3651540\"><div class=\"gb-container gb-container-f3651540\"><div class=\"gb-inside-container\">\n<div class=\"wp-block-image\">\n<figure class=\"aligncenter size-full is-resized\"><a href=\"https:\/\/www.ccoo.cat\/afiliat\/?_sfm_aff_situation=94\"><img loading=\"lazy\" decoding=\"async\" src=\"https:\/\/ccoo.app\/diputacio-de-barcelona\/wp-content\/blogs.dir\/6\/files\/sites\/186\/2022\/03\/af.png\" alt=\"Af\" class=\"wp-image-49920\" width=\"125\" height=\"38\" \/><\/a><\/figure>\n<\/div>\n<\/div><\/div><\/div>\n<\/div><\/div><\/div>\n","protected":false},"excerpt":{"rendered":"<p>El govern de N\u00faria Mar\u00edn torna a no executar els acords signats amb els sindicats i menysprea la negociaci\u00f3 col\u00b7lectiva. Des de Comissions Obreres lamentem i denunciem l\u2019actitud del govern &#8230; <\/p>\n<p class=\"read-more-container\"><a title=\"LA DIPUTACI\u00d3 DE BARCELONA JUGA AMB ELS SALARIS DE 800 TREBALLADORS I TREBALLADORES\" class=\"read-more button\" href=\"https:\/\/ccoo.app\/diputacio-de-barcelona\/la-diputacio-de-barcelona-juga-amb-els-salaris-de-800-treballadors-i-treballadores\/#more-52789\" aria-label=\"Leer m\u00e1s sobre LA DIPUTACI\u00d3 DE BARCELONA JUGA AMB ELS SALARIS DE 800 TREBALLADORS I TREBALLADORES\">Continuar llegint<\/a><\/p>\n","protected":false},"author":88639,"featured_media":52793,"comment_status":"closed","ping_status":"closed","sticky":false,"template":"","format":"standard","meta":{"footnotes":""},"categories":[38,19],"tags":[],"class_list":["post-52789","post","type-post","status-publish","format-standard","has-post-thumbnail","hentry","category-a-tot-el-personal","category-comunicats","generate-columns","tablet-grid-50","mobile-grid-100","grid-parent","grid-50"],"_links":{"self":[{"href":"https:\/\/ccoo.app\/diputacio-de-barcelona\/wp-json\/wp\/v2\/posts\/52789","targetHints":{"allow":["GET"]}}],"collection":[{"href":"https:\/\/ccoo.app\/diputacio-de-barcelona\/wp-json\/wp\/v2\/posts"}],"about":[{"href":"https:\/\/ccoo.app\/diputacio-de-barcelona\/wp-json\/wp\/v2\/types\/post"}],"author":[{"embeddable":true,"href":"https:\/\/ccoo.app\/diputacio-de-barcelona\/wp-json\/wp\/v2\/users\/88639"}],"replies":[{"embeddable":true,"href":"https:\/\/ccoo.app\/diputacio-de-barcelona\/wp-json\/wp\/v2\/comments?post=52789"}],"version-history":[{"count":4,"href":"https:\/\/ccoo.app\/diputacio-de-barcelona\/wp-json\/wp\/v2\/posts\/52789\/revisions"}],"predecessor-version":[{"id":52810,"href":"https:\/\/ccoo.app\/diputacio-de-barcelona\/wp-json\/wp\/v2\/posts\/52789\/revisions\/52810"}],"wp:featuredmedia":[{"embeddable":true,"href":"https:\/\/ccoo.app\/diputacio-de-barcelona\/wp-json\/wp\/v2\/media\/52793"}],"wp:attachment":[{"href":"https:\/\/ccoo.app\/diputacio-de-barcelona\/wp-json\/wp\/v2\/media?parent=52789"}],"wp:term":[{"taxonomy":"category","embeddable":true,"href":"https:\/\/ccoo.app\/diputacio-de-barcelona\/wp-json\/wp\/v2\/categories?post=52789"},{"taxonomy":"post_tag","embeddable":true,"href":"https:\/\/ccoo.app\/diputacio-de-barcelona\/wp-json\/wp\/v2\/tags?post=52789"}],"curies":[{"name":"wp","href":"https:\/\/api.w.org\/{rel}","templated":true}]}}