{"id":52763,"date":"2023-04-25T13:48:35","date_gmt":"2023-04-25T11:48:35","guid":{"rendered":"https:\/\/ccoo.app\/diputacio-de-barcelona\/?p=52763"},"modified":"2023-10-17T14:04:32","modified_gmt":"2023-10-17T12:04:32","slug":"primer-de-maig-2023","status":"publish","type":"post","link":"https:\/\/ccoo.app\/diputacio-de-barcelona\/primer-de-maig-2023\/","title":{"rendered":"PRIMER DE MAIG | 2023"},"content":{"rendered":"\n<div style=\"height:40px\" aria-hidden=\"true\" class=\"wp-block-spacer\"><\/div>\n\n\n\n<figure class=\"gb-block-image gb-block-image-1c53e729\"><img loading=\"lazy\" decoding=\"async\" width=\"1024\" height=\"576\" class=\"gb-image gb-image-1c53e729\" src=\"https:\/\/ccoo.app\/diputacio-de-barcelona\/wp-content\/blogs.dir\/6\/files\/sites\/186\/2023\/04\/baner-1-maig-2023-amb-les-coses-de-menjar-no-shi-juga.jpg\" alt=\"Baner 1 Maig 2023 Amb Les Coses De Menjar No Shi Juga\" title=\"Baner 1 Maig 2023 Amb Les Coses De Menjar No Shi Juga\" srcset=\"https:\/\/ccoo.app\/diputacio-de-barcelona\/wp-content\/blogs.dir\/6\/files\/sites\/186\/2023\/04\/baner-1-maig-2023-amb-les-coses-de-menjar-no-shi-juga.jpg 1024w, https:\/\/ccoo.app\/diputacio-de-barcelona\/wp-content\/blogs.dir\/6\/files\/sites\/186\/2023\/04\/baner-1-maig-2023-amb-les-coses-de-menjar-no-shi-juga-300x169.jpg 300w, https:\/\/ccoo.app\/diputacio-de-barcelona\/wp-content\/blogs.dir\/6\/files\/sites\/186\/2023\/04\/baner-1-maig-2023-amb-les-coses-de-menjar-no-shi-juga-768x432.jpg 768w\" sizes=\"auto, (max-width: 1024px) 100vw, 1024px\" \/><\/figure>\n\n\n\n<div style=\"height:20px\" aria-hidden=\"true\" class=\"wp-block-spacer\"><\/div>\n\n\n\n<p>CCOO celebrar\u00e0 aquest 1 de Maig el <strong>Dia Internacional dels Treballadors i les Treballadores<\/strong>, amb el lema&nbsp;<strong>\u201c<span style=\"text-decoration: underline\" class=\"ek-underline\">Amb les coses de menjar no s\u2019hi juga<\/span>\u201d<\/strong>. <\/p>\n\n\n\n<p>S\u2019ha organitzat una&nbsp;<strong><span style=\"text-decoration: underline\" class=\"ek-underline\">manifestaci\u00f3<\/span>&nbsp;<\/strong>que tindr\u00e0 lloc a:<\/p>\n\n\n\n<ul class=\"is-style-arrow has-contrast-color has-text-color has-custom-size wp-block-list\" style=\"font-size:20px\">\n<li><strong><a href=\"https:\/\/ccoo.app\/diputacio-de-barcelona\/wp-content\/blogs.dir\/6\/files\/sites\/186\/2023\/04\/1-maig-2023-ccoo-bcn.pdf\" class=\"ek-link\">Barcelona, 11:30 h, ronda de Sant Pere amb Pau Claris<\/a><\/strong><\/li>\n<\/ul>\n\n\n\n<p>Si no et va b\u00e9 anar a Barcelona tamb\u00e9 pots anar als seg\u00fcents <strong>punts de concentraci\u00f3 de Catalunya<\/strong>:<\/p>\n\n\n\n<ul class=\"is-style-arrow has-contrast-color has-text-color has-custom-size wp-block-list\" style=\"font-size:20px\">\n<li><a href=\"https:\/\/www.ccoo.cat\/wp-content\/uploads\/2023\/04\/cartell-1-maig-2023-tarragona.pdf\" class=\"ek-link\"><strong>Tarragona, 12 h, pla\u00e7a&nbsp;Imperial T\u00e0rraco<\/strong><\/a><\/li>\n\n\n\n<li><a href=\"https:\/\/www.ccoo.cat\/wp-content\/uploads\/2023\/04\/cartell-1-maig-2023-tarragona.pdf\" class=\"ek-link\"><strong>G<\/strong><\/a><a href=\"https:\/\/www.ccoo.cat\/wp-content\/uploads\/2023\/04\/cartell-1-maig-2023-girona.pdf\"><strong>irona, 12 h, pla\u00e7a de la Independ\u00e8ncia<\/strong><\/a><\/li>\n\n\n\n<li><a href=\"https:\/\/www.ccoo.cat\/wp-content\/uploads\/2023\/04\/cartell-1-maig-2023-lleida.pdf\" class=\"ek-link\"><strong>Lleida, 12 h, pla\u00e7a del Treball<\/strong><\/a><\/li>\n\n\n\n<li><a href=\"https:\/\/www.ccoo.cat\/wp-content\/uploads\/2023\/04\/cartell-1-maig-2023-terrassa.pdf\" class=\"ek-link\"><strong>Terrassa, 11 h, pla\u00e7a de Llu\u00eds Companys<\/strong><\/a><\/li>\n\n\n\n<li><a href=\"https:\/\/www.ccoo.cat\/wp-content\/uploads\/2023\/04\/cartell-1-maig-2023-tortosa.pdf\" class=\"ek-link\"><strong>Tortosa, 11.45 h, CAP El Temple<\/strong><\/a><\/li>\n\n\n\n<li><a href=\"https:\/\/www.ccoo.cat\/wp-content\/uploads\/2023\/04\/cartell-1-maig-2023-tortosa.pdf\" class=\"ek-link\"><strong>Igualada, 11.30 h, passeig de Moss\u00e8n Jacint Verdaguer \/ carrer de Sant Mag\u00ed<\/strong><\/a><\/li>\n<\/ul>\n\n\n\n<div style=\"height:20px\" aria-hidden=\"true\" class=\"wp-block-spacer\"><\/div>\n\n\n\n<figure class=\"gb-block-image gb-block-image-a23eb82c\"><a href=\"https:\/\/ccoo.app\/diputacio-de-barcelona\/wp-content\/blogs.dir\/6\/files\/sites\/186\/2023\/04\/1-maig-2023-ccoo-bcn-1.pdf\"><img loading=\"lazy\" decoding=\"async\" width=\"1024\" height=\"1448\" class=\"gb-image gb-image-a23eb82c\" src=\"https:\/\/ccoo.app\/diputacio-de-barcelona\/wp-content\/blogs.dir\/6\/files\/sites\/186\/2023\/04\/cartell-1-maig-2023-barcelona-1.jpg\" alt=\"Aaff 1maig A3\" title=\"Aaff 1maig A3\" srcset=\"https:\/\/ccoo.app\/diputacio-de-barcelona\/wp-content\/blogs.dir\/6\/files\/sites\/186\/2023\/04\/cartell-1-maig-2023-barcelona-1.jpg 1024w, https:\/\/ccoo.app\/diputacio-de-barcelona\/wp-content\/blogs.dir\/6\/files\/sites\/186\/2023\/04\/cartell-1-maig-2023-barcelona-1-212x300.jpg 212w, https:\/\/ccoo.app\/diputacio-de-barcelona\/wp-content\/blogs.dir\/6\/files\/sites\/186\/2023\/04\/cartell-1-maig-2023-barcelona-1-724x1024.jpg 724w, https:\/\/ccoo.app\/diputacio-de-barcelona\/wp-content\/blogs.dir\/6\/files\/sites\/186\/2023\/04\/cartell-1-maig-2023-barcelona-1-768x1086.jpg 768w\" sizes=\"auto, (max-width: 1024px) 100vw, 1024px\" \/><\/a><\/figure>\n\n\n\n<div style=\"height:20px\" aria-hidden=\"true\" class=\"wp-block-spacer\"><\/div>\n\n\n\n<p>Feu clic per descarregar-vos el manifest \u201c<strong><a href=\"https:\/\/ccoo.app\/diputacio-de-barcelona\/wp-content\/blogs.dir\/6\/files\/sites\/186\/2023\/04\/manifest-1-maig-2023-ccoo-catalunya-ugt.pdf\" class=\"ek-link\"><span style=\"text-decoration: underline\" class=\"ek-underline\">Apuja<\/span><\/a><\/strong><a href=\"https:\/\/ccoo.app\/diputacio-de-barcelona\/wp-content\/blogs.dir\/6\/files\/sites\/186\/2023\/04\/manifest-1-maig-2023-ccoo-catalunya-ugt.pdf\" class=\"ek-link\"><strong><span style=\"text-decoration: underline\" class=\"ek-underline\">r salaris, abaixar preus i repartir beneficis<\/span><\/strong><\/a>\u201d<\/p>\n\n\n\n<div style=\"height:100px\" aria-hidden=\"true\" class=\"wp-block-spacer\"><\/div>\n","protected":false},"excerpt":{"rendered":"<p>CCOO celebrar\u00e0 aquest 1 de Maig el Dia Internacional dels Treballadors i les Treballadores, amb el lema&nbsp;\u201cAmb les coses de menjar no s\u2019hi juga\u201d. S\u2019ha organitzat una&nbsp;manifestaci\u00f3&nbsp;que tindr\u00e0 lloc a: &#8230; <\/p>\n<p class=\"read-more-container\"><a title=\"PRIMER DE MAIG | 2023\" class=\"read-more button\" href=\"https:\/\/ccoo.app\/diputacio-de-barcelona\/primer-de-maig-2023\/#more-52763\" aria-label=\"Leer m\u00e1s sobre PRIMER DE MAIG | 2023\">Continuar llegint<\/a><\/p>\n","protected":false},"author":88639,"featured_media":52777,"comment_status":"closed","ping_status":"closed","sticky":false,"template":"","format":"standard","meta":{"footnotes":""},"categories":[38,19],"tags":[],"class_list":["post-52763","post","type-post","status-publish","format-standard","has-post-thumbnail","hentry","category-a-tot-el-personal","category-comunicats","generate-columns","tablet-grid-50","mobile-grid-100","grid-parent","grid-50"],"_links":{"self":[{"href":"https:\/\/ccoo.app\/diputacio-de-barcelona\/wp-json\/wp\/v2\/posts\/52763","targetHints":{"allow":["GET"]}}],"collection":[{"href":"https:\/\/ccoo.app\/diputacio-de-barcelona\/wp-json\/wp\/v2\/posts"}],"about":[{"href":"https:\/\/ccoo.app\/diputacio-de-barcelona\/wp-json\/wp\/v2\/types\/post"}],"author":[{"embeddable":true,"href":"https:\/\/ccoo.app\/diputacio-de-barcelona\/wp-json\/wp\/v2\/users\/88639"}],"replies":[{"embeddable":true,"href":"https:\/\/ccoo.app\/diputacio-de-barcelona\/wp-json\/wp\/v2\/comments?post=52763"}],"version-history":[{"count":5,"href":"https:\/\/ccoo.app\/diputacio-de-barcelona\/wp-json\/wp\/v2\/posts\/52763\/revisions"}],"predecessor-version":[{"id":52788,"href":"https:\/\/ccoo.app\/diputacio-de-barcelona\/wp-json\/wp\/v2\/posts\/52763\/revisions\/52788"}],"wp:featuredmedia":[{"embeddable":true,"href":"https:\/\/ccoo.app\/diputacio-de-barcelona\/wp-json\/wp\/v2\/media\/52777"}],"wp:attachment":[{"href":"https:\/\/ccoo.app\/diputacio-de-barcelona\/wp-json\/wp\/v2\/media?parent=52763"}],"wp:term":[{"taxonomy":"category","embeddable":true,"href":"https:\/\/ccoo.app\/diputacio-de-barcelona\/wp-json\/wp\/v2\/categories?post=52763"},{"taxonomy":"post_tag","embeddable":true,"href":"https:\/\/ccoo.app\/diputacio-de-barcelona\/wp-json\/wp\/v2\/tags?post=52763"}],"curies":[{"name":"wp","href":"https:\/\/api.w.org\/{rel}","templated":true}]}}