{"id":52643,"date":"2023-04-19T08:51:58","date_gmt":"2023-04-19T06:51:58","guid":{"rendered":"https:\/\/ccoo.app\/diputacio-de-barcelona\/?p=52643"},"modified":"2023-10-17T14:04:34","modified_gmt":"2023-10-17T12:04:34","slug":"la-gestio-de-les-baixes-mediques","status":"publish","type":"post","link":"https:\/\/ccoo.app\/diputacio-de-barcelona\/la-gestio-de-les-baixes-mediques\/","title":{"rendered":"La gesti\u00f3 de les baixes m\u00e8diques"},"content":{"rendered":"\n<div style=\"height:50px\" aria-hidden=\"true\" class=\"wp-block-spacer\"><\/div>\n\n\n\n<figure class=\"gb-block-image gb-block-image-1a6c7b2d\"><img loading=\"lazy\" decoding=\"async\" width=\"1024\" height=\"1024\" class=\"gb-image gb-image-1a6c7b2d\" src=\"https:\/\/ccoo.app\/diputacio-de-barcelona\/wp-content\/blogs.dir\/6\/files\/sites\/186\/2023\/04\/03-pindola-informativa-gestio-baixes-mediques-num.jpg\" alt=\"Pindola Informativa Salut Laboral\" title=\"Pindola Informativa Salut Laboral\" srcset=\"https:\/\/ccoo.app\/diputacio-de-barcelona\/wp-content\/blogs.dir\/6\/files\/sites\/186\/2023\/04\/03-pindola-informativa-gestio-baixes-mediques-num.jpg 1024w, https:\/\/ccoo.app\/diputacio-de-barcelona\/wp-content\/blogs.dir\/6\/files\/sites\/186\/2023\/04\/03-pindola-informativa-gestio-baixes-mediques-num-300x300.jpg 300w, https:\/\/ccoo.app\/diputacio-de-barcelona\/wp-content\/blogs.dir\/6\/files\/sites\/186\/2023\/04\/03-pindola-informativa-gestio-baixes-mediques-num-150x150.jpg 150w, https:\/\/ccoo.app\/diputacio-de-barcelona\/wp-content\/blogs.dir\/6\/files\/sites\/186\/2023\/04\/03-pindola-informativa-gestio-baixes-mediques-num-768x768.jpg 768w\" sizes=\"auto, (max-width: 1024px) 100vw, 1024px\" \/><\/figure>\n\n\n\n<div style=\"height:25px\" aria-hidden=\"true\" class=\"wp-block-spacer\"><\/div>\n\n\n\n<p>D&#8217;acord amb el RD 1060\/2022, de 27 de desembre, pel qual es regulen determinats aspectes de la gesti\u00f3 i control dels processos per incapacitat temporal, des de l&#8217;1 d&#8217;abril de 2023, l&#8217;INSS (Institut Nacional de la Seguretat Social), comunicar\u00e0 directament a les empreses les dades identificatives dels parts m\u00e8dics de baixa, confirmaci\u00f3 i alta, emesos pels facultatius de salut o m\u00fatua, referits a persones treballadores.<\/p>\n\n\n\n<p><strong>Aix\u00ed doncs no haureu d&#8217;enviar la baixa, ni les confirmacions ni les altes m\u00e8diques a RRHH perqu\u00e8 ser\u00e0 la Seguretat Social qui ho faci telem\u00e0ticament.<\/strong><\/p>\n\n\n<div class=\"gb-container gb-container-99b0f8e2\">\n\n<h3 class=\"gb-headline gb-headline-61326137 gb-headline-text\">Canvis introdu\u00efts en la gesti\u00f3 de la incapacitat temporal (IT) en els primers 365 dies despr\u00e9s de la baixa, regulada en l\u2019RD 625\/2014<\/h3>\n\n\n\n<ol class=\"wp-block-list\">\n<li><strong>S\u2019elimina l\u2019obligaci\u00f3 de la persona treballadora d\u2019entregar a l\u2019empresa la c\u00f2pia del comunicat m\u00e8dic de baixa, confirmaci\u00f3 o alta<\/strong>.\n<ul class=\"wp-block-list\">\n<li>El servei p\u00fablic de salut (si es tracta d\u2019una baixa m\u00e8dica per conting\u00e8ncies comunes) o la m\u00fatua o empresa col\u00b7laboradora (si \u00e9s una conting\u00e8ncia professional) han de remetre telem\u00e0ticament les dades dels comunicats m\u00e8dics a l\u2019Institut Nacional de la Seguretat Social (INSS).<\/li>\n\n\n\n<li>L\u2019INSS ser\u00e0 qui comuniqui a les empreses les dades administratives (no m\u00e8diques), tamb\u00e9 per via telem\u00e0tica i en el primer dia h\u00e0bil seg\u00fcent a la recepci\u00f3. Les empreses estan obligades a comunicar-se telem\u00e0ticament amb l\u2019INSS.<\/li>\n\n\n\n<li>El metge o metgessa que emeti el comunicat n\u2019ha d\u2019entregar una c\u00f2pia a la persona treballadora.<\/li>\n<\/ul>\n<\/li>\n\n\n\n<li><strong>Dona prioritat al criteri del metge o metgessa responsable d\u2019emetre els comunicats per fixar les revisions m\u00e8diques necess\u00e0ries en un termini inferior als assignats per a cada tipus de proc\u00e9s d\u2019IT.<\/strong><\/li>\n\n\n\n<li><strong>Entrada en vigor: 1 d\u2019abril del 2023.<\/strong><\/li>\n<\/ol>\n\n<\/div>\n\n\n<div style=\"height:25px\" aria-hidden=\"true\" class=\"wp-block-spacer\"><\/div>\n\n\n\n<p><\/p>\n\n\n\n<figure class=\"wp-block-image size-full\"><img loading=\"lazy\" decoding=\"async\" width=\"1024\" height=\"1024\" src=\"https:\/\/ccoo.app\/diputacio-de-barcelona\/wp-content\/blogs.dir\/6\/files\/sites\/186\/2023\/04\/targeta-1-gestio-baixes-mediques.jpg\" alt=\"Targeta 1 Gestio Baixes Mediques\" class=\"wp-image-52647\" srcset=\"https:\/\/ccoo.app\/diputacio-de-barcelona\/wp-content\/blogs.dir\/6\/files\/sites\/186\/2023\/04\/targeta-1-gestio-baixes-mediques.jpg 1024w, https:\/\/ccoo.app\/diputacio-de-barcelona\/wp-content\/blogs.dir\/6\/files\/sites\/186\/2023\/04\/targeta-1-gestio-baixes-mediques-300x300.jpg 300w, https:\/\/ccoo.app\/diputacio-de-barcelona\/wp-content\/blogs.dir\/6\/files\/sites\/186\/2023\/04\/targeta-1-gestio-baixes-mediques-150x150.jpg 150w, https:\/\/ccoo.app\/diputacio-de-barcelona\/wp-content\/blogs.dir\/6\/files\/sites\/186\/2023\/04\/targeta-1-gestio-baixes-mediques-768x768.jpg 768w\" sizes=\"auto, (max-width: 1024px) 100vw, 1024px\" \/><\/figure>\n\n\n\n<figure class=\"wp-block-image size-full\"><img loading=\"lazy\" decoding=\"async\" width=\"1024\" height=\"1024\" src=\"https:\/\/ccoo.app\/diputacio-de-barcelona\/wp-content\/blogs.dir\/6\/files\/sites\/186\/2023\/04\/targeta-2-gestio-baixes-mediques.jpg\" alt=\"Targeta 2 Gestio Baixes Mediques\" class=\"wp-image-52648\" srcset=\"https:\/\/ccoo.app\/diputacio-de-barcelona\/wp-content\/blogs.dir\/6\/files\/sites\/186\/2023\/04\/targeta-2-gestio-baixes-mediques.jpg 1024w, https:\/\/ccoo.app\/diputacio-de-barcelona\/wp-content\/blogs.dir\/6\/files\/sites\/186\/2023\/04\/targeta-2-gestio-baixes-mediques-300x300.jpg 300w, https:\/\/ccoo.app\/diputacio-de-barcelona\/wp-content\/blogs.dir\/6\/files\/sites\/186\/2023\/04\/targeta-2-gestio-baixes-mediques-150x150.jpg 150w, https:\/\/ccoo.app\/diputacio-de-barcelona\/wp-content\/blogs.dir\/6\/files\/sites\/186\/2023\/04\/targeta-2-gestio-baixes-mediques-768x768.jpg 768w\" sizes=\"auto, (max-width: 1024px) 100vw, 1024px\" \/><\/figure>\n\n\n\n<div style=\"height:25px\" aria-hidden=\"true\" class=\"wp-block-spacer\"><\/div>\n\n\n\n<ul class=\"wp-block-list\">\n<li>Les <strong>revisions m\u00e8diques<\/strong> seran sempre en funci\u00f3 de la <strong>data que determini el metge o metgessa<\/strong><\/li>\n\n\n\n<li>Mentre duri la baixa <strong>et pot citar l\u2019ICAM o la m\u00fatua col\u00b7laboradora amb la Seguretat Social<\/strong> per a una revisi\u00f3 de control.<br><br><strong>La incompareixen\u00e7a no justificada pot suposar l\u2019alta m\u00e8dica i, a partir d\u2019aquest moment, es deixar\u00e0 de tenir dret a percebre la prestaci\u00f3 econ\u00f2mica per incapacitat temporal.<\/strong><\/li>\n<\/ul>\n\n\n\n<div style=\"height:25px\" aria-hidden=\"true\" class=\"wp-block-spacer\"><\/div>\n\n\n\n<h3 class=\"gb-headline gb-headline-46176b56 gb-headline-text\">Si la teva baixa m\u00e8dica l\u2019ha tramitat el teu metge o metgessa de prim\u00e0ria, per\u00f2 penses que est\u00e0 ocasionada per la feina, consulta la manera d&#8217;aconseguir el reconeixement de la <span style=\"text-decoration: underline\" class=\"ek-underline\">conting\u00e8ncia professional<\/span>.<\/h3>\n\n\n\n<div style=\"height:25px\" aria-hidden=\"true\" class=\"wp-block-spacer\"><\/div>\n\n\n\n<figure class=\"wp-block-image size-full\"><img loading=\"lazy\" decoding=\"async\" width=\"1024\" height=\"1024\" src=\"https:\/\/ccoo.app\/diputacio-de-barcelona\/wp-content\/blogs.dir\/6\/files\/sites\/186\/2023\/04\/targeta-3-gestio-baixes-mediques.jpg\" alt=\"Targeta 3 Gestio Baixes Mediques\" class=\"wp-image-52649\" srcset=\"https:\/\/ccoo.app\/diputacio-de-barcelona\/wp-content\/blogs.dir\/6\/files\/sites\/186\/2023\/04\/targeta-3-gestio-baixes-mediques.jpg 1024w, https:\/\/ccoo.app\/diputacio-de-barcelona\/wp-content\/blogs.dir\/6\/files\/sites\/186\/2023\/04\/targeta-3-gestio-baixes-mediques-300x300.jpg 300w, https:\/\/ccoo.app\/diputacio-de-barcelona\/wp-content\/blogs.dir\/6\/files\/sites\/186\/2023\/04\/targeta-3-gestio-baixes-mediques-150x150.jpg 150w, https:\/\/ccoo.app\/diputacio-de-barcelona\/wp-content\/blogs.dir\/6\/files\/sites\/186\/2023\/04\/targeta-3-gestio-baixes-mediques-768x768.jpg 768w\" sizes=\"auto, (max-width: 1024px) 100vw, 1024px\" \/><\/figure>\n\n\n\n<div style=\"height:25px\" aria-hidden=\"true\" class=\"wp-block-spacer\"><\/div>\n\n\n<div class=\"gb-container gb-container-d4283c0a\">\n<div class=\"wp-block-image\">\n<figure class=\"aligncenter size-full is-resized\"><img loading=\"lazy\" decoding=\"async\" src=\"https:\/\/ccoo.app\/diputacio-de-barcelona\/wp-content\/blogs.dir\/6\/files\/sites\/186\/2023\/04\/preguntes.png\" alt=\"Preguntes\" class=\"wp-image-52698\" width=\"128\" height=\"128\" srcset=\"https:\/\/ccoo.app\/diputacio-de-barcelona\/wp-content\/blogs.dir\/6\/files\/sites\/186\/2023\/04\/preguntes.png 512w, https:\/\/ccoo.app\/diputacio-de-barcelona\/wp-content\/blogs.dir\/6\/files\/sites\/186\/2023\/04\/preguntes-300x300.png 300w, https:\/\/ccoo.app\/diputacio-de-barcelona\/wp-content\/blogs.dir\/6\/files\/sites\/186\/2023\/04\/preguntes-150x150.png 150w\" sizes=\"auto, (max-width: 128px) 100vw, 128px\" \/><\/figure>\n<\/div>\n\n\n<div style=\"height:25px\" aria-hidden=\"true\" class=\"wp-block-spacer\"><\/div>\n\n\n\n<h3 class=\"gb-headline gb-headline-f5c8f4d8 gb-headline-text\"><strong>No et quedis mai amb el dubte,<br>contacta amb els teus delegats i delegades de CCOO<\/strong><\/h3>\n\n\n\n<div class=\"wp-block-buttons is-content-justification-center is-layout-flex wp-container-core-buttons-is-layout-16018d1d wp-block-buttons-is-layout-flex\">\n<div class=\"wp-block-button is-style-fill\"><a class=\"wp-block-button__link has-base-3-color has-contrast-2-background-color has-text-color has-background wp-element-button\" href=\"https:\/\/ccoo.app\/diputacio-de-barcelona\/delegats-i-delegades-de-prevencio\/\" style=\"border-radius:0px\">DELEGATS I DELEGADES DE PREVENCI\u00d3<\/a><\/div>\n<\/div>\n\n<\/div>\n\n\n<p><\/p>\n\n\n\n<div style=\"height:100px\" aria-hidden=\"true\" class=\"wp-block-spacer\"><\/div>\n","protected":false},"excerpt":{"rendered":"<p>D&#8217;acord amb el RD 1060\/2022, de 27 de desembre, pel qual es regulen determinats aspectes de la gesti\u00f3 i control dels processos per incapacitat temporal, des de l&#8217;1 d&#8217;abril de &#8230; <\/p>\n<p class=\"read-more-container\"><a title=\"La gesti\u00f3 de les baixes m\u00e8diques\" class=\"read-more button\" href=\"https:\/\/ccoo.app\/diputacio-de-barcelona\/la-gestio-de-les-baixes-mediques\/#more-52643\" aria-label=\"Leer m\u00e1s sobre La gesti\u00f3 de les baixes m\u00e8diques\">Continuar llegint<\/a><\/p>\n","protected":false},"author":88639,"featured_media":52683,"comment_status":"closed","ping_status":"closed","sticky":false,"template":"","format":"standard","meta":{"footnotes":""},"categories":[35],"tags":[],"class_list":["post-52643","post","type-post","status-publish","format-standard","has-post-thumbnail","hentry","category-salut-laboral","generate-columns","tablet-grid-50","mobile-grid-100","grid-parent","grid-50"],"_links":{"self":[{"href":"https:\/\/ccoo.app\/diputacio-de-barcelona\/wp-json\/wp\/v2\/posts\/52643","targetHints":{"allow":["GET"]}}],"collection":[{"href":"https:\/\/ccoo.app\/diputacio-de-barcelona\/wp-json\/wp\/v2\/posts"}],"about":[{"href":"https:\/\/ccoo.app\/diputacio-de-barcelona\/wp-json\/wp\/v2\/types\/post"}],"author":[{"embeddable":true,"href":"https:\/\/ccoo.app\/diputacio-de-barcelona\/wp-json\/wp\/v2\/users\/88639"}],"replies":[{"embeddable":true,"href":"https:\/\/ccoo.app\/diputacio-de-barcelona\/wp-json\/wp\/v2\/comments?post=52643"}],"version-history":[{"count":4,"href":"https:\/\/ccoo.app\/diputacio-de-barcelona\/wp-json\/wp\/v2\/posts\/52643\/revisions"}],"predecessor-version":[{"id":52708,"href":"https:\/\/ccoo.app\/diputacio-de-barcelona\/wp-json\/wp\/v2\/posts\/52643\/revisions\/52708"}],"wp:featuredmedia":[{"embeddable":true,"href":"https:\/\/ccoo.app\/diputacio-de-barcelona\/wp-json\/wp\/v2\/media\/52683"}],"wp:attachment":[{"href":"https:\/\/ccoo.app\/diputacio-de-barcelona\/wp-json\/wp\/v2\/media?parent=52643"}],"wp:term":[{"taxonomy":"category","embeddable":true,"href":"https:\/\/ccoo.app\/diputacio-de-barcelona\/wp-json\/wp\/v2\/categories?post=52643"},{"taxonomy":"post_tag","embeddable":true,"href":"https:\/\/ccoo.app\/diputacio-de-barcelona\/wp-json\/wp\/v2\/tags?post=52643"}],"curies":[{"name":"wp","href":"https:\/\/api.w.org\/{rel}","templated":true}]}}