{"id":52612,"date":"2023-03-31T17:42:43","date_gmt":"2023-03-31T15:42:43","guid":{"rendered":"https:\/\/ccoo.app\/diputacio-de-barcelona\/?p=52612"},"modified":"2023-10-17T14:04:35","modified_gmt":"2023-10-17T12:04:35","slug":"gracies-el-vostre-suport-ens-ha-donat-la-majoria-a-la-diputacio-de-barcelona","status":"publish","type":"post","link":"https:\/\/ccoo.app\/diputacio-de-barcelona\/gracies-el-vostre-suport-ens-ha-donat-la-majoria-a-la-diputacio-de-barcelona\/","title":{"rendered":"GR\u00c0CIES! EL VOSTRE SUPORT ENS HA DONAT LA MAJORIA A LA DIPUTACI\u00d3 DE BARCELONA"},"content":{"rendered":"\n<div style=\"height:40px\" aria-hidden=\"true\" class=\"wp-block-spacer\"><\/div>\n\n\n\n<p>Des de CCOO volem agrair als treballadors i treballadores de la Diputaci\u00f3 de Barcelona la seva participaci\u00f3 activa en les recents eleccions sindicals. En especial, volem expressar el nostre agra\u00efment als companys i companyes que han confiat en nosaltres.<\/p>\n\n\n\n<p>El resultat de les urnes ha estat clar:&nbsp;<strong><u>Comissions Obreres ha demostrat ser la for\u00e7a majorit\u00e0ria a la Diputaci\u00f3 de Barcelona<\/u><\/strong>&nbsp;sent la formaci\u00f3 m\u00e9s votada, obtenint la major difer\u00e8ncia de delegats i delegades en la nostra hist\u00f2ria en relaci\u00f3 a les altres formacions sindicals&nbsp;<strong><u>aconseguint un total d\u201911 representants<\/u><\/strong>.<\/p>\n\n\n\n<p><\/p>\n\n\n\n<div style=\"height:10px\" aria-hidden=\"true\" class=\"wp-block-spacer\"><\/div>\n\n\n\n<h4 class=\"gb-headline gb-headline-b7e36a12 gb-headline-text\">ELECCIONS 2023-2027<\/h4>\n\n\n\n<figure class=\"gb-block-image gb-block-image-32240fa7\"><img loading=\"lazy\" decoding=\"async\" width=\"551\" height=\"595\" class=\"gb-image gb-image-32240fa7\" src=\"https:\/\/ccoo.app\/diputacio-de-barcelona\/wp-content\/blogs.dir\/6\/files\/sites\/186\/2023\/03\/resultats-2.png\" alt=\"Resultats 2\" title=\"Resultats 2\" srcset=\"https:\/\/ccoo.app\/diputacio-de-barcelona\/wp-content\/blogs.dir\/6\/files\/sites\/186\/2023\/03\/resultats-2.png 551w, https:\/\/ccoo.app\/diputacio-de-barcelona\/wp-content\/blogs.dir\/6\/files\/sites\/186\/2023\/03\/resultats-2-278x300.png 278w\" sizes=\"auto, (max-width: 551px) 100vw, 551px\" \/><\/figure>\n\n\n\n<div style=\"height:40px\" aria-hidden=\"true\" class=\"wp-block-spacer\"><\/div>\n\n\n\n<p><strong><span style=\"text-decoration: underline\" class=\"ek-underline\">Aquest suport ens atorga la responsabilitat de liderar la defensa dels drets laborals de totes i tots els treballadors de la Diputaci\u00f3 de Barcelona<\/span>.<\/strong><\/p>\n\n\n\n<p>Iniciem una nova etapa, amb&nbsp;<strong><em><u>NOUS TEMPS<\/u><\/em><\/strong>&nbsp;i&nbsp;<strong><em><u>NOUS REPTES<\/u><\/em><\/strong>. Seguirem treballant amb la mateixa honestedat que fins ara, posant en el centre de les nostres reivindicacions la millora de les condicions laborals de tota la plantilla. Aix\u00ed mateix, ens comprometem a treballar i col\u00b7laborar amb la resta de formacions sindicals com hem fet fins ara.<\/p>\n\n\n\n<p><strong><u>Volem fer una crida a la Diputaci\u00f3 de Barcelona perqu\u00e8 reconegui la legitimitat de Comissions Obreres com a for\u00e7a majorit\u00e0ria i representativa a la Corporaci\u00f3<\/u><\/strong>. El resultat de les eleccions sindicals demostra clarament que la plantilla ha confiat en el nostre projecte sindical.<\/p>\n\n\n\n<p>En resum, CCOO seguir\u00e0 defensant els drets de tots els treballadors i treballadores de la Diputaci\u00f3 de Barcelona amb la mateixa intensitat i comprom\u00eds que fins ara, amb una mirada ferma cap al futur.<\/p>\n\n\n\n<p><strong><u>Gr\u00e0cies pel vostre suport i confian\u00e7a<\/u><\/strong>!<\/p>\n\n\n<div class=\"gb-container gb-container-9473b88f\">\n\n<div style=\"height:100px\" aria-hidden=\"true\" class=\"wp-block-spacer\"><\/div>\n\n\n\n<div class=\"wp-block-buttons is-content-justification-center is-layout-flex wp-container-core-buttons-is-layout-16018d1d wp-block-buttons-is-layout-flex\">\n<div class=\"wp-block-button is-style-fill\"><a class=\"wp-block-button__link has-background wp-element-button\" href=\"https:\/\/ccoo.app\/diputacio-de-barcelona\/feina-feta-2019-2023\/\" style=\"border-radius:0px;background-color:#ffcc00\"><strong>FEINA FETA 2019-2023<\/strong><\/a><\/div>\n\n\n\n<div class=\"wp-block-button\"><a class=\"wp-block-button__link has-background wp-element-button\" href=\"https:\/\/ccoo.app\/diputacio-de-barcelona\/programa-electoral\/\" style=\"border-radius:0px;background-color:#ffcc00\"><strong>PROGRAMA ELECTORAL<\/strong><\/a><\/div>\n\n\n\n<div class=\"wp-block-button\"><a class=\"wp-block-button__link has-background wp-element-button\" href=\"https:\/\/ccoo.app\/diputacio-de-barcelona\/triptic-informatiu\/\" style=\"border-radius:0px;background-color:#ffcc00\"><strong>TR\u00cdPTIC<\/strong><\/a><\/div>\n\n\n\n<div class=\"wp-block-button\"><a class=\"wp-block-button__link has-contrast-3-background-color has-background wp-element-button\" href=\"https:\/\/ccoo.app\/diputacio-de-barcelona\/gracies-el-vostre-suport-ens-ha-donat-la-majoria-a-la-diputacio-de-barcelona\/\" style=\"border-radius:0px\"><strong>RESULTATS<\/strong><\/a><\/div>\n<\/div>\n\n\n\n<div style=\"height:100px\" aria-hidden=\"true\" class=\"wp-block-spacer\"><\/div>\n\n<\/div>","protected":false},"excerpt":{"rendered":"<p>Des de CCOO volem agrair als treballadors i treballadores de la Diputaci\u00f3 de Barcelona la seva participaci\u00f3 activa en les recents eleccions sindicals. En especial, volem expressar el nostre agra\u00efment &#8230; <\/p>\n<p class=\"read-more-container\"><a title=\"GR\u00c0CIES! EL VOSTRE SUPORT ENS HA DONAT LA MAJORIA A LA DIPUTACI\u00d3 DE BARCELONA\" class=\"read-more button\" href=\"https:\/\/ccoo.app\/diputacio-de-barcelona\/gracies-el-vostre-suport-ens-ha-donat-la-majoria-a-la-diputacio-de-barcelona\/#more-52612\" aria-label=\"Leer m\u00e1s sobre GR\u00c0CIES! EL VOSTRE SUPORT ENS HA DONAT LA MAJORIA A LA DIPUTACI\u00d3 DE BARCELONA\">Continuar llegint<\/a><\/p>\n","protected":false},"author":88639,"featured_media":52615,"comment_status":"closed","ping_status":"closed","sticky":false,"template":"","format":"standard","meta":{"footnotes":""},"categories":[38,19,1],"tags":[],"class_list":["post-52612","post","type-post","status-publish","format-standard","has-post-thumbnail","hentry","category-a-tot-el-personal","category-comunicats","category-sin-categoria","generate-columns","tablet-grid-50","mobile-grid-100","grid-parent","grid-50"],"_links":{"self":[{"href":"https:\/\/ccoo.app\/diputacio-de-barcelona\/wp-json\/wp\/v2\/posts\/52612","targetHints":{"allow":["GET"]}}],"collection":[{"href":"https:\/\/ccoo.app\/diputacio-de-barcelona\/wp-json\/wp\/v2\/posts"}],"about":[{"href":"https:\/\/ccoo.app\/diputacio-de-barcelona\/wp-json\/wp\/v2\/types\/post"}],"author":[{"embeddable":true,"href":"https:\/\/ccoo.app\/diputacio-de-barcelona\/wp-json\/wp\/v2\/users\/88639"}],"replies":[{"embeddable":true,"href":"https:\/\/ccoo.app\/diputacio-de-barcelona\/wp-json\/wp\/v2\/comments?post=52612"}],"version-history":[{"count":5,"href":"https:\/\/ccoo.app\/diputacio-de-barcelona\/wp-json\/wp\/v2\/posts\/52612\/revisions"}],"predecessor-version":[{"id":52950,"href":"https:\/\/ccoo.app\/diputacio-de-barcelona\/wp-json\/wp\/v2\/posts\/52612\/revisions\/52950"}],"wp:featuredmedia":[{"embeddable":true,"href":"https:\/\/ccoo.app\/diputacio-de-barcelona\/wp-json\/wp\/v2\/media\/52615"}],"wp:attachment":[{"href":"https:\/\/ccoo.app\/diputacio-de-barcelona\/wp-json\/wp\/v2\/media?parent=52612"}],"wp:term":[{"taxonomy":"category","embeddable":true,"href":"https:\/\/ccoo.app\/diputacio-de-barcelona\/wp-json\/wp\/v2\/categories?post=52612"},{"taxonomy":"post_tag","embeddable":true,"href":"https:\/\/ccoo.app\/diputacio-de-barcelona\/wp-json\/wp\/v2\/tags?post=52612"}],"curies":[{"name":"wp","href":"https:\/\/api.w.org\/{rel}","templated":true}]}}