{"id":52583,"date":"2023-03-27T20:28:06","date_gmt":"2023-03-27T18:28:06","guid":{"rendered":"https:\/\/ccoo.app\/diputacio-de-barcelona\/?p=52583"},"modified":"2023-10-17T14:04:36","modified_gmt":"2023-10-17T12:04:36","slug":"video-assemblea-final-de-campanya-27-de-marc","status":"publish","type":"post","link":"https:\/\/ccoo.app\/diputacio-de-barcelona\/video-assemblea-final-de-campanya-27-de-marc\/","title":{"rendered":"TANCAMENT DE CAMPANYA"},"content":{"rendered":"\n<div style=\"height:40px\" aria-hidden=\"true\" class=\"wp-block-spacer\"><\/div>\n\n\n\n<h2 class=\"gb-headline gb-headline-95b05c42 gb-headline-text\"><strong>NOUS TEMPS, NOUS REPTES. VOTA CCOO!<\/strong><\/h2>\n\n\n\n<h2 class=\"gb-headline gb-headline-95a76ed4 gb-headline-text\">El poder de canviar les coses. El poder de canviar-ho tot.<\/h2>\n\n\n\n<div style=\"height:20px\" aria-hidden=\"true\" class=\"wp-block-spacer\"><\/div>\n\n\n\n<figure class=\"gb-block-image gb-block-image-dfa20523\"><a href=\"https:\/\/www.youtube.com\/watch?v=emUx7TXp3kQ\" target=\"_blank\" rel=\"noopener noreferrer\"><img loading=\"lazy\" decoding=\"async\" width=\"803\" height=\"451\" class=\"gb-image gb-image-dfa20523\" src=\"https:\/\/ccoo.app\/diputacio-de-barcelona\/wp-content\/blogs.dir\/6\/files\/sites\/186\/2023\/03\/bernat-martin-gonzalo.jpg\" alt=\"Bernat Martin Gonzalo\" title=\"Bernat Martin Gonzalo\" srcset=\"https:\/\/ccoo.app\/diputacio-de-barcelona\/wp-content\/blogs.dir\/6\/files\/sites\/186\/2023\/03\/bernat-martin-gonzalo.jpg 803w, https:\/\/ccoo.app\/diputacio-de-barcelona\/wp-content\/blogs.dir\/6\/files\/sites\/186\/2023\/03\/bernat-martin-gonzalo-300x168.jpg 300w, https:\/\/ccoo.app\/diputacio-de-barcelona\/wp-content\/blogs.dir\/6\/files\/sites\/186\/2023\/03\/bernat-martin-gonzalo-768x431.jpg 768w\" sizes=\"auto, (max-width: 803px) 100vw, 803px\" \/><\/a><\/figure>\n\n\n\n<div style=\"height:40px\" aria-hidden=\"true\" class=\"wp-block-spacer\"><\/div>\n\n\n\n<h2 class=\"gb-headline gb-headline-f4ab5206 gb-headline-text\">\u00daLTIM COMUNICAT DE CAMPANYA<\/h2>\n\n\n\n<div style=\"height:20px\" aria-hidden=\"true\" class=\"wp-block-spacer\"><\/div>\n\n\n\n<p>Companyes i companys,<\/p>\n\n\n\n<p>La campanya electoral arriba a la seva fi i, des de la Comissi\u00f3 Executiva de Comissions Obreres, us volem traslladar un \u00faltim comunicat de la mateixa aix\u00ed com demanar-vos el vot a la nostra candidatura. Un vot que t\u00e9 el poder de canviar les coses. Un vot que t\u00e9 el poder de canviar-ho tot.<\/p>\n\n\n\n<p>Al llarg d\u2019aquests darrers 4 anys <strong><u>hem visitat tots els centres de treball, garantint i vetllant la prevenci\u00f3 i la seguretat en el teu lloc de feina<\/u><\/strong>. Per\u00f2 no ens hem quedat nom\u00e9s aqu\u00ed: <strong><u>hem estat l\u2019\u00fanic sindicat que en tot moment t\u2019ha fet part\u00edcip de l\u2019estat de la negociaci\u00f3<\/u><\/strong> realitzant assemblees en diferents torns i dies, als diferents centres de treball i, fins i tot, de manera virtual per apropar-te tota la informaci\u00f3 de primera m\u00e0.<\/p>\n\n\n\n<p><strong><u>Comissions Obreres som un sindicat transversal<\/u><\/strong> com ho demostra la nostra candidatura: 186 homes i dones que donen el seu suport i recolzament al nostre sindicat. Homes i dones de diferents edats i de diferents ger\u00e8ncies i serveis que ens permet tenir un coneixement real de tot all\u00f2 que succeeix a la corporaci\u00f3.<\/p>\n\n\n\n<p>No obstant aix\u00f2, no voldr\u00edem finalitzar aquesta campanya sense <strong>agrair el gran esfor\u00e7 i la grand\u00edssima professionalitat de tots els treballadors<\/strong> i<strong> treballadores de la Diputaci\u00f3 de Barcelona<\/strong>.<\/p>\n\n\n\n<p>Aquest mandat ha estat <strong>marcat i condicionat per la COVID-19<\/strong>, amb un confinament obligatori i <strong>una situaci\u00f3 mai viscuda<\/strong>.<\/p>\n\n\n\n<p>Des de <strong>Comissions Obreres<\/strong> volem agrair-vos tota la vostra col\u00b7laboraci\u00f3 amb la nostra secci\u00f3 sindical, que en una <strong>situaci\u00f3 excepcional<\/strong> i <strong>de m\u00e0xima gravetat, <\/strong>vau crear una gran<strong> xarxa de col\u00b7laboraci\u00f3<\/strong> amb tots els vostres companys per a<strong> solucionar i demandar<\/strong> les possibles <strong>mancances i&nbsp; situacions de risc <\/strong>que s\u2019anaven produint, mantenint en tot moment el contacte.<\/p>\n\n\n\n<p><strong>Sense vosaltres no hauria estat possible la prestaci\u00f3 de tots els serveis<\/strong>. I aix\u00f2 <strong>dignifica i professionalitza profundament els serveis p\u00fablics<\/strong> que fan possible la <strong>cobertura a tota la ciutadania<\/strong>, i que en tot moment funcionen sense descans gr\u00e0cies a la&nbsp;<strong>vocacionalitat<\/strong>&nbsp;i el gran <strong>esfor\u00e7 de tots i totes vosaltres<\/strong>.<\/p>\n\n\n\n<p>Tanmateix, encetem NOUS TEMPS i des de Comissions Obreres seguirem estant al teu costat: amb un projecte renovat i adaptant-nos a les noves necessitats i NOUS REPTES que se\u2019ns generaran. <strong>Fes-ho possible amb el teu vot.<\/strong><\/p>\n\n\n\n<p>Per tot aix\u00f2, amb la teva papereta de CCOO, <strong><u>tens el poder de canviar les coses. El poder de canviar-ho tot<\/u><\/strong>. <strong>Vota CCOO<\/strong>.<\/p>\n\n\n\n<div style=\"height:40px\" aria-hidden=\"true\" class=\"wp-block-spacer\"><\/div>\n\n\n\n<h2 class=\"gb-headline gb-headline-3faf5f50 gb-headline-text\">ASSEMBLEA FINAL DE CAMPANYA<\/h2>\n\n\n\n<div style=\"height:20px\" aria-hidden=\"true\" class=\"wp-block-spacer\"><\/div>\n\n\n\n<p>Us deixem el v\u00eddeo de l\u2019assemblea final de campanya:<\/p>\n\n\n\n<figure class=\"wp-block-embed is-type-video is-provider-youtube wp-block-embed-youtube wp-embed-aspect-16-9 wp-has-aspect-ratio\"><div class=\"wp-block-embed__wrapper\">\n<iframe loading=\"lazy\" title=\"Cloenda EESS Diputacio\u0301 de BCN\" width=\"1200\" height=\"675\" src=\"https:\/\/www.youtube.com\/embed\/S6sZX75f9-o?feature=oembed\" frameborder=\"0\" allow=\"accelerometer; autoplay; clipboard-write; encrypted-media; gyroscope; picture-in-picture; web-share\" allowfullscreen><\/iframe>\n<\/div><\/figure>\n\n\n\n<div style=\"height:10px\" aria-hidden=\"true\" class=\"wp-block-spacer\"><\/div>\n\n\n\n<figure class=\"gb-block-image gb-block-image-ef1e93f0\"><img loading=\"lazy\" decoding=\"async\" width=\"1419\" height=\"624\" class=\"gb-image gb-image-ef1e93f0\" src=\"https:\/\/ccoo.app\/diputacio-de-barcelona\/wp-content\/blogs.dir\/6\/files\/sites\/186\/2023\/03\/vota-ccoo-1.png\" alt=\"Vota Ccoo 1\" title=\"Vota Ccoo 1\" srcset=\"https:\/\/ccoo.app\/diputacio-de-barcelona\/wp-content\/blogs.dir\/6\/files\/sites\/186\/2023\/03\/vota-ccoo-1.png 1419w, https:\/\/ccoo.app\/diputacio-de-barcelona\/wp-content\/blogs.dir\/6\/files\/sites\/186\/2023\/03\/vota-ccoo-1-300x132.png 300w, https:\/\/ccoo.app\/diputacio-de-barcelona\/wp-content\/blogs.dir\/6\/files\/sites\/186\/2023\/03\/vota-ccoo-1-1024x450.png 1024w, https:\/\/ccoo.app\/diputacio-de-barcelona\/wp-content\/blogs.dir\/6\/files\/sites\/186\/2023\/03\/vota-ccoo-1-768x338.png 768w\" sizes=\"auto, (max-width: 1419px) 100vw, 1419px\" \/><\/figure>\n\n\n\n<div style=\"height:40px\" aria-hidden=\"true\" class=\"wp-block-spacer\"><\/div>\n\n\n<div class=\"gb-container gb-container-9473b88f\">\n\n<div style=\"height:100px\" aria-hidden=\"true\" class=\"wp-block-spacer\"><\/div>\n\n\n\n<div class=\"wp-block-buttons is-content-justification-center is-layout-flex wp-container-core-buttons-is-layout-16018d1d wp-block-buttons-is-layout-flex\">\n<div class=\"wp-block-button is-style-fill\"><a class=\"wp-block-button__link has-background wp-element-button\" href=\"https:\/\/ccoo.app\/diputacio-de-barcelona\/feina-feta-2019-2023\/\" style=\"border-radius:0px;background-color:#ffcc00\"><strong>FEINA FETA 2019-2023<\/strong><\/a><\/div>\n\n\n\n<div class=\"wp-block-button\"><a class=\"wp-block-button__link has-background wp-element-button\" href=\"https:\/\/ccoo.app\/diputacio-de-barcelona\/programa-electoral\/\" style=\"border-radius:0px;background-color:#ffcc00\"><strong>PROGRAMA ELECTORAL<\/strong><\/a><\/div>\n\n\n\n<div class=\"wp-block-button is-style-fill\"><a class=\"wp-block-button__link has-background wp-element-button\" href=\"https:\/\/ccoo.app\/diputacio-de-barcelona\/candidatura\/\" style=\"border-radius:0px;background-color:#ffcc00\"><strong>CANDIDATURA<\/strong><\/a><\/div>\n\n\n\n<div class=\"wp-block-button\"><a class=\"wp-block-button__link has-background wp-element-button\" href=\"https:\/\/ccoo.app\/diputacio-de-barcelona\/triptic-informatiu\/\" style=\"border-radius:0px;background-color:#ffcc00\"><strong>TR\u00cdPTIC<\/strong><\/a><\/div>\n\n\n\n<div class=\"wp-block-button\"><a class=\"wp-block-button__link has-background wp-element-button\" href=\"https:\/\/ccoo.app\/diputacio-de-barcelona\/gracies-el-vostre-suport-ens-ha-donat-la-majoria-a-la-diputacio-de-barcelona\/\" style=\"border-radius:0px;background-color:#ffcc00\"><strong>RESULTATS<\/strong><\/a><\/div>\n<\/div>\n\n\n\n<div style=\"height:100px\" aria-hidden=\"true\" class=\"wp-block-spacer\"><\/div>\n\n<\/div>","protected":false},"excerpt":{"rendered":"<p>NOUS TEMPS, NOUS REPTES. VOTA CCOO! El poder de canviar les coses. El poder de canviar-ho tot. \u00daLTIM COMUNICAT DE CAMPANYA Companyes i companys, La campanya electoral arriba a la &#8230; <\/p>\n<p class=\"read-more-container\"><a title=\"TANCAMENT DE CAMPANYA\" class=\"read-more button\" href=\"https:\/\/ccoo.app\/diputacio-de-barcelona\/video-assemblea-final-de-campanya-27-de-marc\/#more-52583\" aria-label=\"Leer m\u00e1s sobre TANCAMENT DE CAMPANYA\">Continuar llegint<\/a><\/p>\n","protected":false},"author":88639,"featured_media":52598,"comment_status":"closed","ping_status":"closed","sticky":false,"template":"","format":"standard","meta":{"footnotes":""},"categories":[38,19,252,1],"tags":[],"class_list":["post-52583","post","type-post","status-publish","format-standard","has-post-thumbnail","hentry","category-a-tot-el-personal","category-comunicats","category-app-diba-push","category-sin-categoria","generate-columns","tablet-grid-50","mobile-grid-100","grid-parent","grid-50"],"_links":{"self":[{"href":"https:\/\/ccoo.app\/diputacio-de-barcelona\/wp-json\/wp\/v2\/posts\/52583","targetHints":{"allow":["GET"]}}],"collection":[{"href":"https:\/\/ccoo.app\/diputacio-de-barcelona\/wp-json\/wp\/v2\/posts"}],"about":[{"href":"https:\/\/ccoo.app\/diputacio-de-barcelona\/wp-json\/wp\/v2\/types\/post"}],"author":[{"embeddable":true,"href":"https:\/\/ccoo.app\/diputacio-de-barcelona\/wp-json\/wp\/v2\/users\/88639"}],"replies":[{"embeddable":true,"href":"https:\/\/ccoo.app\/diputacio-de-barcelona\/wp-json\/wp\/v2\/comments?post=52583"}],"version-history":[{"count":5,"href":"https:\/\/ccoo.app\/diputacio-de-barcelona\/wp-json\/wp\/v2\/posts\/52583\/revisions"}],"predecessor-version":[{"id":52629,"href":"https:\/\/ccoo.app\/diputacio-de-barcelona\/wp-json\/wp\/v2\/posts\/52583\/revisions\/52629"}],"wp:featuredmedia":[{"embeddable":true,"href":"https:\/\/ccoo.app\/diputacio-de-barcelona\/wp-json\/wp\/v2\/media\/52598"}],"wp:attachment":[{"href":"https:\/\/ccoo.app\/diputacio-de-barcelona\/wp-json\/wp\/v2\/media?parent=52583"}],"wp:term":[{"taxonomy":"category","embeddable":true,"href":"https:\/\/ccoo.app\/diputacio-de-barcelona\/wp-json\/wp\/v2\/categories?post=52583"},{"taxonomy":"post_tag","embeddable":true,"href":"https:\/\/ccoo.app\/diputacio-de-barcelona\/wp-json\/wp\/v2\/tags?post=52583"}],"curies":[{"name":"wp","href":"https:\/\/api.w.org\/{rel}","templated":true}]}}