{"id":52578,"date":"2023-03-27T18:54:28","date_gmt":"2023-03-27T16:54:28","guid":{"rendered":"https:\/\/ccoo.app\/diputacio-de-barcelona\/?p=52578"},"modified":"2023-10-17T14:04:38","modified_gmt":"2023-10-17T12:04:38","slug":"meses-i-horaris","status":"publish","type":"post","link":"https:\/\/ccoo.app\/diputacio-de-barcelona\/meses-i-horaris\/","title":{"rendered":"MESES I HORARIS"},"content":{"rendered":"\n<div style=\"height:40px\" aria-hidden=\"true\" class=\"wp-block-spacer\"><\/div>\n\n\n\n<figure class=\"gb-block-image gb-block-image-c4c868e7\"><img loading=\"lazy\" decoding=\"async\" width=\"390\" height=\"390\" class=\"gb-image gb-image-c4c868e7\" src=\"https:\/\/ccoo.app\/diputacio-de-barcelona\/wp-content\/blogs.dir\/6\/files\/sites\/186\/2023\/03\/meses-i-horaris.png\" alt=\"Meses I Horaris\" title=\"Meses I Horaris\" srcset=\"https:\/\/ccoo.app\/diputacio-de-barcelona\/wp-content\/blogs.dir\/6\/files\/sites\/186\/2023\/03\/meses-i-horaris.png 390w, https:\/\/ccoo.app\/diputacio-de-barcelona\/wp-content\/blogs.dir\/6\/files\/sites\/186\/2023\/03\/meses-i-horaris-300x300.png 300w, https:\/\/ccoo.app\/diputacio-de-barcelona\/wp-content\/blogs.dir\/6\/files\/sites\/186\/2023\/03\/meses-i-horaris-150x150.png 150w\" sizes=\"auto, (max-width: 390px) 100vw, 390px\" \/><\/figure>\n\n\n\n<div style=\"height:40px\" aria-hidden=\"true\" class=\"wp-block-spacer\"><\/div>\n\n\n\n<figure class=\"wp-block-table caption-align-left is-style-stripes\"><table><tbody><tr><td class=\"has-text-align-left\" data-align=\"left\"><strong>Mesa<\/strong><\/td><td class=\"has-text-align-left\" data-align=\"left\"><strong>Descripci\u00f3<\/strong><\/td><td class=\"has-text-align-left\" data-align=\"left\"><strong>Lloc Votaci\u00f3<\/strong><\/td><td class=\"has-text-align-left\" data-align=\"left\"><strong>Horari Votaci\u00f3<\/strong><\/td><\/tr><tr><td class=\"has-text-align-left\" data-align=\"left\">1<\/td><td class=\"has-text-align-left\" data-align=\"left\">Can Serra<\/td><td class=\"has-text-align-left\" data-align=\"left\">Can Serra<\/td><td class=\"has-text-align-left\" data-align=\"left\">8:00h fins a les 17.00h.<\/td><\/tr><tr><td class=\"has-text-align-left\" data-align=\"left\">2<\/td><td class=\"has-text-align-left\" data-align=\"left\">Maternitat &#8211; Mestral<\/td><td class=\"has-text-align-left\" data-align=\"left\">Pavell\u00f3 Mestral<\/td><td class=\"has-text-align-left\" data-align=\"left\">6:30h fins a les 17.00h<\/td><\/tr><tr><td class=\"has-text-align-left\" data-align=\"left\">3<\/td><td class=\"has-text-align-left\" data-align=\"left\">Urgell<\/td><td class=\"has-text-align-left\" data-align=\"left\">Edifici del Rellotge<\/td><td class=\"has-text-align-left\" data-align=\"left\">8:00h fins a les 17.00h.<\/td><\/tr><tr><td class=\"has-text-align-left\" data-align=\"left\">4<\/td><td class=\"has-text-align-left\" data-align=\"left\">Urgell (Prov\u00edncia)<\/td><td class=\"has-text-align-left\" data-align=\"left\">Edifici del Rellotge<\/td><td class=\"has-text-align-left\" data-align=\"left\">8:00h fins a les 17.00h.<\/td><\/tr><tr><td class=\"has-text-align-left\" data-align=\"left\">5<\/td><td class=\"has-text-align-left\" data-align=\"left\">Mundet &#8211; Serradell<\/td><td class=\"has-text-align-left\" data-align=\"left\">Edifici Serradell<\/td><td class=\"has-text-align-left\" data-align=\"left\">6:30h fins a les 17.00h.<\/td><\/tr><tr><td class=\"has-text-align-left\" data-align=\"left\">6<\/td><td class=\"has-text-align-left\" data-align=\"left\">Mundet &#8211; Pavell\u00f3 Nord<\/td><td class=\"has-text-align-left\" data-align=\"left\">Pavell\u00f3 Nord<\/td><td class=\"has-text-align-left\" data-align=\"left\">6:30h fins a les 17.00h.<\/td><\/tr><tr><td class=\"has-text-align-left\" data-align=\"left\">7<\/td><td class=\"has-text-align-left\" data-align=\"left\">Espai Francesca Bonnemaison<\/td><td class=\"has-text-align-left\" data-align=\"left\">Espai Francesca Bonnemaison<\/td><td class=\"has-text-align-left\" data-align=\"left\">8:00h fins a les 17.00h.<\/td><\/tr><tr><td class=\"has-text-align-left\" data-align=\"left\">8<\/td><td class=\"has-text-align-left\" data-align=\"left\">Institut del Teatre<\/td><td class=\"has-text-align-left\" data-align=\"left\">Vest\u00edbul<\/td><td class=\"has-text-align-left\" data-align=\"left\">8:00h fins a les 17.00h.<\/td><\/tr><tr><td class=\"has-text-align-left\" data-align=\"left\">9<\/td><td class=\"has-text-align-left\" data-align=\"left\">ORGT &#8211; Itinerant<\/td><td class=\"has-text-align-left\" data-align=\"left\">Torell\u00f3, Manlleu, Vic, La Garriga i l&#8217;Ametlla del Vall\u00e9s<\/td><td class=\"has-text-align-left\" data-align=\"left\">8:00h fins a les 17.00h.<\/td><\/tr><tr><td class=\"has-text-align-left\" data-align=\"left\">10<\/td><td class=\"has-text-align-left\" data-align=\"left\">ORGT &#8211; Itinerant<\/td><td class=\"has-text-align-left\" data-align=\"left\">Berga. Manresa, Viladecavalls i Vacarisses<\/td><td class=\"has-text-align-left\" data-align=\"left\">8:00h fins a les 17.00h.<\/td><\/tr><tr><td class=\"has-text-align-left\" data-align=\"left\">11<\/td><td class=\"has-text-align-left\" data-align=\"left\">ORGT &#8211; Fixa<\/td><td class=\"has-text-align-left\" data-align=\"left\">Cervell\u00f3, Corbera de Llobregat, Esplugues de Llobregat, Molins de Rei, Pallej\u00e0, Sant Andreu de la Barca, Sant Feliu de Llobregat, Sant Joan Desp\u00ed, Sant Just Desvern, Sant Vicen\u00e7 dels Horts i Vallirana<\/td><td class=\"has-text-align-left\" data-align=\"left\">8:00h fins a les 17.00h.<\/td><\/tr><tr><td class=\"has-text-align-left\" data-align=\"left\">12<\/td><td class=\"has-text-align-left\" data-align=\"left\">ORGT &#8211; Fixa<\/td><td class=\"has-text-align-left\" data-align=\"left\">Sant Cugat del Vall\u00e8s, Badia del Vall\u00e9s, Barber\u00e0 del Vall\u00e8s, Castellbisbal, Cerdanyola del Vall\u00e9s , La Llagosta, Montcada i Reixac, Ripollet, Rub\u00ed, Sant Quirze del Vall\u00e9s, Santa Perp\u00e8tua de Mogoda i Sabadell<\/td><td class=\"has-text-align-left\" data-align=\"left\">8:00h fins a les 17.00h.<\/td><\/tr><tr><td class=\"has-text-align-left\" data-align=\"left\">13<\/td><td class=\"has-text-align-left\" data-align=\"left\">ORGT &#8211; Itinerant<\/td><td class=\"has-text-align-left\" data-align=\"left\">Igualada, Piera, Esparraguera, Abrera, Olesa de Montserrat i Masquefa<\/td><td class=\"has-text-align-left\" data-align=\"left\">8:00h fins a les 17.00h.<\/td><\/tr><tr><td class=\"has-text-align-left\" data-align=\"left\">14<\/td><td class=\"has-text-align-left\" data-align=\"left\">ORGT &#8211; Itinerant<\/td><td class=\"has-text-align-left\" data-align=\"left\">Vilafranca del Pened\u00e8s, Sant Sadurn\u00ed d&#8217;Anoia, Gelida i Martorell<\/td><td class=\"has-text-align-left\" data-align=\"left\">8:00h fins a les 17.00h.<\/td><\/tr><tr><td class=\"has-text-align-left\" data-align=\"left\">15<\/td><td class=\"has-text-align-left\" data-align=\"left\">ORGT &#8211; Fixa<\/td><td class=\"has-text-align-left\" data-align=\"left\">Canovelles, Cardedeu, Granollers, La Roca del Vall\u00e9s, Les Franqueses del Vall\u00e8s, Llinars del Vall\u00e9s, Montmel\u00f3, Montorn\u00e8s del Vall\u00e8s, Bigues i Riells, Lli\u00e7\u00e0 d&#8217;Amunt, Parets del Vall\u00e8s i Santa Eul\u00e0lia de Ron\u00e7ana.<\/td><td class=\"has-text-align-left\" data-align=\"left\">8:00h fins a les 17.00h.<\/td><\/tr><tr><td class=\"has-text-align-left\" data-align=\"left\">16<\/td><td class=\"has-text-align-left\" data-align=\"left\">ORGT &#8211; Itinerant<\/td><td class=\"has-text-align-left\" data-align=\"left\">Tordera, Malgrat de Mar, Pineda de Mar, Calella, Canet de Mar, Arenys de Mar, Arenys de Munt, Sant Celoni, Santa Maria de Palautordera i Santa Susanna<\/td><td class=\"has-text-align-left\" data-align=\"left\">8:00h fins a les 17.00h.<\/td><\/tr><tr><td class=\"has-text-align-left\" data-align=\"left\">17<\/td><td class=\"has-text-align-left\" data-align=\"left\">ORGT &#8211; Itinerant<\/td><td class=\"has-text-align-left\" data-align=\"left\">Mollet del Vall\u00e9s, Palau-Solit\u00e0 i Plegamans, Poliny\u00e0, Sentmenat, Caldes de Montbui, Castellar del Vall\u00e8s i Matadepera<\/td><td class=\"has-text-align-left\" data-align=\"left\">8:00h fins a les 17.00h.<\/td><\/tr><tr><td class=\"has-text-align-left\" data-align=\"left\">18<\/td><td class=\"has-text-align-left\" data-align=\"left\">ORGT &#8211; Itinerant<\/td><td class=\"has-text-align-left\" data-align=\"left\">Matar\u00f3, Sant Vicen\u00e7 de Montalt, Sant Andreu de Llavaneres, Argentona, Cabrera de Mar, Vilassar de Mar, Premi\u00e0 de Mar, Premi\u00e0 de Dalt, Alella, El Masnou i Montgat<\/td><td class=\"has-text-align-left\" data-align=\"left\">8:00h fins a les 17.00h.<\/td><\/tr><tr><td class=\"has-text-align-left\" data-align=\"left\">19<\/td><td class=\"has-text-align-left\" data-align=\"left\">ORGT &#8211; Itinerant<\/td><td class=\"has-text-align-left\" data-align=\"left\">Cubelles, Vilanova i la Geltr\u00fa, Sant Pere de Ribes, Les Roquetes i Sitges<\/td><td class=\"has-text-align-left\" data-align=\"left\">8:00h fins a les 17.00h.<\/td><\/tr><tr><td class=\"has-text-align-left\" data-align=\"left\">20<\/td><td class=\"has-text-align-left\" data-align=\"left\">ORGT &#8211; Itinerant<\/td><td class=\"has-text-align-left\" data-align=\"left\">Castelldefels, Begues, Gav\u00e0, Viladecans i Sant Boi de Llobregat.<\/td><td class=\"has-text-align-left\" data-align=\"left\">8:00h fins a les 17.00h.<\/td><\/tr><tr><td class=\"has-text-align-left\" data-align=\"left\">21<\/td><td class=\"has-text-align-left\" data-align=\"left\">XBM \u2013 Fixa Zona Bages, Bergued\u00e0 i Moian\u00e8s<\/td><td class=\"has-text-align-left\" data-align=\"left\">Biblioteca de Manresa<\/td><td class=\"has-text-align-left\" data-align=\"left\">11:00 h fins a les 17:00 h.<\/td><\/tr><tr><td class=\"has-text-align-left\" data-align=\"left\">22<\/td><td class=\"has-text-align-left\" data-align=\"left\">XBM- Fixa Zona Osona<\/td><td class=\"has-text-align-left\" data-align=\"left\">Biblioteca de Vic<\/td><td class=\"has-text-align-left\" data-align=\"left\">11:00 h fins a les 17:00 h.<\/td><\/tr><tr><td class=\"has-text-align-left\" data-align=\"left\">23<\/td><td class=\"has-text-align-left\" data-align=\"left\">XBM \u2013 Fixa Zona Maresme<\/td><td class=\"has-text-align-left\" data-align=\"left\">Biblioteca de Matar\u00f3<\/td><td class=\"has-text-align-left\" data-align=\"left\">11:00 h fins a les 17:00 h.<\/td><\/tr><tr><td class=\"has-text-align-left\" data-align=\"left\">24<\/td><td class=\"has-text-align-left\" data-align=\"left\">XBM &#8211; CEM &#8211; CPS -Zona Pened\u00e8s Garraf<\/td><td class=\"has-text-align-left\" data-align=\"left\">Centre d\u2019Estudis del Mar<\/td><td class=\"has-text-align-left\" data-align=\"left\">11:00 h fins a les 17:00 h.<\/td><\/tr><\/tbody><\/table><figcaption class=\"wp-element-caption\">Meses: llocs i horaris de votaci\u00f3<\/figcaption><\/figure>\n\n\n\n<p><\/p>\n\n\n<div class=\"gb-container gb-container-9473b88f\">\n\n<div style=\"height:100px\" aria-hidden=\"true\" class=\"wp-block-spacer\"><\/div>\n\n\n\n<div class=\"wp-block-buttons is-content-justification-center is-layout-flex wp-container-core-buttons-is-layout-16018d1d wp-block-buttons-is-layout-flex\">\n<div class=\"wp-block-button is-style-fill\"><a class=\"wp-block-button__link has-background wp-element-button\" href=\"https:\/\/ccoo.app\/diputacio-de-barcelona\/feina-feta-2019-2023\/\" style=\"border-radius:0px;background-color:#ffcc00\"><strong>FEINA FETA 2019-2023<\/strong><\/a><\/div>\n\n\n\n<div class=\"wp-block-button\"><a class=\"wp-block-button__link has-background wp-element-button\" href=\"https:\/\/ccoo.app\/diputacio-de-barcelona\/programa-electoral\/\" style=\"border-radius:0px;background-color:#ffcc00\"><strong>PROGRAMA ELECTORAL<\/strong><\/a><\/div>\n\n\n\n<div class=\"wp-block-button is-style-fill\"><a class=\"wp-block-button__link has-background wp-element-button\" href=\"https:\/\/ccoo.app\/diputacio-de-barcelona\/candidatura\/\" style=\"border-radius:0px;background-color:#ffcc00\"><strong>CANDIDATURA<\/strong><\/a><\/div>\n\n\n\n<div class=\"wp-block-button\"><a class=\"wp-block-button__link has-background wp-element-button\" href=\"https:\/\/ccoo.app\/diputacio-de-barcelona\/triptic-informatiu\/\" style=\"border-radius:0px;background-color:#ffcc00\"><strong>TR\u00cdPTIC<\/strong><\/a><\/div>\n\n\n\n<div class=\"wp-block-button\"><a class=\"wp-block-button__link has-contrast-3-background-color has-background wp-element-button\" style=\"border-radius:0px\"><strong>MESES I HORARIS<\/strong><\/a><\/div>\n<\/div>\n\n\n\n<div style=\"height:100px\" aria-hidden=\"true\" class=\"wp-block-spacer\"><\/div>\n\n<\/div>","protected":false},"excerpt":{"rendered":"<p>Mesa Descripci\u00f3 Lloc Votaci\u00f3 Horari Votaci\u00f3 1 Can Serra Can Serra 8:00h fins a les 17.00h. 2 Maternitat &#8211; Mestral Pavell\u00f3 Mestral 6:30h fins a les 17.00h 3 Urgell Edifici &#8230; <\/p>\n<p class=\"read-more-container\"><a title=\"MESES I HORARIS\" class=\"read-more button\" href=\"https:\/\/ccoo.app\/diputacio-de-barcelona\/meses-i-horaris\/#more-52578\" aria-label=\"Leer m\u00e1s sobre MESES I HORARIS\">Continuar llegint<\/a><\/p>\n","protected":false},"author":88639,"featured_media":52584,"comment_status":"closed","ping_status":"closed","sticky":false,"template":"","format":"standard","meta":{"footnotes":""},"categories":[1],"tags":[],"class_list":["post-52578","post","type-post","status-publish","format-standard","has-post-thumbnail","hentry","category-sin-categoria","generate-columns","tablet-grid-50","mobile-grid-100","grid-parent","grid-50"],"_links":{"self":[{"href":"https:\/\/ccoo.app\/diputacio-de-barcelona\/wp-json\/wp\/v2\/posts\/52578","targetHints":{"allow":["GET"]}}],"collection":[{"href":"https:\/\/ccoo.app\/diputacio-de-barcelona\/wp-json\/wp\/v2\/posts"}],"about":[{"href":"https:\/\/ccoo.app\/diputacio-de-barcelona\/wp-json\/wp\/v2\/types\/post"}],"author":[{"embeddable":true,"href":"https:\/\/ccoo.app\/diputacio-de-barcelona\/wp-json\/wp\/v2\/users\/88639"}],"replies":[{"embeddable":true,"href":"https:\/\/ccoo.app\/diputacio-de-barcelona\/wp-json\/wp\/v2\/comments?post=52578"}],"version-history":[{"count":5,"href":"https:\/\/ccoo.app\/diputacio-de-barcelona\/wp-json\/wp\/v2\/posts\/52578\/revisions"}],"predecessor-version":[{"id":52586,"href":"https:\/\/ccoo.app\/diputacio-de-barcelona\/wp-json\/wp\/v2\/posts\/52578\/revisions\/52586"}],"wp:featuredmedia":[{"embeddable":true,"href":"https:\/\/ccoo.app\/diputacio-de-barcelona\/wp-json\/wp\/v2\/media\/52584"}],"wp:attachment":[{"href":"https:\/\/ccoo.app\/diputacio-de-barcelona\/wp-json\/wp\/v2\/media?parent=52578"}],"wp:term":[{"taxonomy":"category","embeddable":true,"href":"https:\/\/ccoo.app\/diputacio-de-barcelona\/wp-json\/wp\/v2\/categories?post=52578"},{"taxonomy":"post_tag","embeddable":true,"href":"https:\/\/ccoo.app\/diputacio-de-barcelona\/wp-json\/wp\/v2\/tags?post=52578"}],"curies":[{"name":"wp","href":"https:\/\/api.w.org\/{rel}","templated":true}]}}