{"id":52414,"date":"2023-03-20T12:17:20","date_gmt":"2023-03-20T11:17:20","guid":{"rendered":"https:\/\/ccoo.app\/diputacio-de-barcelona\/?p=52414"},"modified":"2023-10-17T14:04:43","modified_gmt":"2023-10-17T12:04:43","slug":"feina-feta-2019-2023","status":"publish","type":"post","link":"https:\/\/ccoo.app\/diputacio-de-barcelona\/feina-feta-2019-2023\/","title":{"rendered":"FEINA FETA 2019-2023"},"content":{"rendered":"\n<div style=\"height:40px\" aria-hidden=\"true\" class=\"wp-block-spacer\"><\/div>\n\n\n\n<figure class=\"gb-block-image gb-block-image-a5bb0e20\"><img loading=\"lazy\" decoding=\"async\" width=\"390\" height=\"390\" class=\"gb-image gb-image-a5bb0e20\" src=\"https:\/\/ccoo.app\/diputacio-de-barcelona\/wp-content\/blogs.dir\/6\/files\/sites\/186\/2023\/03\/feina-feta.png\" alt=\"Feina Feta\" title=\"Feina Feta\" srcset=\"https:\/\/ccoo.app\/diputacio-de-barcelona\/wp-content\/blogs.dir\/6\/files\/sites\/186\/2023\/03\/feina-feta.png 390w, https:\/\/ccoo.app\/diputacio-de-barcelona\/wp-content\/blogs.dir\/6\/files\/sites\/186\/2023\/03\/feina-feta-300x300.png 300w, https:\/\/ccoo.app\/diputacio-de-barcelona\/wp-content\/blogs.dir\/6\/files\/sites\/186\/2023\/03\/feina-feta-150x150.png 150w\" sizes=\"auto, (max-width: 390px) 100vw, 390px\" \/><\/figure>\n\n\n\n<div style=\"height:40px\" aria-hidden=\"true\" class=\"wp-block-spacer\"><\/div>\n\n\n\n<p>El proper dimecres 29 de mar\u00e7 celebrarem les eleccions sindicals a la Diputaci\u00f3 de&nbsp; Barcelona. Des de la secci\u00f3 sindical de Comissions Obreres volem destacar qu\u00e8 hem fet durant aquest mandat i fer un balan\u00e7 de tota la nostra activitat sindical durant aquests 4 anys.<\/p>\n\n\n\n<p>Un mandat en el qual, fruit de les darreres eleccions sindicals, vam tornar a ser el primer sindicat a la corporaci\u00f3. Aquesta responsabilitat sempre ens l\u2019hem pres amb treball, honestedat i franquesa cap a vosaltres i exercint el lideratge necessari en la defensa dels vostres drets.<\/p>\n\n\n\n<div style=\"height:40px\" aria-hidden=\"true\" class=\"wp-block-spacer\"><\/div>\n\n\n\n<h2 class=\"gb-headline gb-headline-03563363 gb-headline-text\"><strong>PAND\u00c8MIA COVID-19<\/strong><\/h2>\n\n\n\n<p><\/p>\n\n\n\n<p>Certament, aquest darrer mandat ha vingut marcat per la pand\u00e8mia de la COVID-19. Una pand\u00e8mia que ens va afectar a totes i tots. Una de les coses que la pand\u00e8mia va aflorar \u00e9s la <strong><u>professionalitat m\u00e0xima de tot el personal de la DIBA, on tot el personal sense cap excepci\u00f3 va demostrar, un cop m\u00e9s, la seva implicaci\u00f3.<\/u><\/strong><\/p>\n\n\n\n<p>Durant la pand\u00e8mia de la COVID-19, <strong><u>des de CCOO, vam negociar i acordar els criteris que havien de regir la protecci\u00f3 de la salut<\/u><\/strong> de totes i tots vosaltres.<\/p>\n\n\n\n<p>Tamb\u00e9 <strong><u>vam exigir i acordar amb la corporaci\u00f3 una compensaci\u00f3 econ\u00f2mica i gr\u00e0cies a CCOO ho vam fer extensible a la totalitat de col\u00b7lectius que van haver de treballar de manera presencial<\/u><\/strong> durant aquells dies.<\/p>\n\n\n\n<div style=\"height:40px\" aria-hidden=\"true\" class=\"wp-block-spacer\"><\/div>\n\n\n\n<h2 class=\"gb-headline gb-headline-7bf84869 gb-headline-text\"><strong>INCREMENTS RETRIBUTIUS<\/strong><\/h2>\n\n\n\n<p><\/p>\n\n\n\n<p><strong><u>L\u2019any 2021 el vam iniciar amb un increment retributiu del 0,9%<\/u><\/strong> per a tots els complements de la nostra n\u00f2mina i<strong><u> tancarem el mandat amb una pujada d\u2019un 9,8% per al per\u00edode de 2022-2024.<\/u><\/strong> Tenim molt clar que amb les coses de menjar no s\u2019hi juga i sabem que aquesta pujada salarial \u00e9s la primera pedra per a la recuperaci\u00f3 adquisitiva dels i les treballadors p\u00fablics.<\/p>\n\n\n\n<p>A m\u00e9s a m\u00e9s, <strong><u>hem treballat a la comissi\u00f3 de valoraci\u00f3 de llocs de feina<\/u><\/strong>. Una comissi\u00f3 que hem exigit des de l\u2019inici del mandat per\u00f2 que amb la pand\u00e8mia va quedar aparcada, i en la qual seguim treballant per una nova valoraci\u00f3 de llocs de treball que sigui m\u00e9s realista a la situaci\u00f3 actual i que <strong><u>vagi acompanyada d\u2019un reconeixement econ\u00f2mic just per a tothom<\/u><\/strong>.<\/p>\n\n\n\n<p>Tamb\u00e9 volem afegir la compensaci\u00f3 extraordin\u00e0ria per productivitat de 250\u20ac per a tothom signada a finals de l\u2019any 2022.<\/p>\n\n\n\n<div style=\"height:40px\" aria-hidden=\"true\" class=\"wp-block-spacer\"><\/div>\n\n\n\n<h2 class=\"gb-headline gb-headline-8026fdcc gb-headline-text\"><strong>JUBILACI\u00d3 ANTICIPADA INCENTIVADA<\/strong><\/h2>\n\n\n\n<p><\/p>\n\n\n\n<p>Com b\u00e9 sabeu, aquest mandat ha vingut marcat per la Sent\u00e8ncia del Tribunal Suprem que ens deixava sense efecte el nostre acord per jubilaci\u00f3 anticipada incentivada. <strong><u>Lluny de quedar-nos de bra\u00e7os creuats, com s\u00ed han fet la resta de sindicats, des de CCOO vam impulsar i liderar la mobilitzaci\u00f3 davant del Ple de la Diputaci\u00f3<\/u><\/strong> reclamant una negociaci\u00f3 per un nou acord que s\u00ed estigu\u00e9s dins dels par\u00e0metres legals. Si la resta de sindicats hi van ser presents a la mobilitzaci\u00f3 va ser perqu\u00e8 <strong><u>Comissions Obreres sempre cerquem la unitat sindical en tots els temes que s\u00f3n transversals a la plantilla de la corporaci\u00f3<\/u><\/strong> i defugim de protagonismes, ja que entenem que aquesta unitat sindical ens permet tenir una millor posici\u00f3 de for\u00e7a davant de la corporaci\u00f3. A m\u00e9s, defensem que la resta de sindicats no s\u00f3n el nostre adversari i s\u00ed companys i companyes que en els temes centrals hem d\u2019anar totes i tots a una.<\/p>\n\n\n\n<div style=\"height:40px\" aria-hidden=\"true\" class=\"wp-block-spacer\"><\/div>\n\n\n\n<h2 class=\"gb-headline gb-headline-0caa8268 gb-headline-text\"><strong>ESTABILITZACI\u00d3 PERSONAL INTER\u00cd<\/strong><\/h2>\n\n\n\n<p><\/p>\n\n\n\n<p>Com sempre hem defensat des de CCOO, la soluci\u00f3 a l\u2019ab\u00fas de la temporalitat del personal inter\u00ed no seria una soluci\u00f3 f\u00e0cil a un problema tant complex. <strong><u>Tots els sindicats sab\u00edem i \u00e9rem coneixedors<\/u><\/strong> despr\u00e9s de les directives i sent\u00e8ncies europees, <strong><u>que la soluci\u00f3 passava for\u00e7osament per modificacions legislatives<\/u><\/strong> i que, aquestes, serien d\u2019obligat compliment per l\u2019Administraci\u00f3; \u00e9s a dir, per <strong><u>una soluci\u00f3 negociada, d\u2019abast general i mai per solucions individualitzades ni molt menys que tinguessin cap cost econ\u00f2mic per a ning\u00fa<\/u><\/strong>.<\/p>\n\n\n\n<p>A la Diputaci\u00f3, vam negociar i acordar unes bases del tot facilitadores. Unes bases que han estat refer\u00e8ncia per a la resta d\u2019administracions p\u00fabliques i que en gran part han recollit les demandes del nostre sindicat.<\/p>\n\n\n\n<div style=\"height:40px\" aria-hidden=\"true\" class=\"wp-block-spacer\"><\/div>\n\n\n\n<h2 class=\"gb-headline gb-headline-fb8b511d gb-headline-text\"><strong>REGLAMENT TELETREBALL<\/strong><\/h2>\n\n\n\n<p><\/p>\n\n\n\n<p>Durant aquest mandat, tamb\u00e9, <strong><u>hem signat l\u2019acord de teletreball<\/u><\/strong>. Just abans de l\u2019inici de la pand\u00e8mia, i gr\u00e0cies a les diferents peticions fetes per Comissions Obreres, inici\u00e0vem les primeres reunions per treballar en un reglament de teletreball a la Diputaci\u00f3. No obstant aix\u00f2, la pand\u00e8mia ens va demostrar que una altra manera de prestar els serveis era possible a la corporaci\u00f3 i vam negociar un acord de teletreball <strong><u>pioner a totes les administracions p\u00fabliques<\/u><\/strong>. No obstant aix\u00f2, encara hi ha mancances, com la compensaci\u00f3 econ\u00f2mica per teletreballar o l\u2019incompliment per part de la corporaci\u00f3 de la indemnitzaci\u00f3 TIC. Respecte a la <strong><u>compensaci\u00f3 econ\u00f2mica per teletreballar, des de CCOO ja estem negociant una habilitaci\u00f3 legal<\/u><\/strong> a la seu de funci\u00f3 p\u00fablica estatal per donar-hi cabuda. Respecte a la <strong><u>indemnitzaci\u00f3 TIC, som l\u2019\u00fanic sindicat que ha denunciat a la DIBA pel seu incompliment<\/u><\/strong>, demostrant que defensem els drets de totes i tots tamb\u00e9 en seu judicial.<\/p>\n\n\n\n<div style=\"height:40px\" aria-hidden=\"true\" class=\"wp-block-spacer\"><\/div>\n\n\n\n<h2 class=\"gb-headline gb-headline-2bc27eb5 gb-headline-text\"><strong>ASSEMBLEES I VISITES CENTRE DE TREBALL. COMUNICACI\u00d3.<\/strong><\/h2>\n\n\n\n<p><\/p>\n\n\n\n<p>Des de Comissions Obreres a la Diputaci\u00f3 de Barcelona sempre hem defensat que els i les protagonistes heu de ser totes i tots vosaltres. Per aquest motiu, durant aquest mandat, <strong><u>hem impulsat la convocat\u00f2ria d\u2019assemblees generals de treballadors i treballadores aix\u00ed com assemblees per centre de treball<\/u><\/strong>, per tal de donar-vos informaci\u00f3 molt m\u00e9s personalitzada i directa. A m\u00e9s a m\u00e9s, <strong><u>hem estat pioners en el format d\u2019assemblees semipresencials<\/u><\/strong>. Durant aquest mandat, <strong><u>hem realitzat m\u00e9s de 2 assemblees a cada centre de treball a l\u2019any<\/u><\/strong>, donant-vos l\u2019oportunitat de con\u00e8ixer de primera m\u00e0 les darreres informacions en mat\u00e8ria de negociaci\u00f3 i resoldre tots els vostres dubtes. \u00c9s a dir, donant-vos veu en tot all\u00f2 que us importa.<\/p>\n\n\n\n<p>&nbsp;Tamb\u00e9, hem modificat la nostra forma de comunicar-nos, fent-la m\u00e9s r\u00e0pida i \u00e0gil amb vosaltres i <strong><u>hem visitat cadascun dels diferents centres de treball, com a m\u00ednim, 1 cop a l\u2019any<\/u><\/strong>.<\/p>\n\n\n\n<div style=\"height:40px\" aria-hidden=\"true\" class=\"wp-block-spacer\"><\/div>\n\n\n\n<h2 class=\"gb-headline gb-headline-2fe1ff62 gb-headline-text\"><strong>DEFENSA DE TOTS ELS COL\u00b7LECTIUS DE LA DIBA.<\/strong><\/h2>\n\n\n\n<p><\/p>\n\n\n\n<p>Si alguna cosa ens ha caracteritzat al llarg d\u2019aquest mandat ha estat l\u2019aposta ferma per la defensa de tots i cadascun dels diferents col\u00b7lectius de la DIBA:<\/p>\n\n\n\n<ul class=\"is-style-arrow wp-block-list\">\n<li>L\u2019any 2021 vam rebre informacions que <strong><span style=\"text-decoration: underline\" class=\"ek-underline\">l\u2019ORGT volia eliminar els vigilants de seguretat<\/span><\/strong>. Vam organitzar el conflicte i vam aturar aquella retallada. Ara ho tornarem a fer. Tamb\u00e9 se\u2019ns va informar que <strong><span style=\"text-decoration: underline\" class=\"ek-underline\">volien privatitzar el servei de call center i tamb\u00e9 ho vam aturar<\/span><\/strong>. A m\u00e9s a m\u00e9s, hem exhortat a la corporaci\u00f3 a qu\u00e8 els acords d\u2019integraci\u00f3 s\u2019havien de complir s\u00ed o s\u00ed.<\/li>\n\n\n\n<li><strong><span style=\"text-decoration: underline\" class=\"ek-underline\">Hem defensat i acordat l\u2019ampliaci\u00f3 hor\u00e0ria dels cangurs de la Ger\u00e8ncia de Parcs Naturals<\/span>.<\/strong><\/li>\n\n\n\n<li><strong><span style=\"text-decoration: underline\" class=\"ek-underline\">Hem pressionat a la corporaci\u00f3 per una millora dels EPI\u2019s de seguretat a la Ger\u00e8ncia d\u2019Infraestructures Vi\u00e0ries<\/span><\/strong> aix\u00ed com una actualitzaci\u00f3 dels vehicles corporatius.<\/li>\n\n\n\n<li><strong><span style=\"text-decoration: underline\" class=\"ek-underline\">Continuem treballant en un aplicatiu de borses de treball que doni resposta a la demanda del personal inter\u00ed de RESPIR<\/span>.<\/strong><\/li>\n\n\n\n<li><strong><span style=\"text-decoration: underline\" class=\"ek-underline\">Hem mantingut reunions al m\u00e9s alt nivell amb la Ger\u00e8ncia de la XBM per tal de cercar solucions a la disparitat d\u2019horaris<\/span>.<\/strong><\/li>\n\n\n\n<li><strong><span style=\"text-decoration: underline\" class=\"ek-underline\">Treballem per a una correcta i efectiva implantaci\u00f3 del teletreball a l\u2019Institut del Teatre<\/span>.<\/strong><\/li>\n\n\n\n<li><strong><span style=\"text-decoration: underline\" class=\"ek-underline\">Seguim negociant a la comissi\u00f3 de valoraci\u00f3 de llocs de feina una correcta valoraci\u00f3 de tot el personal d\u2019administraci\u00f3 de totes les categories: des de subalterns fins a t\u00e8cnics superiors<\/span>.<\/strong><\/li>\n<\/ul>\n\n\n<div class=\"gb-container gb-container-9473b88f\">\n\n<div style=\"height:100px\" aria-hidden=\"true\" class=\"wp-block-spacer\"><\/div>\n\n\n\n<div class=\"wp-block-buttons is-content-justification-center is-layout-flex wp-container-core-buttons-is-layout-16018d1d wp-block-buttons-is-layout-flex\">\n<div class=\"wp-block-button is-style-fill\"><a class=\"wp-block-button__link has-contrast-3-background-color has-background wp-element-button\" href=\"https:\/\/ccoo.app\/diputacio-de-barcelona\/feina-feta-2019-2023\/\" style=\"border-radius:0px\"><strong>FEINA FETA 2019-2023<\/strong><\/a><\/div>\n\n\n\n<div class=\"wp-block-button\"><a class=\"wp-block-button__link has-background wp-element-button\" href=\"\/\/ccoo.app\/diputacio-de-barcelona\/programa-electoral\/\" style=\"border-radius:0px;background-color:#ffcc00\"><strong>PROGRAMA ELECTORAL<\/strong><\/a><\/div>\n\n\n\n<div class=\"wp-block-button\"><a class=\"wp-block-button__link has-background wp-element-button\" href=\"https:\/\/ccoo.app\/diputacio-de-barcelona\/triptic-informatiu\/\" style=\"border-radius:0px;background-color:#ffcc00\"><strong>TR\u00cdPTIC<\/strong><\/a><\/div>\n\n\n\n<div class=\"wp-block-button\"><a class=\"wp-block-button__link has-background wp-element-button\" href=\"https:\/\/ccoo.app\/diputacio-de-barcelona\/gracies-el-vostre-suport-ens-ha-donat-la-majoria-a-la-diputacio-de-barcelona\/\" style=\"border-radius:0px;background-color:#ffcc00\"><strong>RESULTATS<\/strong><\/a><\/div>\n<\/div>\n\n\n\n<div style=\"height:100px\" aria-hidden=\"true\" class=\"wp-block-spacer\"><\/div>\n\n<\/div>\n\n\n<p><\/p>\n","protected":false},"excerpt":{"rendered":"<p>El proper dimecres 29 de mar\u00e7 celebrarem les eleccions sindicals a la Diputaci\u00f3 de&nbsp; Barcelona. Des de la secci\u00f3 sindical de Comissions Obreres volem destacar qu\u00e8 hem fet durant aquest &#8230; <\/p>\n<p class=\"read-more-container\"><a title=\"FEINA FETA 2019-2023\" class=\"read-more button\" href=\"https:\/\/ccoo.app\/diputacio-de-barcelona\/feina-feta-2019-2023\/#more-52414\" aria-label=\"Leer m\u00e1s sobre FEINA FETA 2019-2023\">Continuar llegint<\/a><\/p>\n","protected":false},"author":88639,"featured_media":52438,"comment_status":"closed","ping_status":"closed","sticky":false,"template":"","format":"standard","meta":{"footnotes":""},"categories":[1],"tags":[],"class_list":["post-52414","post","type-post","status-publish","format-standard","has-post-thumbnail","hentry","category-sin-categoria","generate-columns","tablet-grid-50","mobile-grid-100","grid-parent","grid-50"],"_links":{"self":[{"href":"https:\/\/ccoo.app\/diputacio-de-barcelona\/wp-json\/wp\/v2\/posts\/52414","targetHints":{"allow":["GET"]}}],"collection":[{"href":"https:\/\/ccoo.app\/diputacio-de-barcelona\/wp-json\/wp\/v2\/posts"}],"about":[{"href":"https:\/\/ccoo.app\/diputacio-de-barcelona\/wp-json\/wp\/v2\/types\/post"}],"author":[{"embeddable":true,"href":"https:\/\/ccoo.app\/diputacio-de-barcelona\/wp-json\/wp\/v2\/users\/88639"}],"replies":[{"embeddable":true,"href":"https:\/\/ccoo.app\/diputacio-de-barcelona\/wp-json\/wp\/v2\/comments?post=52414"}],"version-history":[{"count":5,"href":"https:\/\/ccoo.app\/diputacio-de-barcelona\/wp-json\/wp\/v2\/posts\/52414\/revisions"}],"predecessor-version":[{"id":53562,"href":"https:\/\/ccoo.app\/diputacio-de-barcelona\/wp-json\/wp\/v2\/posts\/52414\/revisions\/53562"}],"wp:featuredmedia":[{"embeddable":true,"href":"https:\/\/ccoo.app\/diputacio-de-barcelona\/wp-json\/wp\/v2\/media\/52438"}],"wp:attachment":[{"href":"https:\/\/ccoo.app\/diputacio-de-barcelona\/wp-json\/wp\/v2\/media?parent=52414"}],"wp:term":[{"taxonomy":"category","embeddable":true,"href":"https:\/\/ccoo.app\/diputacio-de-barcelona\/wp-json\/wp\/v2\/categories?post=52414"},{"taxonomy":"post_tag","embeddable":true,"href":"https:\/\/ccoo.app\/diputacio-de-barcelona\/wp-json\/wp\/v2\/tags?post=52414"}],"curies":[{"name":"wp","href":"https:\/\/api.w.org\/{rel}","templated":true}]}}