{"id":52411,"date":"2023-03-20T19:35:25","date_gmt":"2023-03-20T18:35:25","guid":{"rendered":"https:\/\/ccoo.app\/diputacio-de-barcelona\/?p=52411"},"modified":"2023-10-17T14:04:41","modified_gmt":"2023-10-17T12:04:41","slug":"assemblea-inici-de-campanya-i-assemblea-exclusiva-parcs-naturals","status":"publish","type":"post","link":"https:\/\/ccoo.app\/diputacio-de-barcelona\/assemblea-inici-de-campanya-i-assemblea-exclusiva-parcs-naturals\/","title":{"rendered":"Assemblea inici de campanya i assemblea exclusiva Parcs Naturals"},"content":{"rendered":"\n<div style=\"height:30px\" aria-hidden=\"true\" class=\"wp-block-spacer\"><\/div>\n\n\n\n<h4 class=\"gb-headline gb-headline-c33f0a59 gb-headline-text\"><strong>DIMARTS 21 DE MAR\u00c7<\/strong><\/h4>\n\n\n\n<div style=\"height:30px\" aria-hidden=\"true\" class=\"wp-block-spacer\"><\/div>\n\n\n\n<h2 class=\"gb-headline gb-headline-d9a46f77 gb-headline-text\">ASSEMBLEA INICI DE CAMPANYA<\/h2>\n\n\n\n<p><\/p>\n\n\n\n<p>Adre\u00e7ada&nbsp;<strong>a tota la plantilla de la Diputaci\u00f3 de Barcelona<\/strong>.<\/p>\n\n\n\n<figure class=\"wp-block-table\"><table><tbody><tr><td class=\"has-text-align-center\" data-align=\"center\"><strong>DIMARTS<\/strong><br><strong>21 DE MAR\u00c7<\/strong><\/td><td class=\"has-text-align-center\" data-align=\"center\"><strong>MATERNITAT &#8211; ACTE INICI DE CAMPANYA &#8211; <\/strong><br>(<strong><em><u>Semipresencial<\/u><\/em><\/strong>)<br>Planta -1 Mestral (Maternitat)<br><a aria-label=\" (opens in a new tab)\" href=\"https:\/\/teams.microsoft.com\/l\/meetup-join\/19%3ameeting_ZjQ4OWE1MzUtODQ4Yi00YmRjLTk0YmUtZDE3MjAxMmY3OGQy%40thread.v2\/0?context=%7b%22Tid%22%3a%22aa01e5b0-699e-4538-8596-e820ccf95d45%22%2c%22Oid%22%3a%228d0a4642-a5b0-450a-9ffa-45f8336996c2%22%7d\" target=\"_blank\" rel=\"noreferrer noopener\" class=\"ek-link\">Feu clic aqu\u00ed per unir-vos a la reuni\u00f3<\/a><\/td><td class=\"has-text-align-center\" data-align=\"center\"><strong>12:00 \u2013 14:00<\/strong><\/td><\/tr><\/tbody><\/table><\/figure>\n\n\n\n<p class=\"has-text-align-center\">\u00c9s una assemblea autoritzada i s\u2019ha de justificar<br>amb<strong>&nbsp;<\/strong><strong>el<\/strong><strong>&nbsp;<\/strong><strong>CODI D\u2019INCID\u00c8NCIA&nbsp;<u>562<\/u>&nbsp;<\/strong>o<strong>&nbsp;<u>GESTI\u00d3 RA\u00d3 DEL SERVEI<\/u><\/strong><\/p>\n\n\n\n<div style=\"height:40px\" aria-hidden=\"true\" class=\"wp-block-spacer\"><\/div>\n\n\n\n<h2 class=\"gb-headline gb-headline-9b81fdc7 gb-headline-text\">ASSEMBLEA EXCLUSIVA PARCS NATURALS<\/h2>\n\n\n\n<p><\/p>\n\n\n\n<p>Adre\u00e7ada <strong>a tota la plantilla de la Diputaci\u00f3 de Barcelona<\/strong>&nbsp;de la <strong>Ger\u00e8ncia de Parcs Naturals<\/strong>.<\/p>\n\n\n\n<p><strong>ORDRE DEL DIA:<\/strong><\/p>\n\n\n\n<ul class=\"is-style-arrow wp-block-list\">\n<li>ESTABILITZACI\u00d3<\/li>\n\n\n\n<li>PRESENCIALITAT<\/li>\n\n\n\n<li>RECLASSIFICACI\u00d3 PERSONAL INTER\u00cd<\/li>\n\n\n\n<li>PRECS I PREGUNTES<\/li>\n<\/ul>\n\n\n\n<div style=\"height:10px\" aria-hidden=\"true\" class=\"wp-block-spacer\"><\/div>\n\n\n\n<figure class=\"wp-block-table\"><table><tbody><tr><td class=\"has-text-align-center\" data-align=\"center\"><strong>DIMARTS<\/strong><br><strong>21 DE MAR\u00c7<\/strong><\/td><td class=\"has-text-align-center\" data-align=\"center\"><strong>PARCS NATURALS<\/strong><br>(<strong><em><u>Presencial<\/u><\/em><\/strong>)<br>A la Masia Mariona<\/td><td class=\"has-text-align-center\" data-align=\"center\"><strong>10:30 \u2013 13:00<\/strong><\/td><\/tr><\/tbody><\/table><\/figure>\n\n\n\n<p class=\"has-text-align-center\">\u00c9s una assemblea autoritzada i s\u2019ha de justificar<br>amb<strong>&nbsp;<\/strong><strong>el<\/strong><strong>&nbsp;<\/strong><strong>CODI D\u2019INCID\u00c8NCIA&nbsp;<u>562<\/u>&nbsp;<\/strong>o<strong>&nbsp;<u>GESTI\u00d3 RA\u00d3 DEL SERVEI<\/u><\/strong><\/p>\n\n\n\n<div class=\"wp-block-group\"><div class=\"wp-block-group__inner-container is-layout-constrained wp-block-group-is-layout-constrained\"><div class=\"gb-grid-wrapper gb-grid-wrapper-d65739e2\">\n<div class=\"gb-grid-column gb-grid-column-ecc8725d\"><div class=\"gb-container gb-container-ecc8725d\"><div class=\"gb-inside-container\">\n<div class=\"wp-block-image\">\n<figure class=\"aligncenter size-full\"><img loading=\"lazy\" decoding=\"async\" width=\"129\" height=\"38\" src=\"https:\/\/ccoo.app\/diputacio-de-barcelona\/wp-content\/blogs.dir\/6\/files\/sites\/186\/2022\/03\/tel.png\" alt=\"Tel\" class=\"wp-image-49915\" \/><\/figure>\n<\/div>\n<\/div><\/div><\/div>\n\n<div class=\"gb-grid-column gb-grid-column-4c28778f\"><div class=\"gb-container gb-container-4c28778f\"><div class=\"gb-inside-container\">\n<div class=\"wp-block-image\">\n<figure class=\"aligncenter size-full\"><a href=\"mailto:ccoo@diba.cat\"><img loading=\"lazy\" decoding=\"async\" width=\"51\" height=\"37\" src=\"https:\/\/ccoo.app\/diputacio-de-barcelona\/wp-content\/blogs.dir\/6\/files\/sites\/186\/2022\/03\/mail.png\" alt=\"Mail\" class=\"wp-image-49916\" \/><\/a><\/figure>\n<\/div>\n<\/div><\/div><\/div>\n\n<div class=\"gb-grid-column gb-grid-column-c6cc0957\"><div class=\"gb-container gb-container-c6cc0957\"><div class=\"gb-inside-container\">\n<div class=\"wp-block-image\">\n<figure class=\"aligncenter size-full\"><a href=\"https:\/\/twitter.com\/ccoodiba\"><img loading=\"lazy\" decoding=\"async\" width=\"44\" height=\"38\" src=\"https:\/\/ccoo.app\/diputacio-de-barcelona\/wp-content\/blogs.dir\/6\/files\/sites\/186\/2022\/03\/tw.png\" alt=\"Tw\" class=\"wp-image-49917\" \/><\/a><\/figure>\n<\/div>\n<\/div><\/div><\/div>\n\n<div class=\"gb-grid-column gb-grid-column-1598237d\"><div class=\"gb-container gb-container-1598237d\"><div class=\"gb-inside-container\">\n<div class=\"wp-block-image\">\n<figure class=\"aligncenter size-full\"><a href=\"https:\/\/www.instagram.com\/ccoo_diba\/\"><img loading=\"lazy\" decoding=\"async\" width=\"45\" height=\"44\" src=\"https:\/\/ccoo.app\/diputacio-de-barcelona\/wp-content\/blogs.dir\/6\/files\/sites\/186\/2022\/03\/ig.png\" alt=\"Ig\" class=\"wp-image-49918\" \/><\/a><\/figure>\n<\/div>\n<\/div><\/div><\/div>\n\n<div class=\"gb-grid-column gb-grid-column-2db731fe\"><div class=\"gb-container gb-container-2db731fe\"><div class=\"gb-inside-container\">\n<div class=\"wp-block-image\">\n<figure class=\"aligncenter size-full\"><a href=\"https:\/\/ccoo.app\/diputacio-de-barcelona\"><img loading=\"lazy\" decoding=\"async\" width=\"39\" height=\"40\" src=\"https:\/\/ccoo.app\/diputacio-de-barcelona\/wp-content\/blogs.dir\/6\/files\/sites\/186\/2022\/03\/www.png\" alt=\"Www\" class=\"wp-image-49919\" \/><\/a><\/figure>\n<\/div>\n<\/div><\/div><\/div>\n\n<div class=\"gb-grid-column gb-grid-column-f3651540\"><div class=\"gb-container gb-container-f3651540\"><div class=\"gb-inside-container\">\n<div class=\"wp-block-image\">\n<figure class=\"aligncenter size-full is-resized\"><a href=\"https:\/\/www.ccoo.cat\/afiliat\/?_sfm_aff_situation=94\"><img loading=\"lazy\" decoding=\"async\" src=\"https:\/\/ccoo.app\/diputacio-de-barcelona\/wp-content\/blogs.dir\/6\/files\/sites\/186\/2022\/03\/af.png\" alt=\"Af\" class=\"wp-image-49920\" width=\"125\" height=\"38\" \/><\/a><\/figure>\n<\/div>\n<\/div><\/div><\/div>\n<\/div><\/div><\/div>\n","protected":false},"excerpt":{"rendered":"<p>DIMARTS 21 DE MAR\u00c7 ASSEMBLEA INICI DE CAMPANYA Adre\u00e7ada&nbsp;a tota la plantilla de la Diputaci\u00f3 de Barcelona. DIMARTS21 DE MAR\u00c7 MATERNITAT &#8211; ACTE INICI DE CAMPANYA &#8211; (Semipresencial)Planta -1 Mestral &#8230; <\/p>\n<p class=\"read-more-container\"><a title=\"Assemblea inici de campanya i assemblea exclusiva Parcs Naturals\" class=\"read-more button\" href=\"https:\/\/ccoo.app\/diputacio-de-barcelona\/assemblea-inici-de-campanya-i-assemblea-exclusiva-parcs-naturals\/#more-52411\" aria-label=\"Leer m\u00e1s sobre Assemblea inici de campanya i assemblea exclusiva Parcs Naturals\">Continuar llegint<\/a><\/p>\n","protected":false},"author":88639,"featured_media":51750,"comment_status":"closed","ping_status":"closed","sticky":false,"template":"","format":"standard","meta":{"footnotes":""},"categories":[38,250,19,252],"tags":[],"class_list":["post-52411","post","type-post","status-publish","format-standard","has-post-thumbnail","hentry","category-a-tot-el-personal","category-assemblees","category-comunicats","category-app-diba-push","generate-columns","tablet-grid-50","mobile-grid-100","grid-parent","grid-50"],"_links":{"self":[{"href":"https:\/\/ccoo.app\/diputacio-de-barcelona\/wp-json\/wp\/v2\/posts\/52411","targetHints":{"allow":["GET"]}}],"collection":[{"href":"https:\/\/ccoo.app\/diputacio-de-barcelona\/wp-json\/wp\/v2\/posts"}],"about":[{"href":"https:\/\/ccoo.app\/diputacio-de-barcelona\/wp-json\/wp\/v2\/types\/post"}],"author":[{"embeddable":true,"href":"https:\/\/ccoo.app\/diputacio-de-barcelona\/wp-json\/wp\/v2\/users\/88639"}],"replies":[{"embeddable":true,"href":"https:\/\/ccoo.app\/diputacio-de-barcelona\/wp-json\/wp\/v2\/comments?post=52411"}],"version-history":[{"count":5,"href":"https:\/\/ccoo.app\/diputacio-de-barcelona\/wp-json\/wp\/v2\/posts\/52411\/revisions"}],"predecessor-version":[{"id":52437,"href":"https:\/\/ccoo.app\/diputacio-de-barcelona\/wp-json\/wp\/v2\/posts\/52411\/revisions\/52437"}],"wp:featuredmedia":[{"embeddable":true,"href":"https:\/\/ccoo.app\/diputacio-de-barcelona\/wp-json\/wp\/v2\/media\/51750"}],"wp:attachment":[{"href":"https:\/\/ccoo.app\/diputacio-de-barcelona\/wp-json\/wp\/v2\/media?parent=52411"}],"wp:term":[{"taxonomy":"category","embeddable":true,"href":"https:\/\/ccoo.app\/diputacio-de-barcelona\/wp-json\/wp\/v2\/categories?post=52411"},{"taxonomy":"post_tag","embeddable":true,"href":"https:\/\/ccoo.app\/diputacio-de-barcelona\/wp-json\/wp\/v2\/tags?post=52411"}],"curies":[{"name":"wp","href":"https:\/\/api.w.org\/{rel}","templated":true}]}}