{"id":5236,"date":"2020-03-29T12:00:20","date_gmt":"2020-03-29T11:00:20","guid":{"rendered":"https:\/\/diba.ccoo.cat\/?p=5236"},"modified":"2023-02-22T18:56:07","modified_gmt":"2023-02-22T17:56:07","slug":"violencia-masclista-durant-la-crisi-del-covid","status":"publish","type":"post","link":"https:\/\/ccoo.app\/diputacio-de-barcelona\/violencia-masclista-durant-la-crisi-del-covid\/","title":{"rendered":"19\/COVID-19. FER FRONT A LA VIOL\u00c8NCIA MASCLISTA DURANT LA CRISI DEL COVID-19"},"content":{"rendered":"<p class=\"wp-caption-text\"><img loading=\"lazy\" decoding=\"async\" class=\"alignnone wp-image-1853\" src=\"http:\/\/ccoo.app\/diputacio-de-barcelona\/wp-content\/blogs.dir\/6\/files\/sites\/186\/2018\/01\/logoccoov18.jpg\" alt=\"\" width=\"137\" height=\"63\" \/>\u00a0 <a href=\"https:\/\/www.ccoo.cat\/noticia\/228863\/nous-canals-de-consultes-laborals-sobre-el-coronavirus#.XoB_SIgzY2x\"><img loading=\"lazy\" decoding=\"async\" class=\"alignnone wp-image-5366\" src=\"http:\/\/ccoo.app\/diputacio-de-barcelona\/wp-content\/blogs.dir\/6\/files\/sites\/186\/2020\/04\/documentacio-adjunta-300x296.png\" alt=\"\" width=\"110\" height=\"109\" srcset=\"https:\/\/ccoo.app\/diputacio-de-barcelona\/wp-content\/blogs.dir\/6\/files\/sites\/186\/2020\/04\/documentacio-adjunta-300x296.png 300w, https:\/\/ccoo.app\/diputacio-de-barcelona\/wp-content\/blogs.dir\/6\/files\/sites\/186\/2020\/04\/documentacio-adjunta-150x150.png 150w, https:\/\/ccoo.app\/diputacio-de-barcelona\/wp-content\/blogs.dir\/6\/files\/sites\/186\/2020\/04\/documentacio-adjunta.png 667w\" sizes=\"auto, (max-width: 110px) 100vw, 110px\" \/><\/a><\/p>\n<p style=\"text-align: center\"><span style=\"font-family: 'arial black', sans-serif;font-size: 24px;color: #0000ff\">FER FRONT A LA VIOL\u00c8NCIA MASCLISTA DURANT LA CRISI DEL COVID-19 <\/span><\/p>\n<p style=\"text-align: center\"><span style=\"font-family: arial, helvetica, sans-serif;font-size: 12pt;color: #000000\">-29 DE MAR\u00c7 2020-<\/span><\/p>\n<p>&nbsp;<\/p>\n<p style=\"text-align: justify\"><span style=\"font-family: 'arial black', sans-serif;color: #0000ff;font-size: 20px\">Qu\u00e8 puc fer si pateixo viol\u00e8ncia masclista per part de la meva parella o exparella?<\/span><\/p>\n<p style=\"text-align: justify\"><span style=\"font-family: arial, helvetica, sans-serif;color: #000000\">L\u2019Institut Catal\u00e0 de les Dones posa a disposici\u00f3 el tel\u00e8fon gratu\u00eft 900 900 120 per a totes les situacions de viol\u00e8ncia masclista. Si es tracta d\u2019una situaci\u00f3 greu, es pot trucar al 112.<\/span><\/p>\n<p style=\"text-align: center\"><span style=\"font-family: 'arial black', sans-serif;color: #0000ff\"><a style=\"color: #0000ff\" href=\"https:\/\/web.gencat.cat\/ca\/coronavirus\/preguntes-mes-frequents\/violencia-masclista\/\">https:\/\/web.gencat.cat\/ca\/coronavirus\/preguntes-mes-frequents\/violencia-masclista\/<\/a><\/span><\/p>\n<p>&nbsp;<\/p>\n<p style=\"text-align: justify\"><span style=\"font-family: arial, helvetica, sans-serif;color: #000000\">A tots els locals de CCOO oberts durant el per\u00edode de cris sanit\u00e0ria per la COVID-19, hi ha la possibilitat que fem aquesta trucada per tu, si ens ho demanes.<\/span><\/p>\n<p style=\"text-align: justify\"><span style=\"font-family: arial, helvetica, sans-serif;color: #000000\">A pobles i ciutats estan activats serveis d\u2019atenci\u00f3 espec\u00edfica i d\u2019urg\u00e8ncia, aix\u00ed com serveis d\u2019atenci\u00f3 que ofereixen les entitats de dones.<\/span><\/p>\n<p><a href=\"http:\/\/ccoo.app\/diputacio-de-barcelona\/wp-content\/blogs.dir\/6\/files\/sites\/186\/2020\/03\/violencia-masclista-3-1.png\"><img loading=\"lazy\" decoding=\"async\" class=\"size-medium wp-image-5243 aligncenter\" src=\"http:\/\/ccoo.app\/diputacio-de-barcelona\/wp-content\/blogs.dir\/6\/files\/sites\/186\/2020\/03\/violencia-masclista-3-1-300x213.png\" alt=\"\" width=\"300\" height=\"213\" srcset=\"https:\/\/ccoo.app\/diputacio-de-barcelona\/wp-content\/blogs.dir\/6\/files\/sites\/186\/2020\/03\/violencia-masclista-3-1-300x213.png 300w, https:\/\/ccoo.app\/diputacio-de-barcelona\/wp-content\/blogs.dir\/6\/files\/sites\/186\/2020\/03\/violencia-masclista-3-1-768x545.png 768w, https:\/\/ccoo.app\/diputacio-de-barcelona\/wp-content\/blogs.dir\/6\/files\/sites\/186\/2020\/03\/violencia-masclista-3-1.png 953w\" sizes=\"auto, (max-width: 300px) 100vw, 300px\" \/><\/a><\/p>\n<p>&nbsp;<\/p>\n<p style=\"text-align: justify\"><span style=\"font-family: 'arial black', sans-serif;color: #0000ff;font-size: 20px\">Qu\u00e8 he de fer si, a la feina, pateixo una situaci\u00f3 d\u2019assetjament sexual i per ra\u00f3 de sexe?<\/span><\/p>\n<p style=\"text-align: justify\"><span style=\"font-family: arial, helvetica, sans-serif;color: #000000\">Totes les empreses tenen l\u2019obligaci\u00f3 de disposar d\u2019un protocol de prevenci\u00f3 i abordatge de l\u2019assetjament sexual i per ra\u00f3 de sexe. En aquests moments de crisi del coronavirus tamb\u00e9 tenen l\u2019obligaci\u00f3 d\u2019actuar. Et recomanem que comparteixis la situaci\u00f3 amb alguna persona de la teva confian\u00e7a de l\u2019empresa i de la representaci\u00f3 de les persones treballadores, i que ho comuniquis a l\u2019empresa. Si l\u2019empresa no actua, no acceptis cap excusa relacionada amb la situaci\u00f3 actual. Posa\u2019t en contacte amb CCOO i t\u2019ajudarem a denunciar el teu cas a la Inspecci\u00f3 de Treball de Catalunya. <\/span><\/p>\n<p style=\"text-align: center\"><span style=\"font-family: 'arial black', sans-serif;color: #0000ff;font-size: 20px\">TRUCA\u2019NS 933 100 000<\/span><\/p>\n<p style=\"text-align: center\"><span style=\"font-family: 'arial black', sans-serif;color: #0000ff\"><a style=\"color: #0000ff\" href=\"https:\/\/frontend.ccoo.cat\/frmcoronavirus\/\">https:\/\/frontend.ccoo.cat\/frmcoronavirus\/<\/a><\/span><\/p>\n<p>&nbsp;<\/p>\n<p>&nbsp;<\/p>\n<p><span style=\"font-family: arial, helvetica, sans-serif\">Tamb\u00e9 et pot ser \u00fatil la seg\u00fcent APP:<\/span><\/p>\n<p style=\"text-align: center\"><a href=\"https:\/\/play.google.com\/store\/apps\/details?id=com.alertcops4.app&amp;hl=es\"><span style=\"color: #0000ff;font-family: 'arial black', sans-serif\">https:\/\/play.google.com\/store\/apps\/details?id=com.alertcops4.app&amp;hl=es<\/span><\/a><\/p>\n<p><iframe loading=\"lazy\" title=\"AlertCops 4.0\" width=\"1200\" height=\"675\" src=\"https:\/\/www.youtube.com\/embed\/HS8HlBBKpqE?start=32&#038;feature=oembed\" frameborder=\"0\" allow=\"accelerometer; autoplay; clipboard-write; encrypted-media; gyroscope; picture-in-picture; web-share\" allowfullscreen><\/iframe><\/p>\n<p>&nbsp;<\/p>\n<p><img loading=\"lazy\" decoding=\"async\" class=\"wp-image-5184 aligncenter\" src=\"http:\/\/ccoo.app\/diputacio-de-barcelona\/wp-content\/blogs.dir\/6\/files\/sites\/186\/2020\/03\/i-de-info-300x300.jpg\" alt=\"\" width=\"81\" height=\"81\" srcset=\"https:\/\/ccoo.app\/diputacio-de-barcelona\/wp-content\/blogs.dir\/6\/files\/sites\/186\/2020\/03\/i-de-info-300x300.jpg 300w, https:\/\/ccoo.app\/diputacio-de-barcelona\/wp-content\/blogs.dir\/6\/files\/sites\/186\/2020\/03\/i-de-info-150x150.jpg 150w, https:\/\/ccoo.app\/diputacio-de-barcelona\/wp-content\/blogs.dir\/6\/files\/sites\/186\/2020\/03\/i-de-info.jpg 626w\" sizes=\"auto, (max-width: 81px) 100vw, 81px\" \/><\/p>\n<p style=\"text-align: center\"><span style=\"font-family: 'arial black', sans-serif;font-size: 20px;color: #ffff00;background-color: #ff0000\">TOTA LA INFORMACI\u00d3 QUE NECESSITES<\/span><\/p>\n<p style=\"text-align: justify\"><span style=\"color: #000000;font-family: arial, helvetica, sans-serif\"><span style=\"background-color: #ffffff\">La <span style=\"font-family: 'arial black', sans-serif;background-color: #ffff00\">SECCI\u00d3 SINDICAL DE CCOO<\/span><\/span><strong> seguim treballant<\/strong> (de manera telem\u00e0tica) per poder <strong>donar resposta a tots els dubtes<\/strong> que tingueu o <strong>solucionar els problemes que es puguin generar.<\/strong><\/span><\/p>\n<p style=\"text-align: center\"><a href=\"mailto:ccoo@diba.cat\"><span style=\"color: #0000ff;font-family: 'arial black', sans-serif\"><strong>ccoo@diba.cat<\/strong><\/span><\/a><\/p>\n<p style=\"text-align: center\"><span style=\"font-family: 'arial black', sans-serif\"><a href=\"mailto:orgt.ssccoo@diba.cat\">orgt.ssccoo@diba.cat<\/a><\/span><\/p>\n<p><span style=\"font-family: arial, helvetica, sans-serif;color: #000000\">Podeu fer-nos arribar les vostres preguntes o dubtes. O si ho desitgeu, deixeu el vostre n\u00famero de tel\u00e8fon i ens posarem en contacte amb vosaltres.<\/span><\/p>\n<p><span style=\"font-family: arial, helvetica, sans-serif;color: #000000\">Tamb\u00e9 obtindreu informaci\u00f3 dia a dia a les xarxes socials: <span style=\"color: #0000ff;font-family: 'arial black', sans-serif\"><a style=\"color: #0000ff\" href=\"https:\/\/twitter.com\/CCOODiba\">Twitter<\/a><\/span> i <span style=\"font-family: 'arial black', sans-serif;color: #0000ff\"><a style=\"color: #0000ff\" href=\"https:\/\/www.facebook.com\/CcooDiputacioDeBarcelona\/\">Facebook.<\/a><\/span><\/span><\/p>\n<p style=\"text-align: justify\"><span style=\"font-family: arial, helvetica, sans-serif;color: #000000\">Recordeu que actualitzem constantment la nostra p\u00e0gina <span style=\"font-family: 'arial black', sans-serif;color: #0000ff\"><a style=\"color: #0000ff\" href=\"https:\/\/diba.ccoo.cat\/\">web<\/a><\/span><\/span><\/p>\n<p>&nbsp;<\/p>\n<p><img loading=\"lazy\" decoding=\"async\" class=\"wp-image-5130 aligncenter\" src=\"http:\/\/ccoo.app\/diputacio-de-barcelona\/wp-content\/blogs.dir\/6\/files\/sites\/186\/2020\/03\/diba-300x300.jpg\" alt=\"\" width=\"102\" height=\"102\" srcset=\"https:\/\/ccoo.app\/diputacio-de-barcelona\/wp-content\/blogs.dir\/6\/files\/sites\/186\/2020\/03\/diba-300x300.jpg 300w, https:\/\/ccoo.app\/diputacio-de-barcelona\/wp-content\/blogs.dir\/6\/files\/sites\/186\/2020\/03\/diba-150x150.jpg 150w, https:\/\/ccoo.app\/diputacio-de-barcelona\/wp-content\/blogs.dir\/6\/files\/sites\/186\/2020\/03\/diba.jpg 400w\" sizes=\"auto, (max-width: 102px) 100vw, 102px\" \/><\/p>\n<p style=\"text-align: justify\"><span style=\"color: #000000;font-family: arial, helvetica, sans-serif\"><span style=\"font-family: 'arial black', sans-serif;background-color: #ffff00\">INFORMACI\u00d3 CORPORATIVA<\/span> En termes generals \u00e9s important que:<\/span><\/p>\n<ul style=\"text-align: justify\">\n<li><span style=\"color: #000000;font-family: arial, helvetica, sans-serif\">Us mantingueu informats de les directrius i mesures que vagi adoptant la Diputaci\u00f3 de Barcelona mitjan\u00e7ant <strong>correu corporatiu<\/strong> i <strong>intradiba<\/strong> (<a href=\"https:\/\/dibaaps.diba.cat\/vus\/login.asp\"><span style=\"font-family: 'arial black', sans-serif;color: #0000ff\">cliqueu aqu\u00ed<\/span><\/a>)<\/span><\/li>\n<li><span style=\"color: #000000;font-family: arial, helvetica, sans-serif\">Estigueu pendents CONSTANTMENT de les directrius que us puguin fer arribar el vostres comandaments<\/span><\/li>\n<\/ul>\n<p>&nbsp;<\/p>\n<p><img loading=\"lazy\" decoding=\"async\" class=\"wp-image-5131 aligncenter\" src=\"http:\/\/ccoo.app\/diputacio-de-barcelona\/wp-content\/blogs.dir\/6\/files\/sites\/186\/2020\/03\/ccoo-catalunya-300x123.jpg\" alt=\"\" width=\"193\" height=\"79\" srcset=\"https:\/\/ccoo.app\/diputacio-de-barcelona\/wp-content\/blogs.dir\/6\/files\/sites\/186\/2020\/03\/ccoo-catalunya-300x123.jpg 300w, https:\/\/ccoo.app\/diputacio-de-barcelona\/wp-content\/blogs.dir\/6\/files\/sites\/186\/2020\/03\/ccoo-catalunya.jpg 350w\" sizes=\"auto, (max-width: 193px) 100vw, 193px\" \/><\/p>\n<p><span style=\"font-family: 'arial black', sans-serif;background-color: #ffff00;color: #000000\">TOTA LA INFORMACI\u00d3 A CCOO CATALUNYA<\/span><\/p>\n<ul>\n<li><span class=\"css-901oao css-16my406 r-1qd0xha r-ad9z0x r-bcqeeo r-qvutc0\" style=\"color: #000000\"><span style=\"font-family: arial, helvetica, sans-serif\">Preguntes freq\u00fcents sobre el Coronavirus i l&#8217;\u00e0mbit laboral:<\/span> <\/span>\u00a0<span style=\"font-family: 'arial black', sans-serif;color: #0000ff\"><a class=\"css-4rbku5 css-18t94o4 css-901oao css-16my406 r-1n1174f r-1loqt21 r-1qd0xha r-ad9z0x r-bcqeeo r-qvutc0\" style=\"color: #0000ff\" title=\"http:\/\/consultacoronavirus.ccoo.cat\" role=\"link\" href=\"https:\/\/t.co\/Xrpj3V7Bz3?amp=1\" target=\"_blank\" rel=\"noopener noreferrer\" data-focusable=\"true\"><span class=\"css-901oao css-16my406 r-1qd0xha r-hiw28u r-ad9z0x r-bcqeeo r-qvutc0\" aria-hidden=\"true\">http:\/\/<\/span>consultacoronavirus.ccoo.cat<\/a> <\/span><\/li>\n<li><span style=\"font-family: arial, helvetica, sans-serif;color: #000000\">Recull de totes les informacions ordenades sobre <\/span><strong><span style=\"font-family: arial, helvetica, sans-serif;color: #000000\">l&#8217;evoluci\u00f3 del coronavirus COVID-19 respecte del m\u00f3n del treball: <\/span><span style=\"font-family: 'arial black', sans-serif;color: #0000ff\"><a style=\"color: #0000ff\" href=\"https:\/\/www.ccoo.cat\/aspnet\/coronavirus.aspx\">https:\/\/www.ccoo.cat\/aspnet\/coronavirus.aspx<\/a><\/span><\/strong><\/li>\n<\/ul>\n<p>&nbsp;<\/p>\n<p style=\"text-align: center\"><span style=\"font-family: 'comic sans ms', sans-serif;font-size: 24px;background-color: #ffff00;color: #ff0000\"><strong>Tot i que no ens podem tocar, estem junts<\/strong><\/span><\/p>\n<p style=\"text-align: center\"><span style=\"font-family: 'comic sans ms', sans-serif;font-size: 24px;color: #0000ff\"><strong>(<a style=\"color: #0000ff\" href=\"https:\/\/www.youtube.com\/watch?v=rKrw7OFWXoI\">cliqueu aqu\u00ed per veure v\u00eddeo<\/a>)<\/strong><\/span><\/p>\n<p>&nbsp;<\/p>\n<p><a href=\"https:\/\/diba.ccoo.cat\/ccoo-torna-a-ser-primer-sindicat-a-catalunya\/\"><img loading=\"lazy\" decoding=\"async\" class=\"size-medium wp-image-4877 aligncenter\" src=\"http:\/\/ccoo.app\/diputacio-de-barcelona\/wp-content\/blogs.dir\/6\/files\/sites\/186\/2020\/01\/ccoo-primer-sindicat-catalunya-300x117.jpg\" alt=\"\" width=\"300\" height=\"117\" srcset=\"https:\/\/ccoo.app\/diputacio-de-barcelona\/wp-content\/blogs.dir\/6\/files\/sites\/186\/2020\/01\/ccoo-primer-sindicat-catalunya-300x117.jpg 300w, https:\/\/ccoo.app\/diputacio-de-barcelona\/wp-content\/blogs.dir\/6\/files\/sites\/186\/2020\/01\/ccoo-primer-sindicat-catalunya.jpg 490w\" sizes=\"auto, (max-width: 300px) 100vw, 300px\" \/><\/a><\/p>\n<p><a href=\"https:\/\/www.ccoo.es\/noticia:391405\"><img loading=\"lazy\" decoding=\"async\" class=\"size-medium wp-image-4878 aligncenter\" src=\"http:\/\/ccoo.app\/diputacio-de-barcelona\/wp-content\/blogs.dir\/6\/files\/sites\/186\/2020\/01\/ccoo-primer-sindicat-a-espana-300x91.jpg\" alt=\"\" width=\"300\" height=\"91\" srcset=\"https:\/\/ccoo.app\/diputacio-de-barcelona\/wp-content\/blogs.dir\/6\/files\/sites\/186\/2020\/01\/ccoo-primer-sindicat-a-espana-300x91.jpg 300w, https:\/\/ccoo.app\/diputacio-de-barcelona\/wp-content\/blogs.dir\/6\/files\/sites\/186\/2020\/01\/ccoo-primer-sindicat-a-espana.jpg 477w\" sizes=\"auto, (max-width: 300px) 100vw, 300px\" \/><\/a><\/p>\n<p><a href=\"https:\/\/www.ccoo.cat\/noticia\/224842\/ccoo-lliura-els-seus-comptes-auditats-del-2018-a-la-sindicatura-de-comptes-de-catalunya#.XjRZA-mWycz\"><img loading=\"lazy\" decoding=\"async\" class=\"size-medium wp-image-4879 aligncenter\" src=\"http:\/\/ccoo.app\/diputacio-de-barcelona\/wp-content\/blogs.dir\/6\/files\/sites\/186\/2020\/01\/ccoo-primer-sindicat-sindicatura-300x95.jpg\" alt=\"\" width=\"300\" height=\"95\" srcset=\"https:\/\/ccoo.app\/diputacio-de-barcelona\/wp-content\/blogs.dir\/6\/files\/sites\/186\/2020\/01\/ccoo-primer-sindicat-sindicatura-300x95.jpg 300w, https:\/\/ccoo.app\/diputacio-de-barcelona\/wp-content\/blogs.dir\/6\/files\/sites\/186\/2020\/01\/ccoo-primer-sindicat-sindicatura.jpg 476w\" sizes=\"auto, (max-width: 300px) 100vw, 300px\" \/><\/a><\/p>\n<p>&nbsp;<\/p>\n<p>&nbsp;<\/p>\n<p>&nbsp;<\/p>\n<p>&nbsp;<\/p>\n<p>&nbsp;<\/p>\n<p>&nbsp;<\/p>\n<p>&nbsp;<\/p>\n<p>&nbsp;<\/p>\n<p>&nbsp;<\/p>\n<p>&nbsp;<\/p>\n<p>&nbsp;<\/p>\n<p>&nbsp;<\/p>\n<p>&nbsp;<\/p>\n<p>&nbsp;<\/p>\n<p>&nbsp;<\/p>\n<p>&nbsp;<\/p>\n<p>&nbsp;<\/p>\n<p>&nbsp;    \t<\/p>\n","protected":false},"excerpt":{"rendered":"<p>\u00a0 FER FRONT A LA VIOL\u00c8NCIA MASCLISTA DURANT LA CRISI DEL COVID-19 -29 DE MAR\u00c7 2020- &nbsp; Qu\u00e8 puc fer si pateixo viol\u00e8ncia masclista per part de la meva parella &#8230; <\/p>\n<p class=\"read-more-container\"><a title=\"19\/COVID-19. FER FRONT A LA VIOL\u00c8NCIA MASCLISTA DURANT LA CRISI DEL COVID-19\" class=\"read-more button\" href=\"https:\/\/ccoo.app\/diputacio-de-barcelona\/violencia-masclista-durant-la-crisi-del-covid\/#more-5236\" aria-label=\"Leer m\u00e1s sobre 19\/COVID-19. FER FRONT A LA VIOL\u00c8NCIA MASCLISTA DURANT LA CRISI DEL COVID-19\">Continuar llegint<\/a><\/p>\n","protected":false},"author":4519,"featured_media":5237,"comment_status":"closed","ping_status":"closed","sticky":false,"template":"","format":"standard","meta":{"footnotes":""},"categories":[18,19,22,35],"tags":[89,237],"class_list":["post-5236","post","type-post","status-publish","format-standard","has-post-thumbnail","hentry","category-ccoo-info","category-comunicats","category-igualtat","category-salut-laboral","tag-coronavirus","tag-violencia-masclista","generate-columns","tablet-grid-50","mobile-grid-100","grid-parent","grid-50"],"_links":{"self":[{"href":"https:\/\/ccoo.app\/diputacio-de-barcelona\/wp-json\/wp\/v2\/posts\/5236","targetHints":{"allow":["GET"]}}],"collection":[{"href":"https:\/\/ccoo.app\/diputacio-de-barcelona\/wp-json\/wp\/v2\/posts"}],"about":[{"href":"https:\/\/ccoo.app\/diputacio-de-barcelona\/wp-json\/wp\/v2\/types\/post"}],"author":[{"embeddable":true,"href":"https:\/\/ccoo.app\/diputacio-de-barcelona\/wp-json\/wp\/v2\/users\/4519"}],"replies":[{"embeddable":true,"href":"https:\/\/ccoo.app\/diputacio-de-barcelona\/wp-json\/wp\/v2\/comments?post=5236"}],"version-history":[{"count":1,"href":"https:\/\/ccoo.app\/diputacio-de-barcelona\/wp-json\/wp\/v2\/posts\/5236\/revisions"}],"predecessor-version":[{"id":51869,"href":"https:\/\/ccoo.app\/diputacio-de-barcelona\/wp-json\/wp\/v2\/posts\/5236\/revisions\/51869"}],"wp:featuredmedia":[{"embeddable":true,"href":"https:\/\/ccoo.app\/diputacio-de-barcelona\/wp-json\/wp\/v2\/media\/5237"}],"wp:attachment":[{"href":"https:\/\/ccoo.app\/diputacio-de-barcelona\/wp-json\/wp\/v2\/media?parent=5236"}],"wp:term":[{"taxonomy":"category","embeddable":true,"href":"https:\/\/ccoo.app\/diputacio-de-barcelona\/wp-json\/wp\/v2\/categories?post=5236"},{"taxonomy":"post_tag","embeddable":true,"href":"https:\/\/ccoo.app\/diputacio-de-barcelona\/wp-json\/wp\/v2\/tags?post=5236"}],"curies":[{"name":"wp","href":"https:\/\/api.w.org\/{rel}","templated":true}]}}