{"id":52359,"date":"2023-03-08T12:42:30","date_gmt":"2023-03-08T11:42:30","guid":{"rendered":"https:\/\/ccoo.app\/diputacio-de-barcelona\/?p=52359"},"modified":"2023-10-17T14:04:45","modified_gmt":"2023-10-17T12:04:45","slug":"comite-de-seguretat-i-salut-24-02-2023","status":"publish","type":"post","link":"https:\/\/ccoo.app\/diputacio-de-barcelona\/comite-de-seguretat-i-salut-24-02-2023\/","title":{"rendered":"COMIT\u00c8 DE SEGURETAT I SALUT: 24.02.2023"},"content":{"rendered":"\n<div style=\"height:40px\" aria-hidden=\"true\" class=\"wp-block-spacer\"><\/div>\n\n\n\n<figure class=\"gb-block-image gb-block-image-1bd8cee7\"><img loading=\"lazy\" decoding=\"async\" width=\"390\" height=\"390\" class=\"gb-image gb-image-1bd8cee7\" src=\"https:\/\/ccoo.app\/diputacio-de-barcelona\/wp-content\/blogs.dir\/6\/files\/sites\/186\/2023\/03\/informacio-salud-laboral.png\" alt=\"Informacio Salud Laboral\" title=\"Informacio Salud Laboral\" srcset=\"https:\/\/ccoo.app\/diputacio-de-barcelona\/wp-content\/blogs.dir\/6\/files\/sites\/186\/2023\/03\/informacio-salud-laboral.png 390w, https:\/\/ccoo.app\/diputacio-de-barcelona\/wp-content\/blogs.dir\/6\/files\/sites\/186\/2023\/03\/informacio-salud-laboral-300x300.png 300w, https:\/\/ccoo.app\/diputacio-de-barcelona\/wp-content\/blogs.dir\/6\/files\/sites\/186\/2023\/03\/informacio-salud-laboral-150x150.png 150w\" sizes=\"auto, (max-width: 390px) 100vw, 390px\" \/><\/figure>\n\n\n\n<div style=\"height:40px\" aria-hidden=\"true\" class=\"wp-block-spacer\"><\/div>\n\n\n\n<p>El passat divendres dia 24 de febrer els delegats i delegades de prevenci\u00f3 de CCOO vam assistir a l\u2019\u00faltim Comit\u00e8 de Seguretat i Salut de la Diputaci\u00f3 de Barcelona. L\u2019Oficina de Prevenci\u00f3 de Riscos Laborals (OPRL) de la DIBA ens va entregar la planificaci\u00f3 preventiva del 2023 i des de Comissions Obreres volem destacar els seg\u00fcents temes, com a m\u00e9s significatius:<\/p>\n\n\n\n<ul class=\"wp-block-list\">\n<li>Reclamem l\u2019aprovaci\u00f3 del nou&nbsp;<strong><span style=\"text-decoration: underline\" class=\"ek-underline\">protocol per a la prevenci\u00f3, detecci\u00f3, identificaci\u00f3 i actuaci\u00f3 de l\u2019assetjament i del ciberassetjament psicol\u00f2gic laboral i altres discriminacions per motius diferents del g\u00e8nere a la feina<\/span>.<\/strong><\/li>\n\n\n\n<li>Resoldre el problema de les&nbsp;<strong><span style=\"text-decoration: underline\" class=\"ek-underline\">no planificacions<\/span><\/strong>&nbsp;d\u2019algunes ger\u00e8ncies davant les mesures preventives. Aquest problema \u00e9s una&nbsp;<strong><span style=\"text-decoration: underline\" class=\"ek-underline\">no conformitat<\/span><\/strong>&nbsp;a les dues \u00faltimes auditories de prevenci\u00f3 i una dada molt significativa de la integraci\u00f3 de les ger\u00e8ncies a les mesures preventives del pla de prevenci\u00f3, amb un tant per cent de planificacions sense resposta i sense planificaci\u00f3 molt elevada.<\/li>\n\n\n\n<li><strong><span style=\"text-decoration: underline\" class=\"ek-underline\">Exigim la reuni\u00f3 de la Comissi\u00f3 T\u00e9cnica, tal i com marca el Pla de Prevenci\u00f3 de DIBA<\/span><\/strong>. Aquesta comissi\u00f3 t\u00e9 per objectiu coordinar l\u2019execuci\u00f3 de les decisions organitzatives relatives a la prevenci\u00f3 de riscos laboral.<\/li>\n\n\n\n<li>Demanem una pujada de&nbsp;<strong><span style=\"text-decoration: underline\" class=\"ek-underline\">la formaci\u00f3 del protocol de DIBA vinculat al g\u00e8nere i la revisi\u00f3 del PLA D\u2019IGUALTAT<\/span><\/strong>.<\/li>\n\n\n\n<li>Segons els resultats d\u2019accidentabilitat al&nbsp;<strong><span style=\"text-decoration: underline\" class=\"ek-underline\">Subcomit\u00e8 de Mundet<\/span>, <span style=\"text-decoration: underline\" class=\"ek-underline\">demanem formaci\u00f3 especifica per a resoldre i reduir els problemes de trastorns m\u00fascul-esquel\u00e8tics per al personal amb aquests problemes<\/span>.<\/strong><\/li>\n\n\n\n<li>Lliurament de l\u2019ORGT de la seva activitat preventiva de l\u2019any 2023:\n<ul class=\"wp-block-list\">\n<li>Creiem que \u00e9s una programaci\u00f3<strong>&nbsp;<span style=\"text-decoration: underline\" class=\"ek-underline\">poc ambiciosa en mat\u00e8ria preventiva<\/span><\/strong>.<\/li>\n\n\n\n<li>Des de CCOO continuem exigint que no pot ser que a l\u2019ORGT no existeixi:\n<ul class=\"wp-block-list\">\n<li><strong>Pla d\u2019Igualtat<\/strong><\/li>\n\n\n\n<li><strong>Estudi espec\u00edfic de Riscos Psicosocials<\/strong><\/li>\n\n\n\n<li><strong>Pla de mobilitat<\/strong><\/li>\n<\/ul>\n<\/li>\n\n\n\n<li><span style=\"text-decoration: underline\" class=\"ek-underline\"><strong>Felicitem<\/strong>&nbsp;<\/span>per la feina feta i l\u2019entrega del&nbsp;<strong><span style=\"text-decoration: underline\" class=\"ek-underline\">protocol d\u2019actuaci\u00f3 en front la viol\u00e8ncia en el treball<\/span><\/strong>.&nbsp;Davant aquest protocol, instem a la corporaci\u00f3 a fer ampliable aquest document a tots els serveis, ger\u00e8ncies o col\u00b7lectius on es pugui donar viol\u00e8ncia ocupacional, com per exemple:&nbsp;<strong><span style=\"text-decoration: underline\" class=\"ek-underline\">RESPIR, XBM, Parcs Naturals, telefonistes&#8230;<\/span><\/strong><\/li>\n<\/ul>\n<\/li>\n\n\n\n<li>Altres temes exposats pels nostres delegats i delegades:\n<ul class=\"wp-block-list\">\n<li>Davant <span style=\"text-decoration: underline\" class=\"ek-underline\"><strong>la sent\u00e8ncia del Tribunal de Just\u00edcia de la UE respecte al pagament de les ulleres<\/strong><\/span>&nbsp;per part de la corporaci\u00f3 d\u2019aquell personal qu\u00e8 en necessiti, des de CCOO demanem l\u2019adaptaci\u00f3 de les ulleres de protecci\u00f3 (EPI) dels treballadors i treballadores que ho necessitin i que la corporaci\u00f3 es faci c\u00e0rrec del cost de les ulleres i lents de contacte de tots els treballadors i treballadores que treballin davant pantalles. \u00c9s a dir, fer extensiva aquesta sent\u00e8ncia a la totalitat de la plantilla.<\/li>\n\n\n\n<li>Demanem informaci\u00f3 sobre l\u2019estat de les millores proposades per la Subdirecci\u00f3 d\u2019Edificaci\u00f3 a&nbsp;<strong><u>la climatitzaci\u00f3 dels annexos de RESPIR<\/u><\/strong>.<\/li>\n\n\n\n<li>Demanem la instauraci\u00f3 d\u2019un protocol o instrucci\u00f3 davant l\u2019augment de la&nbsp;<strong><u>vespa asi\u00e0tica<\/u><\/strong>&nbsp;als col\u00b7lectius que treballen als exteriors, com per exemple Parcs Naturals, Paisatgisme, Brigades&#8230;<\/li>\n\n\n\n<li>Sol\u00b7licitem la revisi\u00f3 dels<strong>&nbsp;<span style=\"text-decoration: underline\" class=\"ek-underline\">vestidors del Parcs Naturals de Sant Lloren\u00e7, de Sant Miquel del Fai i del Foix<\/span><\/strong>.<\/li>\n<\/ul>\n<\/li>\n<\/ul>\n\n\n\n<div class=\"wp-block-group\"><div class=\"wp-block-group__inner-container is-layout-constrained wp-block-group-is-layout-constrained\"><div class=\"gb-grid-wrapper gb-grid-wrapper-d65739e2\">\n<div class=\"gb-grid-column gb-grid-column-ecc8725d\"><div class=\"gb-container gb-container-ecc8725d\"><div class=\"gb-inside-container\">\n<div class=\"wp-block-image\">\n<figure class=\"aligncenter size-full\"><img loading=\"lazy\" decoding=\"async\" width=\"129\" height=\"38\" src=\"https:\/\/ccoo.app\/diputacio-de-barcelona\/wp-content\/blogs.dir\/6\/files\/sites\/186\/2022\/03\/tel.png\" alt=\"Tel\" class=\"wp-image-49915\" \/><\/figure>\n<\/div>\n<\/div><\/div><\/div>\n\n<div class=\"gb-grid-column gb-grid-column-4c28778f\"><div class=\"gb-container gb-container-4c28778f\"><div class=\"gb-inside-container\">\n<div class=\"wp-block-image\">\n<figure class=\"aligncenter size-full\"><a href=\"mailto:ccoo@diba.cat\"><img loading=\"lazy\" decoding=\"async\" width=\"51\" height=\"37\" src=\"https:\/\/ccoo.app\/diputacio-de-barcelona\/wp-content\/blogs.dir\/6\/files\/sites\/186\/2022\/03\/mail.png\" alt=\"Mail\" class=\"wp-image-49916\" \/><\/a><\/figure>\n<\/div>\n<\/div><\/div><\/div>\n\n<div class=\"gb-grid-column gb-grid-column-c6cc0957\"><div class=\"gb-container gb-container-c6cc0957\"><div class=\"gb-inside-container\">\n<div class=\"wp-block-image\">\n<figure class=\"aligncenter size-full\"><a href=\"https:\/\/twitter.com\/ccoodiba\"><img loading=\"lazy\" decoding=\"async\" width=\"44\" height=\"38\" src=\"https:\/\/ccoo.app\/diputacio-de-barcelona\/wp-content\/blogs.dir\/6\/files\/sites\/186\/2022\/03\/tw.png\" alt=\"Tw\" class=\"wp-image-49917\" \/><\/a><\/figure>\n<\/div>\n<\/div><\/div><\/div>\n\n<div class=\"gb-grid-column gb-grid-column-1598237d\"><div class=\"gb-container gb-container-1598237d\"><div class=\"gb-inside-container\">\n<div class=\"wp-block-image\">\n<figure class=\"aligncenter size-full\"><a href=\"https:\/\/www.instagram.com\/ccoo_diba\/\"><img loading=\"lazy\" decoding=\"async\" width=\"45\" height=\"44\" src=\"https:\/\/ccoo.app\/diputacio-de-barcelona\/wp-content\/blogs.dir\/6\/files\/sites\/186\/2022\/03\/ig.png\" alt=\"Ig\" class=\"wp-image-49918\" \/><\/a><\/figure>\n<\/div>\n<\/div><\/div><\/div>\n\n<div class=\"gb-grid-column gb-grid-column-2db731fe\"><div class=\"gb-container gb-container-2db731fe\"><div class=\"gb-inside-container\">\n<div class=\"wp-block-image\">\n<figure class=\"aligncenter size-full\"><a href=\"https:\/\/ccoo.app\/diputacio-de-barcelona\"><img loading=\"lazy\" decoding=\"async\" width=\"39\" height=\"40\" src=\"https:\/\/ccoo.app\/diputacio-de-barcelona\/wp-content\/blogs.dir\/6\/files\/sites\/186\/2022\/03\/www.png\" alt=\"Www\" class=\"wp-image-49919\" \/><\/a><\/figure>\n<\/div>\n<\/div><\/div><\/div>\n\n<div class=\"gb-grid-column gb-grid-column-f3651540\"><div class=\"gb-container gb-container-f3651540\"><div class=\"gb-inside-container\">\n<div class=\"wp-block-image\">\n<figure class=\"aligncenter size-full is-resized\"><a href=\"https:\/\/www.ccoo.cat\/afiliat\/?_sfm_aff_situation=94\"><img loading=\"lazy\" decoding=\"async\" src=\"https:\/\/ccoo.app\/diputacio-de-barcelona\/wp-content\/blogs.dir\/6\/files\/sites\/186\/2022\/03\/af.png\" alt=\"Af\" class=\"wp-image-49920\" width=\"125\" height=\"38\" \/><\/a><\/figure>\n<\/div>\n<\/div><\/div><\/div>\n<\/div><\/div><\/div>\n","protected":false},"excerpt":{"rendered":"<p>El passat divendres dia 24 de febrer els delegats i delegades de prevenci\u00f3 de CCOO vam assistir a l\u2019\u00faltim Comit\u00e8 de Seguretat i Salut de la Diputaci\u00f3 de Barcelona. L\u2019Oficina &#8230; <\/p>\n<p class=\"read-more-container\"><a title=\"COMIT\u00c8 DE SEGURETAT I SALUT: 24.02.2023\" class=\"read-more button\" href=\"https:\/\/ccoo.app\/diputacio-de-barcelona\/comite-de-seguretat-i-salut-24-02-2023\/#more-52359\" aria-label=\"Leer m\u00e1s sobre COMIT\u00c8 DE SEGURETAT I SALUT: 24.02.2023\">Continuar llegint<\/a><\/p>\n","protected":false},"author":88639,"featured_media":52365,"comment_status":"closed","ping_status":"closed","sticky":false,"template":"","format":"standard","meta":{"footnotes":""},"categories":[38,19,252,35],"tags":[],"class_list":["post-52359","post","type-post","status-publish","format-standard","has-post-thumbnail","hentry","category-a-tot-el-personal","category-comunicats","category-app-diba-push","category-salut-laboral","generate-columns","tablet-grid-50","mobile-grid-100","grid-parent","grid-50"],"_links":{"self":[{"href":"https:\/\/ccoo.app\/diputacio-de-barcelona\/wp-json\/wp\/v2\/posts\/52359","targetHints":{"allow":["GET"]}}],"collection":[{"href":"https:\/\/ccoo.app\/diputacio-de-barcelona\/wp-json\/wp\/v2\/posts"}],"about":[{"href":"https:\/\/ccoo.app\/diputacio-de-barcelona\/wp-json\/wp\/v2\/types\/post"}],"author":[{"embeddable":true,"href":"https:\/\/ccoo.app\/diputacio-de-barcelona\/wp-json\/wp\/v2\/users\/88639"}],"replies":[{"embeddable":true,"href":"https:\/\/ccoo.app\/diputacio-de-barcelona\/wp-json\/wp\/v2\/comments?post=52359"}],"version-history":[{"count":6,"href":"https:\/\/ccoo.app\/diputacio-de-barcelona\/wp-json\/wp\/v2\/posts\/52359\/revisions"}],"predecessor-version":[{"id":52833,"href":"https:\/\/ccoo.app\/diputacio-de-barcelona\/wp-json\/wp\/v2\/posts\/52359\/revisions\/52833"}],"wp:featuredmedia":[{"embeddable":true,"href":"https:\/\/ccoo.app\/diputacio-de-barcelona\/wp-json\/wp\/v2\/media\/52365"}],"wp:attachment":[{"href":"https:\/\/ccoo.app\/diputacio-de-barcelona\/wp-json\/wp\/v2\/media?parent=52359"}],"wp:term":[{"taxonomy":"category","embeddable":true,"href":"https:\/\/ccoo.app\/diputacio-de-barcelona\/wp-json\/wp\/v2\/categories?post=52359"},{"taxonomy":"post_tag","embeddable":true,"href":"https:\/\/ccoo.app\/diputacio-de-barcelona\/wp-json\/wp\/v2\/tags?post=52359"}],"curies":[{"name":"wp","href":"https:\/\/api.w.org\/{rel}","templated":true}]}}