{"id":52333,"date":"2023-03-06T14:39:40","date_gmt":"2023-03-06T13:39:40","guid":{"rendered":"https:\/\/ccoo.app\/diputacio-de-barcelona\/?p=52333"},"modified":"2023-10-17T14:04:49","modified_gmt":"2023-10-17T12:04:49","slug":"comunicat-sobre-les-darreres-informacions-en-materia-de-negociacio","status":"publish","type":"post","link":"https:\/\/ccoo.app\/diputacio-de-barcelona\/comunicat-sobre-les-darreres-informacions-en-materia-de-negociacio\/","title":{"rendered":"Comunicat sobre les darreres informacions en mat\u00e8ria de negociaci\u00f3"},"content":{"rendered":"\n<div style=\"height:40px\" aria-hidden=\"true\" class=\"wp-block-spacer\"><\/div>\n\n\n\n<figure class=\"gb-block-image gb-block-image-037d05ff\"><img loading=\"lazy\" decoding=\"async\" width=\"390\" height=\"390\" class=\"gb-image gb-image-037d05ff\" src=\"https:\/\/ccoo.app\/diputacio-de-barcelona\/wp-content\/blogs.dir\/6\/files\/sites\/186\/2023\/03\/informacio-materia-negociacio.png\" alt=\"Informacio Materia Negociacio\" title=\"Informacio Materia Negociacio\" srcset=\"https:\/\/ccoo.app\/diputacio-de-barcelona\/wp-content\/blogs.dir\/6\/files\/sites\/186\/2023\/03\/informacio-materia-negociacio.png 390w, https:\/\/ccoo.app\/diputacio-de-barcelona\/wp-content\/blogs.dir\/6\/files\/sites\/186\/2023\/03\/informacio-materia-negociacio-300x300.png 300w, https:\/\/ccoo.app\/diputacio-de-barcelona\/wp-content\/blogs.dir\/6\/files\/sites\/186\/2023\/03\/informacio-materia-negociacio-150x150.png 150w\" sizes=\"auto, (max-width: 390px) 100vw, 390px\" \/><\/figure>\n\n\n\n<div style=\"height:40px\" aria-hidden=\"true\" class=\"wp-block-spacer\"><\/div>\n\n\n\n<p>La setmana passada vam rebre un interessant comunicat dels i les nostres companys de la secci\u00f3 sindical de la CGT que sorprenentment q\u00fcestionava els increments retributius pactats i els titllava de \u00ab<u><strong>propines<\/strong><\/u>\u00ab, aix\u00ed com menysprea de manera molt lletja i insultant el treball realitzat per tots els que representem als treballadors i treballadores davant la Corporaci\u00f3 en les diferents Meses i Comissions de Negociaci\u00f3.<\/p>\n\n\n\n<p>Sorpr\u00e8n que aquest sindicat s&#8217;excusi constantment de manera victimista dient que no est\u00e0 en la Mesa General de&nbsp;Negociaci\u00f3, quan cal dir <strong><u>que componen, i per descomptat participen, igual que la resta de seccions sindicals de totes les comissions de treball, aix\u00ed com de la Mesa General de Funcionaris.<\/u><\/strong><\/p>\n\n\n\n<p>La pregunta seria doncs:<\/p>\n\n\n\n<p>Qu\u00e8 \u00e9s el que ells i elles han fet per pujar o lluitar si m\u00e9s no per l&#8217;augment de les retribucions dels treballadors?<\/p>\n\n\n\n<p>On estan les seves reivindicacions o les seves mobilitzacions per pressionar i aconseguir millors acords davant de la Corporaci\u00f3?<\/p>\n\n\n\n<p>Sota la nostra modesta opini\u00f3 creiem que <strong><u>s&#8217;equivoquen<\/u><\/strong>. Nosaltres no som l&#8217;adversari a atacar, i dedicar-se sempre a <strong><u>rebentar la unitat i la pressi\u00f3 d&#8217;acci\u00f3 sindical conjunta<\/u><\/strong> anteposant l\u2019inter\u00e8s electoralista, ens fa un molt mal servei a totes i tots, aix\u00ed com perdre for\u00e7a i credibilitat sindical davant la Corporaci\u00f3.<\/p>\n\n\n\n<p>Aquest <em>modus operandi<\/em> no \u00e9s m\u00e9s que fruit de la rebequeria infantil d&#8217;un sindicat que <strong><u>no \u00e9s majoritari<\/u><\/strong>, amb poc suport dels&nbsp;treballadors&nbsp;a la&nbsp;DIBA, i un suport residual a nivell nacional, que <strong><u>no els permet ser rellevants<\/u><\/strong>.<\/p>\n\n\n\n<p>Els sindicats majoritaris ho som gr\u00e0cies al suport de tots els treballadors i treballadores p\u00fablics, la qual cosa ens permet <strong><u>enfrontar-nos de manera seriosa, realista i reivindicativa en la defensa dels drets de les nostres treballadores<\/u><\/strong> i d&#8217;uns serveis p\u00fablics de qualitat i de reconeixement per a tots els seus empleats. Cal recordar que CCOO som un sindicat majoritari ja que eleccions rere eleccions sindicals els treballadors i treballadores p\u00fablics ens doneu la vostra confian\u00e7a, convertint-nos en el <strong><u>primer sindicat a la Diputaci\u00f3 de Barcelona<\/u><\/strong>, en el primer sindicat de l\u2019administraci\u00f3 p\u00fablica a Catalunya i a Espanya. Tanta gent no estar\u00e0 equivocada, oi?<\/p>\n\n\n\n<p>Des de Comissions Obreres, com a primer sindicat a la Diputaci\u00f3 de Barcelona, treballem en elaborar <strong><u>propostes de manera participativa i de consens<\/u><\/strong> que acaben traduint-se en acords, millors o pitjors, per\u00f2 acords que consensuem amb els nostres treballadors i que beneficien positivament al conjunt de funcionaris d&#8217;aquesta corporaci\u00f3.<\/p>\n\n\n\n<p>En aquest sentit voldr\u00edem destacar que hem estat <strong><u>l&#8217;\u00fanic sindicat que s&#8217;ha mobilitzat<\/u><\/strong> durant la pand\u00e8mia en el Ple del mes de maig reivindicant i <strong><u>exigint a la Corporaci\u00f3 el compliment de l&#8217;acord de jubilaci\u00f3 anticipada incentivada<\/u><\/strong>, i a la qual de manera posterior es van unir la resta de formacions sindicals.<\/p>\n\n\n\n<p>Esmentar tamb\u00e9 entre d\u2019altres que, CCOO&nbsp;DIBA&nbsp;tenim judicialitzat l&#8217;incompliment dels acords de carrera i despeses d&#8217;indemnitzaci\u00f3 TIC, a l&#8217;espera de resoluci\u00f3. A m\u00e9s, hem reivindicat davant la Mesa General de Negociaci\u00f3, <strong><u>retribuir mitjan\u00e7ant un complement mensual la presencialitat<\/u><\/strong> de tots el treballadors i treballadores que conformen els col\u00b7lectius presencials.<\/p>\n\n\n\n<p>Pel que respecta al personal inter\u00ed cal destacar que <strong><u>hem defensat sempre, i en tot moment, que la soluci\u00f3 a l\u2019ab\u00fas de la temporalitat havia de passar per un proc\u00e9s extraordinari d&#8217;estabilitzaci\u00f3 que contempl\u00e9s el concurs de m\u00e8rits<\/u><\/strong> i que tingu\u00e9s totes les garanties per a no ser impugnat a posteriori, i finalitz\u00e9s amb la consolidaci\u00f3 definitiva dels companys interins com a funcionaris de carrera amb totes les garanties. Fruit d&#8217;aix\u00f2 \u00e9s l&#8217;acord a nivell nacional d&#8217;estabilitzaci\u00f3 extraordin\u00e0ria, i la negociaci\u00f3 en seu de Mesa de Negociaci\u00f3 a la&nbsp;DIBA&nbsp;d&#8217;unes millors i m\u00e9s facilitadores bases del proc\u00e9s.<\/p>\n\n\n\n<p>En aquest sentit no hem volgut arrossegar als companys, com han fet altres seccions sindicals, cap a judicis que comportaven despeses importants dels treballadors, aix\u00ed com jugaven amb unes falses expectatives que han augmentat l&#8217;angoixa i buidat les butxaques d&#8217;alguns companys, ja que <strong><u>tots, tots<\/u><\/strong> els sindicats sab\u00edem i \u00e9rem coneixedors despr\u00e9s de les directives i sent\u00e8ncies europees, que <strong><u>la soluci\u00f3 al problema de l&#8217;ab\u00fas de la temporalitat, passava for\u00e7osament per modificacions legislatives i que aquestes serien d&#8217;obligat compliment per part de l&#8217;Administraci\u00f3<\/u><\/strong>. Per tant, passava per una soluci\u00f3 negociada i d\u2019abast general i mai per solucions individualitzades.<\/p>\n\n\n\n<p>En definitiva i finalitzant: populisme i vendre fum sabem fer-ho tots, per\u00f2 <strong><u>Comissions Obreres<\/u><\/strong> de la Diputaci\u00f3 de Barcelona <strong><u>som un sindicat seri\u00f3s<\/u><\/strong> que dediquem el nostre temps a treballar en propostes consensuades i signar acords que benefici\u00efn al conjunt de treballadors, i no a rebentar i criticar a la resta de formacions i companys que en res ens ajuden a millorar la precarietat laboral i l&#8217;actual situaci\u00f3 de conjuntura econ\u00f2mica que desgraciadament patim com a treballadors i treballadores de l&#8217;administraci\u00f3.<\/p>\n\n\n\n<div class=\"wp-block-group\"><div class=\"wp-block-group__inner-container is-layout-constrained wp-block-group-is-layout-constrained\"><div class=\"gb-grid-wrapper gb-grid-wrapper-d65739e2\">\n<div class=\"gb-grid-column gb-grid-column-ecc8725d\"><div class=\"gb-container gb-container-ecc8725d\"><div class=\"gb-inside-container\">\n<div class=\"wp-block-image\">\n<figure class=\"aligncenter size-full\"><img loading=\"lazy\" decoding=\"async\" width=\"129\" height=\"38\" src=\"https:\/\/ccoo.app\/diputacio-de-barcelona\/wp-content\/blogs.dir\/6\/files\/sites\/186\/2022\/03\/tel.png\" alt=\"Tel\" class=\"wp-image-49915\" \/><\/figure>\n<\/div>\n<\/div><\/div><\/div>\n\n<div class=\"gb-grid-column gb-grid-column-4c28778f\"><div class=\"gb-container gb-container-4c28778f\"><div class=\"gb-inside-container\">\n<div class=\"wp-block-image\">\n<figure class=\"aligncenter size-full\"><a href=\"mailto:ccoo@diba.cat\"><img loading=\"lazy\" decoding=\"async\" width=\"51\" height=\"37\" src=\"https:\/\/ccoo.app\/diputacio-de-barcelona\/wp-content\/blogs.dir\/6\/files\/sites\/186\/2022\/03\/mail.png\" alt=\"Mail\" class=\"wp-image-49916\" \/><\/a><\/figure>\n<\/div>\n<\/div><\/div><\/div>\n\n<div class=\"gb-grid-column gb-grid-column-c6cc0957\"><div class=\"gb-container gb-container-c6cc0957\"><div class=\"gb-inside-container\">\n<div class=\"wp-block-image\">\n<figure class=\"aligncenter size-full\"><a href=\"https:\/\/twitter.com\/ccoodiba\"><img loading=\"lazy\" decoding=\"async\" width=\"44\" height=\"38\" src=\"https:\/\/ccoo.app\/diputacio-de-barcelona\/wp-content\/blogs.dir\/6\/files\/sites\/186\/2022\/03\/tw.png\" alt=\"Tw\" class=\"wp-image-49917\" \/><\/a><\/figure>\n<\/div>\n<\/div><\/div><\/div>\n\n<div class=\"gb-grid-column gb-grid-column-1598237d\"><div class=\"gb-container gb-container-1598237d\"><div class=\"gb-inside-container\">\n<div class=\"wp-block-image\">\n<figure class=\"aligncenter size-full\"><a href=\"https:\/\/www.instagram.com\/ccoo_diba\/\"><img loading=\"lazy\" decoding=\"async\" width=\"45\" height=\"44\" src=\"https:\/\/ccoo.app\/diputacio-de-barcelona\/wp-content\/blogs.dir\/6\/files\/sites\/186\/2022\/03\/ig.png\" alt=\"Ig\" class=\"wp-image-49918\" \/><\/a><\/figure>\n<\/div>\n<\/div><\/div><\/div>\n\n<div class=\"gb-grid-column gb-grid-column-2db731fe\"><div class=\"gb-container gb-container-2db731fe\"><div class=\"gb-inside-container\">\n<div class=\"wp-block-image\">\n<figure class=\"aligncenter size-full\"><a href=\"https:\/\/ccoo.app\/diputacio-de-barcelona\"><img loading=\"lazy\" decoding=\"async\" width=\"39\" height=\"40\" src=\"https:\/\/ccoo.app\/diputacio-de-barcelona\/wp-content\/blogs.dir\/6\/files\/sites\/186\/2022\/03\/www.png\" alt=\"Www\" class=\"wp-image-49919\" \/><\/a><\/figure>\n<\/div>\n<\/div><\/div><\/div>\n\n<div class=\"gb-grid-column gb-grid-column-f3651540\"><div class=\"gb-container gb-container-f3651540\"><div class=\"gb-inside-container\">\n<div class=\"wp-block-image\">\n<figure class=\"aligncenter size-full is-resized\"><a href=\"https:\/\/www.ccoo.cat\/afiliat\/?_sfm_aff_situation=94\"><img loading=\"lazy\" decoding=\"async\" src=\"https:\/\/ccoo.app\/diputacio-de-barcelona\/wp-content\/blogs.dir\/6\/files\/sites\/186\/2022\/03\/af.png\" alt=\"Af\" class=\"wp-image-49920\" width=\"125\" height=\"38\" \/><\/a><\/figure>\n<\/div>\n<\/div><\/div><\/div>\n<\/div><\/div><\/div>\n","protected":false},"excerpt":{"rendered":"<p>La setmana passada vam rebre un interessant comunicat dels i les nostres companys de la secci\u00f3 sindical de la CGT que sorprenentment q\u00fcestionava els increments retributius pactats i els titllava &#8230; <\/p>\n<p class=\"read-more-container\"><a title=\"Comunicat sobre les darreres informacions en mat\u00e8ria de negociaci\u00f3\" class=\"read-more button\" href=\"https:\/\/ccoo.app\/diputacio-de-barcelona\/comunicat-sobre-les-darreres-informacions-en-materia-de-negociacio\/#more-52333\" aria-label=\"Leer m\u00e1s sobre Comunicat sobre les darreres informacions en mat\u00e8ria de negociaci\u00f3\">Continuar llegint<\/a><\/p>\n","protected":false},"author":88639,"featured_media":52364,"comment_status":"closed","ping_status":"closed","sticky":false,"template":"","format":"standard","meta":{"footnotes":""},"categories":[38,19],"tags":[],"class_list":["post-52333","post","type-post","status-publish","format-standard","has-post-thumbnail","hentry","category-a-tot-el-personal","category-comunicats","generate-columns","tablet-grid-50","mobile-grid-100","grid-parent","grid-50"],"_links":{"self":[{"href":"https:\/\/ccoo.app\/diputacio-de-barcelona\/wp-json\/wp\/v2\/posts\/52333","targetHints":{"allow":["GET"]}}],"collection":[{"href":"https:\/\/ccoo.app\/diputacio-de-barcelona\/wp-json\/wp\/v2\/posts"}],"about":[{"href":"https:\/\/ccoo.app\/diputacio-de-barcelona\/wp-json\/wp\/v2\/types\/post"}],"author":[{"embeddable":true,"href":"https:\/\/ccoo.app\/diputacio-de-barcelona\/wp-json\/wp\/v2\/users\/88639"}],"replies":[{"embeddable":true,"href":"https:\/\/ccoo.app\/diputacio-de-barcelona\/wp-json\/wp\/v2\/comments?post=52333"}],"version-history":[{"count":4,"href":"https:\/\/ccoo.app\/diputacio-de-barcelona\/wp-json\/wp\/v2\/posts\/52333\/revisions"}],"predecessor-version":[{"id":52367,"href":"https:\/\/ccoo.app\/diputacio-de-barcelona\/wp-json\/wp\/v2\/posts\/52333\/revisions\/52367"}],"wp:featuredmedia":[{"embeddable":true,"href":"https:\/\/ccoo.app\/diputacio-de-barcelona\/wp-json\/wp\/v2\/media\/52364"}],"wp:attachment":[{"href":"https:\/\/ccoo.app\/diputacio-de-barcelona\/wp-json\/wp\/v2\/media?parent=52333"}],"wp:term":[{"taxonomy":"category","embeddable":true,"href":"https:\/\/ccoo.app\/diputacio-de-barcelona\/wp-json\/wp\/v2\/categories?post=52333"},{"taxonomy":"post_tag","embeddable":true,"href":"https:\/\/ccoo.app\/diputacio-de-barcelona\/wp-json\/wp\/v2\/tags?post=52333"}],"curies":[{"name":"wp","href":"https:\/\/api.w.org\/{rel}","templated":true}]}}