{"id":523,"date":"2016-04-14T12:23:05","date_gmt":"2016-04-14T11:23:05","guid":{"rendered":"https:\/\/diba.ccoo.cat\/?p=523"},"modified":"2016-04-14T12:23:05","modified_gmt":"2016-04-14T11:23:05","slug":"resum-de-la-mesa-general-de-negociacio-14-04-2016","status":"publish","type":"post","link":"https:\/\/ccoo.app\/diputacio-de-barcelona\/resum-de-la-mesa-general-de-negociacio-14-04-2016\/","title":{"rendered":"RESUM DE LA MESA GENERAL DE NEGOCIACI\u00d3 14.04.2016"},"content":{"rendered":"<p>&nbsp;<\/p>\n<p><img loading=\"lazy\" decoding=\"async\" class=\"wp-image-189\" title=\"Secci\u00f3 Sindical de la Diutaci\u00f3 de Barcelona de la Federaci\u00f3 Sindical de Catalunya\" src=\"http:\/\/ccoo.app\/diputacio-de-barcelona\/wp-content\/blogs.dir\/6\/files\/sites\/186\/2015\/12\/ccoo-fsc-cat.png\" alt=\"Secci\u00f3 Sindical de la Diputaci\u00f3 de Barcelona de la Federaci\u00f3 Sindical de Catalunya\" width=\"469\" height=\"90\" \/><\/p>\n<p class=\"wp-caption-text\">Secci\u00f3 Sindical de la Diputaci\u00f3 de Barcelona<\/p>\n<h3 style=\"text-align: center\"><\/h3>\n<h3 style=\"text-align: center\"><strong><span style=\"color: #ff0000\">RESUM DE LA MESA GENERAL DE NEGOCIACI\u00d3<\/span><\/strong><\/h3>\n<p style=\"text-align: center\"><span style=\"color: #ff0000\">-14 ABRIL\u00a0DE 2016-<\/span><\/p>\n<p style=\"text-align: justify\">Dijous 14 d&#8217;abril va tenir lloc una nova reuni\u00f3 de la Mesa de Negociaci\u00f3. Tot i que es van tractar altres temes, en aquest comunicat ens centrarem en explicar-vos el nostre posicionament respecte a la proposta de la corporaci\u00f3 sobre <strong>aspectes vinculats amb la condici\u00f3 de personal inter\u00ed; Pla d&#8217;estabilitat.<\/strong><br \/>\nCom ja us vam avan\u00e7ar, a l&#8217;anterior reuni\u00f3 la corporaci\u00f3 ens van fer entrega d&#8217;una proposta d&#8217;acord per escrit que contemplava diversos \u00e0mbits:<\/p>\n<ol>\n<li style=\"text-align: justify\">CONSOLIDACI\u00d3 I ESTABILITAT DEL PERSONAL FUNCIONARI INTER\u00cd I PERSONAL FORA DE PLANTILLA<\/li>\n<li style=\"text-align: justify\">OFERTA D&#8217;OCUPACI\u00d3 P\u00daBLICA 2016<\/li>\n<li style=\"text-align: justify\">MOBILITAT PEL PERSONAL INTER\u00cd (DRET ALS CONCURSOS DE PROVISI\u00d3)<\/li>\n<li style=\"text-align: justify\">EQUIPARACI\u00d3 DE DRETS<\/li>\n<\/ol>\n<p style=\"text-align: justify\"><strong>1.CONSOLIDACI\u00d3 I ESTABILITAT DEL PERSONAL FUNCIONARI INTER\u00cd I PERSONAL FORA DE PLANTILLA<\/strong><\/p>\n<p style=\"text-align: justify\">La proposta que la Corporaci\u00f3 ens ha presentat va en la l\u00ednia del que nosaltres deman\u00e0vem: que es don\u00e9s soluci\u00f3 a la manca d&#8217;estabilitat del personal que est\u00e0 ocupant llocs que no estan a la plantilla (els anomenats \u201cfora plantilla\u201d), Personal que, en alguns casos, porta m\u00e9s de 10 anys encadenant contractes o nomenaments.<\/p>\n<p style=\"text-align: justify\"><strong>CCOO exigim que aquestes places s&#8217;integrin a la plantilla<\/strong> i a la Relaci\u00f3 de Llocs de Treball (RLT) de la Diputaci\u00f3 de Barcelona i com a conseq\u00fc\u00e8ncia el seu nomenament sigui \u201cfins a provisi\u00f3 reglament\u00e0ria\u201d.<\/p>\n<p style=\"text-align: justify\">\u00c9s evident que aquest personal est\u00e0 realitzant funcions estables i continuades en el temps i per tant, no pot ser considerat com a personal que est\u00e0 executant \u201cprogrames de car\u00e0cter temporal\u201d o \u201cper exc\u00e9s o acumulaci\u00f3 de tasques\u201d.<\/p>\n<p style=\"text-align: justify\">Us recordem qu\u00e8 diu l&#8217;article 10.1 de l&#8217;Estatut B\u00e0sic de l&#8217;Empleat P\u00fablic (l&#8217;EBEP), respecte a les 4 raons que justifiquen el nomenament de personal inter\u00ed:<\/p>\n<p style=\"text-align: justify\"><em>\u201cS\u00f3n funcionaris interins els que, per <strong>raons<\/strong> expressament justificades de necessitat i urg\u00e8ncia, s\u00f3n nomenats com a tals per a l&#8217;exercici de funcions pr\u00f2pies de funcionaris de carrera, <strong>quan es doni alguna de les circumst\u00e0ncies seg\u00fcents:<\/strong><\/em><\/p>\n<p style=\"text-align: justify\"><em>a) <strong>L&#8217;exist\u00e8ncia de places vacants<\/strong> quan no sigui possible cobrir-les per funcionaris de carrera.<\/em><br \/>\n<em>b) La <strong>substituci\u00f3 transit\u00f2ria<\/strong> dels titulars.<\/em><br \/>\n<em>c) L&#8217;execuci\u00f3 de <strong>programes de car\u00e0cter temporal<\/strong> , que no podran tenir una durada superior a tres anys, ampliable fins a dotze mesos m\u00e9s per les lleis de funci\u00f3 p\u00fablica que es dictin en desplegament d&#8217;aquest Estatut.<\/em><br \/>\n<em>d) <strong>L&#8217;exc\u00e9s o acumulaci\u00f3 de tasques<\/strong> per un termini m\u00e0xim de sis mesos, dins d\u2019un per\u00edode de dotze mesos.<\/em><\/p>\n<p>Sorpr\u00e8n que s&#8217;hagi fet \u00fas del l&#8217;article 10.1c i 10.1d per anomenar interins que fan tasques estables i continuades i, per una altra banda, no s&#8217;hagin cobert les vacants existents d&#8217;acord amb l&#8217;article 10.1a, la qual cosa donaria lloc a nomenaments \u201cfins a provisi\u00f3\u201d.<\/p>\n<p style=\"text-align: justify\">L&#8217;acord de la Mesa de Negociaci\u00f3 del <strong>3 de juny de 2013, fixa clarament els criteris per a la gesti\u00f3 de les necessitats de personal de la corporaci\u00f3<\/strong> i com s&#8217;ha d&#8217;actuar en el cas que es produeixi una vacant.<\/p>\n<p style=\"text-align: justify\">Els passos a seguir per cobrir una vacant son els seg\u00fcents:<\/p>\n<ul>\n<li style=\"text-align: justify\">Provisi\u00f3<\/li>\n<li style=\"text-align: justify\">Promoci\u00f3 interna<\/li>\n<li style=\"text-align: justify\">Nomenament de personal inter\u00ed corresponent a la lletra a de l&#8217;article 10.1a de l\u2019EBEP.\n<ul>\n<li style=\"text-align: justify\">El personal corresponent a la lletra b de l&#8217;article 10.1 de l&#8217;EBEP respondria a substitucions o vacants amb reserva de pla\u00e7a.<\/li>\n<\/ul>\n<\/li>\n<\/ul>\n<p style=\"text-align: justify\">Per tant, nosaltres apostem per un <strong>proc\u00e9s extraordinari i puntual d&#8217;aplantillament de tot el personal \u201cfora plantilla\u201d<\/strong>. Una vegada regularitzada la situaci\u00f3, un comprom\u00eds ferm de la corporaci\u00f3 de compliment de l&#8217;acord del 3 de juny de 2013.<\/p>\n<p style=\"text-align: justify\"><span style=\"color: #000000\">http:\/\/intradiba.diba.cat\/documents\/28776273\/0\/ACORD+DIRECTRIUS+GESTI%C3%93%20NECESSITATS+PERSONAL\/64cf1580-d447-46ed-b89e-766fa1e91455 <\/span><\/p>\n<p><strong>2. OFERTA D&#8217;OCUPACI\u00d3 P\u00daBLICA 2016<\/strong><\/p>\n<p style=\"text-align: justify\"><strong>No<\/strong> estem disposats a acceptar que <strong>la interinitat sigui la condici\u00f3 normal de treball<\/strong> a les administracions p\u00fabliques i per tant, a la Diputaci\u00f3 de Barcelona, i aix\u00ed ho vam expressar a la Mesa. Vam reiterar que <strong>estem en contra de les taxes de reposici\u00f3 imposades.<\/strong><\/p>\n<p>Com que s&#8217;al\u00b7ludeix a les limitacions legals, des de <strong>CCOO ens hem posat en contacte amb tots els partits pol\u00edtics<\/strong> amb representaci\u00f3 a la Diputaci\u00f3 per a que <strong>promulguin <span style=\"text-decoration: underline\">una moci\u00f3 al Ple<\/span> exigint al govern central que elimini la imposici\u00f3 de les taxes de reposici\u00f3<\/strong> d&#8217;efectius especialment en administracions com la nostra amb solv\u00e8ncia econ\u00f2mica. I tamb\u00e9 que es <strong>contempli la possibilitat de convocar Oferta P\u00fablica d&#8217;Ocupaci\u00f3 del 100 % de les places vacants<\/strong> de la RLT ocupades per personal inter\u00ed.<\/p>\n<p>Tot i aix\u00f2, si tenim en compte el que marca la <strong>Llei de Pressupostos Generals de l&#8217;Estat 2016<\/strong> (LPGE 2016) en la majoria de sectors i administracions nom\u00e9s es poden cobrir el <strong>50% de les vacants de l&#8217;any 2015.<\/strong> Aix\u00f2 es el que est\u00e0 disposat a aplicar la Diputaci\u00f3.<br \/>\nAra b\u00e9, tamb\u00e9 es pot cobrir fins a un 100% de les de les places vacants l&#8217;any 2015 en:<\/p>\n<ul>\n<li style=\"text-align: justify\"><em>Policia i llocs de treball de <span style=\"text-decoration: underline\">lluita contra el frau fiscal i laboral<\/span>, de <span style=\"text-decoration: underline\"><span style=\"color: #000000;text-decoration: underline\">subvencions p\u00fabliques<\/span><\/span> i <span style=\"text-decoration: underline\">l&#8217;assignaci\u00f3 eficient dels recursos p\u00fablics<\/span>, <span style=\"text-decoration: underline\">d&#8217;assessorament jur\u00eddic<\/span> i la <span style=\"text-decoration: underline\">gesti\u00f3 dels recursos p\u00fablics<\/span>, personal de <span style=\"text-decoration: underline\">prevenci\u00f3 i extinci\u00f3 d&#8217;incendis<\/span>, personal per a l&#8217;<span style=\"text-decoration: underline\">assist\u00e8ncia directa als usuaris de serveis socials<\/span> i personal per a la gesti\u00f3 de prestacions i pol\u00edtiques actives en mat\u00e8ria d&#8217;ocupaci\u00f3.<\/em><\/li>\n<\/ul>\n<p style=\"text-align: justify\">D&#8217;acord amb aquest \u00faltim sup\u00f2sit, <strong>hem demanat que l&#8217;aplicaci\u00f3 i interpretaci\u00f3 que es faci d&#8217;aix\u00f2 sigui la m\u00e9s \u00e0mplia possible<\/strong> ja que, pels serveis que presta la Diputaci\u00f3, la quasi totalitat del seu personal entraria en aquest sup\u00f2sit.<\/p>\n<p style=\"text-align: justify\">Tot i que encara ens ho han de confirmar, segons les dades de qu\u00e8 disposem en aquests moments, estar\u00edem parlant<strong> entorn a <span style=\"text-decoration: underline\">100 vacants<\/span><\/strong> <strong>produ\u00efdes al llarg del 2015<\/strong>. Estem esperant que ens donin les dades definitives.<\/p>\n<p><strong>IMPORTANT:<\/strong> Encara que sabem que moltes i molts esteu desitjant poder optar a ser personal funcionari de carrera, no podem deixar de pensar que tamb\u00e9 uns altres poden tenir molts neguits. Aix\u00ed doncs, som conscients que <strong>qualsevol decisi\u00f3 en aquest sentit hauria d&#8217;anar acompanyada de mesures per \u201cprotegir\u201d el personal m\u00e9s vulnerable<\/strong>, com pot ser el de m\u00e9s edat. S&#8217;hauran de negociar condicions i la seva aplicaci\u00f3.<\/p>\n<p><strong>3. MOBILITAT PEL PERSONAL INTER\u00cd (DRET ALS CONCURSOS DE PROVISI\u00d3)<\/strong><\/p>\n<p style=\"text-align: justify\">La corporaci\u00f3 ens va fer arribar la seva proposta definitiva en relaci\u00f3 a aquest tema nom\u00e9s uns dies abans de la Mesa Negociadora. La proposta contempla la possibilitat (amb certes limitacions) a que el personal inter\u00ed tingui la possibilitat de demanar canvis d&#8217;adscripci\u00f3 i participar en els concursos de provisi\u00f3:<strong> lliure designaci\u00f3, concurs de m\u00e8rits, concurs espec\u00edfic i canvi de torn.<\/strong><\/p>\n<p style=\"text-align: justify\"><strong>L&#8217;article 10.4<\/strong> de l\u2019EBEP indica concretament quan s&#8217;ha de convocar l&#8217;Oferta d&#8217;Ocupaci\u00f3 P\u00fablica i en quins sup\u00f2sits: \u201c(&#8230;) <em><strong><span style=\"text-decoration: underline\">l&#8217;exercici en qu\u00e8 es produeix<\/span> el seu nomenament i, <span style=\"text-decoration: underline\">si no \u00e9s possible, en la seg\u00fcent<\/span><\/strong><\/em>, llevat que es decideixi amortitzar-les.\u201c.<\/p>\n<p style=\"text-align: justify\">L&#8217;incompliment d&#8217;aquest article suposa tenir personal inter\u00ed amb cada vegada m\u00e9s antiguitat i, vistes les limitacions a l&#8217;Oferta P\u00fablica, amb poques expectatives que la cosa millori. No ens cansarem de defensar que <strong>el primer dret del personal inter\u00ed \u00e9s<\/strong> <strong>el dret a que la pla\u00e7a que ocupa es convoqui a concurs-oposici\u00f3<\/strong>. Si aix\u00f2 es don\u00e9s en les condicions que marca l&#8217;EBEP, no s&#8217;hauria plantejat mai aquesta negociaci\u00f3.<\/p>\n<p style=\"text-align: justify\">Com hem fet amb altres retallades, entenem que hem de donar resposta a aquesta situaci\u00f3. Per\u00f2 s&#8217;ha de tenir en compte que<strong> l&#8217;actual Reglament de Provisi\u00f3 \u00e9s el que utilitza la corporaci\u00f3 per regular l&#8217;ampliaci\u00f3 de drets<\/strong> del personal inter\u00ed. Des del nostre punt de vista, aquest Reglament \u00e9s radicalment millorable i es troba entre els compromisos a tractar en l&#8217;\u00e0mbit de la Mesa Negociadora (comprom\u00eds V):<\/p>\n<p style=\"text-align: justify\">http:\/\/intradiba.diba.cat\/documents\/28776273\/0\/Acord+MGNmc+comprom%C3%ADs+temes+proper+mandat\/e0d14ea9-74bc-4ce2-af12-fd29719a511c<\/p>\n<p>Per tant, CCOO creiem, i aix\u00ed ho vam expressar a la reuni\u00f3 de la Mesa, que<strong> en primer lloc, hem de renegociar de manera integral un nou Reglament de Provisi\u00f3<\/strong> que doni les m\u00e0ximes garanties d&#8217;igualtat, capacitat, m\u00e8rit i publicitat. Una vegada establert el nou reglament, es podr\u00e0 veure, a m\u00e9s de per al personal funcionari, quins aspectes i en quina mesura poden ser aplicables al personal inter\u00ed.<\/p>\n<p style=\"text-align: justify\">Hem de recordar que estem <strong>pendents de la resposta de la corporaci\u00f3 a la nostra proposta de Reglament de Borsa<\/strong> i que un dels elements essencials per a nosaltres \u00e9s eliminar o acotar all\u00f2 del \u201cperfil professional\u201d, q\u00fcesti\u00f3 a la qu\u00e8 la corporaci\u00f3 ja s&#8217;ha mostrat contr\u00e0ria.<\/p>\n<p><strong>4. EQUIPARACI\u00d3 DE DRETS<\/strong><\/p>\n<p style=\"text-align: justify\">D&#8217;acord amb la proposta rebuda, el <strong>personal inter\u00ed amb nomenament superior a 3 mesos gaudir\u00e0 dels permisos en les mateixes condicions que el personal funcionari.<\/strong> El personal nomenat per un per\u00edode no superior a 3 mesos no tindria dret als assumptes propis, tardes no recuperables, dispensa o perm\u00eds per conciliaci\u00f3.<\/p>\n<p style=\"text-align: justify\">Entenem que la proposta <strong>suposar\u00e0 una millora<\/strong> respecte al que tenim ara pel personal inter\u00ed que treballa a l&#8217;any m\u00e9s de 3 mesos i menys de 9 mesos. <strong>Ara b\u00e9, tamb\u00e9 significa que encara una part del personal inter\u00ed tindria menys drets.<\/strong> La nostra proposta \u00e9s clara: han de tenir dret a all\u00f2 que han meritat.<\/p>\n<p style=\"text-align: justify\">Per al personal \u201cfins a provisi\u00f3 reglament\u00e0ria\u201d, amb determinades condicions s&#8217;ha proposat <strong>la possibilitat que puguin gaudir d&#8217;uns nous permisos:<\/strong> per assumptes propis sense retribuci\u00f3, per estudi, per inter\u00e8s particular, per inter\u00e8s particular amb reserva de lloc, per agrupaci\u00f3 familiar i per manteniment de la conviv\u00e8ncia.<\/p>\n<p style=\"text-align: justify\">Respecte a la <strong>paga de productivitat<\/strong>, fins ara nom\u00e9s tenien dret els interins amb relacions de treball de caire temporal de durada acumulada igual o superior a 9 mesos. Amb la proposta presentada, s&#8217;est\u00e9n aquest dret a tot el personal, independentment de la durada del seu nomenament.<\/p>\n<p style=\"text-align: justify\"><strong>La proposta no inclou algunes de les nostres reivindicacions en les que vam tornar a insistir.<\/strong> Aix\u00ed doncs, per exemple, no hi a cap refer\u00e8ncia a la <strong>carrera horitzontal<\/strong>. \u00d2bviament som plenament conscients que aquest \u00e9s un dret que des del 2012 la Diputaci\u00f3 ens ha negat a tot el personal. Per tant, ara toca restablir-la de nou ampliant el dret al personal inter\u00ed.<\/p>\n<p style=\"text-align: justify\">Tamb\u00e9 vam reiterar que el personal inter\u00ed ha de tenir dret a la<strong> jubilaci\u00f3 anticipada<\/strong> incentivada, als<strong> ajuts especials<\/strong> a favor de treballadors i treballadores amb persones a c\u00e0rrec amb discapacitat reconeguda i a<strong> les bestretes<\/strong>.<br \/>\nLes negociacions continuaran a la pr\u00f2xima reuni\u00f3 de la Mesa General de Negociaci\u00f3 que previsiblement ser\u00e0 el 12 de maig.<\/p>\n<p style=\"text-align: center\">* \u00a0* \u00a0* \u00a0* \u00a0*<\/p>\n<p><img loading=\"lazy\" decoding=\"async\" class=\"alignleft wp-image-226\" src=\"http:\/\/ccoo.app\/diputacio-de-barcelona\/wp-content\/blogs.dir\/6\/files\/sites\/186\/2016\/04\/estem-decidits-acontinuar-lluitant.png\" alt=\"Estem decidits a continuar lluitant !\" width=\"213\" height=\"89\" \/><\/p>\n<p><img loading=\"lazy\" decoding=\"async\" class=\"wp-image-262 alignright\" src=\"http:\/\/ccoo.app\/diputacio-de-barcelona\/wp-content\/blogs.dir\/6\/files\/sites\/186\/2016\/04\/afiliat_ccoo_cat.gif\" alt=\"Tota la informaci\u00f3 de com afiliar-se a CCOO Catalunya i forlmulari d'alta o baxia.\" width=\"90\" height=\"80\" \/><\/p>\n<p><img loading=\"lazy\" decoding=\"async\" class=\"wp-image-227 aligncenter\" src=\"http:\/\/ccoo.app\/diputacio-de-barcelona\/wp-content\/blogs.dir\/6\/files\/sites\/186\/2016\/04\/logo-peu-300x69.png\" alt=\"logo-peu\" width=\"952\" height=\"219\" srcset=\"https:\/\/ccoo.app\/diputacio-de-barcelona\/wp-content\/blogs.dir\/6\/files\/sites\/186\/2016\/04\/logo-peu-300x69.png 300w, https:\/\/ccoo.app\/diputacio-de-barcelona\/wp-content\/blogs.dir\/6\/files\/sites\/186\/2016\/04\/logo-peu.png 557w\" sizes=\"auto, (max-width: 952px) 100vw, 952px\" \/><\/p>\n<p style=\"text-align: center\"><small><\/small><small>Formulari d&#8217;<a href=\"\/afiliat\/\">alta<\/a>, <a href=\"\/afiliat\/\">baixa <\/a>o <a href=\"\/afiliat\/\">modificaci\u00f3 <\/a>de les dades personals o<br \/>\ncontacta&#8217;ns a trav\u00e9s del tel\u00e8fon<strong> 934 022 985<\/strong> o correu: <a href=\"mailto:ccoo@diba.cat\"><strong>ccoo@diba.cat<\/strong><\/a><\/small><\/p>\n","protected":false},"excerpt":{"rendered":"<p>&nbsp; Secci\u00f3 Sindical de la Diputaci\u00f3 de Barcelona RESUM DE LA MESA GENERAL DE NEGOCIACI\u00d3 -14 ABRIL\u00a0DE 2016- Dijous 14 d&#8217;abril va tenir lloc una nova reuni\u00f3 de la Mesa &#8230; <\/p>\n<p class=\"read-more-container\"><a title=\"RESUM DE LA MESA GENERAL DE NEGOCIACI\u00d3 14.04.2016\" class=\"read-more button\" href=\"https:\/\/ccoo.app\/diputacio-de-barcelona\/resum-de-la-mesa-general-de-negociacio-14-04-2016\/#more-523\" aria-label=\"Leer m\u00e1s sobre RESUM DE LA MESA GENERAL DE NEGOCIACI\u00d3 14.04.2016\">Continuar llegint<\/a><\/p>\n","protected":false},"author":4519,"featured_media":255,"comment_status":"open","ping_status":"open","sticky":false,"template":"","format":"standard","meta":{"footnotes":""},"categories":[38,19,26,31],"tags":[148,169,179,195],"class_list":["post-523","post","type-post","status-publish","format-standard","has-post-thumbnail","hentry","category-a-tot-el-personal","category-comunicats","category-mgn","category-personal-interi-comunicats","tag-mesa-general-negociacio","tag-pamo","tag-personal-interi-seleccio-borses-treball","tag-interinatges-promocio-interna-provisio-borses-treball-auxiliars-administratius-geriatria","generate-columns","tablet-grid-50","mobile-grid-100","grid-parent","grid-50"],"_links":{"self":[{"href":"https:\/\/ccoo.app\/diputacio-de-barcelona\/wp-json\/wp\/v2\/posts\/523","targetHints":{"allow":["GET"]}}],"collection":[{"href":"https:\/\/ccoo.app\/diputacio-de-barcelona\/wp-json\/wp\/v2\/posts"}],"about":[{"href":"https:\/\/ccoo.app\/diputacio-de-barcelona\/wp-json\/wp\/v2\/types\/post"}],"author":[{"embeddable":true,"href":"https:\/\/ccoo.app\/diputacio-de-barcelona\/wp-json\/wp\/v2\/users\/4519"}],"replies":[{"embeddable":true,"href":"https:\/\/ccoo.app\/diputacio-de-barcelona\/wp-json\/wp\/v2\/comments?post=523"}],"version-history":[{"count":0,"href":"https:\/\/ccoo.app\/diputacio-de-barcelona\/wp-json\/wp\/v2\/posts\/523\/revisions"}],"wp:featuredmedia":[{"embeddable":true,"href":"https:\/\/ccoo.app\/diputacio-de-barcelona\/wp-json\/wp\/v2\/media\/255"}],"wp:attachment":[{"href":"https:\/\/ccoo.app\/diputacio-de-barcelona\/wp-json\/wp\/v2\/media?parent=523"}],"wp:term":[{"taxonomy":"category","embeddable":true,"href":"https:\/\/ccoo.app\/diputacio-de-barcelona\/wp-json\/wp\/v2\/categories?post=523"},{"taxonomy":"post_tag","embeddable":true,"href":"https:\/\/ccoo.app\/diputacio-de-barcelona\/wp-json\/wp\/v2\/tags?post=523"}],"curies":[{"name":"wp","href":"https:\/\/api.w.org\/{rel}","templated":true}]}}