{"id":52279,"date":"2023-02-27T07:47:55","date_gmt":"2023-02-27T06:47:55","guid":{"rendered":"https:\/\/ccoo.app\/diputacio-de-barcelona\/?p=52279"},"modified":"2023-10-17T14:04:51","modified_gmt":"2023-10-17T12:04:51","slug":"assemblees-generals-i-visites-centres-de-treball-27-02-%c2%b7-03-03","status":"publish","type":"post","link":"https:\/\/ccoo.app\/diputacio-de-barcelona\/assemblees-generals-i-visites-centres-de-treball-27-02-%c2%b7-03-03\/","title":{"rendered":"Assemblees generals i visites centres de treball 27\/02 \u00b7 03\/03"},"content":{"rendered":"\n<div style=\"height:30px\" aria-hidden=\"true\" class=\"wp-block-spacer\"><\/div>\n\n\n\n<h4 class=\"gb-headline gb-headline-c33f0a59 gb-headline-text\"><strong>SETMANA DEL 27 DE FEBRER AL 3 DE MAR\u00c7<\/strong><\/h4>\n\n\n\n<div style=\"height:30px\" aria-hidden=\"true\" class=\"wp-block-spacer\"><\/div>\n\n\n\n<p>Adre\u00e7ades&nbsp;<strong>a tota la plantilla de la Diputaci\u00f3 de Barcelona<\/strong>&nbsp;en els diferents centres de treball.&nbsp;<strong>S\u00f3n assemblees personalitzades a cada centre de treball<\/strong>&nbsp;i resta autoritzada l\u2019assist\u00e8ncia dels treballadors i treballadores adscrits a cada centre de treball.<\/p>\n\n\n\n<p><strong>Properament anirem realitzant assemblees a altres centres de treball.&nbsp;Us anirem informant.<\/strong><\/p>\n\n\n\n<p><strong>ORDRE DEL DIA:<\/strong><strong><\/strong><\/p>\n\n\n\n<ul class=\"is-style-arrow wp-block-list\">\n<li>ESTAT DE LA NEGOCIACI\u00d3 COL\u00b7LECTIVA<\/li>\n\n\n\n<li>PRECS I PREGUNTES<\/li>\n<\/ul>\n\n\n\n<div style=\"height:10px\" aria-hidden=\"true\" class=\"wp-block-spacer\"><\/div>\n\n\n\n<figure class=\"wp-block-table\"><table><tbody><tr><td class=\"has-text-align-center\" data-align=\"center\"><strong>DIMARTS<\/strong><br><strong>28 DE FEBRER<\/strong><\/td><td class=\"has-text-align-center\" data-align=\"center\"><strong>CENTRES DE XBM<\/strong><br><strong><em><u>Telem\u00e0tica<\/u><\/em><\/strong><br><a href=\"https:\/\/teams.microsoft.com\/l\/meetup-join\/19%3ameeting_MDM0YWEyMmYtZWMxOC00ZWM0LWJjMzktNmQ0ZjM2YTQ0YTcy%40thread.v2\/0?context=%7b%22Tid%22%3a%22aa01e5b0-699e-4538-8596-e820ccf95d45%22%2c%22Oid%22%3a%228d0a4642-a5b0-450a-9ffa-45f8336996c2%22%7d\" target=\"_blank\" aria-label=\" (opens in a new tab)\" rel=\"noreferrer noopener\" class=\"ek-link\">Feu clic aqu\u00ed per unir-vos a la reuni\u00f3<\/a><\/td><td class=\"has-text-align-center\" data-align=\"center\"><strong>11:00 \u2013 13:00<\/strong><\/td><\/tr><tr><td class=\"has-text-align-center\" data-align=\"center\"><strong>DIMARTS<\/strong><br><strong>28 DE FEBRER<\/strong><\/td><td class=\"has-text-align-center\" data-align=\"center\"><strong>CENTRES DE XBM<\/strong><br><strong><em><u>Telem\u00e0tica<\/u><\/em><\/strong><br><a href=\"https:\/\/teams.microsoft.com\/l\/meetup-join\/19%3ameeting_ZmFiNWM4OWItZThmOS00NmJhLWExNDktMTE1ZDc1NWQwM2M5%40thread.v2\/0?context=%7b%22Tid%22%3a%22aa01e5b0-699e-4538-8596-e820ccf95d45%22%2c%22Oid%22%3a%228d0a4642-a5b0-450a-9ffa-45f8336996c2%22%7d\" target=\"_blank\" aria-label=\" (opens in a new tab)\" rel=\"noreferrer noopener\" class=\"ek-link\">Feu clic aqu\u00ed per unir-vos a la reuni\u00f3<\/a><\/td><td class=\"has-text-align-center\" data-align=\"center\"><strong>15:00 \u2013 17:00<\/strong><\/td><\/tr><tr><td class=\"has-text-align-center\" data-align=\"center\"><strong>DIMECRES<\/strong><br><strong>1 DE MAR\u00c7<\/strong><\/td><td class=\"has-text-align-center\" data-align=\"center\"><strong>MUNDET<\/strong><br><strong>VISITA BRIGADA DE MANTENIMENT<\/strong><\/td><td class=\"has-text-align-center\" data-align=\"center\"><strong>TORN TARDA<\/strong><\/td><\/tr><tr><td class=\"has-text-align-center\" data-align=\"center\"><strong>DIMECRES<\/strong><br><strong>1 DE MAR\u00c7<\/strong><\/td><td class=\"has-text-align-center\" data-align=\"center\"><strong>MUNDET<\/strong><br><strong>VISITA PAVELL\u00d3 NORD<\/strong><\/td><td class=\"has-text-align-center\" data-align=\"center\"><strong>TORN TARDA<\/strong><br><strong>TORN NIT<\/strong><\/td><\/tr><\/tbody><\/table><\/figure>\n\n\n\n<p class=\"has-text-align-center\">\u00c9s una assemblea autoritzada i s\u2019ha de justificar<br>amb<strong>&nbsp;<\/strong><strong>el<\/strong><strong>&nbsp;<\/strong><strong>CODI D\u2019INCID\u00c8NCIA&nbsp;<u>562<\/u>&nbsp;<\/strong>o<strong>&nbsp;<u>GESTI\u00d3 RA\u00d3 DEL SERVEI<\/u><\/strong><\/p>\n\n\n\n<div class=\"wp-block-group\"><div class=\"wp-block-group__inner-container is-layout-constrained wp-block-group-is-layout-constrained\"><div class=\"gb-grid-wrapper gb-grid-wrapper-d65739e2\">\n<div class=\"gb-grid-column gb-grid-column-ecc8725d\"><div class=\"gb-container gb-container-ecc8725d\"><div class=\"gb-inside-container\">\n<div class=\"wp-block-image\">\n<figure class=\"aligncenter size-full\"><img loading=\"lazy\" decoding=\"async\" width=\"129\" height=\"38\" src=\"https:\/\/ccoo.app\/diputacio-de-barcelona\/wp-content\/blogs.dir\/6\/files\/sites\/186\/2022\/03\/tel.png\" alt=\"Tel\" class=\"wp-image-49915\" \/><\/figure>\n<\/div>\n<\/div><\/div><\/div>\n\n<div class=\"gb-grid-column gb-grid-column-4c28778f\"><div class=\"gb-container gb-container-4c28778f\"><div class=\"gb-inside-container\">\n<div class=\"wp-block-image\">\n<figure class=\"aligncenter size-full\"><a href=\"mailto:ccoo@diba.cat\"><img loading=\"lazy\" decoding=\"async\" width=\"51\" height=\"37\" src=\"https:\/\/ccoo.app\/diputacio-de-barcelona\/wp-content\/blogs.dir\/6\/files\/sites\/186\/2022\/03\/mail.png\" alt=\"Mail\" class=\"wp-image-49916\" \/><\/a><\/figure>\n<\/div>\n<\/div><\/div><\/div>\n\n<div class=\"gb-grid-column gb-grid-column-c6cc0957\"><div class=\"gb-container gb-container-c6cc0957\"><div class=\"gb-inside-container\">\n<div class=\"wp-block-image\">\n<figure class=\"aligncenter size-full\"><a href=\"https:\/\/twitter.com\/ccoodiba\"><img loading=\"lazy\" decoding=\"async\" width=\"44\" height=\"38\" src=\"https:\/\/ccoo.app\/diputacio-de-barcelona\/wp-content\/blogs.dir\/6\/files\/sites\/186\/2022\/03\/tw.png\" alt=\"Tw\" class=\"wp-image-49917\" \/><\/a><\/figure>\n<\/div>\n<\/div><\/div><\/div>\n\n<div class=\"gb-grid-column gb-grid-column-1598237d\"><div class=\"gb-container gb-container-1598237d\"><div class=\"gb-inside-container\">\n<div class=\"wp-block-image\">\n<figure class=\"aligncenter size-full\"><a href=\"https:\/\/www.instagram.com\/ccoo_diba\/\"><img loading=\"lazy\" decoding=\"async\" width=\"45\" height=\"44\" src=\"https:\/\/ccoo.app\/diputacio-de-barcelona\/wp-content\/blogs.dir\/6\/files\/sites\/186\/2022\/03\/ig.png\" alt=\"Ig\" class=\"wp-image-49918\" \/><\/a><\/figure>\n<\/div>\n<\/div><\/div><\/div>\n\n<div class=\"gb-grid-column gb-grid-column-2db731fe\"><div class=\"gb-container gb-container-2db731fe\"><div class=\"gb-inside-container\">\n<div class=\"wp-block-image\">\n<figure class=\"aligncenter size-full\"><a href=\"https:\/\/ccoo.app\/diputacio-de-barcelona\"><img loading=\"lazy\" decoding=\"async\" width=\"39\" height=\"40\" src=\"https:\/\/ccoo.app\/diputacio-de-barcelona\/wp-content\/blogs.dir\/6\/files\/sites\/186\/2022\/03\/www.png\" alt=\"Www\" class=\"wp-image-49919\" \/><\/a><\/figure>\n<\/div>\n<\/div><\/div><\/div>\n\n<div class=\"gb-grid-column gb-grid-column-f3651540\"><div class=\"gb-container gb-container-f3651540\"><div class=\"gb-inside-container\">\n<div class=\"wp-block-image\">\n<figure class=\"aligncenter size-full is-resized\"><a href=\"https:\/\/www.ccoo.cat\/afiliat\/?_sfm_aff_situation=94\"><img loading=\"lazy\" decoding=\"async\" src=\"https:\/\/ccoo.app\/diputacio-de-barcelona\/wp-content\/blogs.dir\/6\/files\/sites\/186\/2022\/03\/af.png\" alt=\"Af\" class=\"wp-image-49920\" width=\"125\" height=\"38\" \/><\/a><\/figure>\n<\/div>\n<\/div><\/div><\/div>\n<\/div><\/div><\/div>\n","protected":false},"excerpt":{"rendered":"<p>SETMANA DEL 27 DE FEBRER AL 3 DE MAR\u00c7 Adre\u00e7ades&nbsp;a tota la plantilla de la Diputaci\u00f3 de Barcelona&nbsp;en els diferents centres de treball.&nbsp;S\u00f3n assemblees personalitzades a cada centre de treball&nbsp;i &#8230; <\/p>\n<p class=\"read-more-container\"><a title=\"Assemblees generals i visites centres de treball 27\/02 \u00b7 03\/03\" class=\"read-more button\" href=\"https:\/\/ccoo.app\/diputacio-de-barcelona\/assemblees-generals-i-visites-centres-de-treball-27-02-%c2%b7-03-03\/#more-52279\" aria-label=\"Leer m\u00e1s sobre Assemblees generals i visites centres de treball 27\/02 \u00b7 03\/03\">Continuar llegint<\/a><\/p>\n","protected":false},"author":88639,"featured_media":51750,"comment_status":"closed","ping_status":"closed","sticky":false,"template":"","format":"standard","meta":{"footnotes":""},"categories":[250,19],"tags":[],"class_list":["post-52279","post","type-post","status-publish","format-standard","has-post-thumbnail","hentry","category-assemblees","category-comunicats","generate-columns","tablet-grid-50","mobile-grid-100","grid-parent","grid-50"],"_links":{"self":[{"href":"https:\/\/ccoo.app\/diputacio-de-barcelona\/wp-json\/wp\/v2\/posts\/52279","targetHints":{"allow":["GET"]}}],"collection":[{"href":"https:\/\/ccoo.app\/diputacio-de-barcelona\/wp-json\/wp\/v2\/posts"}],"about":[{"href":"https:\/\/ccoo.app\/diputacio-de-barcelona\/wp-json\/wp\/v2\/types\/post"}],"author":[{"embeddable":true,"href":"https:\/\/ccoo.app\/diputacio-de-barcelona\/wp-json\/wp\/v2\/users\/88639"}],"replies":[{"embeddable":true,"href":"https:\/\/ccoo.app\/diputacio-de-barcelona\/wp-json\/wp\/v2\/comments?post=52279"}],"version-history":[{"count":3,"href":"https:\/\/ccoo.app\/diputacio-de-barcelona\/wp-json\/wp\/v2\/posts\/52279\/revisions"}],"predecessor-version":[{"id":52288,"href":"https:\/\/ccoo.app\/diputacio-de-barcelona\/wp-json\/wp\/v2\/posts\/52279\/revisions\/52288"}],"wp:featuredmedia":[{"embeddable":true,"href":"https:\/\/ccoo.app\/diputacio-de-barcelona\/wp-json\/wp\/v2\/media\/51750"}],"wp:attachment":[{"href":"https:\/\/ccoo.app\/diputacio-de-barcelona\/wp-json\/wp\/v2\/media?parent=52279"}],"wp:term":[{"taxonomy":"category","embeddable":true,"href":"https:\/\/ccoo.app\/diputacio-de-barcelona\/wp-json\/wp\/v2\/categories?post=52279"},{"taxonomy":"post_tag","embeddable":true,"href":"https:\/\/ccoo.app\/diputacio-de-barcelona\/wp-json\/wp\/v2\/tags?post=52279"}],"curies":[{"name":"wp","href":"https:\/\/api.w.org\/{rel}","templated":true}]}}