{"id":5191,"date":"2020-03-26T00:07:53","date_gmt":"2020-03-25T23:07:53","guid":{"rendered":"https:\/\/diba.ccoo.cat\/?p=5191"},"modified":"2023-02-22T18:56:15","modified_gmt":"2023-02-22T17:56:15","slug":"nviem-document-amb-el-nou-criteri","status":"publish","type":"post","link":"https:\/\/ccoo.app\/diputacio-de-barcelona\/nviem-document-amb-el-nou-criteri\/","title":{"rendered":"16\/COVID-19. ENVIEM DOCUMENT A DIBA AMB EL NOU CRITERI D&#8217;ACTUACI\u00d3 EN EL CAS DE PERSONES VULNERABLES"},"content":{"rendered":"<p class=\"wp-caption-text\"><img loading=\"lazy\" decoding=\"async\" class=\"alignnone wp-image-1853\" src=\"http:\/\/ccoo.app\/diputacio-de-barcelona\/wp-content\/blogs.dir\/6\/files\/sites\/186\/2018\/01\/logoccoov18.jpg\" alt=\"\" width=\"137\" height=\"63\" \/>\u00a0 <a href=\"http:\/\/ccoo.app\/diputacio-de-barcelona\/wp-content\/blogs.dir\/6\/files\/sites\/186\/2020\/03\/comunicat-16-nou-criteri-d-1.pdf\"><img loading=\"lazy\" decoding=\"async\" class=\"alignnone wp-image-5366\" src=\"http:\/\/ccoo.app\/diputacio-de-barcelona\/wp-content\/blogs.dir\/6\/files\/sites\/186\/2020\/04\/documentacio-adjunta-300x296.png\" alt=\"\" width=\"119\" height=\"117\" srcset=\"https:\/\/ccoo.app\/diputacio-de-barcelona\/wp-content\/blogs.dir\/6\/files\/sites\/186\/2020\/04\/documentacio-adjunta-300x296.png 300w, https:\/\/ccoo.app\/diputacio-de-barcelona\/wp-content\/blogs.dir\/6\/files\/sites\/186\/2020\/04\/documentacio-adjunta.png 667w\" sizes=\"auto, (max-width: 119px) 100vw, 119px\" \/><\/a><\/p>\n<p style=\"text-align: center\"><span style=\"font-family: 'arial black', sans-serif;font-size: 24px;color: #0000ff\"><strong>NOU CRITERI D&#8217;ACTUACI\u00d3 EN EL CAS DE PERSONES VULNERABLES DAVANT EL RISC DE CONTAGI PER COVID-19\u00a0<\/strong><\/span><\/p>\n<p style=\"text-align: center\"><span style=\"font-family: arial, helvetica, sans-serif;font-size: 12pt;color: #000000\">-26 DE MAR\u00c7 2020-<\/span><\/p>\n<p style=\"text-align: justify\"><span style=\"color: #000000;font-family: arial, helvetica, sans-serif\"><span style=\"background-color: #ffff00\"><strong>Avui hem enviat a tota la plantilla<\/strong><\/span> una guia elaborada per la Secretaria de Salut Laboral respecte a les persones treballadores especialment sensibles al COVID-19 anomenada <em>\u201cQui s\u00f3n aquests grups de risc i com actuar si et trobes en un d&#8217;ells?\u201d.<\/em><\/span><\/p>\n<p><span style=\"font-size: 20px;font-family: arial, helvetica, sans-serif\"><a href=\"http:\/\/ccoo.app\/diputacio-de-barcelona\/wp-content\/blogs.dir\/6\/files\/sites\/186\/2020\/03\/guia-especialmente-sensible-covid19.pdf\"><span style=\"font-family: 'arial black', sans-serif;color: #0000ff\">Cliqueu aqu\u00ed<\/span><\/a> <span style=\"color: #000000\">per veure el document.<\/span><\/span><\/p>\n<p>&nbsp;<\/p>\n<p style=\"text-align: justify\"><span style=\"font-family: arial, helvetica, sans-serif;color: #000000\"><span style=\"background-color: #ffff00\"><strong>Us recordem que ahir, vam enviar a l&#8217;Oficina de Prevenci\u00f3 de Riscos Laborals <\/strong><\/span>de la Diputaci\u00f3 de Barcelona el document anomenat <em><strong>\u00abINFORMACI\u00d3 SOBRE NOU CRITERI PER ACTUACI\u00d3 EN EL CAS DE PERSONES VULNERABLES DAVANT EL RISC DE CONTAGI PER COVID19\u00bb.<\/strong><\/em><\/span><\/p>\n<p style=\"text-align: justify\"><span style=\"font-family: arial, helvetica, sans-serif;color: #000000\">Es tracta d&#8217;un document <strong>elaborat pel Sector de l&#8217;Administraci\u00f3 Local<\/strong> de CCOO Catalunya que recull les noves instruccions de l&#8217;Institut de la Seguretat Social.<\/span><\/p>\n<p><span style=\"font-size: 20px;font-family: arial, helvetica, sans-serif\"><a href=\"http:\/\/ccoo.app\/diputacio-de-barcelona\/wp-content\/blogs.dir\/6\/files\/sites\/186\/2020\/03\/nous-criteris-ss-per-diba.pdf\"><span style=\"font-family: 'arial black', sans-serif;color: #0000ff\">Cliqueu aqu\u00ed<\/span><\/a> <span style=\"color: #000000\">per veure el document.<\/span><\/span><\/p>\n<p>&nbsp;<\/p>\n<p style=\"text-align: justify\"><span style=\"font-family: arial, helvetica, sans-serif;color: #000000\">Actualment, una gran part del personal de la Diputaci\u00f3 treballa a dist\u00e0ncia. No obstant aix\u00f2, determinats serveis es segueixen prestant de manera presencial. Tenint en compte aix\u00f2, \u00e9s molt important establir mesures de prevenci\u00f3 pensant especialment en els treballadors i treballadores considerades vulnerables.<\/span><\/p>\n<p><strong><span style=\"font-family: arial, helvetica, sans-serif;color: #000000\">Per saber com gestionar-ho a la Diputaci\u00f3 <span style=\"font-family: 'arial black', sans-serif;color: #0000ff\">cliqueu aqu\u00ed.<\/span><\/span><\/strong><\/p>\n<p>&nbsp;<\/p>\n<p>&nbsp;<\/p>\n<p style=\"text-align: justify\"><span style=\"font-family: 'arial black', sans-serif;color: #000000\"><strong>Quines persones es consideren vulnerables?\u00a0<\/strong><\/span><\/p>\n<ul>\n<li style=\"text-align: justify\"><span style=\"font-family: arial, helvetica, sans-serif;color: #000000\">Majors de 60 anys.<\/span><\/li>\n<li style=\"text-align: justify\"><span style=\"font-family: arial, helvetica, sans-serif;color: #000000\">Les patologies pr\u00e8vies cr\u00f2niques relacionades amb el sistema respiratori, per exemple, asma, MPOC, etc. Les patologies pr\u00e8vies relacionades amb el sistema cardiovascular (hipertensos, diab\u00e8tics, etc.).<\/span><\/li>\n<li style=\"text-align: justify\"><span style=\"font-family: arial, helvetica, sans-serif;color: #000000\">Persones amb malalties hep\u00e0tiques cr\u00f2niques<\/span><\/li>\n<li style=\"text-align: justify\"><span style=\"font-family: arial, helvetica, sans-serif;color: #000000\">Persones amb malalties renals cr\u00f2niques<\/span><\/li>\n<li style=\"text-align: justify\"><span style=\"font-family: arial, helvetica, sans-serif;color: #000000\">Persones amb medicaci\u00f3 relacionada amb elles<\/span><\/li>\n<li style=\"text-align: justify\"><span style=\"font-family: arial, helvetica, sans-serif;color: #000000\">Les persones que han patit algun tipus de c\u00e0ncer.<\/span><\/li>\n<li style=\"text-align: justify\"><span style=\"font-family: arial, helvetica, sans-serif;color: #000000\">Trastorns immunitaris<\/span><\/li>\n<li style=\"text-align: justify\"><span style=\"font-family: arial, helvetica, sans-serif;color: #000000\">Embar\u00e0s.<\/span><\/li>\n<\/ul>\n<p style=\"text-align: justify\"><span style=\"color: #000000\"><span style=\"font-family: arial, helvetica, sans-serif\">Les persones vulnerables han de ser considerades com a persones TREBALLADORES ESPECIALMENT SENSIBLES <\/span><span style=\"font-family: arial, helvetica, sans-serif\">i l&#8217;empresari ha de garantir de manera espec\u00edfica la seva protecci\u00f3 als riscos derivats de la feina.\u00a0<\/span><\/span><\/p>\n<p>&nbsp;<\/p>\n<p style=\"text-align: justify\"><span style=\"font-family: 'arial black', sans-serif;color: #000000\">L&#8217;adaptaci\u00f3 del lloc ha d&#8217;eliminar el risc, en el cas del COVID-16, de contacte amb altres persones i contagi tenint en compte les seg\u00fcents mesures:<\/span><\/p>\n<ul>\n<li style=\"text-align: justify\"><span style=\"font-family: arial, helvetica, sans-serif;color: #000000\">Modificar horaris.<\/span><\/li>\n<li style=\"text-align: justify\"><span style=\"font-family: arial, helvetica, sans-serif;color: #000000\">Modificar l&#8217;organitzaci\u00f3 de la feina.<\/span><\/li>\n<li style=\"text-align: justify\"><span style=\"font-family: arial, helvetica, sans-serif;color: #000000\">Traslladar lloc de treball.<\/span><\/li>\n<li style=\"text-align: justify\"><span style=\"font-family: arial, helvetica, sans-serif;color: #000000\">Teletreball<\/span><\/li>\n<li style=\"text-align: justify\"><span style=\"font-family: arial, helvetica, sans-serif;color: #000000\">Assegurar dos metres lliures de treballador a treballador en el centre de treball<\/span><\/li>\n<li style=\"text-align: justify\"><span style=\"font-family: arial, helvetica, sans-serif;color: #000000\">Evitar aglomeracions en l&#8217;\u00fas de cantina, vestuaris i llocs d&#8217;esplai<\/span><\/li>\n<li style=\"text-align: justify\"><span style=\"font-family: arial, helvetica, sans-serif;color: #000000\">Neteja cont\u00ednua de superf\u00edcies, materials i eines.<\/span><\/li>\n<li style=\"text-align: justify\"><span style=\"font-family: arial, helvetica, sans-serif;color: #000000\">Dotaci\u00f3 de guants i mascaretes on el planifiqui el servei de prevenci\u00f3<\/span><\/li>\n<li style=\"text-align: justify\"><span style=\"font-family: arial, helvetica, sans-serif;color: #000000\">Entre altres&#8230;<\/span><\/li>\n<\/ul>\n<p>&nbsp;<\/p>\n<p style=\"text-align: justify\"><span style=\"font-family: 'arial black', sans-serif;color: #000000\">Qu\u00e8 passa si l&#8217;empresa no pot adaptar el lloc de treball?<\/span><\/p>\n<p style=\"text-align: justify\"><span style=\"font-family: arial, helvetica, sans-serif;color: #000000\">El document inclou <span style=\"text-decoration: underline;background-color: #ffff00\">nou criteri<\/span> de tractament de la Incapacitat Temporal per a les persones vulnerables:<\/span><\/p>\n<ul style=\"text-align: justify\">\n<li><span style=\"font-family: arial, helvetica, sans-serif;color: #000000\">Si l&#8217;empresa no pot garantir un lloc de treball amb garanties de protecci\u00f3, el <strong>Servei de Prevenci\u00f3 de l&#8217;empresa<\/strong> tindr\u00e0 que notificar-lo mitjan\u00e7ant informe.<\/span><\/li>\n<li><span style=\"font-family: arial, helvetica, sans-serif;color: #000000\">Amb aquest informe, el treballador el presentar\u00e0<strong> al sistema p\u00fablic <\/strong>i el metge d&#8217;atenci\u00f3 prim\u00e0ria estendr\u00e0, si aix\u00ed ho considera, la <strong>baixa (IT)<\/strong>.<\/span><\/li>\n<\/ul>\n<p style=\"text-align: justify\"><span style=\"font-size: 20px;font-family: arial, helvetica, sans-serif;color: #000000\">.<\/span><\/p>\n<p style=\"text-align: justify\"><span style=\"font-family: 'arial black', sans-serif;background-color: #ffff00;color: #000000\">Tot i que sabem que ja s&#8217;aplicava un criteri semblant per exemple a RESPIR, s&#8217;han de posar en marxa les noves instruccions del INSS. Sigui a RESPIR o a qualsevol altra servei, demanem que s&#8217;eviti que el personal amb la consideraci\u00f3 de \u00absensible\u00bb hagi de desenvolupar un treball presencial mentre duri la crisi sanit\u00e0ria.<\/span><\/p>\n<p>&nbsp;<\/p>\n<p>&nbsp;<\/p>\n<p><img loading=\"lazy\" decoding=\"async\" class=\"wp-image-5184 aligncenter\" src=\"http:\/\/ccoo.app\/diputacio-de-barcelona\/wp-content\/blogs.dir\/6\/files\/sites\/186\/2020\/03\/i-de-info-300x300.jpg\" alt=\"\" width=\"87\" height=\"87\" srcset=\"https:\/\/ccoo.app\/diputacio-de-barcelona\/wp-content\/blogs.dir\/6\/files\/sites\/186\/2020\/03\/i-de-info-300x300.jpg 300w, https:\/\/ccoo.app\/diputacio-de-barcelona\/wp-content\/blogs.dir\/6\/files\/sites\/186\/2020\/03\/i-de-info-150x150.jpg 150w, https:\/\/ccoo.app\/diputacio-de-barcelona\/wp-content\/blogs.dir\/6\/files\/sites\/186\/2020\/03\/i-de-info.jpg 626w\" sizes=\"auto, (max-width: 87px) 100vw, 87px\" \/><\/p>\n<p style=\"text-align: center\"><span style=\"font-family: 'arial black', sans-serif;font-size: 20px;color: #ffff00;background-color: #ff0000\">TOTA LA INFORMACI\u00d3 QUE NECESSITES<\/span><\/p>\n<p style=\"text-align: justify\"><span style=\"color: #000000;font-family: arial, helvetica, sans-serif\"><span style=\"background-color: #ffffff\">La <span style=\"font-family: 'arial black', sans-serif;background-color: #ffff00\">SECCI\u00d3 SINDICAL DE CCOO<\/span><\/span><strong> seguim treballant<\/strong> (de manera telem\u00e0tica) per poder <strong>donar resposta a tots els dubtes<\/strong> que tingueu o <strong>solucionar els problemes que es puguin generar.<\/strong><\/span><\/p>\n<p style=\"text-align: center\"><a href=\"mailto:ccoo@diba.cat\"><span style=\"color: #0000ff;font-family: 'arial black', sans-serif\"><strong>ccoo@diba.cat<\/strong><\/span><\/a><\/p>\n<p style=\"text-align: center\"><span style=\"font-family: 'arial black', sans-serif\"><a href=\"mailto:orgt.ssccoo@diba.cat\">orgt.ssccoo@diba.cat<\/a><\/span><\/p>\n<p><span style=\"font-family: arial, helvetica, sans-serif;color: #000000\">Podeu fer-nos arribar les vostres preguntes o dubtes. O si ho desitgeu, deixeu el vostre n\u00famero de tel\u00e8fon i ens posarem en contacte amb vosaltres.<\/span><\/p>\n<p><span style=\"font-family: arial, helvetica, sans-serif;color: #000000\">Tamb\u00e9 obtindreu informaci\u00f3 dia a dia a les xarxes socials: <span style=\"color: #0000ff;font-family: 'arial black', sans-serif\"><a style=\"color: #0000ff\" href=\"https:\/\/twitter.com\/CCOODiba\">Twitter<\/a><\/span> i <span style=\"font-family: 'arial black', sans-serif;color: #0000ff\"><a style=\"color: #0000ff\" href=\"https:\/\/www.facebook.com\/CcooDiputacioDeBarcelona\/\">Facebook.<\/a><\/span><\/span><\/p>\n<p style=\"text-align: justify\"><span style=\"font-family: arial, helvetica, sans-serif;color: #000000\">Recordeu que actualitzem constantment la nostra p\u00e0gina <span style=\"font-family: 'arial black', sans-serif;color: #0000ff\"><a style=\"color: #0000ff\" href=\"https:\/\/diba.ccoo.cat\/\">web<\/a><\/span><\/span><\/p>\n<p>&nbsp;<\/p>\n<p><img loading=\"lazy\" decoding=\"async\" class=\"wp-image-5130 aligncenter\" src=\"http:\/\/ccoo.app\/diputacio-de-barcelona\/wp-content\/blogs.dir\/6\/files\/sites\/186\/2020\/03\/diba-300x300.jpg\" alt=\"\" width=\"102\" height=\"102\" srcset=\"https:\/\/ccoo.app\/diputacio-de-barcelona\/wp-content\/blogs.dir\/6\/files\/sites\/186\/2020\/03\/diba-300x300.jpg 300w, https:\/\/ccoo.app\/diputacio-de-barcelona\/wp-content\/blogs.dir\/6\/files\/sites\/186\/2020\/03\/diba-150x150.jpg 150w, https:\/\/ccoo.app\/diputacio-de-barcelona\/wp-content\/blogs.dir\/6\/files\/sites\/186\/2020\/03\/diba.jpg 400w\" sizes=\"auto, (max-width: 102px) 100vw, 102px\" \/><\/p>\n<p style=\"text-align: justify\"><span style=\"color: #000000;font-family: arial, helvetica, sans-serif\"><span style=\"font-family: 'arial black', sans-serif;background-color: #ffff00\">INFORMACI\u00d3 CORPORATIVA<\/span> En termes generals \u00e9s important que:<\/span><\/p>\n<ul style=\"text-align: justify\">\n<li><span style=\"color: #000000;font-family: arial, helvetica, sans-serif\">Us mantingueu informats de les directrius i mesures que vagi adoptant la Diputaci\u00f3 de Barcelona mitjan\u00e7ant <strong>correu corporatiu<\/strong> i <strong>intradiba<\/strong> (<a href=\"https:\/\/dibaaps.diba.cat\/vus\/login.asp\"><span style=\"font-family: 'arial black', sans-serif;color: #0000ff\">cliqueu aqu\u00ed<\/span><\/a>)<\/span><\/li>\n<li><span style=\"color: #000000;font-family: arial, helvetica, sans-serif\">Estigueu pendents CONSTANTMENT de les directrius que us puguin fer arribar el vostres comandaments<\/span><\/li>\n<\/ul>\n<p>&nbsp;<\/p>\n<p><img loading=\"lazy\" decoding=\"async\" class=\"wp-image-5131 aligncenter\" src=\"http:\/\/ccoo.app\/diputacio-de-barcelona\/wp-content\/blogs.dir\/6\/files\/sites\/186\/2020\/03\/ccoo-catalunya-300x123.jpg\" alt=\"\" width=\"193\" height=\"79\" srcset=\"https:\/\/ccoo.app\/diputacio-de-barcelona\/wp-content\/blogs.dir\/6\/files\/sites\/186\/2020\/03\/ccoo-catalunya-300x123.jpg 300w, https:\/\/ccoo.app\/diputacio-de-barcelona\/wp-content\/blogs.dir\/6\/files\/sites\/186\/2020\/03\/ccoo-catalunya.jpg 350w\" sizes=\"auto, (max-width: 193px) 100vw, 193px\" \/><\/p>\n<p><span style=\"font-family: 'arial black', sans-serif;background-color: #ffff00;color: #000000\">TOTA LA INFORMACI\u00d3 A CCOO CATALUNYA<\/span><\/p>\n<ul>\n<li><span class=\"css-901oao css-16my406 r-1qd0xha r-ad9z0x r-bcqeeo r-qvutc0\" style=\"color: #000000\"><span style=\"font-family: arial, helvetica, sans-serif\">Preguntes freq\u00fcents sobre el Coronavirus i l&#8217;\u00e0mbit laboral:<\/span> <\/span>\u00a0<span style=\"font-family: 'arial black', sans-serif;color: #0000ff\"><a class=\"css-4rbku5 css-18t94o4 css-901oao css-16my406 r-1n1174f r-1loqt21 r-1qd0xha r-ad9z0x r-bcqeeo r-qvutc0\" style=\"color: #0000ff\" title=\"http:\/\/consultacoronavirus.ccoo.cat\" role=\"link\" href=\"https:\/\/t.co\/Xrpj3V7Bz3?amp=1\" target=\"_blank\" rel=\"noopener noreferrer\" data-focusable=\"true\"><span class=\"css-901oao css-16my406 r-1qd0xha r-hiw28u r-ad9z0x r-bcqeeo r-qvutc0\" aria-hidden=\"true\">http:\/\/<\/span>consultacoronavirus.ccoo.cat<\/a> <\/span><\/li>\n<li><span style=\"font-family: arial, helvetica, sans-serif;color: #000000\">Recull de totes les informacions ordenades sobre <\/span><strong><span style=\"font-family: arial, helvetica, sans-serif;color: #000000\">l&#8217;evoluci\u00f3 del coronavirus COVID-19 respecte del m\u00f3n del treball: <\/span><span style=\"font-family: 'arial black', sans-serif;color: #0000ff\"><a style=\"color: #0000ff\" href=\"https:\/\/www.ccoo.cat\/aspnet\/coronavirus.aspx\">https:\/\/www.ccoo.cat\/aspnet\/coronavirus.aspx<\/a><\/span><\/strong><\/li>\n<\/ul>\n<p>&nbsp;<\/p>\n<p style=\"text-align: center\"><span style=\"font-family: 'comic sans ms', sans-serif;font-size: 24px;background-color: #ffff00;color: #ff0000\"><strong>Tot i que no ens podem tocar, estem junts<\/strong><\/span><\/p>\n<p style=\"text-align: center\"><span style=\"font-family: 'comic sans ms', sans-serif;font-size: 24px;color: #0000ff\"><strong>(<a style=\"color: #0000ff\" href=\"https:\/\/www.youtube.com\/watch?v=rKrw7OFWXoI\">cliqueu aqu\u00ed per veure v\u00eddeo<\/a>)<\/strong><\/span><\/p>\n<p>&nbsp;<\/p>\n<p><a href=\"https:\/\/diba.ccoo.cat\/ccoo-torna-a-ser-primer-sindicat-a-catalunya\/\"><img loading=\"lazy\" decoding=\"async\" class=\"size-medium wp-image-4877 aligncenter\" src=\"http:\/\/ccoo.app\/diputacio-de-barcelona\/wp-content\/blogs.dir\/6\/files\/sites\/186\/2020\/01\/ccoo-primer-sindicat-catalunya-300x117.jpg\" alt=\"\" width=\"300\" height=\"117\" srcset=\"https:\/\/ccoo.app\/diputacio-de-barcelona\/wp-content\/blogs.dir\/6\/files\/sites\/186\/2020\/01\/ccoo-primer-sindicat-catalunya-300x117.jpg 300w, https:\/\/ccoo.app\/diputacio-de-barcelona\/wp-content\/blogs.dir\/6\/files\/sites\/186\/2020\/01\/ccoo-primer-sindicat-catalunya.jpg 490w\" sizes=\"auto, (max-width: 300px) 100vw, 300px\" \/><\/a><\/p>\n<p><a href=\"https:\/\/www.ccoo.es\/noticia:391405\"><img loading=\"lazy\" decoding=\"async\" class=\"size-medium wp-image-4878 aligncenter\" src=\"http:\/\/ccoo.app\/diputacio-de-barcelona\/wp-content\/blogs.dir\/6\/files\/sites\/186\/2020\/01\/ccoo-primer-sindicat-a-espana-300x91.jpg\" alt=\"\" width=\"300\" height=\"91\" srcset=\"https:\/\/ccoo.app\/diputacio-de-barcelona\/wp-content\/blogs.dir\/6\/files\/sites\/186\/2020\/01\/ccoo-primer-sindicat-a-espana-300x91.jpg 300w, https:\/\/ccoo.app\/diputacio-de-barcelona\/wp-content\/blogs.dir\/6\/files\/sites\/186\/2020\/01\/ccoo-primer-sindicat-a-espana.jpg 477w\" sizes=\"auto, (max-width: 300px) 100vw, 300px\" \/><\/a><\/p>\n<p><a href=\"https:\/\/www.ccoo.cat\/noticia\/224842\/ccoo-lliura-els-seus-comptes-auditats-del-2018-a-la-sindicatura-de-comptes-de-catalunya#.XjRZA-mWycz\"><img loading=\"lazy\" decoding=\"async\" class=\"size-medium wp-image-4879 aligncenter\" src=\"http:\/\/ccoo.app\/diputacio-de-barcelona\/wp-content\/blogs.dir\/6\/files\/sites\/186\/2020\/01\/ccoo-primer-sindicat-sindicatura-300x95.jpg\" alt=\"\" width=\"300\" height=\"95\" srcset=\"https:\/\/ccoo.app\/diputacio-de-barcelona\/wp-content\/blogs.dir\/6\/files\/sites\/186\/2020\/01\/ccoo-primer-sindicat-sindicatura-300x95.jpg 300w, https:\/\/ccoo.app\/diputacio-de-barcelona\/wp-content\/blogs.dir\/6\/files\/sites\/186\/2020\/01\/ccoo-primer-sindicat-sindicatura.jpg 476w\" sizes=\"auto, (max-width: 300px) 100vw, 300px\" \/><\/a><\/p>\n<p>&nbsp;<\/p>\n<p>&nbsp;<\/p>\n<p>&nbsp;<\/p>\n<p>&nbsp;<\/p>\n<p>&nbsp;<\/p>\n<p>&nbsp;<\/p>\n<p>&nbsp;<\/p>\n<p>&nbsp;<\/p>\n<p>&nbsp;<\/p>\n<p>&nbsp;<\/p>\n<p>&nbsp;<\/p>\n<p>&nbsp;<\/p>\n<p>&nbsp;<\/p>\n<p>&nbsp;<\/p>\n<p>&nbsp;<\/p>\n<p>&nbsp;<\/p>\n<p>&nbsp;<\/p>\n<p>&nbsp;    \t<\/p>\n","protected":false},"excerpt":{"rendered":"<p>\u00a0 NOU CRITERI D&#8217;ACTUACI\u00d3 EN EL CAS DE PERSONES VULNERABLES DAVANT EL RISC DE CONTAGI PER COVID-19\u00a0 -26 DE MAR\u00c7 2020- Avui hem enviat a tota la plantilla una guia &#8230; <\/p>\n<p class=\"read-more-container\"><a title=\"16\/COVID-19. ENVIEM DOCUMENT A DIBA AMB EL NOU CRITERI D&#8217;ACTUACI\u00d3 EN EL CAS DE PERSONES VULNERABLES\" class=\"read-more button\" href=\"https:\/\/ccoo.app\/diputacio-de-barcelona\/nviem-document-amb-el-nou-criteri\/#more-5191\" aria-label=\"Leer m\u00e1s sobre 16\/COVID-19. ENVIEM DOCUMENT A DIBA AMB EL NOU CRITERI D&#8217;ACTUACI\u00d3 EN EL CAS DE PERSONES VULNERABLES\">Continuar llegint<\/a><\/p>\n","protected":false},"author":4519,"featured_media":5227,"comment_status":"open","ping_status":"open","sticky":false,"template":"","format":"standard","meta":{"footnotes":""},"categories":[38,19,23,34,35],"tags":[89,127],"class_list":["post-5191","post","type-post","status-publish","format-standard","has-post-thumbnail","hentry","category-a-tot-el-personal","category-comunicats","category-informacio-general","category-respir","category-salut-laboral","tag-coronavirus","tag-its","generate-columns","tablet-grid-50","mobile-grid-100","grid-parent","grid-50"],"_links":{"self":[{"href":"https:\/\/ccoo.app\/diputacio-de-barcelona\/wp-json\/wp\/v2\/posts\/5191","targetHints":{"allow":["GET"]}}],"collection":[{"href":"https:\/\/ccoo.app\/diputacio-de-barcelona\/wp-json\/wp\/v2\/posts"}],"about":[{"href":"https:\/\/ccoo.app\/diputacio-de-barcelona\/wp-json\/wp\/v2\/types\/post"}],"author":[{"embeddable":true,"href":"https:\/\/ccoo.app\/diputacio-de-barcelona\/wp-json\/wp\/v2\/users\/4519"}],"replies":[{"embeddable":true,"href":"https:\/\/ccoo.app\/diputacio-de-barcelona\/wp-json\/wp\/v2\/comments?post=5191"}],"version-history":[{"count":1,"href":"https:\/\/ccoo.app\/diputacio-de-barcelona\/wp-json\/wp\/v2\/posts\/5191\/revisions"}],"predecessor-version":[{"id":51872,"href":"https:\/\/ccoo.app\/diputacio-de-barcelona\/wp-json\/wp\/v2\/posts\/5191\/revisions\/51872"}],"wp:featuredmedia":[{"embeddable":true,"href":"https:\/\/ccoo.app\/diputacio-de-barcelona\/wp-json\/wp\/v2\/media\/5227"}],"wp:attachment":[{"href":"https:\/\/ccoo.app\/diputacio-de-barcelona\/wp-json\/wp\/v2\/media?parent=5191"}],"wp:term":[{"taxonomy":"category","embeddable":true,"href":"https:\/\/ccoo.app\/diputacio-de-barcelona\/wp-json\/wp\/v2\/categories?post=5191"},{"taxonomy":"post_tag","embeddable":true,"href":"https:\/\/ccoo.app\/diputacio-de-barcelona\/wp-json\/wp\/v2\/tags?post=5191"}],"curies":[{"name":"wp","href":"https:\/\/api.w.org\/{rel}","templated":true}]}}