{"id":51687,"date":"2023-02-20T08:00:00","date_gmt":"2023-02-20T07:00:00","guid":{"rendered":"https:\/\/ccoo.app\/diputacio-de-barcelona\/?p=51687"},"modified":"2023-10-17T14:04:53","modified_gmt":"2023-10-17T12:04:53","slug":"assemblees-generals","status":"publish","type":"post","link":"https:\/\/ccoo.app\/diputacio-de-barcelona\/assemblees-generals\/","title":{"rendered":"Assemblees generals 20\/02 \u00b7 24\/02"},"content":{"rendered":"\n<div style=\"height:30px\" aria-hidden=\"true\" class=\"wp-block-spacer\"><\/div>\n\n\n\n<h4 class=\"gb-headline gb-headline-c33f0a59 gb-headline-text\"><strong>SETMANA DEL 20 DE FEBRER AL 24 DE FEBRER<\/strong><\/h4>\n\n\n\n<div style=\"height:30px\" aria-hidden=\"true\" class=\"wp-block-spacer\"><\/div>\n\n\n\n<p>Adre\u00e7ades&nbsp;<strong>a tota la plantilla de la Diputaci\u00f3 de Barcelona<\/strong>&nbsp;en els diferents centres de treball.&nbsp;<strong>S\u00f3n assemblees personalitzades a cada centre de treball<\/strong>&nbsp;i resta autoritzada l\u2019assist\u00e8ncia dels treballadors i treballadores adscrits a cada centre de treball.<\/p>\n\n\n\n<p><strong>Properament anirem realitzant assemblees a altres centres de treball.&nbsp;Us anirem informant.<\/strong><\/p>\n\n\n\n<p><strong>ORDRE DEL DIA:<\/strong><strong><\/strong><\/p>\n\n\n\n<ul class=\"is-style-arrow wp-block-list\">\n<li>ESTAT DE LA NEGOCIACI\u00d3 COL\u00b7LECTIVA<\/li>\n\n\n\n<li>PRECS I PREGUNTES<\/li>\n<\/ul>\n\n\n\n<div style=\"height:10px\" aria-hidden=\"true\" class=\"wp-block-spacer\"><\/div>\n\n\n\n<figure class=\"wp-block-table\"><table><tbody><tr><td class=\"has-text-align-center\" data-align=\"center\"><strong>DIMECRES<\/strong><br><strong>22 DE FEBRER<\/strong><\/td><td class=\"has-text-align-center\" data-align=\"center\"><strong>ESCOLA INDUSTRIAL &#8211; LONDRES &#8211; TORRIBERA<\/strong><br><strong>(Sala S6 edifici 25 planta -1)<\/strong><br><strong><em><u>Semipresencial<\/u><\/em><\/strong><br><a rel=\"noreferrer noopener\" href=\"https:\/\/teams.microsoft.com\/l\/meetup-join\/19%3ameeting_MWM1YTFmOTItOTQ5Ny00NjFhLWFkYzItODAzOTBmNzhiOTli%40thread.v2\/0?context=%7b%22Tid%22%3a%22aa01e5b0-699e-4538-8596-e820ccf95d45%22%2c%22Oid%22%3a%228d0a4642-a5b0-450a-9ffa-45f8336996c2%22%7d\" target=\"_blank\">Feu clic aqu\u00ed per unir-vos a la reuni\u00f3<\/a><\/td><td class=\"has-text-align-center\" data-align=\"center\"><strong>12:00 \u2013 14:00<\/strong><strong><\/strong><\/td><\/tr><tr><td class=\"has-text-align-center\" data-align=\"center\"><strong>DIJOUS<\/strong><br><strong>23 DE FEBRER<\/strong><\/td><td class=\"has-text-align-center\" data-align=\"center\"><strong>MATERNITAT \u2013 DIBA&nbsp;[ CANVI D\u2019AULA ]<\/strong><br><strong>(Aula formaci\u00f3 planta -1 pavell\u00f3 Mestral)<\/strong><br><strong><em><u>Semipresencial<\/u><\/em><\/strong><br><a href=\"https:\/\/teams.microsoft.com\/l\/meetup-join\/19%3ameeting_NzVlOGFmNWUtY2E4ZC00NDA2LWI0NzgtZWQ5MDYyZWRkNjBj%40thread.v2\/0?context=%7b%22Tid%22%3a%22aa01e5b0-699e-4538-8596-e820ccf95d45%22%2c%22Oid%22%3a%228d0a4642-a5b0-450a-9ffa-45f8336996c2%22%7d\" target=\"_blank\" rel=\"noreferrer noopener\" class=\"ek-link\">Feu clic aqu\u00ed per unir-vos a la reuni\u00f3<\/a><\/td><td class=\"has-text-align-center\" data-align=\"center\"><strong>10:00 \u2013 12:00<\/strong><strong><\/strong><\/td><\/tr><tr><td class=\"has-text-align-center\" data-align=\"center\"><strong>DIJOUS<\/strong><br><strong>23 DE FEBRER<\/strong><\/td><td class=\"has-text-align-center\" data-align=\"center\"><strong>MATERNITAT \u2013 ORGT<\/strong><br><strong>(Aula formaci\u00f3 planta -1 pavell\u00f3 Mestral)<\/strong><br><strong><em><u>Semipresencial<\/u><\/em><\/strong><br><a rel=\"noreferrer noopener\" href=\"https:\/\/teams.microsoft.com\/l\/meetup-join\/19%3ameeting_MjdkOWNlMzYtYjllOS00ZjI0LWE0NzMtNWZmZGFhOWQ3NDI2%40thread.v2\/0?context=%7b%22Tid%22%3a%22aa01e5b0-699e-4538-8596-e820ccf95d45%22%2c%22Oid%22%3a%228d0a4642-a5b0-450a-9ffa-45f8336996c2%22%7d\" target=\"_blank\">Feu clic aqu\u00ed per unir-vos a la reuni\u00f3<\/a><\/td><td class=\"has-text-align-center\" data-align=\"center\"><strong>12:30 \u2013 14:30<\/strong><strong><\/strong><\/td><\/tr><\/tbody><\/table><\/figure>\n\n\n\n<p class=\"has-text-align-center\">\u00c9s una assemblea autoritzada i s\u2019ha de justificar<br>amb<strong>&nbsp;<\/strong><strong>el<\/strong><strong>&nbsp;<\/strong><strong>CODI D\u2019INCID\u00c8NCIA&nbsp;<u>562<\/u>&nbsp;<\/strong>o<strong>&nbsp;<u>GESTI\u00d3 RA\u00d3 DEL SERVEI<\/u><\/strong><\/p>\n\n\n\n<div class=\"wp-block-group\"><div class=\"wp-block-group__inner-container is-layout-constrained wp-block-group-is-layout-constrained\"><div class=\"gb-grid-wrapper gb-grid-wrapper-d65739e2\">\n<div class=\"gb-grid-column gb-grid-column-ecc8725d\"><div class=\"gb-container gb-container-ecc8725d\"><div class=\"gb-inside-container\">\n<div class=\"wp-block-image\">\n<figure class=\"aligncenter size-full\"><img loading=\"lazy\" decoding=\"async\" width=\"129\" height=\"38\" src=\"https:\/\/ccoo.app\/diputacio-de-barcelona\/wp-content\/blogs.dir\/6\/files\/sites\/186\/2022\/03\/tel.png\" alt=\"Tel\" class=\"wp-image-49915\" \/><\/figure>\n<\/div>\n<\/div><\/div><\/div>\n\n<div class=\"gb-grid-column gb-grid-column-4c28778f\"><div class=\"gb-container gb-container-4c28778f\"><div class=\"gb-inside-container\">\n<div class=\"wp-block-image\">\n<figure class=\"aligncenter size-full\"><a href=\"mailto:ccoo@diba.cat\"><img loading=\"lazy\" decoding=\"async\" width=\"51\" height=\"37\" src=\"https:\/\/ccoo.app\/diputacio-de-barcelona\/wp-content\/blogs.dir\/6\/files\/sites\/186\/2022\/03\/mail.png\" alt=\"Mail\" class=\"wp-image-49916\" \/><\/a><\/figure>\n<\/div>\n<\/div><\/div><\/div>\n\n<div class=\"gb-grid-column gb-grid-column-c6cc0957\"><div class=\"gb-container gb-container-c6cc0957\"><div class=\"gb-inside-container\">\n<div class=\"wp-block-image\">\n<figure class=\"aligncenter size-full\"><a href=\"https:\/\/twitter.com\/ccoodiba\"><img loading=\"lazy\" decoding=\"async\" width=\"44\" height=\"38\" src=\"https:\/\/ccoo.app\/diputacio-de-barcelona\/wp-content\/blogs.dir\/6\/files\/sites\/186\/2022\/03\/tw.png\" alt=\"Tw\" class=\"wp-image-49917\" \/><\/a><\/figure>\n<\/div>\n<\/div><\/div><\/div>\n\n<div class=\"gb-grid-column gb-grid-column-1598237d\"><div class=\"gb-container gb-container-1598237d\"><div class=\"gb-inside-container\">\n<div class=\"wp-block-image\">\n<figure class=\"aligncenter size-full\"><a href=\"https:\/\/www.instagram.com\/ccoo_diba\/\"><img loading=\"lazy\" decoding=\"async\" width=\"45\" height=\"44\" src=\"https:\/\/ccoo.app\/diputacio-de-barcelona\/wp-content\/blogs.dir\/6\/files\/sites\/186\/2022\/03\/ig.png\" alt=\"Ig\" class=\"wp-image-49918\" \/><\/a><\/figure>\n<\/div>\n<\/div><\/div><\/div>\n\n<div class=\"gb-grid-column gb-grid-column-2db731fe\"><div class=\"gb-container gb-container-2db731fe\"><div class=\"gb-inside-container\">\n<div class=\"wp-block-image\">\n<figure class=\"aligncenter size-full\"><a href=\"https:\/\/ccoo.app\/diputacio-de-barcelona\"><img loading=\"lazy\" decoding=\"async\" width=\"39\" height=\"40\" src=\"https:\/\/ccoo.app\/diputacio-de-barcelona\/wp-content\/blogs.dir\/6\/files\/sites\/186\/2022\/03\/www.png\" alt=\"Www\" class=\"wp-image-49919\" \/><\/a><\/figure>\n<\/div>\n<\/div><\/div><\/div>\n\n<div class=\"gb-grid-column gb-grid-column-f3651540\"><div class=\"gb-container gb-container-f3651540\"><div class=\"gb-inside-container\">\n<div class=\"wp-block-image\">\n<figure class=\"aligncenter size-full is-resized\"><a href=\"https:\/\/www.ccoo.cat\/afiliat\/?_sfm_aff_situation=94\"><img loading=\"lazy\" decoding=\"async\" src=\"https:\/\/ccoo.app\/diputacio-de-barcelona\/wp-content\/blogs.dir\/6\/files\/sites\/186\/2022\/03\/af.png\" alt=\"Af\" class=\"wp-image-49920\" width=\"125\" height=\"38\" \/><\/a><\/figure>\n<\/div>\n<\/div><\/div><\/div>\n<\/div><\/div><\/div>\n","protected":false},"excerpt":{"rendered":"<p>SETMANA DEL 20 DE FEBRER AL 24 DE FEBRER Adre\u00e7ades&nbsp;a tota la plantilla de la Diputaci\u00f3 de Barcelona&nbsp;en els diferents centres de treball.&nbsp;S\u00f3n assemblees personalitzades a cada centre de treball&nbsp;i &#8230; <\/p>\n<p class=\"read-more-container\"><a title=\"Assemblees generals 20\/02 \u00b7 24\/02\" class=\"read-more button\" href=\"https:\/\/ccoo.app\/diputacio-de-barcelona\/assemblees-generals\/#more-51687\" aria-label=\"Leer m\u00e1s sobre Assemblees generals 20\/02 \u00b7 24\/02\">Continuar llegint<\/a><\/p>\n","protected":false},"author":88639,"featured_media":51750,"comment_status":"closed","ping_status":"closed","sticky":false,"template":"","format":"standard","meta":{"footnotes":""},"categories":[250],"tags":[],"class_list":["post-51687","post","type-post","status-publish","format-standard","has-post-thumbnail","hentry","category-assemblees","generate-columns","tablet-grid-50","mobile-grid-100","grid-parent","grid-50"],"_links":{"self":[{"href":"https:\/\/ccoo.app\/diputacio-de-barcelona\/wp-json\/wp\/v2\/posts\/51687","targetHints":{"allow":["GET"]}}],"collection":[{"href":"https:\/\/ccoo.app\/diputacio-de-barcelona\/wp-json\/wp\/v2\/posts"}],"about":[{"href":"https:\/\/ccoo.app\/diputacio-de-barcelona\/wp-json\/wp\/v2\/types\/post"}],"author":[{"embeddable":true,"href":"https:\/\/ccoo.app\/diputacio-de-barcelona\/wp-json\/wp\/v2\/users\/88639"}],"replies":[{"embeddable":true,"href":"https:\/\/ccoo.app\/diputacio-de-barcelona\/wp-json\/wp\/v2\/comments?post=51687"}],"version-history":[{"count":4,"href":"https:\/\/ccoo.app\/diputacio-de-barcelona\/wp-json\/wp\/v2\/posts\/51687\/revisions"}],"predecessor-version":[{"id":51711,"href":"https:\/\/ccoo.app\/diputacio-de-barcelona\/wp-json\/wp\/v2\/posts\/51687\/revisions\/51711"}],"wp:featuredmedia":[{"embeddable":true,"href":"https:\/\/ccoo.app\/diputacio-de-barcelona\/wp-json\/wp\/v2\/media\/51750"}],"wp:attachment":[{"href":"https:\/\/ccoo.app\/diputacio-de-barcelona\/wp-json\/wp\/v2\/media?parent=51687"}],"wp:term":[{"taxonomy":"category","embeddable":true,"href":"https:\/\/ccoo.app\/diputacio-de-barcelona\/wp-json\/wp\/v2\/categories?post=51687"},{"taxonomy":"post_tag","embeddable":true,"href":"https:\/\/ccoo.app\/diputacio-de-barcelona\/wp-json\/wp\/v2\/tags?post=51687"}],"curies":[{"name":"wp","href":"https:\/\/api.w.org\/{rel}","templated":true}]}}