{"id":51623,"date":"2023-02-21T10:39:20","date_gmt":"2023-02-21T09:39:20","guid":{"rendered":"https:\/\/ccoo.app\/diputacio-de-barcelona\/?p=51623"},"modified":"2023-10-17T14:04:52","modified_gmt":"2023-10-17T12:04:52","slug":"com-ha-de-protegir-lempresa-la-meva-salut-en-el-treball","status":"publish","type":"post","link":"https:\/\/ccoo.app\/diputacio-de-barcelona\/com-ha-de-protegir-lempresa-la-meva-salut-en-el-treball\/","title":{"rendered":"Com ha de protegir l&#8217;empresa la meva salut en el treball?"},"content":{"rendered":"\n<div style=\"height:50px\" aria-hidden=\"true\" class=\"wp-block-spacer\"><\/div>\n\n\n\n<figure class=\"gb-block-image gb-block-image-1a6c7b2d\"><img loading=\"lazy\" decoding=\"async\" width=\"1024\" height=\"1024\" class=\"gb-image gb-image-1a6c7b2d\" src=\"https:\/\/ccoo.app\/diputacio-de-barcelona\/wp-content\/blogs.dir\/6\/files\/sites\/186\/2023\/02\/02-pindola-informativa-proteccio-empresa-num_500-1.jpg\" alt=\"Pindola Informativa Salut Laboral\" title=\"Pindola Informativa Salut Laboral\" srcset=\"https:\/\/ccoo.app\/diputacio-de-barcelona\/wp-content\/blogs.dir\/6\/files\/sites\/186\/2023\/02\/02-pindola-informativa-proteccio-empresa-num_500-1.jpg 1024w, https:\/\/ccoo.app\/diputacio-de-barcelona\/wp-content\/blogs.dir\/6\/files\/sites\/186\/2023\/02\/02-pindola-informativa-proteccio-empresa-num_500-1-300x300.jpg 300w, https:\/\/ccoo.app\/diputacio-de-barcelona\/wp-content\/blogs.dir\/6\/files\/sites\/186\/2023\/02\/02-pindola-informativa-proteccio-empresa-num_500-1-150x150.jpg 150w, https:\/\/ccoo.app\/diputacio-de-barcelona\/wp-content\/blogs.dir\/6\/files\/sites\/186\/2023\/02\/02-pindola-informativa-proteccio-empresa-num_500-1-768x768.jpg 768w\" sizes=\"auto, (max-width: 1024px) 100vw, 1024px\" \/><\/figure>\n\n\n\n<div style=\"height:25px\" aria-hidden=\"true\" class=\"wp-block-spacer\"><\/div>\n\n\n\n<p>El treball comporta activitats que poden ser potencialment perilloses i que de vegades originen<strong> riscos per a la seguretat i la salut de les persones treballadores<\/strong>. Alguns d\u2019aquests riscos s\u00f3n visibles, d\u2019altres, invisibles. Alguns poden tenir conseq\u00fc\u00e8ncies lleus, per\u00f2 d\u2019altres poden ser molt greus o mortals i es poden manifestar a curt, a mitj\u00e0 i a llarg termini.<\/p>\n\n\n\n<p>De vegades hi ha riscos que no veiem, per\u00f2 que l\u2019evid\u00e8ncia cient\u00edfica ens demostra que existeixen, encara que no es percebin en el moment i que els seus efectes perniciosos no es manifestin immediatament.<\/p>\n\n\n\n<div style=\"height:25px\" aria-hidden=\"true\" class=\"wp-block-spacer\"><\/div>\n\n\n\n<figure class=\"wp-block-image size-large\"><img loading=\"lazy\" decoding=\"async\" width=\"1024\" height=\"1024\" src=\"https:\/\/ccoo.app\/diputacio-de-barcelona\/wp-content\/blogs.dir\/6\/files\/sites\/186\/2023\/02\/pindola-com-ha-de-protegir-empresa-la-meva-salut-en-el-treball-1-1024x1024.jpg\" alt=\"Pindola Com Ha De Protegir Empresa La Meva Salut En El Treball 1\" class=\"wp-image-51625\" srcset=\"https:\/\/ccoo.app\/diputacio-de-barcelona\/wp-content\/blogs.dir\/6\/files\/sites\/186\/2023\/02\/pindola-com-ha-de-protegir-empresa-la-meva-salut-en-el-treball-1-1024x1024.jpg 1024w, https:\/\/ccoo.app\/diputacio-de-barcelona\/wp-content\/blogs.dir\/6\/files\/sites\/186\/2023\/02\/pindola-com-ha-de-protegir-empresa-la-meva-salut-en-el-treball-1-300x300.jpg 300w, https:\/\/ccoo.app\/diputacio-de-barcelona\/wp-content\/blogs.dir\/6\/files\/sites\/186\/2023\/02\/pindola-com-ha-de-protegir-empresa-la-meva-salut-en-el-treball-1-150x150.jpg 150w, https:\/\/ccoo.app\/diputacio-de-barcelona\/wp-content\/blogs.dir\/6\/files\/sites\/186\/2023\/02\/pindola-com-ha-de-protegir-empresa-la-meva-salut-en-el-treball-1-768x768.jpg 768w, https:\/\/ccoo.app\/diputacio-de-barcelona\/wp-content\/blogs.dir\/6\/files\/sites\/186\/2023\/02\/pindola-com-ha-de-protegir-empresa-la-meva-salut-en-el-treball-1.jpg 1440w\" sizes=\"auto, (max-width: 1024px) 100vw, 1024px\" \/><\/figure>\n\n\n\n<figure class=\"wp-block-image size-large\"><img loading=\"lazy\" decoding=\"async\" width=\"1024\" height=\"1024\" src=\"https:\/\/ccoo.app\/diputacio-de-barcelona\/wp-content\/blogs.dir\/6\/files\/sites\/186\/2023\/02\/pindola-com-ha-de-protegir-empresa-la-meva-salut-en-el-treball-2-1024x1024.jpg\" alt=\"Pindola Com Ha De Protegir Empresa La Meva Salut En El Treball 2\" class=\"wp-image-51627\" srcset=\"https:\/\/ccoo.app\/diputacio-de-barcelona\/wp-content\/blogs.dir\/6\/files\/sites\/186\/2023\/02\/pindola-com-ha-de-protegir-empresa-la-meva-salut-en-el-treball-2-1024x1024.jpg 1024w, https:\/\/ccoo.app\/diputacio-de-barcelona\/wp-content\/blogs.dir\/6\/files\/sites\/186\/2023\/02\/pindola-com-ha-de-protegir-empresa-la-meva-salut-en-el-treball-2-300x300.jpg 300w, https:\/\/ccoo.app\/diputacio-de-barcelona\/wp-content\/blogs.dir\/6\/files\/sites\/186\/2023\/02\/pindola-com-ha-de-protegir-empresa-la-meva-salut-en-el-treball-2-150x150.jpg 150w, https:\/\/ccoo.app\/diputacio-de-barcelona\/wp-content\/blogs.dir\/6\/files\/sites\/186\/2023\/02\/pindola-com-ha-de-protegir-empresa-la-meva-salut-en-el-treball-2-768x768.jpg 768w, https:\/\/ccoo.app\/diputacio-de-barcelona\/wp-content\/blogs.dir\/6\/files\/sites\/186\/2023\/02\/pindola-com-ha-de-protegir-empresa-la-meva-salut-en-el-treball-2.jpg 1440w\" sizes=\"auto, (max-width: 1024px) 100vw, 1024px\" \/><\/figure>\n\n\n\n<figure class=\"wp-block-image size-large\"><img loading=\"lazy\" decoding=\"async\" width=\"1024\" height=\"1024\" src=\"https:\/\/ccoo.app\/diputacio-de-barcelona\/wp-content\/blogs.dir\/6\/files\/sites\/186\/2023\/02\/pindola-com-ha-de-protegir-empresa-la-meva-salut-en-el-treball-3-1024x1024.jpg\" alt=\"Pindola Com Ha De Protegir Empresa La Meva Salut En El Treball 3\" class=\"wp-image-51628\" srcset=\"https:\/\/ccoo.app\/diputacio-de-barcelona\/wp-content\/blogs.dir\/6\/files\/sites\/186\/2023\/02\/pindola-com-ha-de-protegir-empresa-la-meva-salut-en-el-treball-3-1024x1024.jpg 1024w, https:\/\/ccoo.app\/diputacio-de-barcelona\/wp-content\/blogs.dir\/6\/files\/sites\/186\/2023\/02\/pindola-com-ha-de-protegir-empresa-la-meva-salut-en-el-treball-3-300x300.jpg 300w, https:\/\/ccoo.app\/diputacio-de-barcelona\/wp-content\/blogs.dir\/6\/files\/sites\/186\/2023\/02\/pindola-com-ha-de-protegir-empresa-la-meva-salut-en-el-treball-3-150x150.jpg 150w, https:\/\/ccoo.app\/diputacio-de-barcelona\/wp-content\/blogs.dir\/6\/files\/sites\/186\/2023\/02\/pindola-com-ha-de-protegir-empresa-la-meva-salut-en-el-treball-3-768x768.jpg 768w, https:\/\/ccoo.app\/diputacio-de-barcelona\/wp-content\/blogs.dir\/6\/files\/sites\/186\/2023\/02\/pindola-com-ha-de-protegir-empresa-la-meva-salut-en-el-treball-3.jpg 1440w\" sizes=\"auto, (max-width: 1024px) 100vw, 1024px\" \/><\/figure>\n\n\n\n<figure class=\"wp-block-image size-large\"><img loading=\"lazy\" decoding=\"async\" width=\"1024\" height=\"1024\" src=\"https:\/\/ccoo.app\/diputacio-de-barcelona\/wp-content\/blogs.dir\/6\/files\/sites\/186\/2023\/02\/pindola-com-ha-de-protegir-empresa-la-meva-salut-en-el-treball-4-1024x1024.jpg\" alt=\"Pindola Com Ha De Protegir Empresa La Meva Salut En El Treball 4\" class=\"wp-image-51629\" srcset=\"https:\/\/ccoo.app\/diputacio-de-barcelona\/wp-content\/blogs.dir\/6\/files\/sites\/186\/2023\/02\/pindola-com-ha-de-protegir-empresa-la-meva-salut-en-el-treball-4-1024x1024.jpg 1024w, https:\/\/ccoo.app\/diputacio-de-barcelona\/wp-content\/blogs.dir\/6\/files\/sites\/186\/2023\/02\/pindola-com-ha-de-protegir-empresa-la-meva-salut-en-el-treball-4-300x300.jpg 300w, https:\/\/ccoo.app\/diputacio-de-barcelona\/wp-content\/blogs.dir\/6\/files\/sites\/186\/2023\/02\/pindola-com-ha-de-protegir-empresa-la-meva-salut-en-el-treball-4-150x150.jpg 150w, https:\/\/ccoo.app\/diputacio-de-barcelona\/wp-content\/blogs.dir\/6\/files\/sites\/186\/2023\/02\/pindola-com-ha-de-protegir-empresa-la-meva-salut-en-el-treball-4-768x768.jpg 768w, https:\/\/ccoo.app\/diputacio-de-barcelona\/wp-content\/blogs.dir\/6\/files\/sites\/186\/2023\/02\/pindola-com-ha-de-protegir-empresa-la-meva-salut-en-el-treball-4.jpg 1440w\" sizes=\"auto, (max-width: 1024px) 100vw, 1024px\" \/><\/figure>\n\n\n\n<figure class=\"wp-block-image size-large\"><img loading=\"lazy\" decoding=\"async\" width=\"1024\" height=\"1024\" src=\"https:\/\/ccoo.app\/diputacio-de-barcelona\/wp-content\/blogs.dir\/6\/files\/sites\/186\/2023\/02\/pindola-com-ha-de-protegir-empresa-la-meva-salut-en-el-treball-5-1024x1024.jpg\" alt=\"Pindola Com Ha De Protegir Empresa La Meva Salut En El Treball 5\" class=\"wp-image-51630\" srcset=\"https:\/\/ccoo.app\/diputacio-de-barcelona\/wp-content\/blogs.dir\/6\/files\/sites\/186\/2023\/02\/pindola-com-ha-de-protegir-empresa-la-meva-salut-en-el-treball-5-1024x1024.jpg 1024w, https:\/\/ccoo.app\/diputacio-de-barcelona\/wp-content\/blogs.dir\/6\/files\/sites\/186\/2023\/02\/pindola-com-ha-de-protegir-empresa-la-meva-salut-en-el-treball-5-300x300.jpg 300w, https:\/\/ccoo.app\/diputacio-de-barcelona\/wp-content\/blogs.dir\/6\/files\/sites\/186\/2023\/02\/pindola-com-ha-de-protegir-empresa-la-meva-salut-en-el-treball-5-150x150.jpg 150w, https:\/\/ccoo.app\/diputacio-de-barcelona\/wp-content\/blogs.dir\/6\/files\/sites\/186\/2023\/02\/pindola-com-ha-de-protegir-empresa-la-meva-salut-en-el-treball-5-768x768.jpg 768w, https:\/\/ccoo.app\/diputacio-de-barcelona\/wp-content\/blogs.dir\/6\/files\/sites\/186\/2023\/02\/pindola-com-ha-de-protegir-empresa-la-meva-salut-en-el-treball-5.jpg 1440w\" sizes=\"auto, (max-width: 1024px) 100vw, 1024px\" \/><\/figure>\n\n\n\n<div style=\"height:25px\" aria-hidden=\"true\" class=\"wp-block-spacer\"><\/div>\n\n\n<div class=\"gb-container gb-container-d4283c0a\">\n<div class=\"wp-block-image\">\n<figure class=\"aligncenter size-full is-resized\"><img loading=\"lazy\" decoding=\"async\" src=\"https:\/\/ccoo.app\/diputacio-de-barcelona\/wp-content\/blogs.dir\/6\/files\/sites\/186\/2023\/04\/preguntes.png\" alt=\"Preguntes\" class=\"wp-image-52698\" width=\"128\" height=\"128\" srcset=\"https:\/\/ccoo.app\/diputacio-de-barcelona\/wp-content\/blogs.dir\/6\/files\/sites\/186\/2023\/04\/preguntes.png 512w, https:\/\/ccoo.app\/diputacio-de-barcelona\/wp-content\/blogs.dir\/6\/files\/sites\/186\/2023\/04\/preguntes-300x300.png 300w, https:\/\/ccoo.app\/diputacio-de-barcelona\/wp-content\/blogs.dir\/6\/files\/sites\/186\/2023\/04\/preguntes-150x150.png 150w\" sizes=\"auto, (max-width: 128px) 100vw, 128px\" \/><\/figure>\n<\/div>\n\n\n<div style=\"height:25px\" aria-hidden=\"true\" class=\"wp-block-spacer\"><\/div>\n\n\n\n<h3 class=\"gb-headline gb-headline-f5c8f4d8 gb-headline-text\"><strong>No et quedis mai amb el dubte,<br>contacta amb els teus delegats i delegades de CCOO<\/strong><\/h3>\n\n\n\n<div class=\"wp-block-buttons is-content-justification-center is-layout-flex wp-container-core-buttons-is-layout-16018d1d wp-block-buttons-is-layout-flex\">\n<div class=\"wp-block-button is-style-fill\"><a class=\"wp-block-button__link has-base-3-color has-contrast-2-background-color has-text-color has-background wp-element-button\" href=\"https:\/\/ccoo.app\/diputacio-de-barcelona\/delegats-i-delegades-de-prevencio\/\" style=\"border-radius:0px\">DELEGATS I DELEGADES DE PREVENCI\u00d3<\/a><\/div>\n<\/div>\n\n<\/div>\n\n\n<div style=\"height:100px\" aria-hidden=\"true\" class=\"wp-block-spacer\"><\/div>\n","protected":false},"excerpt":{"rendered":"<p>El treball comporta activitats que poden ser potencialment perilloses i que de vegades originen riscos per a la seguretat i la salut de les persones treballadores. Alguns d\u2019aquests riscos s\u00f3n &#8230; <\/p>\n<p class=\"read-more-container\"><a title=\"Com ha de protegir l&#8217;empresa la meva salut en el treball?\" class=\"read-more button\" href=\"https:\/\/ccoo.app\/diputacio-de-barcelona\/com-ha-de-protegir-lempresa-la-meva-salut-en-el-treball\/#more-51623\" aria-label=\"Leer m\u00e1s sobre Com ha de protegir l&#8217;empresa la meva salut en el treball?\">Continuar llegint<\/a><\/p>\n","protected":false},"author":88639,"featured_media":51735,"comment_status":"closed","ping_status":"closed","sticky":false,"template":"","format":"standard","meta":{"footnotes":""},"categories":[35],"tags":[],"class_list":["post-51623","post","type-post","status-publish","format-standard","has-post-thumbnail","hentry","category-salut-laboral","generate-columns","tablet-grid-50","mobile-grid-100","grid-parent","grid-50"],"_links":{"self":[{"href":"https:\/\/ccoo.app\/diputacio-de-barcelona\/wp-json\/wp\/v2\/posts\/51623","targetHints":{"allow":["GET"]}}],"collection":[{"href":"https:\/\/ccoo.app\/diputacio-de-barcelona\/wp-json\/wp\/v2\/posts"}],"about":[{"href":"https:\/\/ccoo.app\/diputacio-de-barcelona\/wp-json\/wp\/v2\/types\/post"}],"author":[{"embeddable":true,"href":"https:\/\/ccoo.app\/diputacio-de-barcelona\/wp-json\/wp\/v2\/users\/88639"}],"replies":[{"embeddable":true,"href":"https:\/\/ccoo.app\/diputacio-de-barcelona\/wp-json\/wp\/v2\/comments?post=51623"}],"version-history":[{"count":4,"href":"https:\/\/ccoo.app\/diputacio-de-barcelona\/wp-json\/wp\/v2\/posts\/51623\/revisions"}],"predecessor-version":[{"id":52716,"href":"https:\/\/ccoo.app\/diputacio-de-barcelona\/wp-json\/wp\/v2\/posts\/51623\/revisions\/52716"}],"wp:featuredmedia":[{"embeddable":true,"href":"https:\/\/ccoo.app\/diputacio-de-barcelona\/wp-json\/wp\/v2\/media\/51735"}],"wp:attachment":[{"href":"https:\/\/ccoo.app\/diputacio-de-barcelona\/wp-json\/wp\/v2\/media?parent=51623"}],"wp:term":[{"taxonomy":"category","embeddable":true,"href":"https:\/\/ccoo.app\/diputacio-de-barcelona\/wp-json\/wp\/v2\/categories?post=51623"},{"taxonomy":"post_tag","embeddable":true,"href":"https:\/\/ccoo.app\/diputacio-de-barcelona\/wp-json\/wp\/v2\/tags?post=51623"}],"curies":[{"name":"wp","href":"https:\/\/api.w.org\/{rel}","templated":true}]}}