{"id":5141,"date":"2020-03-23T18:09:22","date_gmt":"2020-03-23T17:09:22","guid":{"rendered":"https:\/\/diba.ccoo.cat\/?p=5141"},"modified":"2023-02-22T18:56:26","modified_gmt":"2023-02-22T17:56:26","slug":"ccoo-i-ugt-exigim-mes-informacio-2","status":"publish","type":"post","link":"https:\/\/ccoo.app\/diputacio-de-barcelona\/ccoo-i-ugt-exigim-mes-informacio-2\/","title":{"rendered":"13\/COVID-19. CCOO I UGT ENVIEM PETICI\u00d3 EXIGINT M\u00c9S INFORMACI\u00d3 (PLA CONTING\u00c8NCIA, TELETREBALL, RESPIR&#8230;)"},"content":{"rendered":"<p class=\"wp-caption-text\"><img loading=\"lazy\" decoding=\"async\" class=\"alignnone wp-image-1853\" src=\"http:\/\/ccoo.app\/diputacio-de-barcelona\/wp-content\/blogs.dir\/6\/files\/sites\/186\/2018\/01\/logoccoov18.jpg\" alt=\"\" width=\"137\" height=\"63\" \/>\u00a0 <a href=\"https:\/\/fsc.ccoo.es\/\/1167a3eb76069e8a50cdce8c03e17fb0000050.pdf\"><img loading=\"lazy\" decoding=\"async\" class=\"alignnone wp-image-5366\" src=\"http:\/\/ccoo.app\/diputacio-de-barcelona\/wp-content\/blogs.dir\/6\/files\/sites\/186\/2020\/04\/documentacio-adjunta-300x296.png\" alt=\"\" width=\"110\" height=\"109\" srcset=\"https:\/\/ccoo.app\/diputacio-de-barcelona\/wp-content\/blogs.dir\/6\/files\/sites\/186\/2020\/04\/documentacio-adjunta-300x296.png 300w, https:\/\/ccoo.app\/diputacio-de-barcelona\/wp-content\/blogs.dir\/6\/files\/sites\/186\/2020\/04\/documentacio-adjunta-150x150.png 150w, https:\/\/ccoo.app\/diputacio-de-barcelona\/wp-content\/blogs.dir\/6\/files\/sites\/186\/2020\/04\/documentacio-adjunta.png 667w\" sizes=\"auto, (max-width: 110px) 100vw, 110px\" \/><\/a><\/p>\n<p style=\"text-align: center\"><span style=\"color: #0000ff;font-family: arial black, sans-serif\"><span style=\"font-size: 20px\"><b>CCOO I UGT EXIGIM M\u00c9S INFORMACI\u00d3!<\/b><\/span><\/span><b><\/b><\/p>\n<p style=\"text-align: center\"><span style=\"font-family: arial, helvetica, sans-serif;font-size: 12pt;color: #000000\">-23 DE MAR\u00c7 2020-<\/span><\/p>\n<p style=\"text-align: justify\"><span style=\"color: #000000;font-family: arial, helvetica, sans-serif\">CCOO considerem que no s&#8217;est\u00e0 informant suficientment als sindicats respecte a totes les mesures que la Diputaci\u00f3 est\u00e0 prenent en mat\u00e8ria de personal per fer front a la crisi sanit\u00e0ria.<\/span><\/p>\n<p style=\"text-align: justify\"><span style=\"color: #000000;font-family: arial, helvetica, sans-serif\">Fem evident que la informaci\u00f3, per exemple sobre directrius, instruccions o novetats, la estem rebent directament del personal o mitjan\u00e7ant notes de premsa. Tot i que podem entendre la situaci\u00f3 extraordin\u00e0ria que estem vivint, exigim que es mantingui una comunicaci\u00f3 fluida amb els sindicats.\u00a0<\/span><\/p>\n<p style=\"text-align: justify\"><span style=\"font-family: arial, helvetica, sans-serif;color: #000000\">Entre altres coses, hem demanat:<\/span><\/p>\n<ul>\n<li style=\"text-align: justify\"><span style=\"font-family: arial, helvetica, sans-serif;color: #000000\">Pla de conting\u00e8ncia per fer front a la crisi sanit\u00e0ria complert.<\/span><\/li>\n<li style=\"text-align: justify\"><span style=\"font-family: arial, helvetica, sans-serif;color: #000000\">Mesures relacionades amb el teletreball<\/span><\/li>\n<li style=\"text-align: justify\"><span style=\"font-family: arial, helvetica, sans-serif;color: #000000\">Limitar al m\u00e0xim el treball presencial<\/span><\/li>\n<li style=\"text-align: justify\"><span style=\"font-family: arial, helvetica, sans-serif;color: #000000\">Establir el servei del personal de neteja al m\u00ednim imprescindible.<\/span><\/li>\n<li style=\"text-align: justify\"><span style=\"font-family: arial, helvetica, sans-serif;color: #000000\">Informaci\u00f3 del Serveis Residencials d\u2019Estades Temporals i RESPIR<\/span><\/li>\n<\/ul>\n<p style=\"font-weight: 400\"><img loading=\"lazy\" decoding=\"async\" class=\"size-medium wp-image-5142 aligncenter\" src=\"http:\/\/ccoo.app\/diputacio-de-barcelona\/wp-content\/blogs.dir\/6\/files\/sites\/186\/2020\/03\/envio-missatge-300x133.jpg\" alt=\"\" width=\"300\" height=\"133\" srcset=\"https:\/\/ccoo.app\/diputacio-de-barcelona\/wp-content\/blogs.dir\/6\/files\/sites\/186\/2020\/03\/envio-missatge-300x133.jpg 300w, https:\/\/ccoo.app\/diputacio-de-barcelona\/wp-content\/blogs.dir\/6\/files\/sites\/186\/2020\/03\/envio-missatge-1024x455.jpg 1024w, https:\/\/ccoo.app\/diputacio-de-barcelona\/wp-content\/blogs.dir\/6\/files\/sites\/186\/2020\/03\/envio-missatge-768x341.jpg 768w, https:\/\/ccoo.app\/diputacio-de-barcelona\/wp-content\/blogs.dir\/6\/files\/sites\/186\/2020\/03\/envio-missatge.jpg 1200w\" sizes=\"auto, (max-width: 300px) 100vw, 300px\" \/><\/p>\n<p style=\"text-align: justify\"><span style=\"font-family: arial, helvetica, sans-serif;color: #000000\">Transcrivim aqu\u00ed la petici\u00f3 que les seccions sindicals de CCOO i UGT a la Diputaci\u00f3 hem enviat aquest mat\u00ed (12 hores) al coordinador de RH, el Sr. Jordi Pericas i a la DSRH:<\/span><\/p>\n<p>&nbsp;<\/p>\n<p style=\"text-align: center\"><span style=\"background-color: #ffff00\"><strong><span style=\"font-family: arial, helvetica, sans-serif\">AL COORDINADOR DE RH I LA DSRH DE LA DIPUTACI\u00d3 DE BARCELONA<\/span><\/strong><\/span><\/p>\n<p style=\"font-weight: 400;text-align: justify\"><span style=\"font-family: arial, helvetica, sans-serif;color: #000000\">CCOO i UGT vam fer una petici\u00f3 d\u2019informaci\u00f3 a la DSRH el dia\u00a0<strong>16.03.2019,\u00a0<\/strong>i<strong>\u00a0<\/strong><u><strong>sobte que una setmana despr\u00e9s no tinguem cap resposta\u00a0<\/strong><\/u>al respecte.<\/span><\/p>\n<p style=\"font-weight: 400;text-align: justify\"><span style=\"font-family: arial, helvetica, sans-serif;color: #000000\"><strong>\u00a0<\/strong><\/span><span style=\"font-family: arial, helvetica, sans-serif;color: #000000\">Per tant, mitjan\u00e7ant aquesta nova comunicaci\u00f3\u00a0<strong><u>reiterem la nostra petici\u00f3 d\u2019informaci\u00f3\u00a0<\/u><\/strong>incloent els seg\u00fcents elements:<\/span><\/p>\n<ol style=\"text-align: justify\">\n<li style=\"font-weight: 400\"><span style=\"font-family: arial, helvetica, sans-serif;color: #000000\"><strong>Disposar del Pla de conting\u00e8ncia de Diputaci\u00f3 de Barcelona on indiqui de manera clara per a cada servei (sigui declarat b\u00e0sic o no) quina \u00e9s la seva situaci\u00f3 i les gestions que s\u2019han de realitzar via telem\u00e0tica.<\/strong><\/span><\/li>\n<\/ol>\n<p style=\"font-weight: 400;text-align: justify\"><span style=\"font-family: arial, helvetica, sans-serif;color: #000000\">El punt \u201cTercer\u201d DECRET 2560\/20 sobre \u201cMesures excepcionals\u201d declara\u00a0uns\u00a0serveis p\u00fablics b\u00e0sics o estrat\u00e8gics.<\/span><\/p>\n<p style=\"font-weight: 400;text-align: justify\"><span style=\"font-family: arial, helvetica, sans-serif;color: #000000\">No obstant aix\u00f2, el punt \u201cCinqu\u00e8\u201d de l\u2019esmentat decret, declara\u00a0tamb\u00e9 \u201cserveis p\u00fablics b\u00e0sics o estrat\u00e8gics\u00a0<strong>els comunicats en els corresponents plans de conting\u00e8ncia<\/strong>\u00a0a la Direcci\u00f3 de Serveis de Recursos Humans per les diferents direccions, ger\u00e8ncies, gabinets, serveis i oficines,\u00a0<strong>i que s\u2019incorporen a l\u2019expedient\u201d<\/strong><\/span><\/p>\n<p style=\"font-weight: 400;text-align: justify\"><span style=\"font-family: arial, helvetica, sans-serif;color: #000000\">Per tant, reiterem la nostra petici\u00f3 d\u2019informaci\u00f3 que inclogui tots els elements abans esmentats.<\/span><\/p>\n<p>&nbsp;<\/p>\n<ol style=\"text-align: justify\" start=\"2\">\n<li style=\"font-weight: 400\"><span style=\"font-family: arial, helvetica, sans-serif;color: #000000\"><strong> \u00a0<\/strong><strong>Una declaraci\u00f3 expl\u00edcita de la DSRH, respecte al teletreball, on s\u2019exoneri al personal de tota la responsabilitat i de les seves conseq\u00fc\u00e8ncies per la utilitzaci\u00f3 de mitjans propis sense la deguda seguretat inform\u00e0tica tenint en compte el tractament de dades i\/o els atacs.<\/strong><\/span><\/li>\n<\/ol>\n<ul style=\"text-align: justify\">\n<li style=\"font-weight: 400\"><span style=\"font-family: arial, helvetica, sans-serif;color: #000000\">Quines mesures t\u00e8cniques est\u00e0 prenent la Diputaci\u00f3 per a garantir la seguretat inform\u00e0tica del personal que treballa des de casa amb els seus mitjans propis?<\/span><\/li>\n<\/ul>\n<ul style=\"text-align: justify\">\n<li style=\"font-weight: 400\"><span style=\"font-family: arial, helvetica, sans-serif;color: #000000\">S\u2019han donat indicacions al personal especifiques tenint en compte que es tracta d\u2019ordinadors d\u2019\u00fas dom\u00e8stic per a garantir la seguretat, integritat i conservaci\u00f3 de dades i informacions corporatives?<\/span><\/li>\n<\/ul>\n<p style=\"font-weight: 400;text-align: justify\"><span style=\"font-family: arial, helvetica, sans-serif;color: #000000\">Insistim que \u00e9s\u00a0<strong>responsabilitat de l&#8217;empresa<\/strong>\u00a0proveir de tots els\u00a0<strong>mitjans necessaris<\/strong>\u00a0i\/o\u00a0<strong>instruccions i protocols<\/strong>\u00a0per poder\u00a0<strong>desenvolupar de<\/strong>\u00a0<strong>forma correcta i segura<\/strong>\u00a0el treball des de casa.<\/span><\/p>\n<p style=\"text-align: justify\"><span style=\"font-family: arial, helvetica, sans-serif;color: #000000\">El dia 16 de mar\u00e7 (fa una setmana) vam demanar aquesta mateixa informaci\u00f3. Avui, hem reiterat la petici\u00f3 davant la manca de resposta (<a href=\"https:\/\/diba.ccoo.cat\/teletreball-a-la-diputacio\/\"><span style=\"font-family: 'arial black', sans-serif;color: #0000ff\">Cliqueu aqu\u00ed<\/span><\/a>).<\/span><\/p>\n<p>&nbsp;<\/p>\n<ol style=\"text-align: justify\" start=\"3\">\n<li style=\"font-weight: 400\"><span style=\"font-family: arial, helvetica, sans-serif;color: #000000\">Som conscients que com a conseq\u00fc\u00e8ncia d&#8217;aquesta situaci\u00f3 excepcional i del confinament que d&#8217;ella es deriva, el concepte de\u00a0<strong><u>TELETREBALL<\/u><\/strong>\u00a0ha assumit el repte de ser el model principal en una bona part de l&#8217;\u00e0mbit laboral. Aquesta excepcionalitat ha agafat desprevinguda a la Diputaci\u00f3 de Barcelona que\u00a0<u>no t\u00e9 cap regulaci\u00f3<\/u>\u00a0al respecte.\u00a0En condicions normals, no cal recordar que el teletreball requereix sempre i en qualsevol circumst\u00e0ncia d\u2019un acord entre les parts.<\/span><\/li>\n<\/ol>\n<p style=\"font-weight: 400;text-align: justify\"><span style=\"font-family: arial, helvetica, sans-serif;color: #000000\">Ara b\u00e9, tenint en compte l&#8217;excepcionalitat de la situaci\u00f3 que vivim i atenent, entre d\u2019altres, al R.D.8\/2020 que exhorta a \u201cfacilitar l\u2019exercici de la modalitat de treball a dist\u00e0ncia en aquells sectors, empreses o llocs de treball no prevista\u201d,\u00a0<strong>CCOO i UGT\u00a0<\/strong><strong>entenem que el personal faci el possible per adaptar-se a aquesta modalitat de prestaci\u00f3 laboral a dist\u00e0ncia.<\/strong><\/span><\/p>\n<p style=\"font-weight: 400;text-align: justify\"><span style=\"font-family: arial, helvetica, sans-serif;color: #000000\">Per\u00f2 no podem deixar de recordar que \u00e9s <strong>responsabilitat de la Diputaci\u00f3 de Barcelona<\/strong>\u00a0proveir dels\u00a0<strong>mitjans necessaris<\/strong>\u00a0per poder\u00a0<strong>desenvolupar de<\/strong>\u00a0<strong>forma correcta i segura<\/strong>\u00a0nostre treball des de casa, fem menci\u00f3 del que diu el\u00a0<strong><em>R.D. LLEI 8\/2020, de 17 de marzo, de medidas extraordinarias para hacer frente al impacto econ\u00f3mico y social del COVID-19<\/em><\/strong><strong>\u00a0<\/strong>menciona:\u00a0<strong><em>\u201c<\/em><\/strong><em>Amb\u00a0<strong>l\u2019objectiu de facilitar l\u2019exercici de la modalitat de treball a dist\u00e0ncia<\/strong>\u00a0en aquells sectors, empreses o llocs de treball no prevista fins al moment,\u00a0<strong>s\u2019entendr\u00e0 complida l\u2019obligaci\u00f3 de efectuar la evaluaci\u00f3 de riscos,<\/strong>\u00a0en los termes previstos en el article 16 de la Ley 31\/1995, de 8 de noviembre, de Prevenci\u00f3n de Riesgos Laborales,\u00a0<strong>amb car\u00e0cter excepcional<\/strong>,\u00a0<strong><u>mitjan\u00e7ant una autoevaluaci\u00f3<\/u>\u00a0<\/strong>realitzada volunt\u00e0ria per la pr\u00f2pia persona treballadora\u201d.<\/em><\/span><\/p>\n<p style=\"font-weight: 400;text-align: justify\"><span style=\"font-family: arial, helvetica, sans-serif;color: #000000\">En aquest sentit, us adjuntem l&#8217;enlla\u00e7 del manual elaborat per a\u00a0per CCOO i ISTAS-CCOO titulat\u00a0<strong>\u201c<em>Qu\u00e8 pots fer per treballar des de casa de laforma m\u00e9s saludable?<\/em>\u201d\u00a0<\/strong>i que cont\u00e9:<\/span><\/p>\n<ul style=\"font-weight: 400;text-align: justify\">\n<li><span style=\"font-family: arial, helvetica, sans-serif;color: #000000\">Criteris i recomanacions preventives per al teletreball pensades principalment per evitar els trastorns musculoesquel\u00e8tics, la fatiga visual, l\u2019estr\u00e8s i els problemesderivats de la transformaci\u00f3 d\u2019una part de l\u2019habitatge en un lloc de treball.<\/span><\/li>\n<\/ul>\n<ul style=\"font-weight: 400;text-align: justify\">\n<li><span style=\"font-family: arial, helvetica, sans-serif;color: #000000\">Autoavaluaci\u00f3\u00a0del teu lloc de teletreball per verificar si les condicions de treball s\u00f3n les m\u00e9s adequades dins de les limitacions que es presenten per les circumst\u00e0ncies actuals excepcionals.<\/span><\/li>\n<\/ul>\n<p style=\"font-weight: 400;text-align: center\"><span style=\"font-family: 'arial black', sans-serif;color: #0000ff\"><strong><a style=\"color: #0000ff\" href=\"https:\/\/mail.diba.cat\/owa\/lopezfab@diba.cat\/redir.aspx?C=UyYYqNVH70xKBIGjXLQ81nkepd7NbyC66SJg_GTCQgBxyB_FRM_XCA..&amp;URL=https%3a%2f%2fwww.ccoo.es%2f%2f14b11f40e5c328dc3a212dc917fea16f000001.pdf\">https:\/\/www.ccoo.es\/\/14b11f40e5c328dc3a212dc917fea16f000001.pdf<\/a><\/strong><\/span><\/p>\n<p>&nbsp;<\/p>\n<p style=\"font-weight: 400;text-align: justify\"><span style=\"font-family: arial, helvetica, sans-serif;color: #000000\">Finalment, fem refer\u00e8ncia a algunes altres q\u00fcestions:<\/span><\/p>\n<ul style=\"font-weight: 400;text-align: justify\">\n<li><span style=\"font-family: arial, helvetica, sans-serif;color: #000000\">El DECRET 2560\/20 sobre \u201cMesures excepcionals\u201d incideix en implementar mesures per a\u00a0limitar la prestaci\u00f3 dels serveis p\u00fablics i restringir la mobilitat. D\u2019acord amb aix\u00f2, volem que es notifiquin a tots els serveis que\u00a0<strong>s\u2019ha de limitar al m\u00e0xim el treball presencial<\/strong>, aix\u00f2 vol dir a\u00a0<strong>disposar de les persones a les estrictament necess\u00e0ries<\/strong>.<\/span><\/li>\n<\/ul>\n<p>&nbsp;<\/p>\n<ul style=\"font-weight: 400;text-align: justify\">\n<li><span style=\"font-family: arial, helvetica, sans-serif;color: #000000\">S\u2019ha tenir clar que el treball des de domicilis particulars genera m\u00e9s complicacions. En aquest sentit, demanem que es\u00a0<strong>sigui el m\u00e9s flexible possible\u00a0<\/strong>no exigint en cap cas els\u00a0<strong>nivells de rendiment<\/strong>\u00a0com en condicions normals. En qualsevol cas, voldr\u00edem con\u00e8ixer en quines condicions esta treballant el personal, quines instruccions han rebut i quin \u00e9s el mapa de persones que ja estan teletreballant.<\/span><\/li>\n<\/ul>\n<p>&nbsp;<\/p>\n<ul style=\"font-weight: 400;text-align: justify\">\n<li><span style=\"font-family: arial, helvetica, sans-serif;color: #000000\">Recentment\u00a0<strong>respecte a l\u2019\u00fas dels espais corporatius,<\/strong>\u00a0 el coordinador de RH ens va donar informaci\u00f3 respecte a la situaci\u00f3 d\u2019obertura o tancament dels edificis i recintes de la Diputaci\u00f3. Doncs b\u00e9, volem incidir en el personal de neteja que presta servei a les empreses externes. Pel que sabem, alguns edificis mant\u00e9 el cos de seguretat per\u00f2 l\u2019edifici est\u00e0 buit (ja que el personal funcionari treballa de manera no presencial). En aquests casos, volem que en cap cas s\u2019obligui al personal a venir a treballar sin\u00f3 que\u00a0torni al seu domicili fins no es restableixi la situaci\u00f3. \u00d2bviament, tenint en compte la salut d\u2019aquest personal i per a no contribuir a la propagaci\u00f3 del coronavirus.<\/span><\/li>\n<\/ul>\n<p>&nbsp;<\/p>\n<ul style=\"font-weight: 400;text-align: justify\">\n<li><span style=\"font-family: arial, helvetica, sans-serif;color: #000000\"><strong>Serveis Residencials d\u2019Estades Temporals i RESPIR<\/strong>. Fem evident que pr\u00e0cticament tota la informaci\u00f3 del que est\u00e0 passant en aquest servei ens arribar mitjan\u00e7ant el personal, les xarxes socials o les notes de premsa, la qual cosa ens sembla gens positiva.<\/span><\/li>\n<\/ul>\n<p style=\"font-weight: 400;text-align: justify\"><span style=\"font-family: arial, helvetica, sans-serif;color: #000000\">Aix\u00ed doncs, tenim informaci\u00f3 que s\u2019est\u00e0 facilitant les altes de les persones usu\u00e0ries (mantenint el servei a SAUV i Llarga Estada), \u00e9s aix\u00f2 cert? Si \u00e9s aix\u00ed, quines previsions de deixar buit les unitats es t\u00e9? Tamb\u00e9 hem conegut del tancament de la unitat a Serradell de persones amb discapacitat i a m\u00e9s, l\u2019oferiment de 40 llits per part de la presidenta Nuria Marin. Aix\u00f2 afectar\u00e0 el nostre personal?<\/span><\/p>\n<p style=\"font-weight: 400;text-align: justify\"><span style=\"font-family: arial, helvetica, sans-serif;color: #000000\">Mitjan\u00e7ant una nota de premsa, la Diputaci\u00f3 ha fet saber que la setmana que ve es rebr\u00e0 una comanda amb 100.000 mascaretes de protecci\u00f3 KN95 (FFP2) , 16.800\u00a0granotes, entre altres Equips de Protecci\u00f3 Individual. Ja es t\u00e9 m\u00e9s concreci\u00f3 respecte a la rebuda d\u2019aquest material? Mentrestant, com s\u2019est\u00e0 garantint la seguretat del\u00a0personal?<\/span><\/p>\n<p style=\"font-weight: 400;text-align: justify\"><span style=\"font-family: arial, helvetica, sans-serif;color: #000000\">Esperem rebre tota aquesta informaci\u00f3, recordant que existeix\u00a0<strong>a la Diputaci\u00f3<\/strong>\u00a0un grup de treball per fer front a aquesta crisi sanit\u00e0ria format per representants de la corporaci\u00f3 i un altra integrat per representants de la Diputaci\u00f3 i pels delegats de prevenci\u00f3 amb l\u2019objectiu d\u2019afavorir la informaci\u00f3 i participaci\u00f3 de la part social.<\/span><\/p>\n<p style=\"font-weight: 400;text-align: justify\"><span style=\"font-family: arial, helvetica, sans-serif;color: #000000\">En aquest sentit, entenem que la Diputaci\u00f3 ha de ser proactiva informant als sindicats de manera regular. Aix\u00f2 \u00e9s el que exigim.<\/span><\/p>\n<p style=\"font-weight: 400;text-align: justify\"><span style=\"font-family: arial, helvetica, sans-serif;color: #000000\"><strong>Seccions sindicals de CCOO i UGT a la Diputaci\u00f3 de Barcelona.<\/strong><\/span><\/p>\n<p style=\"font-weight: 400\"><strong>\u00a0<\/strong><\/p>\n<p>&nbsp;<\/p>\n<p><iframe loading=\"lazy\" title=\"\ud83d\udc69\ud83c\udffd\u200d\ud83d\udcbb\ud83d\udc68\ud83c\udffb\u200d\ud83d\udcbb Teletrabaja sin riesgos\ud83c\udfe0\" width=\"1200\" height=\"675\" src=\"https:\/\/www.youtube.com\/embed\/EhWPH_5FXSs?feature=oembed\" frameborder=\"0\" allow=\"accelerometer; autoplay; clipboard-write; encrypted-media; gyroscope; picture-in-picture; web-share\" allowfullscreen><\/iframe><\/p>\n<p>&nbsp;<\/p>\n<p><img loading=\"lazy\" decoding=\"async\" class=\"wp-image-5184 aligncenter\" src=\"http:\/\/ccoo.app\/diputacio-de-barcelona\/wp-content\/blogs.dir\/6\/files\/sites\/186\/2020\/03\/i-de-info-300x300.jpg\" alt=\"\" width=\"82\" height=\"82\" srcset=\"https:\/\/ccoo.app\/diputacio-de-barcelona\/wp-content\/blogs.dir\/6\/files\/sites\/186\/2020\/03\/i-de-info-300x300.jpg 300w, https:\/\/ccoo.app\/diputacio-de-barcelona\/wp-content\/blogs.dir\/6\/files\/sites\/186\/2020\/03\/i-de-info-150x150.jpg 150w, https:\/\/ccoo.app\/diputacio-de-barcelona\/wp-content\/blogs.dir\/6\/files\/sites\/186\/2020\/03\/i-de-info.jpg 626w\" sizes=\"auto, (max-width: 82px) 100vw, 82px\" \/><\/p>\n<p style=\"text-align: center\"><span style=\"font-family: 'arial black', sans-serif;font-size: 20px;color: #ffff00;background-color: #ff0000\">TOTA LA INFORMACI\u00d3 QUE NECESSITES<\/span><\/p>\n<p style=\"text-align: justify\"><span style=\"font-family: arial, helvetica, sans-serif;color: #000000\">La\u00a0SECCI\u00d3 SINDICAL DE CCOO<strong>\u00a0seguim treballant<\/strong>\u00a0(de manera telem\u00e0tica) per poder\u00a0<strong>donar resposta a tots els dubtes<\/strong>\u00a0que tingueu o\u00a0<strong>solucionar els problemes que es puguin generar.<\/strong><\/span><\/p>\n<p style=\"text-align: center\"><span style=\"font-family: 'arial black', sans-serif;color: #0000ff\"><a style=\"color: #0000ff\" href=\"mailto:ccoo@diba.cat\"><strong>ccoo@diba.cat<\/strong><\/a><\/span><\/p>\n<p style=\"text-align: center\"><span style=\"font-family: 'arial black', sans-serif;color: #0000ff\"><a style=\"color: #0000ff\" href=\"mailto:orgt.ssccoo@diba.cat\">orgt.ssccoo@diba.cat<\/a><\/span><\/p>\n<p style=\"text-align: justify\"><span style=\"font-family: arial, helvetica, sans-serif;color: #000000\">Podeu fer-nos arribar les vostres preguntes o dubtes. O si ho desitgeu, deixeu el vostre n\u00famero de tel\u00e8fon i ens posarem en contacte amb vosaltres.<\/span><\/p>\n<p style=\"text-align: justify\"><span style=\"font-family: arial, helvetica, sans-serif;color: #000000\">Tamb\u00e9 obtindreu informaci\u00f3 dia a dia a les xarxes socials:\u00a0<span style=\"font-family: 'arial black', sans-serif;color: #0000ff\"><a style=\"color: #0000ff\" href=\"https:\/\/twitter.com\/CCOODiba\">Twitter<\/a><\/span>\u00a0i\u00a0<span style=\"color: #0000ff;font-family: 'arial black', sans-serif\"><a style=\"color: #0000ff\" href=\"https:\/\/www.facebook.com\/CcooDiputacioDeBarcelona\/\">Facebook.<\/a><\/span><\/span><\/p>\n<p style=\"text-align: justify\"><span style=\"font-family: arial, helvetica, sans-serif;color: #000000\">Recordeu que actualitzem constantment la nostra p\u00e0gina\u00a0<span style=\"color: #0000ff;font-family: 'arial black', sans-serif\"><a style=\"color: #0000ff\" href=\"https:\/\/diba.ccoo.cat\/\">web<\/a>.<\/span><\/span><\/p>\n<p>&nbsp;<\/p>\n<p>&nbsp;<\/p>\n<p><img loading=\"lazy\" decoding=\"async\" class=\"wp-image-5130 aligncenter\" src=\"http:\/\/ccoo.app\/diputacio-de-barcelona\/wp-content\/blogs.dir\/6\/files\/sites\/186\/2020\/03\/diba-300x300.jpg\" alt=\"\" width=\"110\" height=\"110\" srcset=\"https:\/\/ccoo.app\/diputacio-de-barcelona\/wp-content\/blogs.dir\/6\/files\/sites\/186\/2020\/03\/diba-300x300.jpg 300w, https:\/\/ccoo.app\/diputacio-de-barcelona\/wp-content\/blogs.dir\/6\/files\/sites\/186\/2020\/03\/diba-150x150.jpg 150w, https:\/\/ccoo.app\/diputacio-de-barcelona\/wp-content\/blogs.dir\/6\/files\/sites\/186\/2020\/03\/diba.jpg 400w\" sizes=\"auto, (max-width: 110px) 100vw, 110px\" \/><\/p>\n<p style=\"text-align: justify\"><span style=\"color: #000000;font-family: arial, helvetica, sans-serif\"><span style=\"font-family: 'arial black', sans-serif;background-color: #ffff00\">INFORMACI\u00d3 CORPORATIVA<\/span> En termes generals \u00e9s important que:<\/span><\/p>\n<ul style=\"text-align: justify\">\n<li><span style=\"color: #000000;font-family: arial, helvetica, sans-serif\">Us mantingueu informats de les directrius i mesures que vagi adoptant la Diputaci\u00f3 de Barcelona mitjan\u00e7ant <strong>correu corporatiu<\/strong> i <strong>intradiba<\/strong> (<a href=\"https:\/\/dibaaps.diba.cat\/vus\/login.asp\"><span style=\"font-family: 'arial black', sans-serif;color: #0000ff\">cliqueu aqu\u00ed<\/span><\/a>)<\/span><\/li>\n<li><span style=\"color: #000000;font-family: arial, helvetica, sans-serif\">Estigueu pendents CONSTANTMENT de les directrius que us puguin fer arribar el vostres comandaments<\/span><\/li>\n<\/ul>\n<p>&nbsp;<\/p>\n<p><img loading=\"lazy\" decoding=\"async\" class=\"wp-image-5131 aligncenter\" src=\"http:\/\/ccoo.app\/diputacio-de-barcelona\/wp-content\/blogs.dir\/6\/files\/sites\/186\/2020\/03\/ccoo-catalunya-300x123.jpg\" alt=\"\" width=\"180\" height=\"74\" srcset=\"https:\/\/ccoo.app\/diputacio-de-barcelona\/wp-content\/blogs.dir\/6\/files\/sites\/186\/2020\/03\/ccoo-catalunya-300x123.jpg 300w, https:\/\/ccoo.app\/diputacio-de-barcelona\/wp-content\/blogs.dir\/6\/files\/sites\/186\/2020\/03\/ccoo-catalunya.jpg 350w\" sizes=\"auto, (max-width: 180px) 100vw, 180px\" \/><\/p>\n<p><span style=\"font-family: 'arial black', sans-serif;background-color: #ffff00;color: #000000\">TOTA LA INFORMACI\u00d3 A CCOO CATALUNYA<\/span><\/p>\n<ul>\n<li><span class=\"css-901oao css-16my406 r-1qd0xha r-ad9z0x r-bcqeeo r-qvutc0\" style=\"color: #000000\"><span style=\"font-family: arial, helvetica, sans-serif\">Preguntes freq\u00fcents sobre el Coronavirus i l&#8217;\u00e0mbit laboral:<\/span> <\/span>\u00a0<span style=\"font-family: 'arial black', sans-serif;color: #0000ff\"><a class=\"css-4rbku5 css-18t94o4 css-901oao css-16my406 r-1n1174f r-1loqt21 r-1qd0xha r-ad9z0x r-bcqeeo r-qvutc0\" style=\"color: #0000ff\" title=\"http:\/\/consultacoronavirus.ccoo.cat\" role=\"link\" href=\"https:\/\/t.co\/Xrpj3V7Bz3?amp=1\" target=\"_blank\" rel=\"noopener noreferrer\" data-focusable=\"true\"><span class=\"css-901oao css-16my406 r-1qd0xha r-hiw28u r-ad9z0x r-bcqeeo r-qvutc0\" aria-hidden=\"true\">http:\/\/<\/span>consultacoronavirus.ccoo.cat<\/a> <\/span><\/li>\n<li><span style=\"font-family: arial, helvetica, sans-serif;color: #000000\">Recull de totes les informacions ordenades sobre <\/span><strong><span style=\"font-family: arial, helvetica, sans-serif;color: #000000\">l&#8217;evoluci\u00f3 del coronavirus COVID-19 respecte del m\u00f3n del treball: <\/span><span style=\"font-family: 'arial black', sans-serif;color: #0000ff\"><a style=\"color: #0000ff\" href=\"https:\/\/www.ccoo.cat\/aspnet\/coronavirus.aspx\">https:\/\/www.ccoo.cat\/aspnet\/coronavirus.aspx<\/a><\/span><\/strong><\/li>\n<\/ul>\n<p>&nbsp;<\/p>\n<p style=\"text-align: center\"><span style=\"font-family: 'comic sans ms', sans-serif;font-size: 24px;background-color: #ffff00;color: #ff0000\"><strong>Tot i que no ens podem tocar, estem junts<\/strong><\/span><\/p>\n<p style=\"text-align: center\"><span style=\"font-family: 'comic sans ms', sans-serif;font-size: 24px;color: #0000ff\"><strong>(<a style=\"color: #0000ff\" href=\"https:\/\/www.youtube.com\/watch?v=rKrw7OFWXoI\">cliqueu aqu\u00ed per veure v\u00eddeo<\/a>)<\/strong><\/span><\/p>\n<p>&nbsp;<\/p>\n<p><a href=\"https:\/\/diba.ccoo.cat\/ccoo-torna-a-ser-primer-sindicat-a-catalunya\/\"><img loading=\"lazy\" decoding=\"async\" class=\"size-medium wp-image-4877 aligncenter\" src=\"http:\/\/ccoo.app\/diputacio-de-barcelona\/wp-content\/blogs.dir\/6\/files\/sites\/186\/2020\/01\/ccoo-primer-sindicat-catalunya-300x117.jpg\" alt=\"\" width=\"300\" height=\"117\" srcset=\"https:\/\/ccoo.app\/diputacio-de-barcelona\/wp-content\/blogs.dir\/6\/files\/sites\/186\/2020\/01\/ccoo-primer-sindicat-catalunya-300x117.jpg 300w, https:\/\/ccoo.app\/diputacio-de-barcelona\/wp-content\/blogs.dir\/6\/files\/sites\/186\/2020\/01\/ccoo-primer-sindicat-catalunya.jpg 490w\" sizes=\"auto, (max-width: 300px) 100vw, 300px\" \/><\/a><\/p>\n<p><a href=\"https:\/\/www.ccoo.es\/noticia:391405\"><img loading=\"lazy\" decoding=\"async\" class=\"size-medium wp-image-4878 aligncenter\" src=\"http:\/\/ccoo.app\/diputacio-de-barcelona\/wp-content\/blogs.dir\/6\/files\/sites\/186\/2020\/01\/ccoo-primer-sindicat-a-espana-300x91.jpg\" alt=\"\" width=\"300\" height=\"91\" srcset=\"https:\/\/ccoo.app\/diputacio-de-barcelona\/wp-content\/blogs.dir\/6\/files\/sites\/186\/2020\/01\/ccoo-primer-sindicat-a-espana-300x91.jpg 300w, https:\/\/ccoo.app\/diputacio-de-barcelona\/wp-content\/blogs.dir\/6\/files\/sites\/186\/2020\/01\/ccoo-primer-sindicat-a-espana.jpg 477w\" sizes=\"auto, (max-width: 300px) 100vw, 300px\" \/><\/a><\/p>\n<p><a href=\"https:\/\/www.ccoo.cat\/noticia\/224842\/ccoo-lliura-els-seus-comptes-auditats-del-2018-a-la-sindicatura-de-comptes-de-catalunya#.XjRZA-mWycz\"><img loading=\"lazy\" decoding=\"async\" class=\"size-medium wp-image-4879 aligncenter\" src=\"http:\/\/ccoo.app\/diputacio-de-barcelona\/wp-content\/blogs.dir\/6\/files\/sites\/186\/2020\/01\/ccoo-primer-sindicat-sindicatura-300x95.jpg\" alt=\"\" width=\"300\" height=\"95\" srcset=\"https:\/\/ccoo.app\/diputacio-de-barcelona\/wp-content\/blogs.dir\/6\/files\/sites\/186\/2020\/01\/ccoo-primer-sindicat-sindicatura-300x95.jpg 300w, https:\/\/ccoo.app\/diputacio-de-barcelona\/wp-content\/blogs.dir\/6\/files\/sites\/186\/2020\/01\/ccoo-primer-sindicat-sindicatura.jpg 476w\" sizes=\"auto, (max-width: 300px) 100vw, 300px\" \/><\/a><\/p>\n<p>&nbsp;<\/p>\n<p>&nbsp;<\/p>\n<p>&nbsp;<\/p>\n<p>&nbsp;<\/p>\n<p>&nbsp;<\/p>\n<p>&nbsp;<\/p>\n<p>&nbsp;<\/p>\n<p>&nbsp;<\/p>\n<p>&nbsp;<\/p>\n<p>&nbsp;<\/p>\n<p>&nbsp;<\/p>\n<p>&nbsp;<\/p>\n<p>&nbsp;<\/p>\n<p>&nbsp;<\/p>\n<p>&nbsp;<\/p>\n<p>&nbsp;<\/p>\n<p>&nbsp;<\/p>\n<p>&nbsp;    \t<\/p>\n","protected":false},"excerpt":{"rendered":"<p>\u00a0 CCOO I UGT EXIGIM M\u00c9S INFORMACI\u00d3! -23 DE MAR\u00c7 2020- CCOO considerem que no s&#8217;est\u00e0 informant suficientment als sindicats respecte a totes les mesures que la Diputaci\u00f3 est\u00e0 prenent &#8230; <\/p>\n<p class=\"read-more-container\"><a title=\"13\/COVID-19. CCOO I UGT ENVIEM PETICI\u00d3 EXIGINT M\u00c9S INFORMACI\u00d3 (PLA CONTING\u00c8NCIA, TELETREBALL, RESPIR&#8230;)\" class=\"read-more button\" href=\"https:\/\/ccoo.app\/diputacio-de-barcelona\/ccoo-i-ugt-exigim-mes-informacio-2\/#more-5141\" aria-label=\"Leer m\u00e1s sobre 13\/COVID-19. CCOO I UGT ENVIEM PETICI\u00d3 EXIGINT M\u00c9S INFORMACI\u00d3 (PLA CONTING\u00c8NCIA, TELETREBALL, RESPIR&#8230;)\">Continuar llegint<\/a><\/p>\n","protected":false},"author":4519,"featured_media":5142,"comment_status":"open","ping_status":"open","sticky":false,"template":"","format":"standard","meta":{"footnotes":""},"categories":[38,19,23,29],"tags":[89,167,181,221],"class_list":["post-5141","post","type-post","status-publish","format-standard","has-post-thumbnail","hentry","category-a-tot-el-personal","category-comunicats","category-informacio-general","category-orgt-2","tag-coronavirus","tag-orgt","tag-pla-contingencia","tag-teletreball","generate-columns","tablet-grid-50","mobile-grid-100","grid-parent","grid-50"],"_links":{"self":[{"href":"https:\/\/ccoo.app\/diputacio-de-barcelona\/wp-json\/wp\/v2\/posts\/5141","targetHints":{"allow":["GET"]}}],"collection":[{"href":"https:\/\/ccoo.app\/diputacio-de-barcelona\/wp-json\/wp\/v2\/posts"}],"about":[{"href":"https:\/\/ccoo.app\/diputacio-de-barcelona\/wp-json\/wp\/v2\/types\/post"}],"author":[{"embeddable":true,"href":"https:\/\/ccoo.app\/diputacio-de-barcelona\/wp-json\/wp\/v2\/users\/4519"}],"replies":[{"embeddable":true,"href":"https:\/\/ccoo.app\/diputacio-de-barcelona\/wp-json\/wp\/v2\/comments?post=5141"}],"version-history":[{"count":1,"href":"https:\/\/ccoo.app\/diputacio-de-barcelona\/wp-json\/wp\/v2\/posts\/5141\/revisions"}],"predecessor-version":[{"id":51875,"href":"https:\/\/ccoo.app\/diputacio-de-barcelona\/wp-json\/wp\/v2\/posts\/5141\/revisions\/51875"}],"wp:featuredmedia":[{"embeddable":true,"href":"https:\/\/ccoo.app\/diputacio-de-barcelona\/wp-json\/wp\/v2\/media\/5142"}],"wp:attachment":[{"href":"https:\/\/ccoo.app\/diputacio-de-barcelona\/wp-json\/wp\/v2\/media?parent=5141"}],"wp:term":[{"taxonomy":"category","embeddable":true,"href":"https:\/\/ccoo.app\/diputacio-de-barcelona\/wp-json\/wp\/v2\/categories?post=5141"},{"taxonomy":"post_tag","embeddable":true,"href":"https:\/\/ccoo.app\/diputacio-de-barcelona\/wp-json\/wp\/v2\/tags?post=5141"}],"curies":[{"name":"wp","href":"https:\/\/api.w.org\/{rel}","templated":true}]}}