{"id":512,"date":"2016-03-18T12:32:09","date_gmt":"2016-03-18T11:32:09","guid":{"rendered":"https:\/\/diba.ccoo.cat\/?p=512"},"modified":"2016-03-18T12:32:09","modified_gmt":"2016-03-18T11:32:09","slug":"manifestprouracisme","status":"publish","type":"post","link":"https:\/\/ccoo.app\/diputacio-de-barcelona\/manifestprouracisme\/","title":{"rendered":"MANIFEST PROU RACISME"},"content":{"rendered":"<p>&nbsp;<\/p>\n<p><img loading=\"lazy\" decoding=\"async\" class=\"wp-image-189\" title=\"Secci\u00f3 Sindical de la Diutaci\u00f3 de Barcelona de la Federaci\u00f3 Sindical de Catalunya\" src=\"http:\/\/ccoo.app\/diputacio-de-barcelona\/wp-content\/blogs.dir\/6\/files\/sites\/186\/2015\/12\/ccoo-fsc-cat.png\" alt=\"Secci\u00f3 Sindical de la Diputaci\u00f3 de Barcelona de la Federaci\u00f3 Sindical de Catalunya\" width=\"469\" height=\"90\" \/><\/p>\n<p class=\"wp-caption-text\">Secci\u00f3 Sindical de la Diputaci\u00f3 de Barcelona<\/p>\n<h3 style=\"text-align: center\"><\/h3>\n<h3 style=\"text-align: center\"><strong><span style=\"color: #ff0000\">MANIFEST PROU RACISME <\/span><\/strong><\/h3>\n<h3 style=\"text-align: center\"><strong><span style=\"color: #ff0000\">Refugees Welcome<\/span><\/strong><\/h3>\n<p>&nbsp;<\/p>\n<p style=\"text-align: justify\">Tal com es va consensuar entre tots i totes a l&#8217;\u00faltima reuni\u00f3 de Mesa del dia 10 de mar\u00e7, <strong>avui a les 10:30 tenim convocat\u00f2ria de Mesa General de Negociaci\u00f3<\/strong> amb un tema a l&#8217;ordre del dia: <strong>Aspectes vinculats amb la condici\u00f3 de personal inter\u00ed.<\/strong> Pla d&#8217;estabilitat. Com sempre, el m\u00e9s aviat possible us enviarem un resum de la reuni\u00f3.<\/p>\n<p>No \u00a0obstant \u00a0aix\u00f2, \u00a0a \u00a0m\u00e9s \u00a0avui \u00a0volem \u00a0aprofitar per \u00a0animar-vos a participar a la <strong>manifestaci\u00f3<\/strong> que tindr\u00e0 \u00a0lloc dem\u00e0 Barcelona en relaci\u00f3 a la crisi dels refugiats\/des. \u00a0 CCOO \u00a0 Diba denunciem el preacord adoptat entre el Consell Europeu i Turquia. Aquest acord <strong>evid\u00e8ncia l&#8217;absoluta insensibilitat de la UE<\/strong>\u00a0i els seus estats membres davant la crisi humanit\u00e0ria de les persones refugiades que arrisquen la seva vida fugint de la guerra. \u00a0 Amb l&#8217;excusa de \u201ccombatre l&#8217;activitat de les m\u00e0fies\u201d la UE no pot defugir de la seva responsabilitat vers les persones m\u00e9s vulnerables, \u00a0tampoc \u00a0hauria \u00a0de \u00a0vulnerar \u00a0el \u00a0dret \u00a0d&#8217;asil tot \u00a0optant \u00a0per \u00a0una expulsi\u00f3 vergonyosa a \u00a0Turquia que ha \u201ccomprat\u201d \u00a0per \u00a03.000 \u00a0milions \u00a0d\u2019\u20ac \u00a0en \u00a0costos \u00a0de gesti\u00f3, 3.000 milions addicionals al 2018, l&#8217;eliminaci\u00f3 del requisit de visat per als ciutadans turcs a Europa a partir de juny del 2016 i la agilitzaci\u00f3 de l&#8217;entrada de Turquia a la UE. \u00a0 \u00c9s important <strong>que totes les organitzacions socials, sindicals i la ciutadania en general es mobilitzi<\/strong> per denunciar l&#8217;actitud de governs i institucions europees i per a exigir mesures urgents davant la major crisis humanit\u00e0ria a la \u00a0que \u00a0s&#8217;ha enfrontat Europa \u00a0des \u00a0de \u00a0la \u00a0II \u00a0Guerra \u00a0Mundial \u00a0i \u00a0que \u00a0la \u00a0UE, a m\u00e9s, \u00e9s un dels responsables en haver-la creat. Haur\u00edem de recordar que els ciutadans de l&#8217;estat espanyol tamb\u00e9 vam ser refugiats\/des per la guerra civil i \u00a0el franquisme i que avui dia patim l&#8217;emigraci\u00f3 del nostre jovent m\u00e9s preparat. Per tant, fem una crida a tot el personal de la Diputaci\u00f3 de Barcelona a sortir al carrer aquest dissabte. \u00a0 Per tant, fem una crida a tot\u00a0el\u00a0personal\u00a0de\u00a0la\u00a0Diputaci\u00f3\u00a0de\u00a0Barcelona a sortir\u00a0al\u00a0carrer aquest dissabte.<\/p>\n<h2 style=\"text-align: center\"><span style=\"color: #ff0000\">#jocontraRacisme\u00a0#ProuRacisme19M\u00a0#UErgonya<\/span><\/h2>\n<p>* \u00a0* \u00a0* \u00a0* \u00a0*<\/p>\n<p><img loading=\"lazy\" decoding=\"async\" class=\"alignleft wp-image-226\" src=\"http:\/\/ccoo.app\/diputacio-de-barcelona\/wp-content\/blogs.dir\/6\/files\/sites\/186\/2016\/04\/estem-decidits-acontinuar-lluitant.png\" alt=\"Estem decidits a continuar lluitant !\" width=\"213\" height=\"89\" \/><\/p>\n<p><img loading=\"lazy\" decoding=\"async\" class=\"wp-image-262 alignright\" src=\"http:\/\/ccoo.app\/diputacio-de-barcelona\/wp-content\/blogs.dir\/6\/files\/sites\/186\/2016\/04\/afiliat_ccoo_cat.gif\" alt=\"Tota la informaci\u00f3 de com afiliar-se a CCOO Catalunya i forlmulari d'alta o baxia.\" width=\"90\" height=\"80\" \/><\/p>\n<p><img loading=\"lazy\" decoding=\"async\" class=\"wp-image-227 aligncenter\" src=\"http:\/\/ccoo.app\/diputacio-de-barcelona\/wp-content\/blogs.dir\/6\/files\/sites\/186\/2016\/04\/logo-peu-300x69.png\" alt=\"logo-peu\" width=\"952\" height=\"219\" srcset=\"https:\/\/ccoo.app\/diputacio-de-barcelona\/wp-content\/blogs.dir\/6\/files\/sites\/186\/2016\/04\/logo-peu-300x69.png 300w, https:\/\/ccoo.app\/diputacio-de-barcelona\/wp-content\/blogs.dir\/6\/files\/sites\/186\/2016\/04\/logo-peu.png 557w\" sizes=\"auto, (max-width: 952px) 100vw, 952px\" \/><\/p>\n<p style=\"text-align: center\"><small><\/small><small>Formulari d&#8217;<a href=\"\/afiliat\/\">alta<\/a>, <a href=\"\/afiliat\/\">baixa <\/a>o <a href=\"\/afiliat\/\">modificaci\u00f3 <\/a>de les dades personals o<br \/>\ncontacta&#8217;ns a trav\u00e9s del tel\u00e8fon<strong> 934 022 985<\/strong> o correu: <a href=\"mailto:ccoo@diba.cat\"><strong>ccoo@diba.cat<\/strong><\/a><\/small><\/p>\n","protected":false},"excerpt":{"rendered":"<p>&nbsp; Secci\u00f3 Sindical de la Diputaci\u00f3 de Barcelona MANIFEST PROU RACISME Refugees Welcome &nbsp; Tal com es va consensuar entre tots i totes a l&#8217;\u00faltima reuni\u00f3 de Mesa del dia &#8230; <\/p>\n<p class=\"read-more-container\"><a title=\"MANIFEST PROU RACISME\" class=\"read-more button\" href=\"https:\/\/ccoo.app\/diputacio-de-barcelona\/manifestprouracisme\/#more-512\" aria-label=\"Leer m\u00e1s sobre MANIFEST PROU RACISME\">Continuar llegint<\/a><\/p>\n","protected":false},"author":4519,"featured_media":514,"comment_status":"open","ping_status":"open","sticky":false,"template":"","format":"standard","meta":{"footnotes":""},"categories":[38,19,26],"tags":[148,179],"class_list":["post-512","post","type-post","status-publish","format-standard","has-post-thumbnail","hentry","category-a-tot-el-personal","category-comunicats","category-mgn","tag-mesa-general-negociacio","tag-personal-interi-seleccio-borses-treball","generate-columns","tablet-grid-50","mobile-grid-100","grid-parent","grid-50"],"_links":{"self":[{"href":"https:\/\/ccoo.app\/diputacio-de-barcelona\/wp-json\/wp\/v2\/posts\/512","targetHints":{"allow":["GET"]}}],"collection":[{"href":"https:\/\/ccoo.app\/diputacio-de-barcelona\/wp-json\/wp\/v2\/posts"}],"about":[{"href":"https:\/\/ccoo.app\/diputacio-de-barcelona\/wp-json\/wp\/v2\/types\/post"}],"author":[{"embeddable":true,"href":"https:\/\/ccoo.app\/diputacio-de-barcelona\/wp-json\/wp\/v2\/users\/4519"}],"replies":[{"embeddable":true,"href":"https:\/\/ccoo.app\/diputacio-de-barcelona\/wp-json\/wp\/v2\/comments?post=512"}],"version-history":[{"count":0,"href":"https:\/\/ccoo.app\/diputacio-de-barcelona\/wp-json\/wp\/v2\/posts\/512\/revisions"}],"wp:featuredmedia":[{"embeddable":true,"href":"https:\/\/ccoo.app\/diputacio-de-barcelona\/wp-json\/wp\/v2\/media\/514"}],"wp:attachment":[{"href":"https:\/\/ccoo.app\/diputacio-de-barcelona\/wp-json\/wp\/v2\/media?parent=512"}],"wp:term":[{"taxonomy":"category","embeddable":true,"href":"https:\/\/ccoo.app\/diputacio-de-barcelona\/wp-json\/wp\/v2\/categories?post=512"},{"taxonomy":"post_tag","embeddable":true,"href":"https:\/\/ccoo.app\/diputacio-de-barcelona\/wp-json\/wp\/v2\/tags?post=512"}],"curies":[{"name":"wp","href":"https:\/\/api.w.org\/{rel}","templated":true}]}}