{"id":51196,"date":"2022-12-21T13:00:00","date_gmt":"2022-12-21T12:00:00","guid":{"rendered":"https:\/\/ccoo.app\/diputacio-de-barcelona\/?p=51196"},"modified":"2023-10-17T14:04:54","modified_gmt":"2023-10-17T12:04:54","slug":"paga-productivitat-retribucio-presencialitat","status":"publish","type":"post","link":"https:\/\/ccoo.app\/diputacio-de-barcelona\/paga-productivitat-retribucio-presencialitat\/","title":{"rendered":"PAGA PRODUCTIVITAT. RETRIBUCI\u00d3 PRESENCIALITAT."},"content":{"rendered":"\n<p><\/p>\n\n\n\n<div style=\"height:40px\" aria-hidden=\"true\" class=\"wp-block-spacer\"><\/div>\n\n\n\n<h2 class=\"wp-block-heading\"><span style=\"text-decoration: underline\" class=\"ek-underline\">PAGA PRODUCTIVITAT EXTRAORDIN\u00c0RIA<\/span><\/h2>\n\n\n\n<p><\/p>\n\n\n\n<p>A la darrera sessi\u00f3 de Mesa General de Negociaci\u00f3, les seccions sindicals de <strong><u>CCOO i UGT hem signat un acord amb la corporaci\u00f3 per tal de recon\u00e8ixer l\u2019esfor\u00e7 extraordinari que ha fet tota la plantilla<\/u><\/strong> durant la pand\u00e8mia de la COVID-19, tant en format presencial com en format h\u00edbrid de treball.<\/p>\n\n\n\n<p>La proposta, presentada per UGT i recolzada per nosaltres, recau sobre el romanent de la partida pressupost\u00e0ria per productivitat de l\u2019any 2022 (amb efectes de 2021) i ser\u00e0 d\u2019una <strong><u>quantitat aproximada de 250\u20ac en un sol pagament<\/u><\/strong>, a la n\u00f2mina de febrer.<\/p>\n\n\n\n<p>Des de CCOO valorem positivament aquest acord, ja que recull quelcom que sempre hem demandat: el reconeixement a la professionalitat de la plantilla.<\/p>\n\n\n\n<div style=\"height:40px\" aria-hidden=\"true\" class=\"wp-block-spacer\"><\/div>\n\n\n\n<h2 class=\"wp-block-heading\"><strong><u>INDEMNITZACI\u00d3 TIC<\/u><\/strong><\/h2>\n\n\n\n<p><\/p>\n\n\n\n<p>Recentment <strong><u>la corporaci\u00f3 ens ha informat que ha donat per tancat l\u2019expedient de la Indemnitzaci\u00f3 TIC<\/u><\/strong> resolent aix\u00ed la discrep\u00e0ncia amb la Intervenci\u00f3 General de la DIBA. Tot i el tancament de l\u2019expedient administratiu, us volem recordar que <strong><u>CCOO hem estat l\u2019\u00fanic sindicat que ha denunciat al contenci\u00f3s-administratiu a la DIBA per l\u2019incompliment de l\u2019acord signat<\/u><\/strong> i que restem a l\u2019espera de la data del judici, que es preveu per despr\u00e9s de l\u2019estiu de 2023.<\/p>\n\n\n\n<p>Des de la nostra secci\u00f3 sindical entenem que all\u00f2 signat en Mesa de Negociaci\u00f3 t\u00e9 plena validesa legal i per aix\u00f2, a m\u00e9s a m\u00e9s de la nostra insist\u00e8ncia a les diferents reunions, vam decidir portar-ho a judici. Per tant, <strong><u>des de CCOO, no donem per tancat aquest tema i hi continuem lluitant, en aquest cas per la via judicial,<\/u><\/strong> defensant els drets de totes i tots. Us mantindrem informats i informades.<\/p>\n\n\n\n<div style=\"height:40px\" aria-hidden=\"true\" class=\"wp-block-spacer\"><\/div>\n\n\n\n<h2 class=\"wp-block-heading\"><strong><u>RETRIBUCI\u00d3 PRESENCIALITAT<\/u><\/strong><\/h2>\n\n\n\n<p><\/p>\n\n\n\n<p>Des de la Secci\u00f3 Sindical de CCOO vam demanar<strong><u> iniciar les negociacions amb la corporaci\u00f3 per tal de cercar una retribuci\u00f3 econ\u00f2mica per al personal que, a dia d\u2019avui, no pot acollir-se al r\u00e8gim de teletreball<\/u><\/strong>. Aquesta valoraci\u00f3 ve donada per la impossibilitat d\u2019acollir-se a aquesta nova manera de treballar i, per tant, seria una retribuci\u00f3 consolidable. Des de CCOO entenem que el personal que no pot acollir-se al teletreball t\u00e9 m\u00e9s dificultats per la conciliaci\u00f3 familiar aix\u00ed com retribuir el temps de trajecte que aquests col\u00b7lectius han de fer tots els dies de la setmana, tenint en compte que hi ha centres de treball a on no arriba el transport p\u00fablic.<\/p>\n\n\n\n<div style=\"height:40px\" aria-hidden=\"true\" class=\"wp-block-spacer\"><\/div>\n\n\n\n<h2 class=\"wp-block-heading\"><strong><u>MILLORA SOCIAL PER EDAT<\/u><\/strong><\/h2>\n\n\n\n<p><\/p>\n\n\n\n<p>Recordeu que <strong><u>el proper 31 de desembre finalitza el termini per presentar la sol\u00b7licitud de la millora social per edat<\/u><\/strong>, que ha d\u2019anar acompanyada pels justificants segons l\u2019import que correspongui; els quals us els indiquem:<\/p>\n\n\n\n<p class=\"has-text-align-center\"><strong>Dels 50 als 54 anys: 510\u20ac<br>Dels 55 als 59 anys: 1.050\u20ac<br>Dels 60 anys fins a la jubilaci\u00f3 for\u00e7osa: 1.550\u20ac<\/strong><\/p>\n\n\n\n<div style=\"height:80px\" aria-hidden=\"true\" class=\"wp-block-spacer\"><\/div>\n","protected":false},"excerpt":{"rendered":"<p>PAGA PRODUCTIVITAT EXTRAORDIN\u00c0RIA A la darrera sessi\u00f3 de Mesa General de Negociaci\u00f3, les seccions sindicals de CCOO i UGT hem signat un acord amb la corporaci\u00f3 per tal de recon\u00e8ixer &#8230; <\/p>\n<p class=\"read-more-container\"><a title=\"PAGA PRODUCTIVITAT. RETRIBUCI\u00d3 PRESENCIALITAT.\" class=\"read-more button\" href=\"https:\/\/ccoo.app\/diputacio-de-barcelona\/paga-productivitat-retribucio-presencialitat\/#more-51196\" aria-label=\"Leer m\u00e1s sobre PAGA PRODUCTIVITAT. RETRIBUCI\u00d3 PRESENCIALITAT.\">Continuar llegint<\/a><\/p>\n","protected":false},"author":34224,"featured_media":51207,"comment_status":"closed","ping_status":"closed","sticky":false,"template":"","format":"standard","meta":{"footnotes":""},"categories":[26,1,36],"tags":[],"class_list":["post-51196","post","type-post","status-publish","format-standard","has-post-thumbnail","hentry","category-mgn","category-sin-categoria","category-app","generate-columns","tablet-grid-50","mobile-grid-100","grid-parent","grid-50"],"_links":{"self":[{"href":"https:\/\/ccoo.app\/diputacio-de-barcelona\/wp-json\/wp\/v2\/posts\/51196","targetHints":{"allow":["GET"]}}],"collection":[{"href":"https:\/\/ccoo.app\/diputacio-de-barcelona\/wp-json\/wp\/v2\/posts"}],"about":[{"href":"https:\/\/ccoo.app\/diputacio-de-barcelona\/wp-json\/wp\/v2\/types\/post"}],"author":[{"embeddable":true,"href":"https:\/\/ccoo.app\/diputacio-de-barcelona\/wp-json\/wp\/v2\/users\/34224"}],"replies":[{"embeddable":true,"href":"https:\/\/ccoo.app\/diputacio-de-barcelona\/wp-json\/wp\/v2\/comments?post=51196"}],"version-history":[{"count":5,"href":"https:\/\/ccoo.app\/diputacio-de-barcelona\/wp-json\/wp\/v2\/posts\/51196\/revisions"}],"predecessor-version":[{"id":51312,"href":"https:\/\/ccoo.app\/diputacio-de-barcelona\/wp-json\/wp\/v2\/posts\/51196\/revisions\/51312"}],"wp:featuredmedia":[{"embeddable":true,"href":"https:\/\/ccoo.app\/diputacio-de-barcelona\/wp-json\/wp\/v2\/media\/51207"}],"wp:attachment":[{"href":"https:\/\/ccoo.app\/diputacio-de-barcelona\/wp-json\/wp\/v2\/media?parent=51196"}],"wp:term":[{"taxonomy":"category","embeddable":true,"href":"https:\/\/ccoo.app\/diputacio-de-barcelona\/wp-json\/wp\/v2\/categories?post=51196"},{"taxonomy":"post_tag","embeddable":true,"href":"https:\/\/ccoo.app\/diputacio-de-barcelona\/wp-json\/wp\/v2\/tags?post=51196"}],"curies":[{"name":"wp","href":"https:\/\/api.w.org\/{rel}","templated":true}]}}