{"id":5099,"date":"2020-03-21T09:53:52","date_gmt":"2020-03-21T08:53:52","guid":{"rendered":"https:\/\/diba.ccoo.cat\/?p=5099"},"modified":"2023-02-22T18:56:31","modified_gmt":"2023-02-22T17:56:31","slug":"criteris-i-recomanacions-preventives-teletreball","status":"publish","type":"post","link":"https:\/\/ccoo.app\/diputacio-de-barcelona\/criteris-i-recomanacions-preventives-teletreball\/","title":{"rendered":"11\/COVID-19. TELETREBALLAR PER FOR\u00c7A MAJOR PER\u00d2 DE LA MANERA M\u00c9S SALUDABLE POSSIBLE"},"content":{"rendered":"<p class=\"wp-caption-text\"><img loading=\"lazy\" decoding=\"async\" class=\"alignnone wp-image-1853\" src=\"http:\/\/ccoo.app\/diputacio-de-barcelona\/wp-content\/blogs.dir\/6\/files\/sites\/186\/2018\/01\/logoccoov18.jpg\" alt=\"\" width=\"137\" height=\"63\" \/>\u00a0 <a href=\"https:\/\/www.ccoo.es\/\/14b11f40e5c328dc3a212dc917fea16f000001.pdf\"><img loading=\"lazy\" decoding=\"async\" class=\"alignnone wp-image-5366\" src=\"http:\/\/ccoo.app\/diputacio-de-barcelona\/wp-content\/blogs.dir\/6\/files\/sites\/186\/2020\/04\/documentacio-adjunta-300x296.png\" alt=\"\" width=\"118\" height=\"116\" srcset=\"https:\/\/ccoo.app\/diputacio-de-barcelona\/wp-content\/blogs.dir\/6\/files\/sites\/186\/2020\/04\/documentacio-adjunta-300x296.png 300w, https:\/\/ccoo.app\/diputacio-de-barcelona\/wp-content\/blogs.dir\/6\/files\/sites\/186\/2020\/04\/documentacio-adjunta.png 667w\" sizes=\"auto, (max-width: 118px) 100vw, 118px\" \/><\/a><\/p>\n<p style=\"text-align: center\"><span style=\"font-family: 'arial black', sans-serif;font-size: 24px;color: #0000ff\">CRITERIS I RECOMANACIONS PREVENTIVES PER AL TELETREBALL<\/span><\/p>\n<p style=\"text-align: center\"><span style=\"font-family: arial, helvetica, sans-serif;font-size: 12pt;color: #000000\">-21 DE MAR\u00c7 2020-<\/span><\/p>\n<div class=\"text_exposed_show\" style=\"text-align: justify\">\n<p style=\"text-align: justify\"><span style=\"font-family: arial, helvetica, sans-serif;color: #000000\"><img loading=\"lazy\" decoding=\"async\" class=\" wp-image-4985 alignleft\" src=\"http:\/\/ccoo.app\/diputacio-de-barcelona\/wp-content\/blogs.dir\/6\/files\/sites\/186\/2020\/03\/coronavirus.jpg\" alt=\"\" width=\"94\" height=\"62\" \/><\/span><\/p>\n<p style=\"text-align: justify\"><span style=\"font-family: arial, helvetica, sans-serif;color: #000000\"><span style=\"background-color: #ffff00\"><strong>Des de dilluns 16 de mar\u00e7<\/strong>,<\/span> de manera precipitada i degut a la crisi sanit\u00e0ria, la majoria del personal de la Diputaci\u00f3 estem treballant de manera no presencial (<a href=\"https:\/\/diba.ccoo.cat\/teletreball-a-la-diputacio\/\"><span style=\"font-family: 'arial black', sans-serif;color: #0000ff\">Cliqueu aqu\u00ed<\/span> <\/a>per llegir comunicat del 19 de mar\u00e7 que inclou escrit conjunt CCOO\/UGT enviat a la DSRH).<\/span><\/p>\n<p style=\"text-align: justify\"><span style=\"font-family: arial, helvetica, sans-serif;color: #000000\">Disposar a corre-cuita que el personal treballi des de casa amb els seus propis mitjans, no \u00e9s exactament el que entenem com a teletreball. Ara b\u00e9, <\/span><span style=\"font-family: arial, helvetica, sans-serif;color: #000000\">pot ser una bona oportunitat per adonar-nos de quins aspectes s\u00f3n imprescindibles incloure en la futura negociaci\u00f3 que es produeixi a la Diputaci\u00f3. Teletreballar si, per\u00f2 amb garanties!<\/span><\/p>\n<p style=\"text-align: justify\"><span style=\"font-family: arial, helvetica, sans-serif;color: #000000\">En qualsevol cas, ens toca treballar des de casa. CCOO, pensant en aquestes circumst\u00e0ncies sobrevingudes, us volem donar alguns consells importants.<\/span><\/p>\n<p><img loading=\"lazy\" decoding=\"async\" class=\"size-medium wp-image-5104 aligncenter\" src=\"http:\/\/ccoo.app\/diputacio-de-barcelona\/wp-content\/blogs.dir\/6\/files\/sites\/186\/2020\/03\/teletreball-2-300x226.jpg\" alt=\"\" width=\"300\" height=\"226\" srcset=\"https:\/\/ccoo.app\/diputacio-de-barcelona\/wp-content\/blogs.dir\/6\/files\/sites\/186\/2020\/03\/teletreball-2-300x226.jpg 300w, https:\/\/ccoo.app\/diputacio-de-barcelona\/wp-content\/blogs.dir\/6\/files\/sites\/186\/2020\/03\/teletreball-2.jpg 512w\" sizes=\"auto, (max-width: 300px) 100vw, 300px\" \/><\/p>\n<p style=\"text-align: center\"><span style=\"font-family: 'arial black', sans-serif;color: #0000ff;font-size: 24px;background-color: #ffff00\">RECOMANACIONS PER A QUI TREBALLA A DIST\u00c0NCIA<\/span><\/p>\n<p style=\"text-align: center\"><span lang=\"ca\" style=\"font-family: arial, helvetica, sans-serif;color: #000000;font-size: 16px\"><a href=\"https:\/\/www.ccoo.es\/\/14b11f40e5c328dc3a212dc917fea16f000001.pdf\"><span style=\"font-family: 'arial black', sans-serif;color: #0000ff\">Cliqueu aqu\u00ed<\/span><\/a> per a llegir l&#8217;excel\u00b7lent document elaborat per CCOO i ISTAS-CCOO. <\/span><\/p>\n<p style=\"text-align: center\"><span lang=\"ca\" style=\"font-family: arial, helvetica, sans-serif;color: #000000;font-size: 20px\"><strong>\u00ab<em>Qu\u00e8 pots fer per treballar des de casa de la forma m\u00e9s saludable?<\/em>\u00bb <\/strong><\/span><\/p>\n<p><span style=\"font-family: arial, helvetica, sans-serif;color: #000000\">En aquest manual trobareu; <\/span><\/p>\n<ul>\n<li><span style=\"font-family: arial, helvetica, sans-serif;color: #000000\">Criteris i recomanacions preventives per al teletreball pensades principalment per evitar els trastorns musculoesquel\u00e8tics, la fatiga visual, l&#8217;estr\u00e8s i els problemes derivats de la transformaci\u00f3 d&#8217;una part de l&#8217;habitatge en un lloc de treball.<\/span><\/li>\n<li>\n<pre id=\"tw-target-text\" class=\"tw-data-text tw-text-large tw-ta\" data-placeholder=\"Traducci\u00f3\"><span lang=\"ca\" style=\"font-family: arial, helvetica, sans-serif;color: #000000\">Autoavaluaci\u00f3: revisant tots els punts de l'apartat \"QU\u00c8 POTS FER PER TREBALLAR DES DE CASA DE LA FORMA M\u00c9S SALUDABLE?\" pots autoavaluar el teu lloc de teletreball i verificar que les teves condicions de treball s\u00f3n les m\u00e9s adequades dins de les limitacions que es presenten per les circumst\u00e0ncies actuals excepcionals.<\/span><\/pre>\n<\/li>\n<\/ul>\n<\/div>\n<p><img loading=\"lazy\" decoding=\"async\" class=\"wp-image-5102 aligncenter\" src=\"http:\/\/ccoo.app\/diputacio-de-barcelona\/wp-content\/blogs.dir\/6\/files\/sites\/186\/2020\/03\/teletreball.jpg\" alt=\"\" width=\"139\" height=\"81\" \/><\/p>\n<p>&nbsp;<\/p>\n<p style=\"text-align: justify\"><span style=\"font-family: arial, helvetica, sans-serif;color: #000000\">CCOO a la Diputaci\u00f3 de Barcelona apostem decididament per la implementaci\u00f3 del Teletreball amb un marc regulador negociat (<a style=\"color: #000000\" href=\"http:\/\/ccoo.app\/diputacio-de-barcelona\/wp-content\/blogs.dir\/6\/files\/sites\/186\/2019\/03\/16-teletreball.pdf\"><span style=\"font-family: 'arial black', sans-serif;color: #0000ff\">cliqueu aqu\u00ed <\/span><\/a>per veure m\u00e9s informaci\u00f3).<\/span><\/p>\n<p style=\"text-align: justify\"><span style=\"font-family: arial, helvetica, sans-serif;color: #000000\">Per nosaltres \u00e9s imprescindible:<\/span><\/p>\n<ul>\n<li style=\"text-align: justify\"><span style=\"font-family: arial, helvetica, sans-serif;color: #000000\">Efectuar una <strong>avaluaci\u00f3 de riscos laborals<\/strong> del nou lloc de treball (tot i que sigui a casa nostra),<\/span><\/li>\n<li style=\"text-align: justify\"><span style=\"font-family: arial, helvetica, sans-serif;color: #000000\">S&#8217;ha de subministrar <strong>recursos necessaris<\/strong> (mobiliari, ordinador, internet, formaci\u00f3, etc),<\/span><\/li>\n<li style=\"text-align: justify\"><span style=\"font-family: arial, helvetica, sans-serif;color: #000000\">Establir <strong>compensacions econ\u00f2miques<\/strong> per despeses (telef\u00f2niques, internet, aire condicionat, calefacci\u00f3, llum, etc).<\/span><\/li>\n<li style=\"text-align: justify\"><span style=\"font-family: arial, helvetica, sans-serif;color: #000000\">Establir tipus d&#8217;<strong>horari amb objectius clars<\/strong> i dret a la <strong>desconnexi\u00f3<\/strong> digital, entre d\u2019altres&#8230;<\/span><\/li>\n<\/ul>\n<p>&nbsp;<\/p>\n<p><span style=\"font-family: arial, helvetica, sans-serif;color: #000000\">Altres informacions relacionades:<\/span><\/p>\n<ul>\n<li style=\"text-align: justify\"><a href=\"https:\/\/fsc.ccoo.es\/\/1167a3eb76069e8a50cdce8c03e17fb0000050.pdf\"><span style=\"font-family: 'arial black', sans-serif;color: #0000ff\">https:\/\/fsc.ccoo.es\/\/1167a3eb76069e8a50cdce8c03e17fb0000050.pdf<\/span><\/a><\/li>\n<\/ul>\n<p>&nbsp;<\/p>\n<ul>\n<li><span style=\"font-family: 'arial black', sans-serif;color: #0000ff\"><a style=\"color: #0000ff\" href=\"http:\/\/www2.fsc.ccoo.es\/comunes\/recursos\/17487\/2385789-Guia_del_teletrabajo_desde_la_perspectiva_de_la_Salud_Laboral.pdf\">http:\/\/www2.fsc.ccoo.es\/comunes\/recursos\/17487\/2385789-Guia_del_teletrabajo_desde_la_perspectiva_de_la_Salud_Laboral.pdf<\/a><\/span><\/li>\n<\/ul>\n<p>&nbsp;<\/p>\n<p><iframe loading=\"lazy\" title=\"\ud83d\udc69\ud83c\udffd\u200d\ud83d\udcbb\ud83d\udc68\ud83c\udffb\u200d\ud83d\udcbb Teletrabaja sin riesgos\ud83c\udfe0\" width=\"1200\" height=\"675\" src=\"https:\/\/www.youtube.com\/embed\/EhWPH_5FXSs?feature=oembed\" frameborder=\"0\" allow=\"accelerometer; autoplay; clipboard-write; encrypted-media; gyroscope; picture-in-picture; web-share\" allowfullscreen><\/iframe><\/p>\n<p>&nbsp;<\/p>\n<p><img loading=\"lazy\" decoding=\"async\" class=\"wp-image-5184 aligncenter\" src=\"http:\/\/ccoo.app\/diputacio-de-barcelona\/wp-content\/blogs.dir\/6\/files\/sites\/186\/2020\/03\/i-de-info-300x300.jpg\" alt=\"\" width=\"80\" height=\"80\" srcset=\"https:\/\/ccoo.app\/diputacio-de-barcelona\/wp-content\/blogs.dir\/6\/files\/sites\/186\/2020\/03\/i-de-info-300x300.jpg 300w, https:\/\/ccoo.app\/diputacio-de-barcelona\/wp-content\/blogs.dir\/6\/files\/sites\/186\/2020\/03\/i-de-info-150x150.jpg 150w, https:\/\/ccoo.app\/diputacio-de-barcelona\/wp-content\/blogs.dir\/6\/files\/sites\/186\/2020\/03\/i-de-info.jpg 626w\" sizes=\"auto, (max-width: 80px) 100vw, 80px\" \/><\/p>\n<p style=\"text-align: center\"><span style=\"font-family: 'arial black', sans-serif;font-size: 20px;color: #ffff00;background-color: #ff0000\">TOTA LA INFORMACI\u00d3 QUE NECESSITES<\/span><\/p>\n<p style=\"text-align: justify\"><span style=\"font-family: arial, helvetica, sans-serif;color: #000000\">La\u00a0SECCI\u00d3 SINDICAL DE CCOO<strong>\u00a0seguim treballant<\/strong>\u00a0(de manera telem\u00e0tica) per poder\u00a0<strong>donar resposta a tots els dubtes<\/strong>\u00a0que tingueu o\u00a0<strong>solucionar els problemes que es puguin generar.<\/strong><\/span><\/p>\n<p style=\"text-align: center\"><span style=\"font-family: 'arial black', sans-serif;color: #0000ff\"><a style=\"color: #0000ff\" href=\"mailto:ccoo@diba.cat\"><strong>ccoo@diba.cat<\/strong><\/a><\/span><\/p>\n<p style=\"text-align: center\"><span style=\"font-family: 'arial black', sans-serif;color: #0000ff\"><a style=\"color: #0000ff\" href=\"mailto:orgt.ssccoo@diba.cat\">orgt.ssccoo@diba.cat<\/a><\/span><\/p>\n<p style=\"text-align: justify\"><span style=\"font-family: arial, helvetica, sans-serif;color: #000000\">Podeu fer-nos arribar les vostres preguntes o dubtes. O si ho desitgeu, deixeu el vostre n\u00famero de tel\u00e8fon i ens posarem en contacte amb vosaltres.<\/span><\/p>\n<p style=\"text-align: justify\"><span style=\"font-family: arial, helvetica, sans-serif\"><span style=\"color: #000000\">Tamb\u00e9 obtindreu informaci\u00f3 dia a dia a les xarxes socials:\u00a0<\/span><span style=\"font-family: 'arial black', sans-serif;color: #0000ff\"><a style=\"color: #0000ff\" href=\"https:\/\/twitter.com\/CCOODiba\">Twitter<\/a><\/span>\u00a0i\u00a0<span style=\"font-family: 'arial black', sans-serif;color: #0000ff\"><a style=\"color: #0000ff\" href=\"https:\/\/www.facebook.com\/CcooDiputacioDeBarcelona\/\">Facebook.<\/a><\/span><\/span><\/p>\n<p style=\"text-align: justify\"><span style=\"font-family: arial, helvetica, sans-serif\"><span style=\"color: #000000\">Recordeu que actualitzem constantment la nostra p\u00e0gina<\/span>\u00a0<span style=\"font-family: 'arial black', sans-serif;color: #0000ff\"><a style=\"color: #0000ff\" href=\"https:\/\/diba.ccoo.cat\/\">web<\/a><\/span><\/span><\/p>\n<p>&nbsp;<\/p>\n<p><img loading=\"lazy\" decoding=\"async\" class=\"wp-image-5130 aligncenter\" src=\"http:\/\/ccoo.app\/diputacio-de-barcelona\/wp-content\/blogs.dir\/6\/files\/sites\/186\/2020\/03\/diba-300x300.jpg\" alt=\"\" width=\"89\" height=\"89\" srcset=\"https:\/\/ccoo.app\/diputacio-de-barcelona\/wp-content\/blogs.dir\/6\/files\/sites\/186\/2020\/03\/diba-300x300.jpg 300w, https:\/\/ccoo.app\/diputacio-de-barcelona\/wp-content\/blogs.dir\/6\/files\/sites\/186\/2020\/03\/diba-150x150.jpg 150w, https:\/\/ccoo.app\/diputacio-de-barcelona\/wp-content\/blogs.dir\/6\/files\/sites\/186\/2020\/03\/diba.jpg 400w\" sizes=\"auto, (max-width: 89px) 100vw, 89px\" \/><\/p>\n<p style=\"text-align: justify\"><span style=\"color: #000000;font-family: arial, helvetica, sans-serif\"><span style=\"font-family: 'arial black', sans-serif;background-color: #ffff00\">INFORMACI\u00d3 CORPORATIVA<\/span> En termes generals \u00e9s important que:<\/span><\/p>\n<ul style=\"text-align: justify\">\n<li><span style=\"color: #000000;font-family: arial, helvetica, sans-serif\">Us mantingueu informats de les directrius i mesures que vagi adoptant la Diputaci\u00f3 de Barcelona mitjan\u00e7ant <strong>correu corporatiu<\/strong> i <strong>intradiba<\/strong> (<a href=\"https:\/\/dibaaps.diba.cat\/vus\/login.asp\"><span style=\"font-family: 'arial black', sans-serif;color: #0000ff\">cliqueu aqu\u00ed<\/span><\/a>)<\/span><\/li>\n<li><span style=\"color: #000000;font-family: arial, helvetica, sans-serif\">Estigueu pendents CONSTANTMENT de les directrius que us puguin fer arribar el vostres comandaments<\/span><\/li>\n<\/ul>\n<p>&nbsp;<\/p>\n<p><img loading=\"lazy\" decoding=\"async\" class=\"wp-image-5131 aligncenter\" src=\"http:\/\/ccoo.app\/diputacio-de-barcelona\/wp-content\/blogs.dir\/6\/files\/sites\/186\/2020\/03\/ccoo-catalunya-300x123.jpg\" alt=\"\" width=\"188\" height=\"77\" srcset=\"https:\/\/ccoo.app\/diputacio-de-barcelona\/wp-content\/blogs.dir\/6\/files\/sites\/186\/2020\/03\/ccoo-catalunya-300x123.jpg 300w, https:\/\/ccoo.app\/diputacio-de-barcelona\/wp-content\/blogs.dir\/6\/files\/sites\/186\/2020\/03\/ccoo-catalunya.jpg 350w\" sizes=\"auto, (max-width: 188px) 100vw, 188px\" \/><\/p>\n<p><span style=\"font-family: 'arial black', sans-serif;background-color: #ffff00;color: #000000\">TOTA LA INFORMACI\u00d3 A CCOO CATALUNYA<\/span><\/p>\n<ul>\n<li><span class=\"css-901oao css-16my406 r-1qd0xha r-ad9z0x r-bcqeeo r-qvutc0\" style=\"color: #000000\"><span style=\"font-family: arial, helvetica, sans-serif\">Preguntes freq\u00fcents sobre el Coronavirus i l&#8217;\u00e0mbit laboral:<\/span> <\/span>\u00a0<span style=\"font-family: 'arial black', sans-serif;color: #0000ff\"><a class=\"css-4rbku5 css-18t94o4 css-901oao css-16my406 r-1n1174f r-1loqt21 r-1qd0xha r-ad9z0x r-bcqeeo r-qvutc0\" style=\"color: #0000ff\" title=\"http:\/\/consultacoronavirus.ccoo.cat\" role=\"link\" href=\"https:\/\/t.co\/Xrpj3V7Bz3?amp=1\" target=\"_blank\" rel=\"noopener noreferrer\" data-focusable=\"true\"><span class=\"css-901oao css-16my406 r-1qd0xha r-hiw28u r-ad9z0x r-bcqeeo r-qvutc0\" aria-hidden=\"true\">http:\/\/<\/span>consultacoronavirus.ccoo.cat<\/a> <\/span><\/li>\n<li><span style=\"font-family: arial, helvetica, sans-serif;color: #000000\">Recull de totes les informacions ordenades sobre <\/span><strong><span style=\"font-family: arial, helvetica, sans-serif;color: #000000\">l&#8217;evoluci\u00f3 del coronavirus COVID-19 respecte del m\u00f3n del treball: <\/span><span style=\"font-family: 'arial black', sans-serif;color: #0000ff\"><a style=\"color: #0000ff\" href=\"https:\/\/www.ccoo.cat\/aspnet\/coronavirus.aspx\">https:\/\/www.ccoo.cat\/aspnet\/coronavirus.aspx<\/a><\/span><\/strong><\/li>\n<\/ul>\n<p style=\"text-align: center\"><span style=\"font-family: 'comic sans ms', sans-serif;font-size: 24px;background-color: #ffff00;color: #ff0000\"><strong>Tot i que no ens podem tocar, estem junts<\/strong><\/span><\/p>\n<p style=\"text-align: center\"><span style=\"font-family: 'comic sans ms', sans-serif;font-size: 24px;color: #0000ff\"><strong>(<a style=\"color: #0000ff\" href=\"https:\/\/www.youtube.com\/watch?v=rKrw7OFWXoI\">cliqueu aqu\u00ed per veure v\u00eddeo<\/a>)<\/strong><\/span><\/p>\n<p>&nbsp;<\/p>\n<p><a href=\"https:\/\/diba.ccoo.cat\/ccoo-torna-a-ser-primer-sindicat-a-catalunya\/\"><img loading=\"lazy\" decoding=\"async\" class=\"size-medium wp-image-4877 aligncenter\" src=\"http:\/\/ccoo.app\/diputacio-de-barcelona\/wp-content\/blogs.dir\/6\/files\/sites\/186\/2020\/01\/ccoo-primer-sindicat-catalunya-300x117.jpg\" alt=\"\" width=\"300\" height=\"117\" srcset=\"https:\/\/ccoo.app\/diputacio-de-barcelona\/wp-content\/blogs.dir\/6\/files\/sites\/186\/2020\/01\/ccoo-primer-sindicat-catalunya-300x117.jpg 300w, https:\/\/ccoo.app\/diputacio-de-barcelona\/wp-content\/blogs.dir\/6\/files\/sites\/186\/2020\/01\/ccoo-primer-sindicat-catalunya.jpg 490w\" sizes=\"auto, (max-width: 300px) 100vw, 300px\" \/><\/a><\/p>\n<p><a href=\"https:\/\/www.ccoo.es\/noticia:391405\"><img loading=\"lazy\" decoding=\"async\" class=\"size-medium wp-image-4878 aligncenter\" src=\"http:\/\/ccoo.app\/diputacio-de-barcelona\/wp-content\/blogs.dir\/6\/files\/sites\/186\/2020\/01\/ccoo-primer-sindicat-a-espana-300x91.jpg\" alt=\"\" width=\"300\" height=\"91\" srcset=\"https:\/\/ccoo.app\/diputacio-de-barcelona\/wp-content\/blogs.dir\/6\/files\/sites\/186\/2020\/01\/ccoo-primer-sindicat-a-espana-300x91.jpg 300w, https:\/\/ccoo.app\/diputacio-de-barcelona\/wp-content\/blogs.dir\/6\/files\/sites\/186\/2020\/01\/ccoo-primer-sindicat-a-espana.jpg 477w\" sizes=\"auto, (max-width: 300px) 100vw, 300px\" \/><\/a><\/p>\n<p><a href=\"https:\/\/www.ccoo.cat\/noticia\/224842\/ccoo-lliura-els-seus-comptes-auditats-del-2018-a-la-sindicatura-de-comptes-de-catalunya#.XjRZA-mWycz\"><img loading=\"lazy\" decoding=\"async\" class=\"size-medium wp-image-4879 aligncenter\" src=\"http:\/\/ccoo.app\/diputacio-de-barcelona\/wp-content\/blogs.dir\/6\/files\/sites\/186\/2020\/01\/ccoo-primer-sindicat-sindicatura-300x95.jpg\" alt=\"\" width=\"300\" height=\"95\" srcset=\"https:\/\/ccoo.app\/diputacio-de-barcelona\/wp-content\/blogs.dir\/6\/files\/sites\/186\/2020\/01\/ccoo-primer-sindicat-sindicatura-300x95.jpg 300w, https:\/\/ccoo.app\/diputacio-de-barcelona\/wp-content\/blogs.dir\/6\/files\/sites\/186\/2020\/01\/ccoo-primer-sindicat-sindicatura.jpg 476w\" sizes=\"auto, (max-width: 300px) 100vw, 300px\" \/><\/a><\/p>\n<p>&nbsp;<\/p>\n<p>&nbsp;<\/p>\n<p>&nbsp;<\/p>\n<p>&nbsp;<\/p>\n<p>&nbsp;<\/p>\n<p>&nbsp;<\/p>\n<p>&nbsp;<\/p>\n<p>&nbsp;<\/p>\n<p>&nbsp;<\/p>\n<p>&nbsp;<\/p>\n<p>&nbsp;<\/p>\n<p>&nbsp;<\/p>\n<p>&nbsp;<\/p>\n<p>&nbsp;<\/p>\n<p>&nbsp;<\/p>\n<p>&nbsp;<\/p>\n<p>&nbsp;<\/p>\n<p>&nbsp;    \t<\/p>\n","protected":false},"excerpt":{"rendered":"<p>\u00a0 CRITERIS I RECOMANACIONS PREVENTIVES PER AL TELETREBALL -21 DE MAR\u00c7 2020- Des de dilluns 16 de mar\u00e7, de manera precipitada i degut a la crisi sanit\u00e0ria, la majoria del &#8230; <\/p>\n<p class=\"read-more-container\"><a title=\"11\/COVID-19. TELETREBALLAR PER FOR\u00c7A MAJOR PER\u00d2 DE LA MANERA M\u00c9S SALUDABLE POSSIBLE\" class=\"read-more button\" href=\"https:\/\/ccoo.app\/diputacio-de-barcelona\/criteris-i-recomanacions-preventives-teletreball\/#more-5099\" aria-label=\"Leer m\u00e1s sobre 11\/COVID-19. TELETREBALLAR PER FOR\u00c7A MAJOR PER\u00d2 DE LA MANERA M\u00c9S SALUDABLE POSSIBLE\">Continuar llegint<\/a><\/p>\n","protected":false},"author":4519,"featured_media":5102,"comment_status":"open","ping_status":"open","sticky":false,"template":"","format":"standard","meta":{"footnotes":""},"categories":[38,19,23,28,29,35],"tags":[89,167,191,221],"class_list":["post-5099","post","type-post","status-publish","format-standard","has-post-thumbnail","hentry","category-a-tot-el-personal","category-comunicats","category-informacio-general","category-mobilitat","category-orgt-2","category-salut-laboral","tag-coronavirus","tag-orgt","tag-prevencio-teletreball","tag-teletreball","generate-columns","tablet-grid-50","mobile-grid-100","grid-parent","grid-50"],"_links":{"self":[{"href":"https:\/\/ccoo.app\/diputacio-de-barcelona\/wp-json\/wp\/v2\/posts\/5099","targetHints":{"allow":["GET"]}}],"collection":[{"href":"https:\/\/ccoo.app\/diputacio-de-barcelona\/wp-json\/wp\/v2\/posts"}],"about":[{"href":"https:\/\/ccoo.app\/diputacio-de-barcelona\/wp-json\/wp\/v2\/types\/post"}],"author":[{"embeddable":true,"href":"https:\/\/ccoo.app\/diputacio-de-barcelona\/wp-json\/wp\/v2\/users\/4519"}],"replies":[{"embeddable":true,"href":"https:\/\/ccoo.app\/diputacio-de-barcelona\/wp-json\/wp\/v2\/comments?post=5099"}],"version-history":[{"count":1,"href":"https:\/\/ccoo.app\/diputacio-de-barcelona\/wp-json\/wp\/v2\/posts\/5099\/revisions"}],"predecessor-version":[{"id":51877,"href":"https:\/\/ccoo.app\/diputacio-de-barcelona\/wp-json\/wp\/v2\/posts\/5099\/revisions\/51877"}],"wp:featuredmedia":[{"embeddable":true,"href":"https:\/\/ccoo.app\/diputacio-de-barcelona\/wp-json\/wp\/v2\/media\/5102"}],"wp:attachment":[{"href":"https:\/\/ccoo.app\/diputacio-de-barcelona\/wp-json\/wp\/v2\/media?parent=5099"}],"wp:term":[{"taxonomy":"category","embeddable":true,"href":"https:\/\/ccoo.app\/diputacio-de-barcelona\/wp-json\/wp\/v2\/categories?post=5099"},{"taxonomy":"post_tag","embeddable":true,"href":"https:\/\/ccoo.app\/diputacio-de-barcelona\/wp-json\/wp\/v2\/tags?post=5099"}],"curies":[{"name":"wp","href":"https:\/\/api.w.org\/{rel}","templated":true}]}}