{"id":5085,"date":"2020-03-20T11:58:12","date_gmt":"2020-03-20T10:58:12","guid":{"rendered":"https:\/\/diba.ccoo.cat\/?p=5085"},"modified":"2023-02-22T18:56:35","modified_gmt":"2023-02-22T17:56:35","slug":"abus-temporalitat-analitzi","status":"publish","type":"post","link":"https:\/\/ccoo.app\/diputacio-de-barcelona\/abus-temporalitat-analitzi\/","title":{"rendered":"AB\u00daS TEMPORALITAT: AN\u00c0LISI DE LA SENT\u00c8NCIA DEL TJUE SOBRE PERSONAL INTER\u00cd"},"content":{"rendered":"<p class=\"wp-caption-text\"><img loading=\"lazy\" decoding=\"async\" class=\"alignnone wp-image-1853\" src=\"http:\/\/ccoo.app\/diputacio-de-barcelona\/wp-content\/blogs.dir\/6\/files\/sites\/186\/2018\/01\/logoccoov18.jpg\" alt=\"\" width=\"137\" height=\"63\" \/>\u00a0 \u00a0<a href=\"https:\/\/fsc.ccoo.es\/noticia:467383--CCOO_seguira_trabajando_para_la_consolidacion_y_estabilizacion_del_empleo_publico_contra_la_precariedad_y_por_la_ampliacion_de_las_plantillas&amp;opc_id=6a5018a39e084efa266aa087e2cc86d0\"><img loading=\"lazy\" decoding=\"async\" class=\" wp-image-2113 alignnone\" src=\"http:\/\/ccoo.app\/diputacio-de-barcelona\/wp-content\/blogs.dir\/6\/files\/sites\/186\/2018\/04\/22-300x172.png\" alt=\"\" width=\"170\" height=\"98\" srcset=\"https:\/\/ccoo.app\/diputacio-de-barcelona\/wp-content\/blogs.dir\/6\/files\/sites\/186\/2018\/04\/22-300x172.png 300w, https:\/\/ccoo.app\/diputacio-de-barcelona\/wp-content\/blogs.dir\/6\/files\/sites\/186\/2018\/04\/22.png 327w\" sizes=\"auto, (max-width: 170px) 100vw, 170px\" \/><\/a><\/p>\n<p style=\"text-align: center\"><span style=\"font-family: 'arial black', sans-serif;color: #0000ff\">AN\u00c1LISI DE LA SENT\u00c8NCIA DEL TRIBUNAL DE JUST\u00cdCIA DE LA UE, EN RELACI\u00d3 ALS ASSUMPTES C-103\/18 Y C-429\/18 (ACUMULATS) SOBRE AB\u00daS O FRAU EN LA CONTRACTACI\u00d3.<\/span><\/p>\n<p style=\"text-align: center\"><span style=\"font-family: arial, helvetica, sans-serif;font-size: 12pt;color: #000000\">-20 DE MAR\u00c7 2020-<\/span><\/p>\n<div style=\"text-align: justify\" align=\"justify\">\n<p style=\"text-align: justify\"><span style=\"font-family: arial, helvetica, sans-serif;color: #000000\">Una bona part del pes de la lluita contra la pand\u00e8mia l&#8217;est\u00e0 portant a terme el personal sanitari. I en torn un 30%, t\u00e9 precisament la condici\u00f3 de personal inter\u00ed.<\/span><\/p>\n<p style=\"text-align: justify\"><span style=\"font-family: arial, helvetica, sans-serif;color: #000000\">Una male\u00efda coincid\u00e8ncia temporal ha volgut que en plena pand\u00e8mia el TJUE dicti aquesta sent\u00e8ncia.<\/span><\/p>\n<p style=\"text-align: justify\"><span style=\"font-family: arial, helvetica, sans-serif;color: #000000\">En qualsevol cas, CCOO diba entenem que quan tot passi haurem de seguir treballant per a que tot aquest personal, que ha demostrat sobradament la seva professionalitat (l&#8217;esfor\u00e7 i comprom\u00eds durant aquesta crisi sanit\u00e0ria n&#8217;\u00e9s una mostra m\u00e9s), pugui consolidar definitivament la seva pla\u00e7a. Aquest ha estat, \u00e9s i ser\u00e0 el nostre posicionament com a secci\u00f3 sindical.<\/span><\/p>\n<p style=\"text-align: justify\"><span style=\"font-family: arial, helvetica, sans-serif;color: #000000\">Cal que sigui determinant l&#8217;experi\u00e8ncia i temps de servei del personal inter\u00ed en els processos que es puguin acordar.<\/span><\/p>\n<ul>\n<li style=\"text-align: justify\"><span style=\"font-family: arial, helvetica, sans-serif;color: #000000\"><a href=\"https:\/\/fsc.ccoo.es\/noticia:467383--CCOO_seguira_trabajando_para_la_consolidacion_y_estabilizacion_del_empleo_publico_contra_la_precariedad_y_por_la_ampliacion_de_las_plantillas&amp;opc_id=6a5018a39e084efa266aa087e2cc86d0\"><span style=\"font-family: 'arial black', sans-serif;color: #0000ff\">Cliqueu aqu\u00ed<\/span><\/a> per a llegir l&#8217;<span style=\"background-color: #ffff00\">an\u00e0lisi inicial que en arriba des de l\u2019\u00c0rea P\u00fablica<\/span> de CCOO.<\/span><\/li>\n<li><span style=\"font-family: arial, helvetica, sans-serif;color: #000000\"><a href=\"https:\/\/www.ccoo.cat\/fsc\/noticia\/229007\/mes-enlla-del-covid-19-hi-ha-altra-activitat-sindical?id=229007#.XndR8eSWyuU\"><span style=\"font-family: 'arial black', sans-serif;color: #0000ff\">Cliqueu aqu\u00ed<\/span><\/a> per a veure recull fet per a la FSC de CCOO Catalunya<\/span><\/li>\n<li style=\"text-align: justify\"><span style=\"font-family: arial, helvetica, sans-serif;color: #000000\"><a href=\"https:\/\/diba.ccoo.cat\/estabilitzacio-del-personal-interi-2\/\"><span style=\"font-family: 'arial black', sans-serif;color: #0000ff\">Cliqueu aqu\u00ed<\/span><\/a> per a llegir el posicionament de la secci\u00f3 sindical adoptat a l\u2019assemblea de CCOO diba el 26 de juny de 2019.<\/span><\/li>\n<\/ul>\n<\/div>\n<div style=\"text-align: justify\" align=\"justify\"><span style=\"font-family: arial, helvetica, sans-serif;color: #000000\">En la mesura que ens deixi aquesta crisi sanit\u00e0ria, comen\u00e7arem a treballar internament a la secci\u00f3 sindical en coordinaci\u00f3 amb el Sector de l&#8217;Administraci\u00f3 Local i la FSC de CCOO Catalunya. De fet, pel que sabem, s&#8217;est\u00e0 treballant per a realitzar una jornada amb importants experts per analitzar en profunditat la sent\u00e8ncia. <\/span><span style=\"font-family: arial, helvetica, sans-serif;color: #000000\">Us seguirem informant.<\/span><\/div>\n<div style=\"text-align: justify\" align=\"justify\"><\/div>\n<div style=\"font-size: 10pt;font-family: Tahoma;color: #000000;direction: ltr\">\n<div align=\"justify\"><span style=\"font-family: arial, helvetica, sans-serif;font-size: 16px;color: #000000\">Finalment, us deixem (<a href=\"https:\/\/rafaeljimenezasensio.com\/\"><span style=\"font-family: 'arial black', sans-serif;color: #0000ff\">cliqueu aqu\u00ed<\/span><\/a>) l&#8217;an\u00e0lisi de la sent\u00e8ncia del TJUE de <\/span><span style=\"font-family: arial, helvetica, sans-serif;font-size: 16px\">Joan Mauri Maj\u00f3s\/Rafael Jim\u00e9nez Asensio.<\/span><\/div>\n<div style=\"text-align: justify\" align=\"justify\"><\/div>\n<div align=\"justify\"><\/div>\n<\/div>\n<p style=\"text-align: center\"><span style=\"font-family: 'arial black', sans-serif;font-size: 20px;color: #ffff00;background-color: #ff0000\">TOTA LA INFORMACI\u00d3 QUE NECESSITES<\/span><\/p>\n<p style=\"text-align: justify\"><span style=\"font-family: arial, helvetica, sans-serif\">La\u00a0SECCI\u00d3 SINDICAL DE CCOO<strong>\u00a0seguim treballant<\/strong>\u00a0(de manera telem\u00e0tica) per poder\u00a0<strong>donar resposta a tots els dubtes<\/strong>\u00a0que tingueu o\u00a0<strong>solucionar els problemes que es puguin generar.<\/strong><\/span><\/p>\n<p style=\"text-align: center\"><span style=\"font-family: 'arial black', sans-serif;color: #0000ff\"><a style=\"color: #0000ff\" href=\"mailto:ccoo@diba.cat\"><strong>ccoo@diba.cat<\/strong><\/a><\/span><\/p>\n<p style=\"text-align: center\"><span style=\"font-family: 'arial black', sans-serif;color: #0000ff\"><a style=\"color: #0000ff\" href=\"mailto:orgt.ssccoo@diba.cat\">orgt.ssccoo@diba.cat<\/a><\/span><\/p>\n<p style=\"text-align: justify\"><span style=\"font-family: arial, helvetica, sans-serif\">Podeu fer-nos arribar les vostres preguntes o dubtes. O si ho desitgeu, deixeu el vostre n\u00famero de tel\u00e8fon i ens posarem en contacte amb vosaltres.<\/span><\/p>\n<p style=\"text-align: justify\"><span style=\"font-family: arial, helvetica, sans-serif\">Tamb\u00e9 obtindreu informaci\u00f3 dia a dia a les xarxes socials:\u00a0<span style=\"font-family: 'arial black', sans-serif;color: #0000ff\"><a style=\"color: #0000ff\" href=\"https:\/\/twitter.com\/CCOODiba\">Twitter<\/a><\/span>\u00a0i\u00a0<span style=\"color: #0000ff;font-family: 'arial black', sans-serif\"><a style=\"color: #0000ff\" href=\"https:\/\/www.facebook.com\/CcooDiputacioDeBarcelona\/\">Facebook.<\/a><\/span><\/span><\/p>\n<p style=\"text-align: justify\"><span style=\"font-family: arial, helvetica, sans-serif\">Recordeu que actualitzem constantment la nostra p\u00e0gina\u00a0<span style=\"color: #0000ff;font-family: 'arial black', sans-serif\"><a style=\"color: #0000ff\" href=\"https:\/\/diba.ccoo.cat\/\">web.<\/a><\/span><\/span><\/p>\n<p>&nbsp;<\/p>\n<p><img loading=\"lazy\" decoding=\"async\" class=\"wp-image-5130 aligncenter\" src=\"http:\/\/ccoo.app\/diputacio-de-barcelona\/wp-content\/blogs.dir\/6\/files\/sites\/186\/2020\/03\/diba-300x300.jpg\" alt=\"\" width=\"109\" height=\"109\" srcset=\"https:\/\/ccoo.app\/diputacio-de-barcelona\/wp-content\/blogs.dir\/6\/files\/sites\/186\/2020\/03\/diba-300x300.jpg 300w, https:\/\/ccoo.app\/diputacio-de-barcelona\/wp-content\/blogs.dir\/6\/files\/sites\/186\/2020\/03\/diba-150x150.jpg 150w, https:\/\/ccoo.app\/diputacio-de-barcelona\/wp-content\/blogs.dir\/6\/files\/sites\/186\/2020\/03\/diba.jpg 400w\" sizes=\"auto, (max-width: 109px) 100vw, 109px\" \/><\/p>\n<p style=\"text-align: justify\"><span style=\"color: #000000;font-family: arial, helvetica, sans-serif\"><span style=\"font-family: 'arial black', sans-serif;background-color: #ffff00\">INFORMACI\u00d3 CORPORATIVA<\/span> En termes generals \u00e9s important que:<\/span><\/p>\n<ul style=\"text-align: justify\">\n<li><span style=\"color: #000000;font-family: arial, helvetica, sans-serif\">Us mantingueu informats de les directrius i mesures que vagi adoptant la Diputaci\u00f3 de Barcelona mitjan\u00e7ant <strong>correu corporatiu<\/strong> i <strong>intradiba<\/strong> (<a href=\"https:\/\/dibaaps.diba.cat\/vus\/login.asp\"><span style=\"font-family: 'arial black', sans-serif;color: #0000ff\">cliqueu aqu\u00ed<\/span><\/a>)<\/span><\/li>\n<li><span style=\"color: #000000;font-family: arial, helvetica, sans-serif\">Estigueu pendents CONSTANTMENT de les directrius que us puguin fer arribar el vostres comandaments<\/span><\/li>\n<\/ul>\n<p>&nbsp;<\/p>\n<p><img loading=\"lazy\" decoding=\"async\" class=\"wp-image-5131 aligncenter\" src=\"http:\/\/ccoo.app\/diputacio-de-barcelona\/wp-content\/blogs.dir\/6\/files\/sites\/186\/2020\/03\/ccoo-catalunya-300x123.jpg\" alt=\"\" width=\"171\" height=\"70\" srcset=\"https:\/\/ccoo.app\/diputacio-de-barcelona\/wp-content\/blogs.dir\/6\/files\/sites\/186\/2020\/03\/ccoo-catalunya-300x123.jpg 300w, https:\/\/ccoo.app\/diputacio-de-barcelona\/wp-content\/blogs.dir\/6\/files\/sites\/186\/2020\/03\/ccoo-catalunya.jpg 350w\" sizes=\"auto, (max-width: 171px) 100vw, 171px\" \/><\/p>\n<p><span style=\"font-family: 'arial black', sans-serif;background-color: #ffff00;color: #000000\">TOTA LA INFORMACI\u00d3 A CCOO CATALUNYA<\/span><\/p>\n<ul>\n<li><span class=\"css-901oao css-16my406 r-1qd0xha r-ad9z0x r-bcqeeo r-qvutc0\" style=\"color: #000000\"><span style=\"font-family: arial, helvetica, sans-serif\">Preguntes freq\u00fcents sobre el Coronavirus i l&#8217;\u00e0mbit laboral:<\/span> <\/span>\u00a0<span style=\"font-family: 'arial black', sans-serif;color: #0000ff\"><a class=\"css-4rbku5 css-18t94o4 css-901oao css-16my406 r-1n1174f r-1loqt21 r-1qd0xha r-ad9z0x r-bcqeeo r-qvutc0\" style=\"color: #0000ff\" title=\"http:\/\/consultacoronavirus.ccoo.cat\" role=\"link\" href=\"https:\/\/t.co\/Xrpj3V7Bz3?amp=1\" target=\"_blank\" rel=\"noopener noreferrer\" data-focusable=\"true\"><span class=\"css-901oao css-16my406 r-1qd0xha r-hiw28u r-ad9z0x r-bcqeeo r-qvutc0\" aria-hidden=\"true\">http:\/\/<\/span>consultacoronavirus.ccoo.cat<\/a> <\/span><\/li>\n<li><span style=\"font-family: arial, helvetica, sans-serif;color: #000000\">Recull de totes les informacions ordenades sobre <\/span><strong><span style=\"font-family: arial, helvetica, sans-serif;color: #000000\">l&#8217;evoluci\u00f3 del coronavirus COVID-19 respecte del m\u00f3n del treball: <\/span><span style=\"font-family: 'arial black', sans-serif;color: #0000ff\"><a style=\"color: #0000ff\" href=\"https:\/\/www.ccoo.cat\/aspnet\/coronavirus.aspx\">https:\/\/www.ccoo.cat\/aspnet\/coronavirus.aspx<\/a><\/span><\/strong><\/li>\n<\/ul>\n<p>&nbsp;<\/p>\n<p>&nbsp;<\/p>\n<p style=\"text-align: center\"><span style=\"font-family: 'arial black', sans-serif;color: #000000\"><strong>Horari d\u2019atenci\u00f3 CCOO DIBA:<\/strong><\/span><\/p>\n<p style=\"text-align: center\"><span style=\"font-family: 'arial black', sans-serif;color: #000000\"><strong>CARRER MALLORCA, 244, 2on 3a<\/strong><\/span><\/p>\n<p style=\"text-align: center\"><span style=\"font-family: 'arial black', sans-serif;color: #000000\"><strong>DE DILLUNS A DIVENDRES DE 9:00 A 1<\/strong><strong>5<\/strong><strong>:00\u00a0\u00a0 <\/strong><\/span><\/p>\n<p style=\"text-align: center\"><span style=\"color: #000000\"><span style=\"font-family: 'arial black', sans-serif\"><strong>93 402 29 85\u00a0 &#8211;\u00a0 22985<\/strong><\/span><span style=\"font-family: 'arial black', sans-serif\"><strong>\u00a0<\/strong><\/span><\/span><\/p>\n<p style=\"text-align: center\"><span style=\"font-family: 'arial black', sans-serif\"><strong><a href=\"mailto:ccoo@diba.cat\">ccoo@diba.cat<\/a><\/strong><strong>\u00a0 <\/strong><strong>\/<\/strong><strong>\u00a0 <\/strong><a href=\"mailto:orgt.ssccoo@diba.cat\">orgt.ssccoo@diba.cat<\/a><\/span><\/p>\n<p>&nbsp;<\/p>\n<p><a href=\"https:\/\/diba.ccoo.cat\/ccoo-torna-a-ser-primer-sindicat-a-catalunya\/\"><img loading=\"lazy\" decoding=\"async\" class=\"size-medium wp-image-4877 aligncenter\" src=\"http:\/\/ccoo.app\/diputacio-de-barcelona\/wp-content\/blogs.dir\/6\/files\/sites\/186\/2020\/01\/ccoo-primer-sindicat-catalunya-300x117.jpg\" alt=\"\" width=\"300\" height=\"117\" srcset=\"https:\/\/ccoo.app\/diputacio-de-barcelona\/wp-content\/blogs.dir\/6\/files\/sites\/186\/2020\/01\/ccoo-primer-sindicat-catalunya-300x117.jpg 300w, https:\/\/ccoo.app\/diputacio-de-barcelona\/wp-content\/blogs.dir\/6\/files\/sites\/186\/2020\/01\/ccoo-primer-sindicat-catalunya.jpg 490w\" sizes=\"auto, (max-width: 300px) 100vw, 300px\" \/><\/a><\/p>\n<p><a href=\"https:\/\/www.ccoo.es\/noticia:391405\"><img loading=\"lazy\" decoding=\"async\" class=\"size-medium wp-image-4878 aligncenter\" src=\"http:\/\/ccoo.app\/diputacio-de-barcelona\/wp-content\/blogs.dir\/6\/files\/sites\/186\/2020\/01\/ccoo-primer-sindicat-a-espana-300x91.jpg\" alt=\"\" width=\"300\" height=\"91\" srcset=\"https:\/\/ccoo.app\/diputacio-de-barcelona\/wp-content\/blogs.dir\/6\/files\/sites\/186\/2020\/01\/ccoo-primer-sindicat-a-espana-300x91.jpg 300w, https:\/\/ccoo.app\/diputacio-de-barcelona\/wp-content\/blogs.dir\/6\/files\/sites\/186\/2020\/01\/ccoo-primer-sindicat-a-espana.jpg 477w\" sizes=\"auto, (max-width: 300px) 100vw, 300px\" \/><\/a><\/p>\n<p><a href=\"https:\/\/www.ccoo.cat\/noticia\/224842\/ccoo-lliura-els-seus-comptes-auditats-del-2018-a-la-sindicatura-de-comptes-de-catalunya#.XjRZA-mWycz\"><img loading=\"lazy\" decoding=\"async\" class=\"size-medium wp-image-4879 aligncenter\" src=\"http:\/\/ccoo.app\/diputacio-de-barcelona\/wp-content\/blogs.dir\/6\/files\/sites\/186\/2020\/01\/ccoo-primer-sindicat-sindicatura-300x95.jpg\" alt=\"\" width=\"300\" height=\"95\" srcset=\"https:\/\/ccoo.app\/diputacio-de-barcelona\/wp-content\/blogs.dir\/6\/files\/sites\/186\/2020\/01\/ccoo-primer-sindicat-sindicatura-300x95.jpg 300w, https:\/\/ccoo.app\/diputacio-de-barcelona\/wp-content\/blogs.dir\/6\/files\/sites\/186\/2020\/01\/ccoo-primer-sindicat-sindicatura.jpg 476w\" sizes=\"auto, (max-width: 300px) 100vw, 300px\" \/><\/a><\/p>\n<p>&nbsp;<\/p>\n<p>&nbsp;<\/p>\n<p>&nbsp;<\/p>\n<p>&nbsp;<\/p>\n<p>&nbsp;<\/p>\n<p>&nbsp;<\/p>\n<p>&nbsp;<\/p>\n<p>&nbsp;<\/p>\n<p>&nbsp;<\/p>\n<p>&nbsp;<\/p>\n<p>&nbsp;<\/p>\n<p>&nbsp;<\/p>\n<p>&nbsp;<\/p>\n<p>&nbsp;<\/p>\n<p>&nbsp;<\/p>\n<p>&nbsp;<\/p>\n<p>&nbsp;<\/p>\n<p>&nbsp;    \t<\/p>\n","protected":false},"excerpt":{"rendered":"<p>\u00a0 \u00a0 AN\u00c1LISI DE LA SENT\u00c8NCIA DEL TRIBUNAL DE JUST\u00cdCIA DE LA UE, EN RELACI\u00d3 ALS ASSUMPTES C-103\/18 Y C-429\/18 (ACUMULATS) SOBRE AB\u00daS O FRAU EN LA CONTRACTACI\u00d3. -20 DE &#8230; <\/p>\n<p class=\"read-more-container\"><a title=\"AB\u00daS TEMPORALITAT: AN\u00c0LISI DE LA SENT\u00c8NCIA DEL TJUE SOBRE PERSONAL INTER\u00cd\" class=\"read-more button\" href=\"https:\/\/ccoo.app\/diputacio-de-barcelona\/abus-temporalitat-analitzi\/#more-5085\" aria-label=\"Leer m\u00e1s sobre AB\u00daS TEMPORALITAT: AN\u00c0LISI DE LA SENT\u00c8NCIA DEL TJUE SOBRE PERSONAL INTER\u00cd\">Continuar llegint<\/a><\/p>\n","protected":false},"author":4519,"featured_media":4395,"comment_status":"open","ping_status":"open","sticky":false,"template":"","format":"standard","meta":{"footnotes":""},"categories":[18,24,26,31],"tags":[52,216,218,225],"class_list":["post-5085","post","type-post","status-publish","format-standard","has-post-thumbnail","hentry","category-ccoo-info","category-interins","category-mgn","category-personal-interi-comunicats","tag-abus","tag-seleccio-2","tag-sentencia","tag-tjue","generate-columns","tablet-grid-50","mobile-grid-100","grid-parent","grid-50"],"_links":{"self":[{"href":"https:\/\/ccoo.app\/diputacio-de-barcelona\/wp-json\/wp\/v2\/posts\/5085","targetHints":{"allow":["GET"]}}],"collection":[{"href":"https:\/\/ccoo.app\/diputacio-de-barcelona\/wp-json\/wp\/v2\/posts"}],"about":[{"href":"https:\/\/ccoo.app\/diputacio-de-barcelona\/wp-json\/wp\/v2\/types\/post"}],"author":[{"embeddable":true,"href":"https:\/\/ccoo.app\/diputacio-de-barcelona\/wp-json\/wp\/v2\/users\/4519"}],"replies":[{"embeddable":true,"href":"https:\/\/ccoo.app\/diputacio-de-barcelona\/wp-json\/wp\/v2\/comments?post=5085"}],"version-history":[{"count":1,"href":"https:\/\/ccoo.app\/diputacio-de-barcelona\/wp-json\/wp\/v2\/posts\/5085\/revisions"}],"predecessor-version":[{"id":51878,"href":"https:\/\/ccoo.app\/diputacio-de-barcelona\/wp-json\/wp\/v2\/posts\/5085\/revisions\/51878"}],"wp:featuredmedia":[{"embeddable":true,"href":"https:\/\/ccoo.app\/diputacio-de-barcelona\/wp-json\/wp\/v2\/media\/4395"}],"wp:attachment":[{"href":"https:\/\/ccoo.app\/diputacio-de-barcelona\/wp-json\/wp\/v2\/media?parent=5085"}],"wp:term":[{"taxonomy":"category","embeddable":true,"href":"https:\/\/ccoo.app\/diputacio-de-barcelona\/wp-json\/wp\/v2\/categories?post=5085"},{"taxonomy":"post_tag","embeddable":true,"href":"https:\/\/ccoo.app\/diputacio-de-barcelona\/wp-json\/wp\/v2\/tags?post=5085"}],"curies":[{"name":"wp","href":"https:\/\/api.w.org\/{rel}","templated":true}]}}