{"id":5082,"date":"2020-03-19T19:53:00","date_gmt":"2020-03-19T18:53:00","guid":{"rendered":"https:\/\/diba.ccoo.cat\/?p=5082"},"modified":"2023-02-22T18:56:37","modified_gmt":"2023-02-22T17:56:37","slug":"modificacio-dels-terminis","status":"publish","type":"post","link":"https:\/\/ccoo.app\/diputacio-de-barcelona\/modificacio-dels-terminis\/","title":{"rendered":"10\/COVID-19. MODIFICACI\u00d3 TERMINIS DE PRESENTACI\u00d3 DE SOL\u00b7LICITUDS DE LES CONVOCAT\u00d2RIES DE SELECCI\u00d3 I PROVISI\u00d3 EN CURS"},"content":{"rendered":"<p class=\"wp-caption-text\"><a href=\"https:\/\/diba.ccoo.cat\/\"><img loading=\"lazy\" decoding=\"async\" class=\"wp-image-1853 aligncenter\" src=\"http:\/\/ccoo.app\/diputacio-de-barcelona\/wp-content\/blogs.dir\/6\/files\/sites\/186\/2018\/01\/logoccoov18.jpg\" alt=\"\" width=\"137\" height=\"63\" \/><\/a><\/p>\n<p style=\"text-align: center\"><span style=\"color: #0000ff;font-family: arial black, sans-serif\"><span style=\"font-size: 20px\"><b>MODIFICACI\u00d3 DELS TERMINIS DE PRESENTACI\u00d3 DE SOL\u00b7LICITUDS DE LES CONVOCAT\u00d2RIES EN CURS<\/b><\/span><\/span><\/p>\n<p style=\"text-align: center\"><span style=\"font-family: 'arial black', sans-serif;color: #000000\">PRORROGA DE 30 DIES NATURALS DE TOTS ELS TERMINIS DE PRESENTACI\u00d3 DE SOL\u00b7LICITUDS PER A QUALSEVOL PROC\u00c9S SELECTIU\u00a0I DE PROVISI\u00d3 DE LLOCS DE TREBALL<\/span><\/p>\n<p style=\"text-align: center\"><span style=\"font-family: arial, helvetica, sans-serif;font-size: 12pt;color: #000000\">-19 DE MAR\u00c7 2020-<\/span><\/p>\n<p style=\"text-align: justify\"><span style=\"font-family: arial, helvetica, sans-serif;color: #000000\"><span lang=\"ca\">El Real Decreto 463\/2020, de 14 de mar\u00e7, <\/span><span lang=\"ca\">preveu en la seva disposici\u00f3 addicional tercera, la interrupci\u00f3 dels terminis per a la tramitaci\u00f3 dels procediments de\u00a0 les entitats del sector p\u00fablic. Afegeix que el c\u00f2mput dels terminis es reprendr\u00e0 en el moment en qu\u00e8 perdi la seva vig\u00e8ncia el RD o les possibles pr\u00f2rrogues d\u2019aquest.\u00a0<\/span><\/span><\/p>\n<div style=\"font-size: 10pt;font-family: Tahoma;color: #000000;direction: ltr\">\n<div style=\"text-align: justify\" align=\"justify\"><span style=\"font-family: Arial;font-size: 16px;color: #000000\"><span lang=\"ca\">D\u2019acord amb aix\u00f2, el Decret 2561\/2020, dictat per la Presid\u00e8ncia de la Diputaci\u00f3 de Barcelona va resoldre <\/span><span lang=\"ca\" style=\"font-family: 'arial black', sans-serif\"><b>prorrogar 30 dies naturals<\/b><\/span><span lang=\"ca\"><span style=\"font-family: 'arial black', sans-serif\">,<\/span> tots els terminis en relaci\u00f3 amb els expedients administratius en curs relatius a, entre altres,\u00a0<\/span><span style=\"font-family: 'arial black', sans-serif\"><span lang=\"ca\"><b>els terminis de presentaci\u00f3 de sol\u00b7licituds per a qualsevol proc\u00e9s selectiu\u00a0<\/b><\/span><span lang=\"ca\">i de provisi\u00f3 de llocs de treball.<\/span><\/span><\/span><\/div>\n<\/div>\n<div align=\"justify\"><\/div>\n<div style=\"font-size: 10pt;font-family: Tahoma;color: #000000;direction: ltr\">\n<div align=\"justify\"><\/div>\n<div style=\"text-align: justify\" align=\"justify\"><\/div>\n<div align=\"justify\"><\/div>\n<\/div>\n<p><img loading=\"lazy\" decoding=\"async\" class=\"wp-image-5184 aligncenter\" src=\"http:\/\/ccoo.app\/diputacio-de-barcelona\/wp-content\/blogs.dir\/6\/files\/sites\/186\/2020\/03\/i-de-info-300x300.jpg\" alt=\"\" width=\"76\" height=\"76\" srcset=\"https:\/\/ccoo.app\/diputacio-de-barcelona\/wp-content\/blogs.dir\/6\/files\/sites\/186\/2020\/03\/i-de-info-300x300.jpg 300w, https:\/\/ccoo.app\/diputacio-de-barcelona\/wp-content\/blogs.dir\/6\/files\/sites\/186\/2020\/03\/i-de-info-150x150.jpg 150w, https:\/\/ccoo.app\/diputacio-de-barcelona\/wp-content\/blogs.dir\/6\/files\/sites\/186\/2020\/03\/i-de-info.jpg 626w\" sizes=\"auto, (max-width: 76px) 100vw, 76px\" \/><\/p>\n<p style=\"text-align: center\"><span style=\"font-family: 'arial black', sans-serif;color: #ffff00;font-size: 20px;background-color: #ff0000\">TOTA LA INFORMACI\u00d3 QUE NECESSITES<\/span><\/p>\n<p><span style=\"font-family: arial, helvetica, sans-serif;color: #000000\">La\u00a0SECCI\u00d3 SINDICAL DE CCOO<strong>\u00a0seguim treballant<\/strong>\u00a0(de manera telem\u00e0tica) per poder\u00a0<strong>donar resposta a tots els dubtes<\/strong>\u00a0que tingueu o\u00a0<strong>solucionar els problemes que es puguin generar.<\/strong><\/span><\/p>\n<p style=\"text-align: center\"><span style=\"font-family: 'arial black', sans-serif;color: #0000ff\"><a style=\"color: #0000ff\" href=\"mailto:ccoo@diba.cat\"><strong>ccoo@diba.cat<\/strong><\/a><\/span><\/p>\n<p style=\"text-align: center\"><span style=\"font-family: 'arial black', sans-serif;color: #0000ff\"><a style=\"color: #0000ff\" href=\"mailto:orgt.ssccoo@diba.cat\">orgt.ssccoo@diba.cat<\/a><\/span><\/p>\n<p><span style=\"font-family: arial, helvetica, sans-serif;color: #000000\">Podeu fer-nos arribar les vostres preguntes o dubtes. O si ho desitgeu, deixeu el vostre n\u00famero de tel\u00e8fon i ens posarem en contacte amb vosaltres.<\/span><\/p>\n<p><span style=\"font-family: arial, helvetica, sans-serif;color: #000000\">Tamb\u00e9 obtindreu informaci\u00f3 dia a dia a les xarxes socials:\u00a0<span style=\"font-family: 'arial black', sans-serif;color: #0000ff\"><a style=\"color: #0000ff\" href=\"https:\/\/twitter.com\/CCOODiba\">Twitter<\/a><\/span>\u00a0i\u00a0<span style=\"color: #0000ff;font-family: 'arial black', sans-serif\"><a style=\"color: #0000ff\" href=\"https:\/\/www.facebook.com\/CcooDiputacioDeBarcelona\/\">Facebook.<\/a><\/span><\/span><\/p>\n<p><span style=\"font-family: arial, helvetica, sans-serif;color: #000000\">Recordeu que actualitzem constantment la nostra p\u00e0gina\u00a0<span style=\"color: #0000ff;font-family: 'arial black', sans-serif\"><a style=\"color: #0000ff\" href=\"https:\/\/diba.ccoo.cat\/\">web<\/a><\/span><\/span><\/p>\n<p>&nbsp;<\/p>\n<p><img loading=\"lazy\" decoding=\"async\" class=\"wp-image-5130 aligncenter\" src=\"http:\/\/ccoo.app\/diputacio-de-barcelona\/wp-content\/blogs.dir\/6\/files\/sites\/186\/2020\/03\/diba-300x300.jpg\" alt=\"\" width=\"123\" height=\"123\" srcset=\"https:\/\/ccoo.app\/diputacio-de-barcelona\/wp-content\/blogs.dir\/6\/files\/sites\/186\/2020\/03\/diba-300x300.jpg 300w, https:\/\/ccoo.app\/diputacio-de-barcelona\/wp-content\/blogs.dir\/6\/files\/sites\/186\/2020\/03\/diba-150x150.jpg 150w, https:\/\/ccoo.app\/diputacio-de-barcelona\/wp-content\/blogs.dir\/6\/files\/sites\/186\/2020\/03\/diba.jpg 400w\" sizes=\"auto, (max-width: 123px) 100vw, 123px\" \/><\/p>\n<p style=\"text-align: center\"><span style=\"color: #000000;font-family: arial, helvetica, sans-serif\"><span style=\"font-family: 'arial black', sans-serif;background-color: #ffff00\">INFORMACI\u00d3 CORPORATIVA<\/span> En termes generals \u00e9s important que:<\/span><\/p>\n<ul style=\"text-align: justify\">\n<li><span style=\"color: #000000;font-family: arial, helvetica, sans-serif\">Us mantingueu informats de les directrius i mesures que vagi adoptant la Diputaci\u00f3 de Barcelona mitjan\u00e7ant <strong>correu corporatiu<\/strong> i <strong>intradiba<\/strong> (<a href=\"https:\/\/dibaaps.diba.cat\/vus\/login.asp\"><span style=\"font-family: 'arial black', sans-serif;color: #0000ff\">cliqueu aqu\u00ed<\/span><\/a>)<\/span><\/li>\n<li><span style=\"color: #000000;font-family: arial, helvetica, sans-serif\">Estigueu pendents CONSTANTMENT de les directrius que us puguin fer arribar el vostres comandaments<\/span><\/li>\n<\/ul>\n<p>&nbsp;<\/p>\n<p><img loading=\"lazy\" decoding=\"async\" class=\"wp-image-5131 aligncenter\" src=\"http:\/\/ccoo.app\/diputacio-de-barcelona\/wp-content\/blogs.dir\/6\/files\/sites\/186\/2020\/03\/ccoo-catalunya-300x123.jpg\" alt=\"\" width=\"185\" height=\"76\" srcset=\"https:\/\/ccoo.app\/diputacio-de-barcelona\/wp-content\/blogs.dir\/6\/files\/sites\/186\/2020\/03\/ccoo-catalunya-300x123.jpg 300w, https:\/\/ccoo.app\/diputacio-de-barcelona\/wp-content\/blogs.dir\/6\/files\/sites\/186\/2020\/03\/ccoo-catalunya.jpg 350w\" sizes=\"auto, (max-width: 185px) 100vw, 185px\" \/><\/p>\n<p style=\"text-align: center\"><span style=\"font-family: 'arial black', sans-serif;background-color: #ffff00;color: #000000\">TOTA LA INFORMACI\u00d3 A CCOO CATALUNYA<\/span><\/p>\n<ul>\n<li><span class=\"css-901oao css-16my406 r-1qd0xha r-ad9z0x r-bcqeeo r-qvutc0\" style=\"color: #000000\"><span style=\"font-family: arial, helvetica, sans-serif\">Preguntes freq\u00fcents sobre el Coronavirus i l&#8217;\u00e0mbit laboral:<\/span> <\/span>\u00a0<span style=\"font-family: 'arial black', sans-serif;color: #0000ff\"><a class=\"css-4rbku5 css-18t94o4 css-901oao css-16my406 r-1n1174f r-1loqt21 r-1qd0xha r-ad9z0x r-bcqeeo r-qvutc0\" style=\"color: #0000ff\" title=\"http:\/\/consultacoronavirus.ccoo.cat\" role=\"link\" href=\"https:\/\/t.co\/Xrpj3V7Bz3?amp=1\" target=\"_blank\" rel=\"noopener noreferrer\" data-focusable=\"true\"><span class=\"css-901oao css-16my406 r-1qd0xha r-hiw28u r-ad9z0x r-bcqeeo r-qvutc0\" aria-hidden=\"true\">http:\/\/<\/span>consultacoronavirus.ccoo.cat<\/a> <\/span><\/li>\n<li><span style=\"font-family: arial, helvetica, sans-serif;color: #000000\">Recull de totes les informacions ordenades sobre <\/span><strong><span style=\"font-family: arial, helvetica, sans-serif;color: #000000\">l&#8217;evoluci\u00f3 del coronavirus COVID-19 respecte del m\u00f3n del treball: <\/span><span style=\"font-family: 'arial black', sans-serif;color: #0000ff\"><a style=\"color: #0000ff\" href=\"https:\/\/www.ccoo.cat\/aspnet\/coronavirus.aspx\">https:\/\/www.ccoo.cat\/aspnet\/coronavirus.aspx<\/a><\/span><\/strong><\/li>\n<\/ul>\n<p>&nbsp;<\/p>\n<p style=\"text-align: center\"><span style=\"font-family: 'comic sans ms', sans-serif;font-size: 24px;background-color: #ffff00;color: #ff0000\"><strong>Tot i que no ens podem tocar, estem junts<\/strong><\/span><\/p>\n<p style=\"text-align: center\"><span style=\"font-family: 'comic sans ms', sans-serif;font-size: 24px;color: #0000ff\"><strong>(<a style=\"color: #0000ff\" href=\"https:\/\/www.youtube.com\/watch?v=rKrw7OFWXoI\">cliqueu aqu\u00ed per veure v\u00eddeo<\/a>)<\/strong><\/span><\/p>\n<p>&nbsp;<\/p>\n<p><a href=\"https:\/\/diba.ccoo.cat\/ccoo-torna-a-ser-primer-sindicat-a-catalunya\/\"><img loading=\"lazy\" decoding=\"async\" class=\"size-medium wp-image-4877 aligncenter\" src=\"http:\/\/ccoo.app\/diputacio-de-barcelona\/wp-content\/blogs.dir\/6\/files\/sites\/186\/2020\/01\/ccoo-primer-sindicat-catalunya-300x117.jpg\" alt=\"\" width=\"300\" height=\"117\" srcset=\"https:\/\/ccoo.app\/diputacio-de-barcelona\/wp-content\/blogs.dir\/6\/files\/sites\/186\/2020\/01\/ccoo-primer-sindicat-catalunya-300x117.jpg 300w, https:\/\/ccoo.app\/diputacio-de-barcelona\/wp-content\/blogs.dir\/6\/files\/sites\/186\/2020\/01\/ccoo-primer-sindicat-catalunya.jpg 490w\" sizes=\"auto, (max-width: 300px) 100vw, 300px\" \/><\/a><\/p>\n<p><a href=\"https:\/\/www.ccoo.es\/noticia:391405\"><img loading=\"lazy\" decoding=\"async\" class=\"size-medium wp-image-4878 aligncenter\" src=\"http:\/\/ccoo.app\/diputacio-de-barcelona\/wp-content\/blogs.dir\/6\/files\/sites\/186\/2020\/01\/ccoo-primer-sindicat-a-espana-300x91.jpg\" alt=\"\" width=\"300\" height=\"91\" srcset=\"https:\/\/ccoo.app\/diputacio-de-barcelona\/wp-content\/blogs.dir\/6\/files\/sites\/186\/2020\/01\/ccoo-primer-sindicat-a-espana-300x91.jpg 300w, https:\/\/ccoo.app\/diputacio-de-barcelona\/wp-content\/blogs.dir\/6\/files\/sites\/186\/2020\/01\/ccoo-primer-sindicat-a-espana.jpg 477w\" sizes=\"auto, (max-width: 300px) 100vw, 300px\" \/><\/a><\/p>\n<p><a href=\"https:\/\/www.ccoo.cat\/noticia\/224842\/ccoo-lliura-els-seus-comptes-auditats-del-2018-a-la-sindicatura-de-comptes-de-catalunya#.XjRZA-mWycz\"><img loading=\"lazy\" decoding=\"async\" class=\"size-medium wp-image-4879 aligncenter\" src=\"http:\/\/ccoo.app\/diputacio-de-barcelona\/wp-content\/blogs.dir\/6\/files\/sites\/186\/2020\/01\/ccoo-primer-sindicat-sindicatura-300x95.jpg\" alt=\"\" width=\"300\" height=\"95\" srcset=\"https:\/\/ccoo.app\/diputacio-de-barcelona\/wp-content\/blogs.dir\/6\/files\/sites\/186\/2020\/01\/ccoo-primer-sindicat-sindicatura-300x95.jpg 300w, https:\/\/ccoo.app\/diputacio-de-barcelona\/wp-content\/blogs.dir\/6\/files\/sites\/186\/2020\/01\/ccoo-primer-sindicat-sindicatura.jpg 476w\" sizes=\"auto, (max-width: 300px) 100vw, 300px\" \/><\/a><\/p>\n<p>&nbsp;<\/p>\n<p>&nbsp;<\/p>\n<p>&nbsp;<\/p>\n<p>&nbsp;<\/p>\n<p>&nbsp;<\/p>\n<p>&nbsp;<\/p>\n<p>&nbsp;<\/p>\n<p>&nbsp;<\/p>\n<p>&nbsp;<\/p>\n<p>&nbsp;<\/p>\n<p>&nbsp;<\/p>\n<p>&nbsp;<\/p>\n<p>&nbsp;<\/p>\n<p>&nbsp;<\/p>\n<p>&nbsp;<\/p>\n<p>&nbsp;<\/p>\n<p>&nbsp;<\/p>\n<p>&nbsp;    \t<\/p>\n","protected":false},"excerpt":{"rendered":"<p>MODIFICACI\u00d3 DELS TERMINIS DE PRESENTACI\u00d3 DE SOL\u00b7LICITUDS DE LES CONVOCAT\u00d2RIES EN CURS PRORROGA DE 30 DIES NATURALS DE TOTS ELS TERMINIS DE PRESENTACI\u00d3 DE SOL\u00b7LICITUDS PER A QUALSEVOL PROC\u00c9S SELECTIU\u00a0I &#8230; <\/p>\n<p class=\"read-more-container\"><a title=\"10\/COVID-19. MODIFICACI\u00d3 TERMINIS DE PRESENTACI\u00d3 DE SOL\u00b7LICITUDS DE LES CONVOCAT\u00d2RIES DE SELECCI\u00d3 I PROVISI\u00d3 EN CURS\" class=\"read-more button\" href=\"https:\/\/ccoo.app\/diputacio-de-barcelona\/modificacio-dels-terminis\/#more-5082\" aria-label=\"Leer m\u00e1s sobre 10\/COVID-19. MODIFICACI\u00d3 TERMINIS DE PRESENTACI\u00d3 DE SOL\u00b7LICITUDS DE LES CONVOCAT\u00d2RIES DE SELECCI\u00d3 I PROVISI\u00d3 EN CURS\">Continuar llegint<\/a><\/p>\n","protected":false},"author":4519,"featured_media":2547,"comment_status":"open","ping_status":"open","sticky":false,"template":"","format":"standard","meta":{"footnotes":""},"categories":[38,18,19,23,24,31],"tags":[89,200,216],"class_list":["post-5082","post","type-post","status-publish","format-standard","has-post-thumbnail","hentry","category-a-tot-el-personal","category-ccoo-info","category-comunicats","category-informacio-general","category-interins","category-personal-interi-comunicats","tag-coronavirus","tag-provisio-2","tag-seleccio-2","generate-columns","tablet-grid-50","mobile-grid-100","grid-parent","grid-50"],"_links":{"self":[{"href":"https:\/\/ccoo.app\/diputacio-de-barcelona\/wp-json\/wp\/v2\/posts\/5082","targetHints":{"allow":["GET"]}}],"collection":[{"href":"https:\/\/ccoo.app\/diputacio-de-barcelona\/wp-json\/wp\/v2\/posts"}],"about":[{"href":"https:\/\/ccoo.app\/diputacio-de-barcelona\/wp-json\/wp\/v2\/types\/post"}],"author":[{"embeddable":true,"href":"https:\/\/ccoo.app\/diputacio-de-barcelona\/wp-json\/wp\/v2\/users\/4519"}],"replies":[{"embeddable":true,"href":"https:\/\/ccoo.app\/diputacio-de-barcelona\/wp-json\/wp\/v2\/comments?post=5082"}],"version-history":[{"count":1,"href":"https:\/\/ccoo.app\/diputacio-de-barcelona\/wp-json\/wp\/v2\/posts\/5082\/revisions"}],"predecessor-version":[{"id":51879,"href":"https:\/\/ccoo.app\/diputacio-de-barcelona\/wp-json\/wp\/v2\/posts\/5082\/revisions\/51879"}],"wp:featuredmedia":[{"embeddable":true,"href":"https:\/\/ccoo.app\/diputacio-de-barcelona\/wp-json\/wp\/v2\/media\/2547"}],"wp:attachment":[{"href":"https:\/\/ccoo.app\/diputacio-de-barcelona\/wp-json\/wp\/v2\/media?parent=5082"}],"wp:term":[{"taxonomy":"category","embeddable":true,"href":"https:\/\/ccoo.app\/diputacio-de-barcelona\/wp-json\/wp\/v2\/categories?post=5082"},{"taxonomy":"post_tag","embeddable":true,"href":"https:\/\/ccoo.app\/diputacio-de-barcelona\/wp-json\/wp\/v2\/tags?post=5082"}],"curies":[{"name":"wp","href":"https:\/\/api.w.org\/{rel}","templated":true}]}}