{"id":5078,"date":"2020-03-19T18:22:19","date_gmt":"2020-03-19T17:22:19","guid":{"rendered":"https:\/\/diba.ccoo.cat\/?p=5078"},"modified":"2023-02-22T18:56:39","modified_gmt":"2023-02-22T17:56:39","slug":"empreses-externes-de-neteja","status":"publish","type":"post","link":"https:\/\/ccoo.app\/diputacio-de-barcelona\/empreses-externes-de-neteja\/","title":{"rendered":"9\/COVID-19. LES EMPRESES EXTERNES DE NETEJA DELS CENTRES DE TREBALL DE LA DIPUTACI\u00d3 DE BARCELONA NO PODEN FER UN ERTO"},"content":{"rendered":"<p class=\"wp-caption-text\"><a href=\"https:\/\/diba.ccoo.cat\/\"><img loading=\"lazy\" decoding=\"async\" class=\"wp-image-1853 aligncenter\" src=\"http:\/\/ccoo.app\/diputacio-de-barcelona\/wp-content\/blogs.dir\/6\/files\/sites\/186\/2018\/01\/logoccoov18.jpg\" alt=\"\" width=\"137\" height=\"63\" \/><\/a><\/p>\n<p style=\"text-align: center\"><span style=\"color: #0000ff;font-family: arial black, sans-serif\"><span style=\"font-size: 20px\"><b>LES EMPRESES EXTERNES DE NETEJA DELS CENTRES DE TREBALL DE LA DIPUTACI\u00d3 DE BARCELONA NO PODEN FER UN EXPEDIENT DE REGULACI\u00d3 TEMPORAL D&#8217;OCUPACI\u00d3<\/b><\/span><\/span><\/p>\n<p style=\"text-align: center\"><span style=\"font-family: arial, helvetica, sans-serif;font-size: 12pt;color: #000000\">-19 DE MAR\u00c7 2020-<\/span><\/p>\n<p style=\"text-align: justify\"><span style=\"color: #000000\"><span class=\"css-901oao css-16my406 r-1qd0xha r-ad9z0x r-bcqeeo r-qvutc0\" style=\"font-family: arial, helvetica, sans-serif\">Ens informen que ja s&#8217;ha notificat a les 12 empreses externes que s&#8217;encarreguen de la neteja dels centres de treball de la Diputaci\u00f3 de Barcelona <\/span><span style=\"text-align: justify;font-family: arial, helvetica, sans-serif\">que d&#8217;acord a l&#8217;article 34.6 del Reial Decret-llei 8\/2020, no hi ha causa per procedir a la suspensi\u00f3 dels contractes vigents.<\/span><\/span><\/p>\n<div class=\"text_exposed_show\">\n<p style=\"text-align: justify\"><span class=\"css-901oao css-16my406 r-1qd0xha r-ad9z0x r-bcqeeo r-qvutc0\" style=\"font-family: arial, helvetica, sans-serif;color: #000000\">Com a conseq\u00fc\u00e8ncia, no hi pot haver cap afectaci\u00f3 en els drets laborals del personal contractat de les empreses de neteja i per tant, un ERTO seria absolutament injustificat. <\/span><\/p>\n<p style=\"text-align: justify\"><strong><span style=\"color: #000000\"><span class=\"css-901oao css-16my406 r-1qd0xha r-ad9z0x r-bcqeeo r-qvutc0\" style=\"font-family: arial, helvetica, sans-serif\">Felicitem la Diputaci\u00f3 <\/span><span style=\"font-family: arial, helvetica, sans-serif\">per aquest clar posicionament! <\/span><\/span><\/strong><\/p>\n<p style=\"text-align: justify\"><span style=\"color: #000000;font-family: arial, helvetica, sans-serif\">Era necessari notificar formalment el posicionament corporatiu a aquestes empreses perqu\u00e8 el seu personal ens feia saber que els hi havien comunicat que entrarien en breu en un Expedient de Regulaci\u00f3 Temporal d&#8217;Ocupaci\u00f3. Ara, la Diputaci\u00f3 deixa clar que <span style=\"text-decoration: underline\"><strong>NO HI HA CAP MOTIU JUSTIFICAT per un ERTO<\/strong><\/span> per causes de for\u00e7a major.<\/span><\/p>\n<p>&nbsp;<\/p>\n<p style=\"text-align: justify\"><span style=\"color: #000000;background-color: #ffff00\"><span style=\"font-family: arial, helvetica, sans-serif;font-size: 16px;background-color: #ffff00\">Si sou personal afectat, si necessiteu ajuda, poseu-vos en contacte amb la <strong>Federaci\u00f3 <\/strong><\/span><span id=\"ctl00_ContentPlaceHolder1_noticia1_lbTitular\" style=\"font-family: arial, helvetica, sans-serif;font-size: 16px;background-color: #ffff00\"><strong>CCOO de Construcci\u00f3 i Serveis de Catalunya:<\/strong><\/span><\/span><\/p>\n<p style=\"text-align: center\"><a href=\"https:\/\/www.ccoo.cat\/construccioserveis\/\"><span style=\"font-family: 'arial black', sans-serif;color: #0000ff\">https:\/\/www.ccoo.cat\/construccioserveis\/<\/span><\/a><\/p>\n<p>&nbsp;<\/p>\n<\/div>\n<p><img loading=\"lazy\" decoding=\"async\" class=\"wp-image-5184 aligncenter\" src=\"http:\/\/ccoo.app\/diputacio-de-barcelona\/wp-content\/blogs.dir\/6\/files\/sites\/186\/2020\/03\/i-de-info-300x300.jpg\" alt=\"\" width=\"73\" height=\"73\" srcset=\"https:\/\/ccoo.app\/diputacio-de-barcelona\/wp-content\/blogs.dir\/6\/files\/sites\/186\/2020\/03\/i-de-info-300x300.jpg 300w, https:\/\/ccoo.app\/diputacio-de-barcelona\/wp-content\/blogs.dir\/6\/files\/sites\/186\/2020\/03\/i-de-info-150x150.jpg 150w, https:\/\/ccoo.app\/diputacio-de-barcelona\/wp-content\/blogs.dir\/6\/files\/sites\/186\/2020\/03\/i-de-info.jpg 626w\" sizes=\"auto, (max-width: 73px) 100vw, 73px\" \/><\/p>\n<div class=\"text_exposed_show\">\n<p style=\"text-align: center\"><span style=\"font-family: 'arial black', sans-serif;font-size: 24px;background-color: #ff0000;color: #ffff00\">TOTA LA INFORMACI\u00d3 QUE NECESSITES<\/span><\/p>\n<\/div>\n<p style=\"text-align: justify\"><span style=\"font-family: arial, helvetica, sans-serif;color: #000000\">La\u00a0SECCI\u00d3 SINDICAL DE CCOO<strong>\u00a0seguim treballant<\/strong>\u00a0(de manera telem\u00e0tica) per poder\u00a0<strong>donar resposta a tots els dubtes<\/strong>\u00a0que tingueu o\u00a0<strong>solucionar els problemes que es puguin generar.<\/strong><\/span><\/p>\n<p style=\"text-align: center\"><span style=\"font-family: 'arial black', sans-serif;color: #0000ff\"><a style=\"color: #0000ff\" href=\"mailto:ccoo@diba.cat\"><strong>ccoo@diba.cat<\/strong><\/a><\/span><\/p>\n<p style=\"text-align: center\"><span style=\"font-family: 'arial black', sans-serif;color: #0000ff\"><a style=\"color: #0000ff\" href=\"mailto:orgt.ssccoo@diba.cat\">orgt.ssccoo@diba.cat<\/a><\/span><\/p>\n<p style=\"text-align: justify\"><span style=\"font-family: arial, helvetica, sans-serif;color: #000000\">Podeu fer-nos arribar les vostres preguntes o dubtes. O si ho desitgeu, deixeu el vostre n\u00famero de tel\u00e8fon i ens posarem en contacte amb vosaltres.<\/span><\/p>\n<p style=\"text-align: justify\"><span style=\"font-family: arial, helvetica, sans-serif;color: #000000\">Tamb\u00e9 obtindreu informaci\u00f3 dia a dia a les xarxes socials:\u00a0<span style=\"color: #0000ff;font-family: 'arial black', sans-serif\"><a style=\"color: #0000ff\" href=\"https:\/\/twitter.com\/CCOODiba\">Twitter<\/a><\/span>\u00a0i\u00a0<span style=\"font-family: 'arial black', sans-serif;color: #0000ff\"><a style=\"color: #0000ff\" href=\"https:\/\/www.facebook.com\/CcooDiputacioDeBarcelona\/\">Facebook.<\/a><\/span><\/span><\/p>\n<p style=\"text-align: justify\"><span style=\"font-family: arial, helvetica, sans-serif;color: #000000\">Recordeu que actualitzem constantment la nostra p\u00e0gina\u00a0<span style=\"color: #0000ff;font-family: 'arial black', sans-serif\"><a style=\"color: #0000ff\" href=\"https:\/\/diba.ccoo.cat\/\">web.<\/a><\/span><\/span><\/p>\n<p>&nbsp;<\/p>\n<p><img loading=\"lazy\" decoding=\"async\" class=\"wp-image-5130 aligncenter\" src=\"http:\/\/ccoo.app\/diputacio-de-barcelona\/wp-content\/blogs.dir\/6\/files\/sites\/186\/2020\/03\/diba-300x300.jpg\" alt=\"\" width=\"135\" height=\"135\" srcset=\"https:\/\/ccoo.app\/diputacio-de-barcelona\/wp-content\/blogs.dir\/6\/files\/sites\/186\/2020\/03\/diba-300x300.jpg 300w, https:\/\/ccoo.app\/diputacio-de-barcelona\/wp-content\/blogs.dir\/6\/files\/sites\/186\/2020\/03\/diba-150x150.jpg 150w, https:\/\/ccoo.app\/diputacio-de-barcelona\/wp-content\/blogs.dir\/6\/files\/sites\/186\/2020\/03\/diba.jpg 400w\" sizes=\"auto, (max-width: 135px) 100vw, 135px\" \/><\/p>\n<p style=\"text-align: justify\"><span style=\"color: #000000;font-family: arial, helvetica, sans-serif\"><span style=\"font-family: 'arial black', sans-serif;background-color: #ffff00\">INFORMACI\u00d3 CORPORATIVA<\/span> En termes generals \u00e9s important que:<\/span><\/p>\n<ul style=\"text-align: justify\">\n<li><span style=\"color: #000000;font-family: arial, helvetica, sans-serif\">Us mantingueu informats de les directrius i mesures que vagi adoptant la Diputaci\u00f3 de Barcelona mitjan\u00e7ant <strong>correu corporatiu<\/strong> i <strong>intradiba<\/strong> (<a href=\"https:\/\/dibaaps.diba.cat\/vus\/login.asp\"><span style=\"font-family: 'arial black', sans-serif;color: #0000ff\">cliqueu aqu\u00ed<\/span><\/a>)<\/span><\/li>\n<li><span style=\"color: #000000;font-family: arial, helvetica, sans-serif\">Estigueu pendents CONSTANTMENT de les directrius que us puguin fer arribar el vostres comandaments<\/span><\/li>\n<\/ul>\n<p>&nbsp;<\/p>\n<p><img loading=\"lazy\" decoding=\"async\" class=\"wp-image-5131 aligncenter\" src=\"http:\/\/ccoo.app\/diputacio-de-barcelona\/wp-content\/blogs.dir\/6\/files\/sites\/186\/2020\/03\/ccoo-catalunya-300x123.jpg\" alt=\"\" width=\"200\" height=\"82\" srcset=\"https:\/\/ccoo.app\/diputacio-de-barcelona\/wp-content\/blogs.dir\/6\/files\/sites\/186\/2020\/03\/ccoo-catalunya-300x123.jpg 300w, https:\/\/ccoo.app\/diputacio-de-barcelona\/wp-content\/blogs.dir\/6\/files\/sites\/186\/2020\/03\/ccoo-catalunya.jpg 350w\" sizes=\"auto, (max-width: 200px) 100vw, 200px\" \/><\/p>\n<p><span style=\"font-family: 'arial black', sans-serif;background-color: #ffff00;color: #000000\">TOTA LA INFORMACI\u00d3 A CCOO CATALUNYA<\/span><\/p>\n<ul>\n<li><span class=\"css-901oao css-16my406 r-1qd0xha r-ad9z0x r-bcqeeo r-qvutc0\" style=\"color: #000000\"><span style=\"font-family: arial, helvetica, sans-serif\">Preguntes freq\u00fcents sobre el Coronavirus i l&#8217;\u00e0mbit laboral:<\/span> <\/span>\u00a0<span style=\"font-family: 'arial black', sans-serif;color: #0000ff\"><a class=\"css-4rbku5 css-18t94o4 css-901oao css-16my406 r-1n1174f r-1loqt21 r-1qd0xha r-ad9z0x r-bcqeeo r-qvutc0\" style=\"color: #0000ff\" title=\"http:\/\/consultacoronavirus.ccoo.cat\" role=\"link\" href=\"https:\/\/t.co\/Xrpj3V7Bz3?amp=1\" target=\"_blank\" rel=\"noopener noreferrer\" data-focusable=\"true\"><span class=\"css-901oao css-16my406 r-1qd0xha r-hiw28u r-ad9z0x r-bcqeeo r-qvutc0\" aria-hidden=\"true\">http:\/\/<\/span>consultacoronavirus.ccoo.cat<\/a> <\/span><\/li>\n<li><span style=\"font-family: arial, helvetica, sans-serif;color: #000000\">Recull de totes les informacions ordenades sobre <\/span><strong><span style=\"font-family: arial, helvetica, sans-serif;color: #000000\">l&#8217;evoluci\u00f3 del coronavirus COVID-19 respecte del m\u00f3n del treball: <\/span><span style=\"font-family: 'arial black', sans-serif;color: #0000ff\"><a style=\"color: #0000ff\" href=\"https:\/\/www.ccoo.cat\/aspnet\/coronavirus.aspx\">https:\/\/www.ccoo.cat\/aspnet\/coronavirus.aspx<\/a><\/span><\/strong><\/li>\n<\/ul>\n<p>&nbsp;<\/p>\n<p style=\"text-align: center\"><span style=\"font-family: 'comic sans ms', sans-serif;font-size: 24px;background-color: #ffff00;color: #ff0000\"><strong>Tot i que no ens podem tocar, estem junts<\/strong><\/span><\/p>\n<p style=\"text-align: center\"><span style=\"font-family: 'comic sans ms', sans-serif;font-size: 24px;color: #0000ff\"><strong>(<a style=\"color: #0000ff\" href=\"https:\/\/www.youtube.com\/watch?v=rKrw7OFWXoI\">cliqueu aqu\u00ed per veure v\u00eddeo<\/a>)<\/strong><\/span><\/p>\n<p>&nbsp;<\/p>\n<p><a href=\"https:\/\/diba.ccoo.cat\/ccoo-torna-a-ser-primer-sindicat-a-catalunya\/\"><img loading=\"lazy\" decoding=\"async\" class=\"size-medium wp-image-4877 aligncenter\" src=\"http:\/\/ccoo.app\/diputacio-de-barcelona\/wp-content\/blogs.dir\/6\/files\/sites\/186\/2020\/01\/ccoo-primer-sindicat-catalunya-300x117.jpg\" alt=\"\" width=\"300\" height=\"117\" srcset=\"https:\/\/ccoo.app\/diputacio-de-barcelona\/wp-content\/blogs.dir\/6\/files\/sites\/186\/2020\/01\/ccoo-primer-sindicat-catalunya-300x117.jpg 300w, https:\/\/ccoo.app\/diputacio-de-barcelona\/wp-content\/blogs.dir\/6\/files\/sites\/186\/2020\/01\/ccoo-primer-sindicat-catalunya.jpg 490w\" sizes=\"auto, (max-width: 300px) 100vw, 300px\" \/><\/a><\/p>\n<p><a href=\"https:\/\/www.ccoo.es\/noticia:391405\"><img loading=\"lazy\" decoding=\"async\" class=\"size-medium wp-image-4878 aligncenter\" src=\"http:\/\/ccoo.app\/diputacio-de-barcelona\/wp-content\/blogs.dir\/6\/files\/sites\/186\/2020\/01\/ccoo-primer-sindicat-a-espana-300x91.jpg\" alt=\"\" width=\"300\" height=\"91\" srcset=\"https:\/\/ccoo.app\/diputacio-de-barcelona\/wp-content\/blogs.dir\/6\/files\/sites\/186\/2020\/01\/ccoo-primer-sindicat-a-espana-300x91.jpg 300w, https:\/\/ccoo.app\/diputacio-de-barcelona\/wp-content\/blogs.dir\/6\/files\/sites\/186\/2020\/01\/ccoo-primer-sindicat-a-espana.jpg 477w\" sizes=\"auto, (max-width: 300px) 100vw, 300px\" \/><\/a><\/p>\n<p><a href=\"https:\/\/www.ccoo.cat\/noticia\/224842\/ccoo-lliura-els-seus-comptes-auditats-del-2018-a-la-sindicatura-de-comptes-de-catalunya#.XjRZA-mWycz\"><img loading=\"lazy\" decoding=\"async\" class=\"size-medium wp-image-4879 aligncenter\" src=\"http:\/\/ccoo.app\/diputacio-de-barcelona\/wp-content\/blogs.dir\/6\/files\/sites\/186\/2020\/01\/ccoo-primer-sindicat-sindicatura-300x95.jpg\" alt=\"\" width=\"300\" height=\"95\" srcset=\"https:\/\/ccoo.app\/diputacio-de-barcelona\/wp-content\/blogs.dir\/6\/files\/sites\/186\/2020\/01\/ccoo-primer-sindicat-sindicatura-300x95.jpg 300w, https:\/\/ccoo.app\/diputacio-de-barcelona\/wp-content\/blogs.dir\/6\/files\/sites\/186\/2020\/01\/ccoo-primer-sindicat-sindicatura.jpg 476w\" sizes=\"auto, (max-width: 300px) 100vw, 300px\" \/><\/a><\/p>\n<p>&nbsp;<\/p>\n<p>&nbsp;<\/p>\n<p>&nbsp;<\/p>\n<p>&nbsp;<\/p>\n<p>&nbsp;<\/p>\n<p>&nbsp;<\/p>\n<p>&nbsp;<\/p>\n<p>&nbsp;<\/p>\n<p>&nbsp;<\/p>\n<p>&nbsp;<\/p>\n<p>&nbsp;<\/p>\n<p>&nbsp;<\/p>\n<p>&nbsp;<\/p>\n<p>&nbsp;<\/p>\n<p>&nbsp;<\/p>\n<p>&nbsp;<\/p>\n<p>&nbsp;<\/p>\n<p>&nbsp;    \t<\/p>\n","protected":false},"excerpt":{"rendered":"<p>LES EMPRESES EXTERNES DE NETEJA DELS CENTRES DE TREBALL DE LA DIPUTACI\u00d3 DE BARCELONA NO PODEN FER UN EXPEDIENT DE REGULACI\u00d3 TEMPORAL D&#8217;OCUPACI\u00d3 -19 DE MAR\u00c7 2020- Ens informen que &#8230; <\/p>\n<p class=\"read-more-container\"><a title=\"9\/COVID-19. LES EMPRESES EXTERNES DE NETEJA DELS CENTRES DE TREBALL DE LA DIPUTACI\u00d3 DE BARCELONA NO PODEN FER UN ERTO\" class=\"read-more button\" href=\"https:\/\/ccoo.app\/diputacio-de-barcelona\/empreses-externes-de-neteja\/#more-5078\" aria-label=\"Leer m\u00e1s sobre 9\/COVID-19. LES EMPRESES EXTERNES DE NETEJA DELS CENTRES DE TREBALL DE LA DIPUTACI\u00d3 DE BARCELONA NO PODEN FER UN ERTO\">Continuar llegint<\/a><\/p>\n","protected":false},"author":4519,"featured_media":5152,"comment_status":"open","ping_status":"open","sticky":false,"template":"","format":"standard","meta":{"footnotes":""},"categories":[38,18,23],"tags":[89,106,161],"class_list":["post-5078","post","type-post","status-publish","format-standard","has-post-thumbnail","hentry","category-a-tot-el-personal","category-ccoo-info","category-informacio-general","tag-coronavirus","tag-erto","tag-neteja","generate-columns","tablet-grid-50","mobile-grid-100","grid-parent","grid-50"],"_links":{"self":[{"href":"https:\/\/ccoo.app\/diputacio-de-barcelona\/wp-json\/wp\/v2\/posts\/5078","targetHints":{"allow":["GET"]}}],"collection":[{"href":"https:\/\/ccoo.app\/diputacio-de-barcelona\/wp-json\/wp\/v2\/posts"}],"about":[{"href":"https:\/\/ccoo.app\/diputacio-de-barcelona\/wp-json\/wp\/v2\/types\/post"}],"author":[{"embeddable":true,"href":"https:\/\/ccoo.app\/diputacio-de-barcelona\/wp-json\/wp\/v2\/users\/4519"}],"replies":[{"embeddable":true,"href":"https:\/\/ccoo.app\/diputacio-de-barcelona\/wp-json\/wp\/v2\/comments?post=5078"}],"version-history":[{"count":1,"href":"https:\/\/ccoo.app\/diputacio-de-barcelona\/wp-json\/wp\/v2\/posts\/5078\/revisions"}],"predecessor-version":[{"id":51880,"href":"https:\/\/ccoo.app\/diputacio-de-barcelona\/wp-json\/wp\/v2\/posts\/5078\/revisions\/51880"}],"wp:featuredmedia":[{"embeddable":true,"href":"https:\/\/ccoo.app\/diputacio-de-barcelona\/wp-json\/wp\/v2\/media\/5152"}],"wp:attachment":[{"href":"https:\/\/ccoo.app\/diputacio-de-barcelona\/wp-json\/wp\/v2\/media?parent=5078"}],"wp:term":[{"taxonomy":"category","embeddable":true,"href":"https:\/\/ccoo.app\/diputacio-de-barcelona\/wp-json\/wp\/v2\/categories?post=5078"},{"taxonomy":"post_tag","embeddable":true,"href":"https:\/\/ccoo.app\/diputacio-de-barcelona\/wp-json\/wp\/v2\/tags?post=5078"}],"curies":[{"name":"wp","href":"https:\/\/api.w.org\/{rel}","templated":true}]}}