{"id":50532,"date":"2022-11-25T12:00:21","date_gmt":"2022-11-25T11:00:21","guid":{"rendered":"https:\/\/ccoo.app\/diputacio-de-barcelona\/?p=50532"},"modified":"2023-10-17T14:04:55","modified_gmt":"2023-10-17T12:04:55","slug":"dia-internacional-per-a-leliminacio-de-la-violencia-vers-les-dones","status":"publish","type":"post","link":"https:\/\/ccoo.app\/diputacio-de-barcelona\/dia-internacional-per-a-leliminacio-de-la-violencia-vers-les-dones\/","title":{"rendered":"DIA INTERNACIONAL PER A L\u2019ELIMINACI\u00d3 DE LA VIOL\u00c8NCIA VERS LES DONES"},"content":{"rendered":"\n<p><\/p>\n\n\n\n<p class=\"has-text-align-center has-medium-font-size\"><strong>-25 de novembre de 2022-<\/strong><\/p>\n\n\n\n<p class=\"has-medium-font-size\">Avui 25 de novembre \u00e9s el <strong><span style=\"text-decoration: underline\" class=\"ek-underline\">Dia Internacional per a l\u2019Eliminaci\u00f3 de la Viol\u00e8ncia vers les Dones<\/span><\/strong>. Des de CCOO, com a sindicat feminista, veiem amb preocupaci\u00f3 com les viol\u00e8ncies no minven. La viol\u00e8ncia vers les dones no est\u00e0 reservada a una cultura, regi\u00f3 o pa\u00eds espec\u00edfic ni a grups particulars de dones en la societat. <strong><span style=\"text-decoration: underline\" class=\"ek-underline\">La viol\u00e8ncia masclista representa<\/span><\/strong>, en qualsevol de les seves formes, \u00e0mbits i expressions, <strong><span style=\"text-decoration: underline\" class=\"ek-underline\">un greu atemptat contra els drets humans, la dignitat i la llibertat de les dones<\/span><\/strong>.<\/p>\n\n\n\n<p class=\"has-medium-font-size\"><br>El rebuig social contra les viol\u00e8ncies masclistes \u00e9s cada cop m\u00e9s fort. Tant, que la ultradreta, representant pol\u00edtica del masclisme, s\u2019ha vist impulsat a fer bandera de la dominaci\u00f3 de la dona, a defensar el patriarcat i a atacar el moviment feminista.<strong><span style=\"text-decoration: underline\" class=\"ek-underline\">CCOO reivindica el seu lloc com a agent actiu contra tots els tipus de viol\u00e8ncia contra les<br>dones<\/span><\/strong>. Les sindicalistes i el sindicalisme estem compromesos en contra de totes aquestes viol\u00e8ncies i estem cridats a intervenir-hi a favor de les v\u00edctimes, per la igualtat i per la just\u00edcia. <\/p>\n\n\n\n<p class=\"has-medium-font-size\"><br>Per aix\u00f2, volem aprofitar aquest <strong><span style=\"text-decoration: underline\" class=\"ek-underline\">25-N per reivindicar la import\u00e0ncia que tenen els protocols de prevenci\u00f3 i d\u2019actuaci\u00f3 en mat\u00e8ria d\u2019assetjament sexual i\/o per ra\u00f3 de sexe<\/span><\/strong>. El concepte d\u2019assetjament sexual es troba vinculat a la dominaci\u00f3 masculina i al privilegi d\u2019aquest grup al lloc de treball capitalista, perpetuat a trav\u00e9s de la socialitzaci\u00f3 del rol sexual i de la consideraci\u00f3 de les dones com a objectes sexuals.<br>La Llei org\u00e0nica 3\/2007, per a la igualtat efectiva de dones i homes, ja preveu l\u2019obligatorietat de totes les empreses, independentment de la seva dimensi\u00f3, d\u2019elaborar un protocol contra l\u2019assetjament a la feina. A Catalunya, la Llei 17\/2015, d\u2019igualtat efectiva de dones i homes, tamb\u00e9 en recull l\u2019obligatorietat. I \u00e9s per aquesta ra\u00f3 i <strong><span style=\"text-decoration: underline\" class=\"ek-underline\">gr\u00e0cies al treball sindical, que a la Diputaci\u00f3 de Barcelona disposem d\u2019aquest protocol contra l\u2019assetjament i seguim treballant en l\u2019elaboraci\u00f3 del II Pla d\u2019Igualtat<\/span><\/strong>. Per aconseguir, tamb\u00e9 a la Diputaci\u00f3 de Barcelona, la igualtat real i plena independentment del sexe de cadasc\u00fa.<\/p>\n\n\n\n<figure class=\"wp-block-image size-full\"><img loading=\"lazy\" decoding=\"async\" width=\"1024\" height=\"576\" src=\"https:\/\/ccoo.app\/diputacio-de-barcelona\/wp-content\/blogs.dir\/6\/files\/sites\/186\/2022\/11\/eliminacio-violencia-vers-les-dones.png\" alt=\"Eliminacio Violencia Vers Les Dones\" class=\"wp-image-50558\" srcset=\"https:\/\/ccoo.app\/diputacio-de-barcelona\/wp-content\/blogs.dir\/6\/files\/sites\/186\/2022\/11\/eliminacio-violencia-vers-les-dones.png 1024w, https:\/\/ccoo.app\/diputacio-de-barcelona\/wp-content\/blogs.dir\/6\/files\/sites\/186\/2022\/11\/eliminacio-violencia-vers-les-dones-300x169.png 300w, https:\/\/ccoo.app\/diputacio-de-barcelona\/wp-content\/blogs.dir\/6\/files\/sites\/186\/2022\/11\/eliminacio-violencia-vers-les-dones-768x432.png 768w\" sizes=\"auto, (max-width: 1024px) 100vw, 1024px\" \/><\/figure>\n\n\n\n<p class=\"has-medium-font-size\"><br>Si vols saber-ne m\u00e9s sobre la campanya de CCOO sobre la import\u00e0ncia dels protocols de prevenci\u00f3 i d\u2019actuaci\u00f3 en mat\u00e8ria d\u2019assetjament sexual:<br><a href=\"https:\/\/www.ccoo.cat\/noticies\/25-n-15-anys-sense-protocol-dassetjament\/\" class=\"ek-link\"><span style=\"text-decoration: underline\" class=\"ek-underline\">https:\/\/www.ccoo.cat\/noticies\/25-n-15-anys-sense-protocol-dassetjament\/<\/span><\/a><\/p>\n\n\n\n<p class=\"has-medium-font-size\">#<a href=\"https:\/\/twitter.com\/hashtag\/StopAssetjamentSexual\" class=\"ek-link\">StopAssetjamentSexual<\/a><\/p>\n\n\n\n<div class=\"wp-block-group\"><div class=\"wp-block-group__inner-container is-layout-constrained wp-block-group-is-layout-constrained\"><div class=\"gb-grid-wrapper gb-grid-wrapper-d65739e2\">\n<div class=\"gb-grid-column gb-grid-column-ecc8725d\"><div class=\"gb-container gb-container-ecc8725d\"><div class=\"gb-inside-container\">\n<div class=\"wp-block-image\">\n<figure class=\"aligncenter size-full\"><img loading=\"lazy\" decoding=\"async\" width=\"129\" height=\"38\" src=\"https:\/\/ccoo.app\/diputacio-de-barcelona\/wp-content\/blogs.dir\/6\/files\/sites\/186\/2022\/03\/tel.png\" alt=\"Tel\" class=\"wp-image-49915\" \/><\/figure>\n<\/div>\n<\/div><\/div><\/div>\n\n<div class=\"gb-grid-column gb-grid-column-4c28778f\"><div class=\"gb-container gb-container-4c28778f\"><div class=\"gb-inside-container\">\n<div class=\"wp-block-image\">\n<figure class=\"aligncenter size-full\"><a href=\"mailto:ccoo@diba.cat\"><img loading=\"lazy\" decoding=\"async\" width=\"51\" height=\"37\" src=\"https:\/\/ccoo.app\/diputacio-de-barcelona\/wp-content\/blogs.dir\/6\/files\/sites\/186\/2022\/03\/mail.png\" alt=\"Mail\" class=\"wp-image-49916\" \/><\/a><\/figure>\n<\/div>\n<\/div><\/div><\/div>\n\n<div class=\"gb-grid-column gb-grid-column-c6cc0957\"><div class=\"gb-container gb-container-c6cc0957\"><div class=\"gb-inside-container\">\n<div class=\"wp-block-image\">\n<figure class=\"aligncenter size-full\"><a href=\"https:\/\/twitter.com\/ccoodiba\"><img loading=\"lazy\" decoding=\"async\" width=\"44\" height=\"38\" src=\"https:\/\/ccoo.app\/diputacio-de-barcelona\/wp-content\/blogs.dir\/6\/files\/sites\/186\/2022\/03\/tw.png\" alt=\"Tw\" class=\"wp-image-49917\" \/><\/a><\/figure>\n<\/div>\n<\/div><\/div><\/div>\n\n<div class=\"gb-grid-column gb-grid-column-1598237d\"><div class=\"gb-container gb-container-1598237d\"><div class=\"gb-inside-container\">\n<div class=\"wp-block-image\">\n<figure class=\"aligncenter size-full\"><a href=\"https:\/\/www.instagram.com\/ccoo_diba\/\"><img loading=\"lazy\" decoding=\"async\" width=\"45\" height=\"44\" src=\"https:\/\/ccoo.app\/diputacio-de-barcelona\/wp-content\/blogs.dir\/6\/files\/sites\/186\/2022\/03\/ig.png\" alt=\"Ig\" class=\"wp-image-49918\" \/><\/a><\/figure>\n<\/div>\n<\/div><\/div><\/div>\n\n<div class=\"gb-grid-column gb-grid-column-2db731fe\"><div class=\"gb-container gb-container-2db731fe\"><div class=\"gb-inside-container\">\n<div class=\"wp-block-image\">\n<figure class=\"aligncenter size-full\"><a href=\"https:\/\/ccoo.app\/diputacio-de-barcelona\"><img loading=\"lazy\" decoding=\"async\" width=\"39\" height=\"40\" src=\"https:\/\/ccoo.app\/diputacio-de-barcelona\/wp-content\/blogs.dir\/6\/files\/sites\/186\/2022\/03\/www.png\" alt=\"Www\" class=\"wp-image-49919\" \/><\/a><\/figure>\n<\/div>\n<\/div><\/div><\/div>\n\n<div class=\"gb-grid-column gb-grid-column-f3651540\"><div class=\"gb-container gb-container-f3651540\"><div class=\"gb-inside-container\">\n<div class=\"wp-block-image\">\n<figure class=\"aligncenter size-full is-resized\"><a href=\"https:\/\/www.ccoo.cat\/afiliat\/?_sfm_aff_situation=94\"><img loading=\"lazy\" decoding=\"async\" src=\"https:\/\/ccoo.app\/diputacio-de-barcelona\/wp-content\/blogs.dir\/6\/files\/sites\/186\/2022\/03\/af.png\" alt=\"Af\" class=\"wp-image-49920\" width=\"125\" height=\"38\" \/><\/a><\/figure>\n<\/div>\n<\/div><\/div><\/div>\n<\/div><\/div><\/div>\n","protected":false},"excerpt":{"rendered":"<p>-25 de novembre de 2022- Avui 25 de novembre \u00e9s el Dia Internacional per a l\u2019Eliminaci\u00f3 de la Viol\u00e8ncia vers les Dones. Des de CCOO, com a sindicat feminista, veiem &#8230; <\/p>\n<p class=\"read-more-container\"><a title=\"DIA INTERNACIONAL PER A L\u2019ELIMINACI\u00d3 DE LA VIOL\u00c8NCIA VERS LES DONES\" class=\"read-more button\" href=\"https:\/\/ccoo.app\/diputacio-de-barcelona\/dia-internacional-per-a-leliminacio-de-la-violencia-vers-les-dones\/#more-50532\" aria-label=\"Leer m\u00e1s sobre DIA INTERNACIONAL PER A L\u2019ELIMINACI\u00d3 DE LA VIOL\u00c8NCIA VERS LES DONES\">Continuar llegint<\/a><\/p>\n","protected":false},"author":34224,"featured_media":50553,"comment_status":"closed","ping_status":"closed","sticky":false,"template":"","format":"standard","meta":{"footnotes":""},"categories":[38,18,19,3],"tags":[50,236,237],"class_list":["post-50532","post","type-post","status-publish","format-standard","has-post-thumbnail","hentry","category-a-tot-el-personal","category-ccoo-info","category-comunicats","category-noticias","tag-25n","tag-violencia","tag-violencia-masclista","generate-columns","tablet-grid-50","mobile-grid-100","grid-parent","grid-50"],"_links":{"self":[{"href":"https:\/\/ccoo.app\/diputacio-de-barcelona\/wp-json\/wp\/v2\/posts\/50532","targetHints":{"allow":["GET"]}}],"collection":[{"href":"https:\/\/ccoo.app\/diputacio-de-barcelona\/wp-json\/wp\/v2\/posts"}],"about":[{"href":"https:\/\/ccoo.app\/diputacio-de-barcelona\/wp-json\/wp\/v2\/types\/post"}],"author":[{"embeddable":true,"href":"https:\/\/ccoo.app\/diputacio-de-barcelona\/wp-json\/wp\/v2\/users\/34224"}],"replies":[{"embeddable":true,"href":"https:\/\/ccoo.app\/diputacio-de-barcelona\/wp-json\/wp\/v2\/comments?post=50532"}],"version-history":[{"count":5,"href":"https:\/\/ccoo.app\/diputacio-de-barcelona\/wp-json\/wp\/v2\/posts\/50532\/revisions"}],"predecessor-version":[{"id":53285,"href":"https:\/\/ccoo.app\/diputacio-de-barcelona\/wp-json\/wp\/v2\/posts\/50532\/revisions\/53285"}],"wp:featuredmedia":[{"embeddable":true,"href":"https:\/\/ccoo.app\/diputacio-de-barcelona\/wp-json\/wp\/v2\/media\/50553"}],"wp:attachment":[{"href":"https:\/\/ccoo.app\/diputacio-de-barcelona\/wp-json\/wp\/v2\/media?parent=50532"}],"wp:term":[{"taxonomy":"category","embeddable":true,"href":"https:\/\/ccoo.app\/diputacio-de-barcelona\/wp-json\/wp\/v2\/categories?post=50532"},{"taxonomy":"post_tag","embeddable":true,"href":"https:\/\/ccoo.app\/diputacio-de-barcelona\/wp-json\/wp\/v2\/tags?post=50532"}],"curies":[{"name":"wp","href":"https:\/\/api.w.org\/{rel}","templated":true}]}}