{"id":50523,"date":"2022-07-06T10:36:24","date_gmt":"2022-07-06T08:36:24","guid":{"rendered":"https:\/\/ccoo.app\/diputacio-de-barcelona\/?p=50523"},"modified":"2023-10-17T14:05:16","modified_gmt":"2023-10-17T12:05:16","slug":"6-de-juliol-salaris-dignes-per-un-conveni-just","status":"publish","type":"post","link":"https:\/\/ccoo.app\/diputacio-de-barcelona\/6-de-juliol-salaris-dignes-per-un-conveni-just\/","title":{"rendered":"6 DE JULIOL-SALARIS DIGNES, PER UN CONVENI JUST"},"content":{"rendered":"\n<h4 class=\"wp-block-heading\">Circular conjunta d\u2019Organitzaci\u00f3 i Comunicaci\u00f3<\/h4>\n\n\n<h2><span style=\"color: #00ccff\">6 DE JULIOL-SALARIS DIGNES, PER UN CONVENI JUST<\/span><\/h2>\n<p><span style=\"color: #000000\"><strong>ACCI\u00d3 CONJUNTA COLUMNES SECTORIALS I CONFLU\u00c8NCIA A FOMENT<\/strong><\/span><\/p>\n\n\n<hr class=\"wp-block-separator has-text-color has-accent-color has-alpha-channel-opacity has-accent-background-color has-background\" \/>\n\n\n\n<p class=\"has-medium-font-size\">Companys, companyes,<br>Acte confederal conjunt de CCOO i UGT de Catalunya amb el suport de les delegades i delegats del Barcelon\u00e8s i dels territoris de la prov\u00edncia Barcelona que faran un acte reivindicatiu el pr\u00f2xim<strong> 6 de juliol<\/strong>, que consta de 4 columnes que es detallen a continuaci\u00f3:<\/p>\n\n\n\n<p class=\"has-medium-font-size has-medium-font-size has-ek-indent\" style=\"--ek-indent:100px\"><strong>COLUMNA 1 \u2013<\/strong>   IND\u00daSTRIA (10.30h) Assemblea Pla\u00e7a St Agust\u00ed, 11.30h Carders, Via Laietana, Foment.<br><strong>COLUMNA 2<\/strong> &#8211;    H\u00c0BITAT(10.30h) assemblea conjunta a la seu CCOO, 11.30h Via Laietana, Foment.<br><strong>COLUMNA 3<\/strong> &#8211;    SERVEIS (11h) Fontanella, portal Angel, Catedral, Foment.<br><strong>COLUMNA 4<\/strong> \u2013   FSC, EDUCACI\u00d3, SANITAT, PPJJ, ACCI\u00d3 JOVE, UI BLLAPAG, UI VOCCIDENTAL-CAT CENTRAL i VORMAROS (11h) Pla\u00e7a     Urquinaona, Via Laietana, Foment.<br><br>\u25cf Totes les columnes visibilitzaran les reivindicacions dels diferents sectors i convenis<br>col\u00b7lectius que confluiran a les 12h davant de la seu de Foment del Treball. Cada<br>columna gestionar\u00e0 la unitat d\u2019acci\u00f3 CCOO-UGT.<\/p>\n\n\n\n<p class=\"has-medium-font-size\"><br>La concreci\u00f3 d\u2019accions i sectors de les diferents columnes queda planificada de la seg\u00fcent manera:<br><br><strong>Participaci\u00f3:<\/strong> En aquest acte estan cridats a la participaci\u00f3 totes les companyes i companys de<br>l\u2019actiu sindical de la prov\u00edncia de Barcelona.<br><strong>Concentraci\u00f3:<\/strong> Conflu\u00e8ncia de les 4 columnes davant Foment del Treball a les 12h on hi haur\u00e0<br>els parlaments dels secretaris generals de CCOO i UGT Catalunya.<\/p>\n\n\n\n<p class=\"has-medium-font-size\"><br>A continuaci\u00f3, la part comunicativa d&#8217;aquesta mobilitzaci\u00f3 perqu\u00e8 fem la difusi\u00f3 oportuna i<br>garantim l&#8217;\u00e8xit de la mobilitzaci\u00f3:<\/p>\n\n\n\n<p class=\"has-medium-font-size\"><br><strong>Hola companya, company!<\/strong><br>Soc un document de campanya, sortim avui amb els materials de la manifestaci\u00f3 del proper <strong>6 de<br>juliol, Salaris dignes, per un conveni just<\/strong>.<br><\/p>\n\n\n\n<p>Dia de la mani: 6 de juliol<br>On: Davant Foment del Treball<br>HT <strong>#SalarisDignes<\/strong> i si cap #ConveniJust<br>Usuaris que podeu etiquetar a m\u00e9s de ccoocatalunya:<br>FICCOOCat<br>ccoo_serveiscat<br>CCOOHabitat_Cat<br>ccoo_fsc_cat<br>CCOOTarragona<br>ccoo_bll_apag<br>ccoovormaros<br>@ccoo_vocc_catc<br>ccoogirona<br>CCOOLleida<br>Sanitat, Educaci\u00f3, Acci\u00f3 Jove, Dones<\/p>\n\n\n<div class=\"wp-block-image\">\n<figure class=\"aligncenter size-full\"><img loading=\"lazy\" decoding=\"async\" width=\"516\" height=\"514\" src=\"https:\/\/ccoo.app\/diputacio-de-barcelona\/wp-content\/blogs.dir\/6\/files\/sites\/186\/2022\/11\/salaris-dignes_conveni-just_150.jpg\" alt=\"Salaris Dignes Conveni Just 150\" class=\"wp-image-50571\" srcset=\"https:\/\/ccoo.app\/diputacio-de-barcelona\/wp-content\/blogs.dir\/6\/files\/sites\/186\/2022\/11\/salaris-dignes_conveni-just_150.jpg 516w, https:\/\/ccoo.app\/diputacio-de-barcelona\/wp-content\/blogs.dir\/6\/files\/sites\/186\/2022\/11\/salaris-dignes_conveni-just_150-300x300.jpg 300w, https:\/\/ccoo.app\/diputacio-de-barcelona\/wp-content\/blogs.dir\/6\/files\/sites\/186\/2022\/11\/salaris-dignes_conveni-just_150-150x150.jpg 150w\" sizes=\"auto, (max-width: 516px) 100vw, 516px\" \/><\/figure>\n<\/div>","protected":false},"excerpt":{"rendered":"<p>Circular conjunta d\u2019Organitzaci\u00f3 i Comunicaci\u00f3 6 DE JULIOL-SALARIS DIGNES, PER UN CONVENI JUST ACCI\u00d3 CONJUNTA COLUMNES SECTORIALS I CONFLU\u00c8NCIA A FOMENT Companys, companyes,Acte confederal conjunt de CCOO i UGT de &#8230; <\/p>\n<p class=\"read-more-container\"><a title=\"6 DE JULIOL-SALARIS DIGNES, PER UN CONVENI JUST\" class=\"read-more button\" href=\"https:\/\/ccoo.app\/diputacio-de-barcelona\/6-de-juliol-salaris-dignes-per-un-conveni-just\/#more-50523\" aria-label=\"Leer m\u00e1s sobre 6 DE JULIOL-SALARIS DIGNES, PER UN CONVENI JUST\">Continuar llegint<\/a><\/p>\n","protected":false},"author":34224,"featured_media":50573,"comment_status":"closed","ping_status":"closed","sticky":false,"template":"","format":"standard","meta":{"footnotes":""},"categories":[38,19],"tags":[53,138,155,203],"class_list":["post-50523","post","type-post","status-publish","format-standard","has-post-thumbnail","hentry","category-a-tot-el-personal","category-comunicats","tag-accio-sindical","tag-manifestacio-2","tag-mobilitzacio","tag-reivindicacions","generate-columns","tablet-grid-50","mobile-grid-100","grid-parent","grid-50"],"_links":{"self":[{"href":"https:\/\/ccoo.app\/diputacio-de-barcelona\/wp-json\/wp\/v2\/posts\/50523","targetHints":{"allow":["GET"]}}],"collection":[{"href":"https:\/\/ccoo.app\/diputacio-de-barcelona\/wp-json\/wp\/v2\/posts"}],"about":[{"href":"https:\/\/ccoo.app\/diputacio-de-barcelona\/wp-json\/wp\/v2\/types\/post"}],"author":[{"embeddable":true,"href":"https:\/\/ccoo.app\/diputacio-de-barcelona\/wp-json\/wp\/v2\/users\/34224"}],"replies":[{"embeddable":true,"href":"https:\/\/ccoo.app\/diputacio-de-barcelona\/wp-json\/wp\/v2\/comments?post=50523"}],"version-history":[{"count":5,"href":"https:\/\/ccoo.app\/diputacio-de-barcelona\/wp-json\/wp\/v2\/posts\/50523\/revisions"}],"predecessor-version":[{"id":50574,"href":"https:\/\/ccoo.app\/diputacio-de-barcelona\/wp-json\/wp\/v2\/posts\/50523\/revisions\/50574"}],"wp:featuredmedia":[{"embeddable":true,"href":"https:\/\/ccoo.app\/diputacio-de-barcelona\/wp-json\/wp\/v2\/media\/50573"}],"wp:attachment":[{"href":"https:\/\/ccoo.app\/diputacio-de-barcelona\/wp-json\/wp\/v2\/media?parent=50523"}],"wp:term":[{"taxonomy":"category","embeddable":true,"href":"https:\/\/ccoo.app\/diputacio-de-barcelona\/wp-json\/wp\/v2\/categories?post=50523"},{"taxonomy":"post_tag","embeddable":true,"href":"https:\/\/ccoo.app\/diputacio-de-barcelona\/wp-json\/wp\/v2\/tags?post=50523"}],"curies":[{"name":"wp","href":"https:\/\/api.w.org\/{rel}","templated":true}]}}