{"id":50479,"date":"2022-11-24T11:47:30","date_gmt":"2022-11-24T10:47:30","guid":{"rendered":"https:\/\/ccoo.app\/diputacio-de-barcelona\/?p=50479"},"modified":"2023-10-17T14:04:56","modified_gmt":"2023-10-17T12:04:56","slug":"assemblea-semipresencial-30-de-novembre-de-2022-afiliats-i-afiliades-ccoo","status":"publish","type":"post","link":"https:\/\/ccoo.app\/diputacio-de-barcelona\/assemblea-semipresencial-30-de-novembre-de-2022-afiliats-i-afiliades-ccoo\/","title":{"rendered":"ASSEMBLEA SEMIPRESENCIAL 30 DE NOVEMBRE DE 2022 AFILIATS I AFILIADES CCOO"},"content":{"rendered":"<div class=\"wp-block-image\">\n<figure class=\"aligncenter size-full is-resized\"><img loading=\"lazy\" decoding=\"async\" src=\"https:\/\/ccoo.app\/diputacio-de-barcelona\/wp-content\/blogs.dir\/6\/files\/sites\/186\/2022\/07\/diputacio-de-barcelona.png\" alt=\"Diputaci\u00f3 De Barcelona\" class=\"wp-image-50357\" width=\"300\" height=\"108\" \/><\/figure>\n<\/div>\n\n<div class=\"wp-block-image\">\n<figure class=\"aligncenter size-full\"><img loading=\"lazy\" decoding=\"async\" width=\"996\" height=\"345\" src=\"https:\/\/ccoo.app\/diputacio-de-barcelona\/wp-content\/blogs.dir\/6\/files\/sites\/186\/2022\/11\/assemblea-semipresencial-1.png\" alt=\"Assemblea Semipresencial 1\" class=\"wp-image-50487\" srcset=\"https:\/\/ccoo.app\/diputacio-de-barcelona\/wp-content\/blogs.dir\/6\/files\/sites\/186\/2022\/11\/assemblea-semipresencial-1.png 996w, https:\/\/ccoo.app\/diputacio-de-barcelona\/wp-content\/blogs.dir\/6\/files\/sites\/186\/2022\/11\/assemblea-semipresencial-1-300x104.png 300w, https:\/\/ccoo.app\/diputacio-de-barcelona\/wp-content\/blogs.dir\/6\/files\/sites\/186\/2022\/11\/assemblea-semipresencial-1-768x266.png 768w\" sizes=\"auto, (max-width: 996px) 100vw, 996px\" \/><\/figure>\n<\/div>\n\n\n<p class=\"has-medium-font-size\"><strong>Ordre del dia:<\/strong><\/p>\n\n\n\n<p class=\"has-medium-font-size has-medium-font-size has-ek-indent\" style=\"--ek-indent:100px\"><strong>\u25cf ESTAT NEGOCIACI\u00d3 COL\u00b7LECTIVA. RATIFICACI\u00d3 ACORDS.<br>\u25cf PRECS I PREGUNTES<\/strong><\/p>\n\n\n\n<p><\/p>\n\n\n\n<p class=\"has-medium-font-size\"><br>Convoquem als <strong>afiliats i afiliades a la Secci\u00f3 Sindical de CCOO a la Diputaci\u00f3 de Barcelona<\/strong> per explicar-vos amb detall la situaci\u00f3 actual i ratificarem la darrera proposta d\u2019acord amb la corporaci\u00f3.<br>L\u2019assemblea ser\u00e0 en format semipresencial per\u00f2 us animem a assistir-hi ja que us podrem donar atenci\u00f3 individualitzada! Properament us farem arribar enlla\u00e7 per a qui no pugueu assistir presencialment.<\/p>\n\n\n<div class=\"gb-grid-wrapper gb-grid-wrapper-b16e1bdb\">\n<div class=\"gb-grid-column gb-grid-column-c353bdd0\"><div class=\"gb-container gb-container-c353bdd0\"><div class=\"gb-inside-container\">\n\n<p><\/p>\n\n\n\n<p class=\"has-text-align-center has-large-font-size\"><strong><span style=\"text-decoration: underline\" class=\"ek-underline\">DIMECRES 30<\/span> DE NOVEMBRE DE 2022<\/strong><\/p>\n\n\n\n<p class=\"has-text-align-center has-large-font-size\"><strong>HORARI: 12:30 A 14:00<br>LLOC: CAN SERRA<br>Sala Annexa de Plens<\/strong><\/p>\n\n<\/div><\/div><\/div>\n<\/div>\n\n\n<p><\/p>\n\n\n<div class=\"gb-grid-wrapper gb-grid-wrapper-ca630bf6\">\n<div class=\"gb-grid-column gb-grid-column-4fb2e6cf\"><div class=\"gb-container gb-container-4fb2e6cf\"><div class=\"gb-inside-container\">\n\n<p class=\"has-text-align-center has-medium-font-size\"><strong>\u00c9s una assemblea autoritzada i s\u2019ha de justificar amb el CODI D\u2019INCID\u00c8NCIA <span style=\"text-decoration: underline\" class=\"ek-underline\">562<\/span> O <span style=\"text-decoration: underline\" class=\"ek-underline\">GESTI\u00d3 RA\u00d3 DEL SERVEI<\/span><\/strong><\/p>\n\n<\/div><\/div><\/div>\n<\/div>\n\n\n<p><\/p>\n\n\n\n<div class=\"wp-block-group\"><div class=\"wp-block-group__inner-container is-layout-constrained wp-block-group-is-layout-constrained\"><div class=\"gb-grid-wrapper gb-grid-wrapper-d65739e2\">\n<div class=\"gb-grid-column gb-grid-column-ecc8725d\"><div class=\"gb-container gb-container-ecc8725d\"><div class=\"gb-inside-container\">\n<div class=\"wp-block-image\">\n<figure class=\"aligncenter size-full\"><img loading=\"lazy\" decoding=\"async\" width=\"129\" height=\"38\" src=\"https:\/\/ccoo.app\/diputacio-de-barcelona\/wp-content\/blogs.dir\/6\/files\/sites\/186\/2022\/03\/tel.png\" alt=\"Tel\" class=\"wp-image-49915\" \/><\/figure>\n<\/div>\n<\/div><\/div><\/div>\n\n<div class=\"gb-grid-column gb-grid-column-4c28778f\"><div class=\"gb-container gb-container-4c28778f\"><div class=\"gb-inside-container\">\n<div class=\"wp-block-image\">\n<figure class=\"aligncenter size-full\"><a href=\"mailto:ccoo@diba.cat\"><img loading=\"lazy\" decoding=\"async\" width=\"51\" height=\"37\" src=\"https:\/\/ccoo.app\/diputacio-de-barcelona\/wp-content\/blogs.dir\/6\/files\/sites\/186\/2022\/03\/mail.png\" alt=\"Mail\" class=\"wp-image-49916\" \/><\/a><\/figure>\n<\/div>\n<\/div><\/div><\/div>\n\n<div class=\"gb-grid-column gb-grid-column-c6cc0957\"><div class=\"gb-container gb-container-c6cc0957\"><div class=\"gb-inside-container\">\n<div class=\"wp-block-image\">\n<figure class=\"aligncenter size-full\"><a href=\"https:\/\/twitter.com\/ccoodiba\"><img loading=\"lazy\" decoding=\"async\" width=\"44\" height=\"38\" src=\"https:\/\/ccoo.app\/diputacio-de-barcelona\/wp-content\/blogs.dir\/6\/files\/sites\/186\/2022\/03\/tw.png\" alt=\"Tw\" class=\"wp-image-49917\" \/><\/a><\/figure>\n<\/div>\n<\/div><\/div><\/div>\n\n<div class=\"gb-grid-column gb-grid-column-1598237d\"><div class=\"gb-container gb-container-1598237d\"><div class=\"gb-inside-container\">\n<div class=\"wp-block-image\">\n<figure class=\"aligncenter size-full\"><a href=\"https:\/\/www.instagram.com\/ccoo_diba\/\"><img loading=\"lazy\" decoding=\"async\" width=\"45\" height=\"44\" src=\"https:\/\/ccoo.app\/diputacio-de-barcelona\/wp-content\/blogs.dir\/6\/files\/sites\/186\/2022\/03\/ig.png\" alt=\"Ig\" class=\"wp-image-49918\" \/><\/a><\/figure>\n<\/div>\n<\/div><\/div><\/div>\n\n<div class=\"gb-grid-column gb-grid-column-2db731fe\"><div class=\"gb-container gb-container-2db731fe\"><div class=\"gb-inside-container\">\n<div class=\"wp-block-image\">\n<figure class=\"aligncenter size-full\"><a href=\"https:\/\/ccoo.app\/diputacio-de-barcelona\"><img loading=\"lazy\" decoding=\"async\" width=\"39\" height=\"40\" src=\"https:\/\/ccoo.app\/diputacio-de-barcelona\/wp-content\/blogs.dir\/6\/files\/sites\/186\/2022\/03\/www.png\" alt=\"Www\" class=\"wp-image-49919\" \/><\/a><\/figure>\n<\/div>\n<\/div><\/div><\/div>\n\n<div class=\"gb-grid-column gb-grid-column-f3651540\"><div class=\"gb-container gb-container-f3651540\"><div class=\"gb-inside-container\">\n<div class=\"wp-block-image\">\n<figure class=\"aligncenter size-full is-resized\"><a href=\"https:\/\/www.ccoo.cat\/afiliat\/?_sfm_aff_situation=94\"><img loading=\"lazy\" decoding=\"async\" src=\"https:\/\/ccoo.app\/diputacio-de-barcelona\/wp-content\/blogs.dir\/6\/files\/sites\/186\/2022\/03\/af.png\" alt=\"Af\" class=\"wp-image-49920\" width=\"125\" height=\"38\" \/><\/a><\/figure>\n<\/div>\n<\/div><\/div><\/div>\n<\/div><\/div><\/div>\n","protected":false},"excerpt":{"rendered":"<p>Ordre del dia: \u25cf ESTAT NEGOCIACI\u00d3 COL\u00b7LECTIVA. RATIFICACI\u00d3 ACORDS.\u25cf PRECS I PREGUNTES Convoquem als afiliats i afiliades a la Secci\u00f3 Sindical de CCOO a la Diputaci\u00f3 de Barcelona per explicar-vos &#8230; <\/p>\n<p class=\"read-more-container\"><a title=\"ASSEMBLEA SEMIPRESENCIAL 30 DE NOVEMBRE DE 2022 AFILIATS I AFILIADES CCOO\" class=\"read-more button\" href=\"https:\/\/ccoo.app\/diputacio-de-barcelona\/assemblea-semipresencial-30-de-novembre-de-2022-afiliats-i-afiliades-ccoo\/#more-50479\" aria-label=\"Leer m\u00e1s sobre ASSEMBLEA SEMIPRESENCIAL 30 DE NOVEMBRE DE 2022 AFILIATS I AFILIADES CCOO\">Continuar llegint<\/a><\/p>\n","protected":false},"author":34224,"featured_media":50670,"comment_status":"closed","ping_status":"closed","sticky":false,"template":"","format":"standard","meta":{"footnotes":""},"categories":[38,14,19,25,26,29,31,34,37],"tags":[61,148],"class_list":["post-50479","post","type-post","status-publish","format-standard","has-post-thumbnail","hentry","category-a-tot-el-personal","category-afiliacio-ccoo-diba","category-comunicats","category-jubilacio","category-mgn","category-orgt-2","category-personal-interi-comunicats","category-respir","category-xbm","tag-assemblea","tag-mesa-general-negociacio","generate-columns","tablet-grid-50","mobile-grid-100","grid-parent","grid-50"],"_links":{"self":[{"href":"https:\/\/ccoo.app\/diputacio-de-barcelona\/wp-json\/wp\/v2\/posts\/50479","targetHints":{"allow":["GET"]}}],"collection":[{"href":"https:\/\/ccoo.app\/diputacio-de-barcelona\/wp-json\/wp\/v2\/posts"}],"about":[{"href":"https:\/\/ccoo.app\/diputacio-de-barcelona\/wp-json\/wp\/v2\/types\/post"}],"author":[{"embeddable":true,"href":"https:\/\/ccoo.app\/diputacio-de-barcelona\/wp-json\/wp\/v2\/users\/34224"}],"replies":[{"embeddable":true,"href":"https:\/\/ccoo.app\/diputacio-de-barcelona\/wp-json\/wp\/v2\/comments?post=50479"}],"version-history":[{"count":6,"href":"https:\/\/ccoo.app\/diputacio-de-barcelona\/wp-json\/wp\/v2\/posts\/50479\/revisions"}],"predecessor-version":[{"id":52291,"href":"https:\/\/ccoo.app\/diputacio-de-barcelona\/wp-json\/wp\/v2\/posts\/50479\/revisions\/52291"}],"wp:featuredmedia":[{"embeddable":true,"href":"https:\/\/ccoo.app\/diputacio-de-barcelona\/wp-json\/wp\/v2\/media\/50670"}],"wp:attachment":[{"href":"https:\/\/ccoo.app\/diputacio-de-barcelona\/wp-json\/wp\/v2\/media?parent=50479"}],"wp:term":[{"taxonomy":"category","embeddable":true,"href":"https:\/\/ccoo.app\/diputacio-de-barcelona\/wp-json\/wp\/v2\/categories?post=50479"},{"taxonomy":"post_tag","embeddable":true,"href":"https:\/\/ccoo.app\/diputacio-de-barcelona\/wp-json\/wp\/v2\/tags?post=50479"}],"curies":[{"name":"wp","href":"https:\/\/api.w.org\/{rel}","templated":true}]}}