{"id":5047,"date":"2020-03-13T19:03:32","date_gmt":"2020-03-13T18:03:32","guid":{"rendered":"https:\/\/diba.ccoo.cat\/?p=5047"},"modified":"2023-02-22T18:56:48","modified_gmt":"2023-02-22T17:56:48","slug":"mesura-excepcional","status":"publish","type":"post","link":"https:\/\/ccoo.app\/diputacio-de-barcelona\/mesura-excepcional\/","title":{"rendered":"4\/COVID-19. DIPUTACI\u00d3: MESURA EXCEPCIONAL EN L&#8217;\u00c0MBIT DE RECURSOS HUMANS (CORONAVIRUS)"},"content":{"rendered":"<p class=\"wp-caption-text\"><a href=\"https:\/\/diba.ccoo.cat\/\"><img loading=\"lazy\" decoding=\"async\" class=\"wp-image-1853 aligncenter\" src=\"http:\/\/ccoo.app\/diputacio-de-barcelona\/wp-content\/blogs.dir\/6\/files\/sites\/186\/2018\/01\/logoccoov18.jpg\" alt=\"\" width=\"137\" height=\"63\" \/><\/a><\/p>\n<p style=\"text-align: center\"><span style=\"font-family: 'arial black', sans-serif;font-size: 20px;color: #0000ff\"><strong>IMPORTANT: MESURA EXCEPCIONAL EN L&#8217;\u00c0MBIT DE RECURSOS HUMANS <\/strong><\/span><\/p>\n<p style=\"text-align: center\"><span style=\"font-family: arial, helvetica, sans-serif;font-size: 12pt;color: #000000\">-13 DE MAR\u00c7 2020-<\/span><\/p>\n<p style=\"text-align: justify\"><span style=\"color: #000000;font-family: arial, helvetica, sans-serif\">Mitjan\u00e7ant decret <strong>s&#8217;estableix que el personal de la Diputaci\u00f3 de Barcelona no hagi de despla\u00e7ar-se al seu centre de treball i pugui desenvolupar les seves tasques telem\u00e0ticament<\/strong> (sempre que aix\u00f2 sigui possible).<\/span><\/p>\n<p style=\"text-align: justify\"><span style=\"color: #000000;font-family: arial, helvetica, sans-serif\">La situaci\u00f3 es mantindr\u00e0 com a m\u00ednim fins al 28 de mar\u00e7<\/span><\/p>\n<p>&nbsp;<\/p>\n<p style=\"text-align: justify\"><span style=\"color: #000000;font-family: arial, helvetica, sans-serif\">No obstant aix\u00f2, cal fixar-se que el decret puntualitza uns serveis b\u00e0sics o estrat\u00e8gics (el personal afectat ja rebr\u00e0 les directrius pertinents):<\/span><\/p>\n<ul style=\"text-align: justify\">\n<li><span style=\"color: #000000;font-family: arial, helvetica, sans-serif\">Secretaria General<\/span><\/li>\n<li><span style=\"color: #000000;font-family: arial, helvetica, sans-serif\">Tresoreria:<\/span><\/li>\n<li><span style=\"color: #000000;font-family: arial, helvetica, sans-serif\">Direcci\u00f3 de Serveis de Recursos Humans<\/span><\/li>\n<li><span style=\"color: #000000;font-family: arial, helvetica, sans-serif\">Direcci\u00f3 de Serveis d\u2019Assist\u00e8ncia a Govern Local<\/span><\/li>\n<li><span style=\"color: #000000;font-family: arial, helvetica, sans-serif\">Direcci\u00f3 de Serveis de Tecnologies i Sistemes Corporatius<\/span><\/li>\n<li><span style=\"color: #000000;font-family: arial, helvetica, sans-serif\">Gabinet de Prevenci\u00f3 i Seguretat Subdirecci\u00f3 de Log\u00edstica<\/span><\/li>\n<li><span style=\"color: #000000;font-family: arial, helvetica, sans-serif\">Ger\u00e8ncia de Serveis Residencials d\u2019Estades Temporals i RESPIR<\/span><\/li>\n<li><span style=\"color: #000000;font-family: arial, helvetica, sans-serif\">Gabinet de Premsa i Comunicaci\u00f3<\/span><\/li>\n<\/ul>\n<p style=\"text-align: justify\"><span style=\"font-family: arial, helvetica, sans-serif;color: #000000;background-color: #ffff00\">Aquests serveis s\u00f3n els que s&#8217;intentar\u00e0 evitar treball presencial mitjan\u00e7ant el teletreball.<\/span><\/p>\n<p>&nbsp;<\/p>\n<p style=\"text-align: justify\"><span style=\"color: #000000;font-family: arial, helvetica, sans-serif\">En termes generals \u00e9s important que:<\/span><\/p>\n<ul style=\"text-align: justify\">\n<li><span style=\"color: #000000;font-family: arial, helvetica, sans-serif\">Us mantingueu informats de les directrius i mesures que vagi adoptant la Diputaci\u00f3 de Barcelona mitjan\u00e7ant <strong>correu corporatiu<\/strong> i <strong>intradiba<\/strong> (cliqueu aqu\u00ed)<\/span><\/li>\n<li><span style=\"color: #000000;font-family: arial, helvetica, sans-serif\">Estigueu pendents de les directrius que us puguin fer arribar el vostres comandaments<\/span><\/li>\n<\/ul>\n<p style=\"text-align: justify\"><span style=\"color: #000000;font-family: arial, helvetica, sans-serif\">Heu de saber que <strong>la secci\u00f3 sindical seguirem treballant<\/strong> (de manera telem\u00e0tica) per poder <strong>donar resposta a tots els dubtes<\/strong> que tingueu o <strong>solucionar els problemes que es puguin generar.<\/strong><\/span><\/p>\n<p style=\"text-align: center\"><a href=\"mailto:ccoo@diba.cat\"><span style=\"color: #0000ff;font-family: 'arial black', sans-serif\"><strong>ccoo@diba.cat<\/strong><\/span><\/a><\/p>\n<p style=\"text-align: center\"><span style=\"font-family: 'arial black', sans-serif\"><a href=\"mailto:orgt.ssccoo@diba.cat\">orgt.ssccoo@diba.cat<\/a><\/span><\/p>\n<p style=\"text-align: justify\"><span style=\"color: #000000;font-family: arial, helvetica, sans-serif\">Des de CCOO pensem que aquesta mesura era absolutament necess\u00e0ria per protegir la salut del nostre personal i contribuir a fer front a aquesta pand\u00e8mia amb l\u2019objectiu de minimitzar el seu impacte.<\/span><\/p>\n<p style=\"text-align: justify\"><span style=\"color: #000000;font-family: arial, helvetica, sans-serif\">Cal que tothom es prengui seriosament les recomanacions de les autoritats competents: evitar despla\u00e7aments no imprescindible i refor\u00e7ar les mesures d\u2019higiene.<\/span><\/p>\n<p style=\"text-align: justify\"><img loading=\"lazy\" decoding=\"async\" class=\" wp-image-4985 aligncenter\" src=\"http:\/\/ccoo.app\/diputacio-de-barcelona\/wp-content\/blogs.dir\/6\/files\/sites\/186\/2020\/03\/coronavirus.jpg\" alt=\"\" width=\"64\" height=\"42\" \/><\/p>\n<p style=\"text-align: justify\"><span style=\"text-decoration: underline;color: #000000\"><span style=\"font-size: 20px\"><strong><span style=\"font-family: arial, helvetica, sans-serif\">Cal que tothom es prengui seriosament les mesures individuals recomanades<\/span><\/strong><\/span><\/span><\/p>\n<ul style=\"text-align: justify\">\n<li><span style=\"font-family: arial, helvetica, sans-serif;color: #000000\">Cal tapar-se la boca i el nas amb mocadors d\u2019un sol \u00fas o amb la cara interna del colze en el moment de tossir o esternudar i rentar-se les mans de seguida.<\/span><\/li>\n<li><span style=\"font-family: arial, helvetica, sans-serif;color: #000000\">\u00c9s essencial refor\u00e7ar les mesures habituals d\u2019higiene, rentar-se freq\u00fcentment les mans amb sab\u00f3 especialment despr\u00e9s del contacte directe amb persones.<\/span><\/li>\n<li><span style=\"font-family: arial, helvetica, sans-serif;color: #000000\">Es recomana evitar el contacte estret i mantenir distanciaci\u00f3 social amb persones que mostrin signes d\u2019afecci\u00f3 respirat\u00f2ria, com ara tos o esternuts.<\/span><\/li>\n<\/ul>\n<p style=\"text-align: justify\"><span style=\"font-family: arial, helvetica, sans-serif;color: #000000\">V\u00eddeo explicatiu sobre com i quan rentar-se les mans <strong>(<a style=\"color: #000000\" href=\"http:\/\/canalsalut.gencat.cat\/ca\/vida-saludable\/habits_dhigiene\/rentarse_les_mans\/\">Cliqueu sobre la seg\u00fcents imatges<\/a>):<\/strong><\/span><\/p>\n<p><a href=\"http:\/\/canalsalut.gencat.cat\/ca\/vida-saludable\/habits_dhigiene\/rentarse_les_mans\/\"><img loading=\"lazy\" decoding=\"async\" class=\" wp-image-5009 aligncenter\" src=\"http:\/\/ccoo.app\/diputacio-de-barcelona\/wp-content\/blogs.dir\/6\/files\/sites\/186\/2020\/03\/coronavirus-mans-2-300x168.png\" alt=\"\" width=\"250\" height=\"140\" srcset=\"https:\/\/ccoo.app\/diputacio-de-barcelona\/wp-content\/blogs.dir\/6\/files\/sites\/186\/2020\/03\/coronavirus-mans-2-300x168.png 300w, https:\/\/ccoo.app\/diputacio-de-barcelona\/wp-content\/blogs.dir\/6\/files\/sites\/186\/2020\/03\/coronavirus-mans-2.png 746w\" sizes=\"auto, (max-width: 250px) 100vw, 250px\" \/><\/a><\/p>\n<p>&nbsp;<\/p>\n<p><a href=\"http:\/\/ccoo.app\/diputacio-de-barcelona\/wp-content\/blogs.dir\/6\/files\/sites\/186\/2020\/03\/mesures-proteccio-coronavirus.jpg\"><img loading=\"lazy\" decoding=\"async\" class=\" wp-image-5029 aligncenter\" src=\"http:\/\/ccoo.app\/diputacio-de-barcelona\/wp-content\/blogs.dir\/6\/files\/sites\/186\/2020\/03\/mesures-proteccio-coronavirus-212x300.jpg\" alt=\"\" width=\"308\" height=\"436\" srcset=\"https:\/\/ccoo.app\/diputacio-de-barcelona\/wp-content\/blogs.dir\/6\/files\/sites\/186\/2020\/03\/mesures-proteccio-coronavirus-212x300.jpg 212w, https:\/\/ccoo.app\/diputacio-de-barcelona\/wp-content\/blogs.dir\/6\/files\/sites\/186\/2020\/03\/mesures-proteccio-coronavirus-725x1024.jpg 725w, https:\/\/ccoo.app\/diputacio-de-barcelona\/wp-content\/blogs.dir\/6\/files\/sites\/186\/2020\/03\/mesures-proteccio-coronavirus-768x1085.jpg 768w, https:\/\/ccoo.app\/diputacio-de-barcelona\/wp-content\/blogs.dir\/6\/files\/sites\/186\/2020\/03\/mesures-proteccio-coronavirus-1087x1536.jpg 1087w, https:\/\/ccoo.app\/diputacio-de-barcelona\/wp-content\/blogs.dir\/6\/files\/sites\/186\/2020\/03\/mesures-proteccio-coronavirus.jpg 1123w\" sizes=\"auto, (max-width: 308px) 100vw, 308px\" \/><\/a><\/p>\n<p>&nbsp;<\/p>\n<p>&nbsp;<\/p>\n<p>&nbsp;<\/p>\n<p><a href=\"https:\/\/diba.ccoo.cat\/ccoo-torna-a-ser-primer-sindicat-a-catalunya\/\"><img loading=\"lazy\" decoding=\"async\" class=\"size-medium wp-image-4877 aligncenter\" src=\"http:\/\/ccoo.app\/diputacio-de-barcelona\/wp-content\/blogs.dir\/6\/files\/sites\/186\/2020\/01\/ccoo-primer-sindicat-catalunya-300x117.jpg\" alt=\"\" width=\"300\" height=\"117\" srcset=\"https:\/\/ccoo.app\/diputacio-de-barcelona\/wp-content\/blogs.dir\/6\/files\/sites\/186\/2020\/01\/ccoo-primer-sindicat-catalunya-300x117.jpg 300w, https:\/\/ccoo.app\/diputacio-de-barcelona\/wp-content\/blogs.dir\/6\/files\/sites\/186\/2020\/01\/ccoo-primer-sindicat-catalunya.jpg 490w\" sizes=\"auto, (max-width: 300px) 100vw, 300px\" \/><\/a><\/p>\n<p><a href=\"https:\/\/www.ccoo.es\/noticia:391405\"><img loading=\"lazy\" decoding=\"async\" class=\"size-medium wp-image-4878 aligncenter\" src=\"http:\/\/ccoo.app\/diputacio-de-barcelona\/wp-content\/blogs.dir\/6\/files\/sites\/186\/2020\/01\/ccoo-primer-sindicat-a-espana-300x91.jpg\" alt=\"\" width=\"300\" height=\"91\" srcset=\"https:\/\/ccoo.app\/diputacio-de-barcelona\/wp-content\/blogs.dir\/6\/files\/sites\/186\/2020\/01\/ccoo-primer-sindicat-a-espana-300x91.jpg 300w, https:\/\/ccoo.app\/diputacio-de-barcelona\/wp-content\/blogs.dir\/6\/files\/sites\/186\/2020\/01\/ccoo-primer-sindicat-a-espana.jpg 477w\" sizes=\"auto, (max-width: 300px) 100vw, 300px\" \/><\/a><\/p>\n<p><a href=\"https:\/\/www.ccoo.cat\/noticia\/224842\/ccoo-lliura-els-seus-comptes-auditats-del-2018-a-la-sindicatura-de-comptes-de-catalunya#.XjRZA-mWycz\"><img loading=\"lazy\" decoding=\"async\" class=\"size-medium wp-image-4879 aligncenter\" src=\"http:\/\/ccoo.app\/diputacio-de-barcelona\/wp-content\/blogs.dir\/6\/files\/sites\/186\/2020\/01\/ccoo-primer-sindicat-sindicatura-300x95.jpg\" alt=\"\" width=\"300\" height=\"95\" srcset=\"https:\/\/ccoo.app\/diputacio-de-barcelona\/wp-content\/blogs.dir\/6\/files\/sites\/186\/2020\/01\/ccoo-primer-sindicat-sindicatura-300x95.jpg 300w, https:\/\/ccoo.app\/diputacio-de-barcelona\/wp-content\/blogs.dir\/6\/files\/sites\/186\/2020\/01\/ccoo-primer-sindicat-sindicatura.jpg 476w\" sizes=\"auto, (max-width: 300px) 100vw, 300px\" \/><\/a><\/p>\n<p>&nbsp;<\/p>\n<p>&nbsp;<\/p>\n<p>&nbsp;<\/p>\n<p>&nbsp;<\/p>\n<p>&nbsp;<\/p>\n<p>&nbsp;<\/p>\n<p>&nbsp;<\/p>\n<p>&nbsp;<\/p>\n<p>&nbsp;<\/p>\n<p>&nbsp;<\/p>\n<p>&nbsp;<\/p>\n<p>&nbsp;<\/p>\n<p>&nbsp;<\/p>\n<p>&nbsp;<\/p>\n<p>&nbsp;<\/p>\n<p>&nbsp;<\/p>\n<p>&nbsp;<\/p>\n<p>&nbsp;    \t<\/p>\n","protected":false},"excerpt":{"rendered":"<p>IMPORTANT: MESURA EXCEPCIONAL EN L&#8217;\u00c0MBIT DE RECURSOS HUMANS -13 DE MAR\u00c7 2020- Mitjan\u00e7ant decret s&#8217;estableix que el personal de la Diputaci\u00f3 de Barcelona no hagi de despla\u00e7ar-se al seu centre &#8230; <\/p>\n<p class=\"read-more-container\"><a title=\"4\/COVID-19. DIPUTACI\u00d3: MESURA EXCEPCIONAL EN L&#8217;\u00c0MBIT DE RECURSOS HUMANS (CORONAVIRUS)\" class=\"read-more button\" href=\"https:\/\/ccoo.app\/diputacio-de-barcelona\/mesura-excepcional\/#more-5047\" aria-label=\"Leer m\u00e1s sobre 4\/COVID-19. DIPUTACI\u00d3: MESURA EXCEPCIONAL EN L&#8217;\u00c0MBIT DE RECURSOS HUMANS (CORONAVIRUS)\">Continuar llegint<\/a><\/p>\n","protected":false},"author":4519,"featured_media":3336,"comment_status":"open","ping_status":"open","sticky":false,"template":"","format":"standard","meta":{"footnotes":""},"categories":[38,19,23],"tags":[89,197,212],"class_list":["post-5047","post","type-post","status-publish","format-standard","has-post-thumbnail","hentry","category-a-tot-el-personal","category-comunicats","category-informacio-general","tag-coronavirus","tag-proteccio","tag-salut","generate-columns","tablet-grid-50","mobile-grid-100","grid-parent","grid-50"],"_links":{"self":[{"href":"https:\/\/ccoo.app\/diputacio-de-barcelona\/wp-json\/wp\/v2\/posts\/5047","targetHints":{"allow":["GET"]}}],"collection":[{"href":"https:\/\/ccoo.app\/diputacio-de-barcelona\/wp-json\/wp\/v2\/posts"}],"about":[{"href":"https:\/\/ccoo.app\/diputacio-de-barcelona\/wp-json\/wp\/v2\/types\/post"}],"author":[{"embeddable":true,"href":"https:\/\/ccoo.app\/diputacio-de-barcelona\/wp-json\/wp\/v2\/users\/4519"}],"replies":[{"embeddable":true,"href":"https:\/\/ccoo.app\/diputacio-de-barcelona\/wp-json\/wp\/v2\/comments?post=5047"}],"version-history":[{"count":1,"href":"https:\/\/ccoo.app\/diputacio-de-barcelona\/wp-json\/wp\/v2\/posts\/5047\/revisions"}],"predecessor-version":[{"id":51887,"href":"https:\/\/ccoo.app\/diputacio-de-barcelona\/wp-json\/wp\/v2\/posts\/5047\/revisions\/51887"}],"wp:featuredmedia":[{"embeddable":true,"href":"https:\/\/ccoo.app\/diputacio-de-barcelona\/wp-json\/wp\/v2\/media\/3336"}],"wp:attachment":[{"href":"https:\/\/ccoo.app\/diputacio-de-barcelona\/wp-json\/wp\/v2\/media?parent=5047"}],"wp:term":[{"taxonomy":"category","embeddable":true,"href":"https:\/\/ccoo.app\/diputacio-de-barcelona\/wp-json\/wp\/v2\/categories?post=5047"},{"taxonomy":"post_tag","embeddable":true,"href":"https:\/\/ccoo.app\/diputacio-de-barcelona\/wp-json\/wp\/v2\/tags?post=5047"}],"curies":[{"name":"wp","href":"https:\/\/api.w.org\/{rel}","templated":true}]}}